{"id":40667,"date":"2022-08-29T13:20:41","date_gmt":"2022-08-29T17:20:41","guid":{"rendered":"https:\/\/dev.explora.cl\/lagos\/?p=40667"},"modified":"2023-10-10T09:49:34","modified_gmt":"2023-10-10T12:49:34","slug":"conectar-con-la-naturaleza-estudiantes-de-la-region-de-los-lagos-participan-en-programa-de-educacion-al-aire-libre","status":"publish","type":"post","link":"https:\/\/dev.explora.cl\/lagos\/conectar-con-la-naturaleza-estudiantes-de-la-region-de-los-lagos-participan-en-programa-de-educacion-al-aire-libre\/","title":{"rendered":"Conectar con la naturaleza: Estudiantes de la regi\u00f3n de Los Lagos participan en Programa de Educaci\u00f3n al Aire Libre"},"content":{"rendered":"<p>[vc_row][vc_column][vc_column_text]En el mes de agosto se dio inicio a una nueva versi\u00f3n del <strong>Programa de Educaci\u00f3n al Aire Libre PEAL<\/strong>, una iniciativa a cargo del <strong>Proyecto Asociativo Regional PAR Explora Los Lagos<\/strong> del Ministerio de Ciencia, Tecnolog\u00eda, Conocimiento e Innovaci\u00f3n, ejecutado por la Sede Puerto Montt de la Universidad Austral de Chile.<\/p>\n<p>El PEAL es un programa que busca fomentar la participaci\u00f3n de estudiantes y docentes en <strong>actividades presenciales de divulgaci\u00f3n y valorizaci\u00f3n de las Ciencias Ambientales<\/strong>, adem\u00e1s de aportar al fomento del razonamiento cr\u00edtico, reflexivo y la comprensi\u00f3n del entorno de manera emp\u00edrica y experiencial, desarrollando actividades puntuales de educaci\u00f3n al aire libre, que incorporan la pertenencia territorial y competencias ambientales, a trav\u00e9s de 5 circuitos regionales.<\/p>\n<p>Este a\u00f1o, el PAR Explora Los Lagos recibi\u00f3 <strong>78 postulaciones<\/strong> al Programa de Educaci\u00f3n al Aire Libre, lo cual da muestra del alto inter\u00e9s por los docentes y sus establecimientos en participar en actividades lectivas presenciales fuera del aula. La convocatoria alcanz\u00f3 <strong>16 comunas de tres provincias de la Regi\u00f3n de Los Lagos<\/strong>, por lo que se beneficiar\u00e1 de manera directa a casi <strong>1.200 personas, entre estudiantes y docentes<\/strong> quienes participan de los <strong>5 diferentes circuitos<\/strong> que conforman el PEAL.<\/p>\n<p>Esos recorridos son: el Circuito del Agua en la ciudad de Llanquihue, Circuito Patrimonial de Puerto Varas, Sendero de los Sentidos en el Monumento Natural Lahuen \u00d1adi (Puerto Montt), Circuito de las Turberas en la ciudad de Chonchi y Sendero El Solitario en el Volc\u00e1n Osorno.<\/p>\n<p>La profesora de educaci\u00f3n parvularia de la Escuela Olinda B\u00f3rquez del sector de Pull\u00e1n (Castro), <strong>Hilda Barr\u00eda Maricoy<\/strong>, particip\u00f3 con estudiantes de los niveles NT1 y NT2 en la salida al <strong>Monumento Natural Lahuen \u00d1adi <\/strong>en Puerto Montt. Sobre la experiencia, la educadora cuenta que desde que conocieron la convocatoria hab\u00eda mucha expectaci\u00f3n por parte de la comunidad educativa.<\/p>\n<p>\u201cRealizamos la postulaci\u00f3n y esperamos los resultados. Luego, recib\u00ed un correo donde nos comunicaron que fuimos seleccionados y comenzamos el tr\u00e1mite para el tema de la movilizaci\u00f3n. As\u00ed, cuando lleg\u00f3 el d\u00eda de trasladarnos a Puerto Montt, con anterioridad los ni\u00f1os y ni\u00f1as estaban muy ansiosos de que llegara ese d\u00eda. Las familias tambi\u00e9n nos apoyaron en esta salida autorizando a sus hijos e hijas, y dos apoderados nos acompa\u00f1aron en el viaje. Todos muy expectantes de que llegue el d\u00eda del viaje\u201d, relat\u00f3 Barr\u00eda.<\/p>\n<p>Ya en el lugar, la educadora coment\u00f3 que las y los peque\u00f1os estudiantes demostraron mucho inter\u00e9s con las actividades desarrolladas por las monitoras del programa, circuito en el cual se invita a los estudiantes a pasar por diferentes estaciones y experimentar su entorno a trav\u00e9s de los sentidos.<\/p>\n<p>\u201cLa experiencia pedag\u00f3gica fue de mucho aprendizaje, de observaci\u00f3n de parte de los ni\u00f1os y de interactuar con las personas encargadas (monitoras). Ellas eran muy cercanas con los ni\u00f1os, lo cual les daba la confianza para que ellos puedan realizar preguntas. Fue una actividad muy l\u00fadica, un aprendizaje significativo, lo cual pudimos evidenciar tambi\u00e9n cuando retornamos. Al d\u00eda siguiente ellos conversaban sobre esta salida, su experiencia y nosotras tambi\u00e9n volvimos a ver un video en clases que se grab\u00f3 para ir comentando sobre lo que hab\u00edan observado y realizar el recorrido nuevamente\u201d, coment\u00f3 Barr\u00eda.<\/p>\n<p>Al respecto, <strong>Gabriela Navarro Manzanal, Directora del PAR Explora Los Lagos<\/strong>, destac\u00f3 lo relevante que es implementar un programa de este tipo en los tiempos actuales, donde se hace cada vez m\u00e1s necesario conectar con nuestros entornos naturales y fomentar el cuidado del medio ambiente desde tempranas edades.<\/p>\n<p>\u201cLa invitaci\u00f3n es a que los ni\u00f1os, ni\u00f1as y adolescentes de nuestra regi\u00f3n puedan conocer sus entornos naturales y culturales para <strong>poner en valor nuestro patrimonio a trav\u00e9s de actividades al aire libre<\/strong>, entendiendo sobre todo que despu\u00e9s de estos dos a\u00f1os de pandemia, donde hemos tenido que desarrollar todas nuestras actividades de manera aislada, reaparece tambi\u00e9n la tan necesaria conexi\u00f3n con la naturaleza, que ayuda no solo para poner en valor y conectar a los seres humanos con el medioambiente, sino tambi\u00e9n para aprender, conocer e identificar a los otros seres vivos que nos acompa\u00f1an y habitan nuestro planeta al igual que nosotros\u201d, expres\u00f3 Navarro.<\/p>\n<p><strong>Paula Terra<\/strong>, <strong>monitora del PEAL<\/strong>, destac\u00f3 que este tipo de instancias permiten a las personas sorprenderse y descubrir la riqueza de su entorno a trav\u00e9s de las ciencias. En otra de las salidas realizadas al <strong>Circuito del Agua<\/strong>, junto al 5to b\u00e1sico del <strong>Colegio Estrella de Bel\u00e9n de Calbuco<\/strong>, coment\u00f3 que, \u201cfue una experiencia maravillosa, logramos que los ni\u00f1os descubrieran, se sorprendieran y aprendieran respecto a la ciudad, los humedales, al lago y el R\u00edo Maull\u00edn. Aprendieron sobre las aves y anfibios, vegetaci\u00f3n y diferentes instancias que pudimos recorrer dentro de las estaciones y realmente fue emocionante, porque se fueron felices y creo que les qued\u00f3 algo de aprendizaje tanto en el conocimiento como en el coraz\u00f3n\u201d.<\/p>\n<p>El Programa de Educaci\u00f3n al Aire Libre se ejecuta desde el 09 agosto donde se realiz\u00f3 la primera salida hasta el mes de noviembre de 2022. Son 45 grupos seleccionados de establecimientos de las provincias de Osorno, Llanquihue y Chilo\u00e9. Este programa es posible en alianza con CONAF, Fundaci\u00f3n Sendero de Chile, Systemic, Trekka Patagonia y Mesa de Humedales de Chilo\u00e9.[\/vc_column_text][\/vc_column][\/vc_row][vc_row][vc_column][vc_single_image image=\u00bb40668&#8243; img_size=\u00bbfull\u00bb onclick=\u00bbimg_link_large\u00bb img_link_target=\u00bb_blank\u00bb title=\u00bbSalida a Monumento Natural Lahuen \u00d1adi &#8211; Sendero de los Sentidos\u00bb][\/vc_column][\/vc_row]<\/p>\n","protected":false},"excerpt":{"rendered":"<p>M\u00e1s de mil estudiantes provenientes de 16 comunas de la regi\u00f3n ser\u00e1n beneficiarios.<\/p>\n","protected":false},"author":36,"featured_media":40669,"comment_status":"open","ping_status":"open","sticky":false,"template":"","format":"standard","meta":{"_acf_changed":false,"_exactmetrics_skip_tracking":false,"_exactmetrics_sitenote_active":false,"_exactmetrics_sitenote_note":"","_exactmetrics_sitenote_category":0,"footnotes":"","_links_to":"","_links_to_target":""},"categories":[4],"tags":[],"class_list":["post-40667","post","type-post","status-publish","format-standard","has-post-thumbnail","hentry","category-noticias"],"acf":[],"yoast_head":"<!-- This site is optimized with the Yoast SEO plugin v26.7 - https:\/\/yoast.com\/wordpress\/plugins\/seo\/ -->\n<title>Conectar con la naturaleza: Estudiantes de la regi\u00f3n de Los Lagos participan en Programa de Educaci\u00f3n al Aire Libre - Los Lagos<\/title>\n<meta name=\"description\" content=\"En el mes de agosto se dio inicio a una nueva versi\u00f3n del Programa de Educaci\u00f3n al Aire Libre PEAL, una iniciativa a cargo del Proyecto Asociativo Regional PAR Explora Los Lagos del Ministerio de Ciencia, Tecnolog\u00eda, Conocimiento e Innovaci\u00f3n, ejecutado por la Sede Puerto Montt de la Universidad Austral de Chile.\" class=\"yoast-seo-meta-tag\" \/>\n<meta name=\"robots\" content=\"index, follow, max-snippet:-1, max-image-preview:large, max-video-preview:-1\" \/>\n<link rel=\"canonical\" href=\"https:\/\/dev.explora.cl\/lagos\/conectar-con-la-naturaleza-estudiantes-de-la-region-de-los-lagos-participan-en-programa-de-educacion-al-aire-libre\/\" class=\"yoast-seo-meta-tag\" \/>\n<meta property=\"og:locale\" content=\"es_ES\" class=\"yoast-seo-meta-tag\" \/>\n<meta property=\"og:type\" content=\"article\" class=\"yoast-seo-meta-tag\" \/>\n<meta property=\"og:title\" content=\"Conectar con la naturaleza: Estudiantes de la regi\u00f3n de Los Lagos participan en Programa de Educaci\u00f3n al Aire Libre - Los Lagos\" class=\"yoast-seo-meta-tag\" \/>\n<meta property=\"og:description\" content=\"En el mes de agosto se dio inicio a una nueva versi\u00f3n del Programa de Educaci\u00f3n al Aire Libre PEAL, una iniciativa a cargo del Proyecto Asociativo Regional PAR Explora Los Lagos del Ministerio de Ciencia, Tecnolog\u00eda, Conocimiento e Innovaci\u00f3n, ejecutado por la Sede Puerto Montt de la Universidad Austral de Chile.\" class=\"yoast-seo-meta-tag\" \/>\n<meta property=\"og:url\" content=\"https:\/\/dev.explora.cl\/lagos\/conectar-con-la-naturaleza-estudiantes-de-la-region-de-los-lagos-participan-en-programa-de-educacion-al-aire-libre\/\" class=\"yoast-seo-meta-tag\" \/>\n<meta property=\"og:site_name\" content=\"Los Lagos\" class=\"yoast-seo-meta-tag\" \/>\n<meta property=\"article:published_time\" content=\"2022-08-29T17:20:41+00:00\" class=\"yoast-seo-meta-tag\" \/>\n<meta property=\"article:modified_time\" content=\"2023-10-10T12:49:34+00:00\" class=\"yoast-seo-meta-tag\" \/>\n<meta property=\"og:image\" content=\"https:\/\/dev.explora.cl\/lagos\/wp-content\/uploads\/sites\/17\/2022\/08\/Circuito-del-Agua2-1024x671.jpg\" class=\"yoast-seo-meta-tag\" \/>\n\t<meta property=\"og:image:width\" content=\"1024\" class=\"yoast-seo-meta-tag\" \/>\n\t<meta property=\"og:image:height\" content=\"671\" class=\"yoast-seo-meta-tag\" \/>\n\t<meta property=\"og:image:type\" content=\"image\/jpeg\" class=\"yoast-seo-meta-tag\" \/>\n<meta name=\"author\" content=\"jvargas\" class=\"yoast-seo-meta-tag\" \/>\n<meta name=\"twitter:card\" content=\"summary_large_image\" class=\"yoast-seo-meta-tag\" \/>\n<meta name=\"twitter:label1\" content=\"Escrito por\" class=\"yoast-seo-meta-tag\" \/>\n\t<meta name=\"twitter:data1\" content=\"jvargas\" class=\"yoast-seo-meta-tag\" \/>\n\t<meta name=\"twitter:label2\" content=\"Tiempo de lectura\" class=\"yoast-seo-meta-tag\" \/>\n\t<meta name=\"twitter:data2\" content=\"5 minutos\" class=\"yoast-seo-meta-tag\" \/>\n<script type=\"application\/ld+json\" class=\"yoast-schema-graph\">{\"@context\":\"https:\/\/schema.org\",\"@graph\":[{\"@type\":\"Article\",\"@id\":\"https:\/\/dev.explora.cl\/lagos\/conectar-con-la-naturaleza-estudiantes-de-la-region-de-los-lagos-participan-en-programa-de-educacion-al-aire-libre\/#article\",\"isPartOf\":{\"@id\":\"https:\/\/dev.explora.cl\/lagos\/conectar-con-la-naturaleza-estudiantes-de-la-region-de-los-lagos-participan-en-programa-de-educacion-al-aire-libre\/\"},\"author\":{\"name\":\"jvargas\",\"@id\":\"https:\/\/dev.explora.cl\/lagos\/#\/schema\/person\/6608d3ee9ea0b0daeaf12289528fc582\"},\"headline\":\"Conectar con la naturaleza: Estudiantes de la regi\u00f3n de Los Lagos participan en Programa de Educaci\u00f3n al Aire Libre\",\"datePublished\":\"2022-08-29T17:20:41+00:00\",\"dateModified\":\"2023-10-10T12:49:34+00:00\",\"mainEntityOfPage\":{\"@id\":\"https:\/\/dev.explora.cl\/lagos\/conectar-con-la-naturaleza-estudiantes-de-la-region-de-los-lagos-participan-en-programa-de-educacion-al-aire-libre\/\"},\"wordCount\":994,\"commentCount\":0,\"image\":{\"@id\":\"https:\/\/dev.explora.cl\/lagos\/conectar-con-la-naturaleza-estudiantes-de-la-region-de-los-lagos-participan-en-programa-de-educacion-al-aire-libre\/#primaryimage\"},\"thumbnailUrl\":\"https:\/\/dev.explora.cl\/lagos\/wp-content\/uploads\/sites\/17\/2022\/08\/Circuito-del-Agua2.jpg\",\"articleSection\":[\"Noticias\"],\"inLanguage\":\"es\",\"potentialAction\":[{\"@type\":\"CommentAction\",\"name\":\"Comment\",\"target\":[\"https:\/\/dev.explora.cl\/lagos\/conectar-con-la-naturaleza-estudiantes-de-la-region-de-los-lagos-participan-en-programa-de-educacion-al-aire-libre\/#respond\"]}]},{\"@type\":\"WebPage\",\"@id\":\"https:\/\/dev.explora.cl\/lagos\/conectar-con-la-naturaleza-estudiantes-de-la-region-de-los-lagos-participan-en-programa-de-educacion-al-aire-libre\/\",\"url\":\"https:\/\/dev.explora.cl\/lagos\/conectar-con-la-naturaleza-estudiantes-de-la-region-de-los-lagos-participan-en-programa-de-educacion-al-aire-libre\/\",\"name\":\"Conectar con la naturaleza: Estudiantes de la regi\u00f3n de Los Lagos participan en Programa de Educaci\u00f3n al Aire Libre - Los Lagos\",\"isPartOf\":{\"@id\":\"https:\/\/dev.explora.cl\/lagos\/#website\"},\"primaryImageOfPage\":{\"@id\":\"https:\/\/dev.explora.cl\/lagos\/conectar-con-la-naturaleza-estudiantes-de-la-region-de-los-lagos-participan-en-programa-de-educacion-al-aire-libre\/#primaryimage\"},\"image\":{\"@id\":\"https:\/\/dev.explora.cl\/lagos\/conectar-con-la-naturaleza-estudiantes-de-la-region-de-los-lagos-participan-en-programa-de-educacion-al-aire-libre\/#primaryimage\"},\"thumbnailUrl\":\"https:\/\/dev.explora.cl\/lagos\/wp-content\/uploads\/sites\/17\/2022\/08\/Circuito-del-Agua2.jpg\",\"datePublished\":\"2022-08-29T17:20:41+00:00\",\"dateModified\":\"2023-10-10T12:49:34+00:00\",\"author\":{\"@id\":\"https:\/\/dev.explora.cl\/lagos\/#\/schema\/person\/6608d3ee9ea0b0daeaf12289528fc582\"},\"description\":\"En el mes de agosto se dio inicio a una nueva versi\u00f3n del Programa de Educaci\u00f3n al Aire Libre PEAL, una iniciativa a cargo del Proyecto Asociativo Regional PAR Explora Los Lagos del Ministerio de Ciencia, Tecnolog\u00eda, Conocimiento e Innovaci\u00f3n, ejecutado por la Sede Puerto Montt de la Universidad Austral de Chile.\",\"breadcrumb\":{\"@id\":\"https:\/\/dev.explora.cl\/lagos\/conectar-con-la-naturaleza-estudiantes-de-la-region-de-los-lagos-participan-en-programa-de-educacion-al-aire-libre\/#breadcrumb\"},\"inLanguage\":\"es\",\"potentialAction\":[{\"@type\":\"ReadAction\",\"target\":[\"https:\/\/dev.explora.cl\/lagos\/conectar-con-la-naturaleza-estudiantes-de-la-region-de-los-lagos-participan-en-programa-de-educacion-al-aire-libre\/\"]}]},{\"@type\":\"ImageObject\",\"inLanguage\":\"es\",\"@id\":\"https:\/\/dev.explora.cl\/lagos\/conectar-con-la-naturaleza-estudiantes-de-la-region-de-los-lagos-participan-en-programa-de-educacion-al-aire-libre\/#primaryimage\",\"url\":\"https:\/\/dev.explora.cl\/lagos\/wp-content\/uploads\/sites\/17\/2022\/08\/Circuito-del-Agua2.jpg\",\"contentUrl\":\"https:\/\/dev.explora.cl\/lagos\/wp-content\/uploads\/sites\/17\/2022\/08\/Circuito-del-Agua2.jpg\",\"width\":1890,\"height\":1239},{\"@type\":\"BreadcrumbList\",\"@id\":\"https:\/\/dev.explora.cl\/lagos\/conectar-con-la-naturaleza-estudiantes-de-la-region-de-los-lagos-participan-en-programa-de-educacion-al-aire-libre\/#breadcrumb\",\"itemListElement\":[{\"@type\":\"ListItem\",\"position\":1,\"name\":\"Portada\",\"item\":\"https:\/\/dev.explora.cl\/lagos\/\"},{\"@type\":\"ListItem\",\"position\":2,\"name\":\"Conectar con la naturaleza: Estudiantes de la regi\u00f3n de Los Lagos participan en Programa de Educaci\u00f3n al Aire Libre\"}]},{\"@type\":\"WebSite\",\"@id\":\"https:\/\/dev.explora.cl\/lagos\/#website\",\"url\":\"https:\/\/dev.explora.cl\/lagos\/\",\"name\":\"Los Lagos\",\"description\":\"Otro sitio m\u00e1s de dev.explora.cl\",\"potentialAction\":[{\"@type\":\"SearchAction\",\"target\":{\"@type\":\"EntryPoint\",\"urlTemplate\":\"https:\/\/dev.explora.cl\/lagos\/?s={search_term_string}\"},\"query-input\":{\"@type\":\"PropertyValueSpecification\",\"valueRequired\":true,\"valueName\":\"search_term_string\"}}],\"inLanguage\":\"es\"},{\"@type\":\"Person\",\"@id\":\"https:\/\/dev.explora.cl\/lagos\/#\/schema\/person\/6608d3ee9ea0b0daeaf12289528fc582\",\"name\":\"jvargas\",\"image\":{\"@type\":\"ImageObject\",\"inLanguage\":\"es\",\"@id\":\"https:\/\/dev.explora.cl\/lagos\/#\/schema\/person\/image\/\",\"url\":\"https:\/\/secure.gravatar.com\/avatar\/8a6892fbfb002ef173a244b534b4bbcea4c183fc3fbf7732e64ac89b1d22d482?s=96&d=mm&r=g\",\"contentUrl\":\"https:\/\/secure.gravatar.com\/avatar\/8a6892fbfb002ef173a244b534b4bbcea4c183fc3fbf7732e64ac89b1d22d482?s=96&d=mm&r=g\",\"caption\":\"jvargas\"},\"url\":\"https:\/\/dev.explora.cl\/lagos\/author\/jvargas\/\"}]}<\/script>\n<!-- \/ Yoast SEO plugin. -->","yoast_head_json":{"title":"Conectar con la naturaleza: Estudiantes de la regi\u00f3n de Los Lagos participan en Programa de Educaci\u00f3n al Aire Libre - Los Lagos","description":"En el mes de agosto se dio inicio a una nueva versi\u00f3n del Programa de Educaci\u00f3n al Aire Libre PEAL, una iniciativa a cargo del Proyecto Asociativo Regional PAR Explora Los Lagos del Ministerio de Ciencia, Tecnolog\u00eda, Conocimiento e Innovaci\u00f3n, ejecutado por la Sede Puerto Montt de la Universidad Austral de Chile.","robots":{"index":"index","follow":"follow","max-snippet":"max-snippet:-1","max-image-preview":"max-image-preview:large","max-video-preview":"max-video-preview:-1"},"canonical":"https:\/\/dev.explora.cl\/lagos\/conectar-con-la-naturaleza-estudiantes-de-la-region-de-los-lagos-participan-en-programa-de-educacion-al-aire-libre\/","og_locale":"es_ES","og_type":"article","og_title":"Conectar con la naturaleza: Estudiantes de la regi\u00f3n de Los Lagos participan en Programa de Educaci\u00f3n al Aire Libre - Los Lagos","og_description":"En el mes de agosto se dio inicio a una nueva versi\u00f3n del Programa de Educaci\u00f3n al Aire Libre PEAL, una iniciativa a cargo del Proyecto Asociativo Regional PAR Explora Los Lagos del Ministerio de Ciencia, Tecnolog\u00eda, Conocimiento e Innovaci\u00f3n, ejecutado por la Sede Puerto Montt de la Universidad Austral de Chile.","og_url":"https:\/\/dev.explora.cl\/lagos\/conectar-con-la-naturaleza-estudiantes-de-la-region-de-los-lagos-participan-en-programa-de-educacion-al-aire-libre\/","og_site_name":"Los Lagos","article_published_time":"2022-08-29T17:20:41+00:00","article_modified_time":"2023-10-10T12:49:34+00:00","og_image":[{"width":1024,"height":671,"url":"https:\/\/dev.explora.cl\/lagos\/wp-content\/uploads\/sites\/17\/2022\/08\/Circuito-del-Agua2-1024x671.jpg","type":"image\/jpeg"}],"author":"jvargas","twitter_card":"summary_large_image","twitter_misc":{"Escrito por":"jvargas","Tiempo de lectura":"5 minutos"},"schema":{"@context":"https:\/\/schema.org","@graph":[{"@type":"Article","@id":"https:\/\/dev.explora.cl\/lagos\/conectar-con-la-naturaleza-estudiantes-de-la-region-de-los-lagos-participan-en-programa-de-educacion-al-aire-libre\/#article","isPartOf":{"@id":"https:\/\/dev.explora.cl\/lagos\/conectar-con-la-naturaleza-estudiantes-de-la-region-de-los-lagos-participan-en-programa-de-educacion-al-aire-libre\/"},"author":{"name":"jvargas","@id":"https:\/\/dev.explora.cl\/lagos\/#\/schema\/person\/6608d3ee9ea0b0daeaf12289528fc582"},"headline":"Conectar con la naturaleza: Estudiantes de la regi\u00f3n de Los Lagos participan en Programa de Educaci\u00f3n al Aire Libre","datePublished":"2022-08-29T17:20:41+00:00","dateModified":"2023-10-10T12:49:34+00:00","mainEntityOfPage":{"@id":"https:\/\/dev.explora.cl\/lagos\/conectar-con-la-naturaleza-estudiantes-de-la-region-de-los-lagos-participan-en-programa-de-educacion-al-aire-libre\/"},"wordCount":994,"commentCount":0,"image":{"@id":"https:\/\/dev.explora.cl\/lagos\/conectar-con-la-naturaleza-estudiantes-de-la-region-de-los-lagos-participan-en-programa-de-educacion-al-aire-libre\/#primaryimage"},"thumbnailUrl":"https:\/\/dev.explora.cl\/lagos\/wp-content\/uploads\/sites\/17\/2022\/08\/Circuito-del-Agua2.jpg","articleSection":["Noticias"],"inLanguage":"es","potentialAction":[{"@type":"CommentAction","name":"Comment","target":["https:\/\/dev.explora.cl\/lagos\/conectar-con-la-naturaleza-estudiantes-de-la-region-de-los-lagos-participan-en-programa-de-educacion-al-aire-libre\/#respond"]}]},{"@type":"WebPage","@id":"https:\/\/dev.explora.cl\/lagos\/conectar-con-la-naturaleza-estudiantes-de-la-region-de-los-lagos-participan-en-programa-de-educacion-al-aire-libre\/","url":"https:\/\/dev.explora.cl\/lagos\/conectar-con-la-naturaleza-estudiantes-de-la-region-de-los-lagos-participan-en-programa-de-educacion-al-aire-libre\/","name":"Conectar con la naturaleza: Estudiantes de la regi\u00f3n de Los Lagos participan en Programa de Educaci\u00f3n al Aire Libre - Los Lagos","isPartOf":{"@id":"https:\/\/dev.explora.cl\/lagos\/#website"},"primaryImageOfPage":{"@id":"https:\/\/dev.explora.cl\/lagos\/conectar-con-la-naturaleza-estudiantes-de-la-region-de-los-lagos-participan-en-programa-de-educacion-al-aire-libre\/#primaryimage"},"image":{"@id":"https:\/\/dev.explora.cl\/lagos\/conectar-con-la-naturaleza-estudiantes-de-la-region-de-los-lagos-participan-en-programa-de-educacion-al-aire-libre\/#primaryimage"},"thumbnailUrl":"https:\/\/dev.explora.cl\/lagos\/wp-content\/uploads\/sites\/17\/2022\/08\/Circuito-del-Agua2.jpg","datePublished":"2022-08-29T17:20:41+00:00","dateModified":"2023-10-10T12:49:34+00:00","author":{"@id":"https:\/\/dev.explora.cl\/lagos\/#\/schema\/person\/6608d3ee9ea0b0daeaf12289528fc582"},"description":"En el mes de agosto se dio inicio a una nueva versi\u00f3n del Programa de Educaci\u00f3n al Aire Libre PEAL, una iniciativa a cargo del Proyecto Asociativo Regional PAR Explora Los Lagos del Ministerio de Ciencia, Tecnolog\u00eda, Conocimiento e Innovaci\u00f3n, ejecutado por la Sede Puerto Montt de la Universidad Austral de Chile.","breadcrumb":{"@id":"https:\/\/dev.explora.cl\/lagos\/conectar-con-la-naturaleza-estudiantes-de-la-region-de-los-lagos-participan-en-programa-de-educacion-al-aire-libre\/#breadcrumb"},"inLanguage":"es","potentialAction":[{"@type":"ReadAction","target":["https:\/\/dev.explora.cl\/lagos\/conectar-con-la-naturaleza-estudiantes-de-la-region-de-los-lagos-participan-en-programa-de-educacion-al-aire-libre\/"]}]},{"@type":"ImageObject","inLanguage":"es","@id":"https:\/\/dev.explora.cl\/lagos\/conectar-con-la-naturaleza-estudiantes-de-la-region-de-los-lagos-participan-en-programa-de-educacion-al-aire-libre\/#primaryimage","url":"https:\/\/dev.explora.cl\/lagos\/wp-content\/uploads\/sites\/17\/2022\/08\/Circuito-del-Agua2.jpg","contentUrl":"https:\/\/dev.explora.cl\/lagos\/wp-content\/uploads\/sites\/17\/2022\/08\/Circuito-del-Agua2.jpg","width":1890,"height":1239},{"@type":"BreadcrumbList","@id":"https:\/\/dev.explora.cl\/lagos\/conectar-con-la-naturaleza-estudiantes-de-la-region-de-los-lagos-participan-en-programa-de-educacion-al-aire-libre\/#breadcrumb","itemListElement":[{"@type":"ListItem","position":1,"name":"Portada","item":"https:\/\/dev.explora.cl\/lagos\/"},{"@type":"ListItem","position":2,"name":"Conectar con la naturaleza: Estudiantes de la regi\u00f3n de Los Lagos participan en Programa de Educaci\u00f3n al Aire Libre"}]},{"@type":"WebSite","@id":"https:\/\/dev.explora.cl\/lagos\/#website","url":"https:\/\/dev.explora.cl\/lagos\/","name":"Los Lagos","description":"Otro sitio m\u00e1s de dev.explora.cl","potentialAction":[{"@type":"SearchAction","target":{"@type":"EntryPoint","urlTemplate":"https:\/\/dev.explora.cl\/lagos\/?s={search_term_string}"},"query-input":{"@type":"PropertyValueSpecification","valueRequired":true,"valueName":"search_term_string"}}],"inLanguage":"es"},{"@type":"Person","@id":"https:\/\/dev.explora.cl\/lagos\/#\/schema\/person\/6608d3ee9ea0b0daeaf12289528fc582","name":"jvargas","image":{"@type":"ImageObject","inLanguage":"es","@id":"https:\/\/dev.explora.cl\/lagos\/#\/schema\/person\/image\/","url":"https:\/\/secure.gravatar.com\/avatar\/8a6892fbfb002ef173a244b534b4bbcea4c183fc3fbf7732e64ac89b1d22d482?s=96&d=mm&r=g","contentUrl":"https:\/\/secure.gravatar.com\/avatar\/8a6892fbfb002ef173a244b534b4bbcea4c183fc3fbf7732e64ac89b1d22d482?s=96&d=mm&r=g","caption":"jvargas"},"url":"https:\/\/dev.explora.cl\/lagos\/author\/jvargas\/"}]}},"_links":{"self":[{"href":"https:\/\/dev.explora.cl\/lagos\/wp-json\/wp\/v2\/posts\/40667","targetHints":{"allow":["GET"]}}],"collection":[{"href":"https:\/\/dev.explora.cl\/lagos\/wp-json\/wp\/v2\/posts"}],"about":[{"href":"https:\/\/dev.explora.cl\/lagos\/wp-json\/wp\/v2\/types\/post"}],"author":[{"embeddable":true,"href":"https:\/\/dev.explora.cl\/lagos\/wp-json\/wp\/v2\/users\/36"}],"replies":[{"embeddable":true,"href":"https:\/\/dev.explora.cl\/lagos\/wp-json\/wp\/v2\/comments?post=40667"}],"version-history":[{"count":1,"href":"https:\/\/dev.explora.cl\/lagos\/wp-json\/wp\/v2\/posts\/40667\/revisions"}],"predecessor-version":[{"id":40670,"href":"https:\/\/dev.explora.cl\/lagos\/wp-json\/wp\/v2\/posts\/40667\/revisions\/40670"}],"wp:featuredmedia":[{"embeddable":true,"href":"https:\/\/dev.explora.cl\/lagos\/wp-json\/wp\/v2\/media\/40669"}],"wp:attachment":[{"href":"https:\/\/dev.explora.cl\/lagos\/wp-json\/wp\/v2\/media?parent=40667"}],"wp:term":[{"taxonomy":"category","embeddable":true,"href":"https:\/\/dev.explora.cl\/lagos\/wp-json\/wp\/v2\/categories?post=40667"},{"taxonomy":"post_tag","embeddable":true,"href":"https:\/\/dev.explora.cl\/lagos\/wp-json\/wp\/v2\/tags?post=40667"}],"curies":[{"name":"wp","href":"https:\/\/api.w.org\/{rel}","templated":true}]}}