{"id":40473,"date":"2022-04-08T11:55:11","date_gmt":"2022-04-08T15:55:11","guid":{"rendered":"https:\/\/dev.explora.cl\/lagos\/?p=40473"},"modified":"2023-12-13T14:11:03","modified_gmt":"2023-12-13T17:11:03","slug":"comunidad-puertomontina-vivio-innovadora-intervencion-en-espacio-urbano","status":"publish","type":"post","link":"https:\/\/dev.explora.cl\/lagos\/comunidad-puertomontina-vivio-innovadora-intervencion-en-espacio-urbano\/","title":{"rendered":"Comunidad puertomontina vivi\u00f3 innovadora intervenci\u00f3n en espacio urbano"},"content":{"rendered":"<p>Ni\u00f1as, ni\u00f1os, j\u00f3venes y adultos disfrutaron de una innovadora intervenci\u00f3n art\u00edstica urbana llamada \u201cVideo Mapping\u201d que sorprendi\u00f3 con incre\u00edbles im\u00e1genes del universo obtenidas del Observatorio Europeo Austral (ESO) gracias a una t\u00e9cnica visual que consiste en proyectar im\u00e1genes sobre superficies reales. Las im\u00e1genes se proyectan de modo que se generan efectos de movimiento o 3D, con lo que se consigue transmitir una experiencia visual inolvidable. De esta forma, se pueden conseguir efectos audiovisuales y art\u00edsticos impresionantes, fuera de lo com\u00fan y a\u00fan poco explotados por los artistas de medios audiovisuales.<\/p>\n<p>La iniciativa estuvo a cargo del colectivo audiovisual Williche producciones y la organizaci\u00f3n del Proyecto Explora Los Lagos del Ministerio de Ciencia, Tecnolog\u00eda, Conocimiento e Innovaci\u00f3n junto a la Corporaci\u00f3n Cultural de Puerto Montt, la Biblioteca Regional de Los Lagos y el Centro de Docencia Superior en Ciencias B\u00e1sicas de la Sede Puerto Montt Universidad Austral de Chile.<\/p>\n<p>Una de las personas que observ\u00f3 el espect\u00e1culo fue Mitcha B\u00e1ez quien manifest\u00f3 que \u201cla actividad fue muy entretenida y en general se agradecen porque nuestros cielos son incre\u00edbles a lo largo de todo Chile de norte a sur, as\u00ed que tenemos que aprender a conocer esa inmensidad del universo porque tenemos la dicha de tener cielos tan claros y n\u00edtidos\u201d.<\/p>\n<p>Otro espectador que qued\u00f3 gratamente sorprendido fue Juan Daniel Aravena que destac\u00f3 que \u201cno hab\u00eda visto una intervenci\u00f3n como esta en Puerto Montt y fue bien colorida, la m\u00fasica fue muy id\u00f3nea y en definitiva lo encuentro espectacular para las personas que van pasando en la calle. Adem\u00e1s, el Teatro Diego Rivera nunca se ha visto tan bonito, as\u00ed que me pareci\u00f3 excelente\u201d.<\/p>\n<p><strong>Iv\u00e1n Campos, fundador de la productora especializada en la iniciativa en el sur de Chile<\/strong>, explic\u00f3 que, \u201ccomo equipo comenzamos a trabajar el concepto de Astronom\u00eda e hicimos pruebas de luz en el lugar y de a poco sali\u00f3 la idea de trabajar con varios proyectores y nos instalamos con 3 de ellos que nos ayudaron a entregar un contenido m\u00e1s din\u00e1mico. Fue un proceso en el que se desarroll\u00f3 en conjunto con animadores digitales. Agradecemos la oportunidad que nos ha dado Explora Los Lagos que ha contribuido a complementar una experiencia que nos permiti\u00f3 entregar un poco de cultura y ciencia relacionado con tecnolog\u00eda\u201d.<\/p>\n<p><strong>Gabriela Navarro, directora del Proyecto Explora Los Lagos UACh<\/strong>, realz\u00f3 que \u201cel Video Mapping se constituye en la primera intervenci\u00f3n urbana art\u00edstica en Puerto Montt de este tipo que aborda una tem\u00e1tica relacionada con las ciencias. La iniciativa refleja como a trav\u00e9s de la innovaci\u00f3n se puede divulgar y acercar la ciencia a la comunidad general aprovechando los diversos espacios p\u00fablicos de la Regi\u00f3n de Los Lagos y lo importante es que tuvo una muy buena recepci\u00f3n de la comunidad\u201d.<\/p>\n<p>En tanto, <strong>Karina Bravo, coordinadora ejecutiva del Proyecto Explora Los Lagos UACh,<\/strong> asever\u00f3 que, \u201cla idea de hacer este video mapping en el centro de Puerto Montt fue de alguna forma poder conectar a la comunidad a trav\u00e9s del arte con la ciencia y sobre todo con la astronom\u00eda que es tan importante en nuestro pa\u00eds. Entonces quisimos contactar artistas locales para poder plasmar un contenido o hacer divulgaci\u00f3n de la astronom\u00eda a trav\u00e9s de una intervenci\u00f3n en un espacio urbano\u201d<\/p>\n<p>Destacar que, el Proyecto Explora Los Lagos desarroll\u00f3 un sorteo a trav\u00e9s de redes sociales con las impresiones dejadas por el p\u00fablico sobre la iniciativa a trav\u00e9s de un formulario online que estuvo disponible durante y pos evento. Quienes participaron y fueron seleccionados recibieron los libros \u201cEl Universo seg\u00fan Carlota\u201d de la destacada astr\u00f3noma y divulgadora cient\u00edfica Teresa Paneque y \u201cCon ustedes el Sol\u201d del Centro de Investigaci\u00f3n en Energ\u00eda Solar SERC-Chile.<\/p>\n","protected":false},"excerpt":{"rendered":"<p>*El Mapping se desarroll\u00f3 en el frontis del Teatro Diego Rivera de Puerto Montt en el marco del D\u00eda Nacional de la Astronom\u00eda 2022 celebrado en todo el pa\u00eds durante la \u00faltima semana de marzo. <\/p>\n","protected":false},"author":36,"featured_media":40474,"comment_status":"open","ping_status":"open","sticky":false,"template":"","format":"standard","meta":{"_acf_changed":false,"_exactmetrics_skip_tracking":false,"_exactmetrics_sitenote_active":false,"_exactmetrics_sitenote_note":"","_exactmetrics_sitenote_category":0,"footnotes":"","_links_to":"","_links_to_target":""},"categories":[4],"tags":[],"class_list":["post-40473","post","type-post","status-publish","format-standard","has-post-thumbnail","hentry","category-noticias"],"acf":[],"yoast_head":"<!-- This site is optimized with the Yoast SEO plugin v26.7 - https:\/\/yoast.com\/wordpress\/plugins\/seo\/ -->\n<title>Comunidad puertomontina vivi\u00f3 innovadora intervenci\u00f3n en espacio urbano - Los Lagos<\/title>\n<meta name=\"robots\" content=\"index, follow, max-snippet:-1, max-image-preview:large, max-video-preview:-1\" \/>\n<link rel=\"canonical\" href=\"https:\/\/dev.explora.cl\/lagos\/comunidad-puertomontina-vivio-innovadora-intervencion-en-espacio-urbano\/\" class=\"yoast-seo-meta-tag\" \/>\n<meta property=\"og:locale\" content=\"es_ES\" class=\"yoast-seo-meta-tag\" \/>\n<meta property=\"og:type\" content=\"article\" class=\"yoast-seo-meta-tag\" \/>\n<meta property=\"og:title\" content=\"Comunidad puertomontina vivi\u00f3 innovadora intervenci\u00f3n en espacio urbano - Los Lagos\" class=\"yoast-seo-meta-tag\" \/>\n<meta property=\"og:description\" content=\"*El Mapping se desarroll\u00f3 en el frontis del Teatro Diego Rivera de Puerto Montt en el marco del D\u00eda Nacional de la Astronom\u00eda 2022 celebrado en todo el pa\u00eds durante la \u00faltima semana de marzo.\" class=\"yoast-seo-meta-tag\" \/>\n<meta property=\"og:url\" content=\"https:\/\/dev.explora.cl\/lagos\/comunidad-puertomontina-vivio-innovadora-intervencion-en-espacio-urbano\/\" class=\"yoast-seo-meta-tag\" \/>\n<meta property=\"og:site_name\" content=\"Los Lagos\" class=\"yoast-seo-meta-tag\" \/>\n<meta property=\"article:published_time\" content=\"2022-04-08T15:55:11+00:00\" class=\"yoast-seo-meta-tag\" \/>\n<meta property=\"article:modified_time\" content=\"2023-12-13T17:11:03+00:00\" class=\"yoast-seo-meta-tag\" \/>\n<meta property=\"og:image\" content=\"https:\/\/dev.explora.cl\/lagos\/wp-content\/uploads\/sites\/17\/2022\/04\/IMG_8543.jpg\" class=\"yoast-seo-meta-tag\" \/>\n\t<meta property=\"og:image:width\" content=\"2016\" class=\"yoast-seo-meta-tag\" \/>\n\t<meta property=\"og:image:height\" content=\"1512\" class=\"yoast-seo-meta-tag\" \/>\n\t<meta property=\"og:image:type\" content=\"image\/jpeg\" class=\"yoast-seo-meta-tag\" \/>\n<meta name=\"author\" content=\"jvargas\" class=\"yoast-seo-meta-tag\" \/>\n<meta name=\"twitter:card\" content=\"summary_large_image\" class=\"yoast-seo-meta-tag\" \/>\n<meta name=\"twitter:label1\" content=\"Escrito por\" class=\"yoast-seo-meta-tag\" \/>\n\t<meta name=\"twitter:data1\" content=\"jvargas\" class=\"yoast-seo-meta-tag\" \/>\n\t<meta name=\"twitter:label2\" content=\"Tiempo de lectura\" class=\"yoast-seo-meta-tag\" \/>\n\t<meta name=\"twitter:data2\" content=\"3 minutos\" class=\"yoast-seo-meta-tag\" \/>\n<script type=\"application\/ld+json\" class=\"yoast-schema-graph\">{\"@context\":\"https:\/\/schema.org\",\"@graph\":[{\"@type\":\"Article\",\"@id\":\"https:\/\/dev.explora.cl\/lagos\/comunidad-puertomontina-vivio-innovadora-intervencion-en-espacio-urbano\/#article\",\"isPartOf\":{\"@id\":\"https:\/\/dev.explora.cl\/lagos\/comunidad-puertomontina-vivio-innovadora-intervencion-en-espacio-urbano\/\"},\"author\":{\"name\":\"jvargas\",\"@id\":\"https:\/\/dev.explora.cl\/lagos\/#\/schema\/person\/6608d3ee9ea0b0daeaf12289528fc582\"},\"headline\":\"Comunidad puertomontina vivi\u00f3 innovadora intervenci\u00f3n en espacio urbano\",\"datePublished\":\"2022-04-08T15:55:11+00:00\",\"dateModified\":\"2023-12-13T17:11:03+00:00\",\"mainEntityOfPage\":{\"@id\":\"https:\/\/dev.explora.cl\/lagos\/comunidad-puertomontina-vivio-innovadora-intervencion-en-espacio-urbano\/\"},\"wordCount\":673,\"commentCount\":0,\"image\":{\"@id\":\"https:\/\/dev.explora.cl\/lagos\/comunidad-puertomontina-vivio-innovadora-intervencion-en-espacio-urbano\/#primaryimage\"},\"thumbnailUrl\":\"https:\/\/dev.explora.cl\/lagos\/wp-content\/uploads\/sites\/17\/2022\/04\/IMG_8543.jpg\",\"articleSection\":[\"Noticias\"],\"inLanguage\":\"es\",\"potentialAction\":[{\"@type\":\"CommentAction\",\"name\":\"Comment\",\"target\":[\"https:\/\/dev.explora.cl\/lagos\/comunidad-puertomontina-vivio-innovadora-intervencion-en-espacio-urbano\/#respond\"]}]},{\"@type\":\"WebPage\",\"@id\":\"https:\/\/dev.explora.cl\/lagos\/comunidad-puertomontina-vivio-innovadora-intervencion-en-espacio-urbano\/\",\"url\":\"https:\/\/dev.explora.cl\/lagos\/comunidad-puertomontina-vivio-innovadora-intervencion-en-espacio-urbano\/\",\"name\":\"Comunidad puertomontina vivi\u00f3 innovadora intervenci\u00f3n en espacio urbano - Los Lagos\",\"isPartOf\":{\"@id\":\"https:\/\/dev.explora.cl\/lagos\/#website\"},\"primaryImageOfPage\":{\"@id\":\"https:\/\/dev.explora.cl\/lagos\/comunidad-puertomontina-vivio-innovadora-intervencion-en-espacio-urbano\/#primaryimage\"},\"image\":{\"@id\":\"https:\/\/dev.explora.cl\/lagos\/comunidad-puertomontina-vivio-innovadora-intervencion-en-espacio-urbano\/#primaryimage\"},\"thumbnailUrl\":\"https:\/\/dev.explora.cl\/lagos\/wp-content\/uploads\/sites\/17\/2022\/04\/IMG_8543.jpg\",\"datePublished\":\"2022-04-08T15:55:11+00:00\",\"dateModified\":\"2023-12-13T17:11:03+00:00\",\"author\":{\"@id\":\"https:\/\/dev.explora.cl\/lagos\/#\/schema\/person\/6608d3ee9ea0b0daeaf12289528fc582\"},\"breadcrumb\":{\"@id\":\"https:\/\/dev.explora.cl\/lagos\/comunidad-puertomontina-vivio-innovadora-intervencion-en-espacio-urbano\/#breadcrumb\"},\"inLanguage\":\"es\",\"potentialAction\":[{\"@type\":\"ReadAction\",\"target\":[\"https:\/\/dev.explora.cl\/lagos\/comunidad-puertomontina-vivio-innovadora-intervencion-en-espacio-urbano\/\"]}]},{\"@type\":\"ImageObject\",\"inLanguage\":\"es\",\"@id\":\"https:\/\/dev.explora.cl\/lagos\/comunidad-puertomontina-vivio-innovadora-intervencion-en-espacio-urbano\/#primaryimage\",\"url\":\"https:\/\/dev.explora.cl\/lagos\/wp-content\/uploads\/sites\/17\/2022\/04\/IMG_8543.jpg\",\"contentUrl\":\"https:\/\/dev.explora.cl\/lagos\/wp-content\/uploads\/sites\/17\/2022\/04\/IMG_8543.jpg\",\"width\":2016,\"height\":1512},{\"@type\":\"BreadcrumbList\",\"@id\":\"https:\/\/dev.explora.cl\/lagos\/comunidad-puertomontina-vivio-innovadora-intervencion-en-espacio-urbano\/#breadcrumb\",\"itemListElement\":[{\"@type\":\"ListItem\",\"position\":1,\"name\":\"Portada\",\"item\":\"https:\/\/dev.explora.cl\/lagos\/\"},{\"@type\":\"ListItem\",\"position\":2,\"name\":\"Comunidad puertomontina vivi\u00f3 innovadora intervenci\u00f3n en espacio urbano\"}]},{\"@type\":\"WebSite\",\"@id\":\"https:\/\/dev.explora.cl\/lagos\/#website\",\"url\":\"https:\/\/dev.explora.cl\/lagos\/\",\"name\":\"Los Lagos\",\"description\":\"Otro sitio m\u00e1s de dev.explora.cl\",\"potentialAction\":[{\"@type\":\"SearchAction\",\"target\":{\"@type\":\"EntryPoint\",\"urlTemplate\":\"https:\/\/dev.explora.cl\/lagos\/?s={search_term_string}\"},\"query-input\":{\"@type\":\"PropertyValueSpecification\",\"valueRequired\":true,\"valueName\":\"search_term_string\"}}],\"inLanguage\":\"es\"},{\"@type\":\"Person\",\"@id\":\"https:\/\/dev.explora.cl\/lagos\/#\/schema\/person\/6608d3ee9ea0b0daeaf12289528fc582\",\"name\":\"jvargas\",\"image\":{\"@type\":\"ImageObject\",\"inLanguage\":\"es\",\"@id\":\"https:\/\/dev.explora.cl\/lagos\/#\/schema\/person\/image\/\",\"url\":\"https:\/\/secure.gravatar.com\/avatar\/8a6892fbfb002ef173a244b534b4bbcea4c183fc3fbf7732e64ac89b1d22d482?s=96&d=mm&r=g\",\"contentUrl\":\"https:\/\/secure.gravatar.com\/avatar\/8a6892fbfb002ef173a244b534b4bbcea4c183fc3fbf7732e64ac89b1d22d482?s=96&d=mm&r=g\",\"caption\":\"jvargas\"},\"url\":\"https:\/\/dev.explora.cl\/lagos\/author\/jvargas\/\"}]}<\/script>\n<!-- \/ Yoast SEO plugin. -->","yoast_head_json":{"title":"Comunidad puertomontina vivi\u00f3 innovadora intervenci\u00f3n en espacio urbano - Los Lagos","robots":{"index":"index","follow":"follow","max-snippet":"max-snippet:-1","max-image-preview":"max-image-preview:large","max-video-preview":"max-video-preview:-1"},"canonical":"https:\/\/dev.explora.cl\/lagos\/comunidad-puertomontina-vivio-innovadora-intervencion-en-espacio-urbano\/","og_locale":"es_ES","og_type":"article","og_title":"Comunidad puertomontina vivi\u00f3 innovadora intervenci\u00f3n en espacio urbano - Los Lagos","og_description":"*El Mapping se desarroll\u00f3 en el frontis del Teatro Diego Rivera de Puerto Montt en el marco del D\u00eda Nacional de la Astronom\u00eda 2022 celebrado en todo el pa\u00eds durante la \u00faltima semana de marzo.","og_url":"https:\/\/dev.explora.cl\/lagos\/comunidad-puertomontina-vivio-innovadora-intervencion-en-espacio-urbano\/","og_site_name":"Los Lagos","article_published_time":"2022-04-08T15:55:11+00:00","article_modified_time":"2023-12-13T17:11:03+00:00","og_image":[{"width":2016,"height":1512,"url":"https:\/\/dev.explora.cl\/lagos\/wp-content\/uploads\/sites\/17\/2022\/04\/IMG_8543.jpg","type":"image\/jpeg"}],"author":"jvargas","twitter_card":"summary_large_image","twitter_misc":{"Escrito por":"jvargas","Tiempo de lectura":"3 minutos"},"schema":{"@context":"https:\/\/schema.org","@graph":[{"@type":"Article","@id":"https:\/\/dev.explora.cl\/lagos\/comunidad-puertomontina-vivio-innovadora-intervencion-en-espacio-urbano\/#article","isPartOf":{"@id":"https:\/\/dev.explora.cl\/lagos\/comunidad-puertomontina-vivio-innovadora-intervencion-en-espacio-urbano\/"},"author":{"name":"jvargas","@id":"https:\/\/dev.explora.cl\/lagos\/#\/schema\/person\/6608d3ee9ea0b0daeaf12289528fc582"},"headline":"Comunidad puertomontina vivi\u00f3 innovadora intervenci\u00f3n en espacio urbano","datePublished":"2022-04-08T15:55:11+00:00","dateModified":"2023-12-13T17:11:03+00:00","mainEntityOfPage":{"@id":"https:\/\/dev.explora.cl\/lagos\/comunidad-puertomontina-vivio-innovadora-intervencion-en-espacio-urbano\/"},"wordCount":673,"commentCount":0,"image":{"@id":"https:\/\/dev.explora.cl\/lagos\/comunidad-puertomontina-vivio-innovadora-intervencion-en-espacio-urbano\/#primaryimage"},"thumbnailUrl":"https:\/\/dev.explora.cl\/lagos\/wp-content\/uploads\/sites\/17\/2022\/04\/IMG_8543.jpg","articleSection":["Noticias"],"inLanguage":"es","potentialAction":[{"@type":"CommentAction","name":"Comment","target":["https:\/\/dev.explora.cl\/lagos\/comunidad-puertomontina-vivio-innovadora-intervencion-en-espacio-urbano\/#respond"]}]},{"@type":"WebPage","@id":"https:\/\/dev.explora.cl\/lagos\/comunidad-puertomontina-vivio-innovadora-intervencion-en-espacio-urbano\/","url":"https:\/\/dev.explora.cl\/lagos\/comunidad-puertomontina-vivio-innovadora-intervencion-en-espacio-urbano\/","name":"Comunidad puertomontina vivi\u00f3 innovadora intervenci\u00f3n en espacio urbano - Los Lagos","isPartOf":{"@id":"https:\/\/dev.explora.cl\/lagos\/#website"},"primaryImageOfPage":{"@id":"https:\/\/dev.explora.cl\/lagos\/comunidad-puertomontina-vivio-innovadora-intervencion-en-espacio-urbano\/#primaryimage"},"image":{"@id":"https:\/\/dev.explora.cl\/lagos\/comunidad-puertomontina-vivio-innovadora-intervencion-en-espacio-urbano\/#primaryimage"},"thumbnailUrl":"https:\/\/dev.explora.cl\/lagos\/wp-content\/uploads\/sites\/17\/2022\/04\/IMG_8543.jpg","datePublished":"2022-04-08T15:55:11+00:00","dateModified":"2023-12-13T17:11:03+00:00","author":{"@id":"https:\/\/dev.explora.cl\/lagos\/#\/schema\/person\/6608d3ee9ea0b0daeaf12289528fc582"},"breadcrumb":{"@id":"https:\/\/dev.explora.cl\/lagos\/comunidad-puertomontina-vivio-innovadora-intervencion-en-espacio-urbano\/#breadcrumb"},"inLanguage":"es","potentialAction":[{"@type":"ReadAction","target":["https:\/\/dev.explora.cl\/lagos\/comunidad-puertomontina-vivio-innovadora-intervencion-en-espacio-urbano\/"]}]},{"@type":"ImageObject","inLanguage":"es","@id":"https:\/\/dev.explora.cl\/lagos\/comunidad-puertomontina-vivio-innovadora-intervencion-en-espacio-urbano\/#primaryimage","url":"https:\/\/dev.explora.cl\/lagos\/wp-content\/uploads\/sites\/17\/2022\/04\/IMG_8543.jpg","contentUrl":"https:\/\/dev.explora.cl\/lagos\/wp-content\/uploads\/sites\/17\/2022\/04\/IMG_8543.jpg","width":2016,"height":1512},{"@type":"BreadcrumbList","@id":"https:\/\/dev.explora.cl\/lagos\/comunidad-puertomontina-vivio-innovadora-intervencion-en-espacio-urbano\/#breadcrumb","itemListElement":[{"@type":"ListItem","position":1,"name":"Portada","item":"https:\/\/dev.explora.cl\/lagos\/"},{"@type":"ListItem","position":2,"name":"Comunidad puertomontina vivi\u00f3 innovadora intervenci\u00f3n en espacio urbano"}]},{"@type":"WebSite","@id":"https:\/\/dev.explora.cl\/lagos\/#website","url":"https:\/\/dev.explora.cl\/lagos\/","name":"Los Lagos","description":"Otro sitio m\u00e1s de dev.explora.cl","potentialAction":[{"@type":"SearchAction","target":{"@type":"EntryPoint","urlTemplate":"https:\/\/dev.explora.cl\/lagos\/?s={search_term_string}"},"query-input":{"@type":"PropertyValueSpecification","valueRequired":true,"valueName":"search_term_string"}}],"inLanguage":"es"},{"@type":"Person","@id":"https:\/\/dev.explora.cl\/lagos\/#\/schema\/person\/6608d3ee9ea0b0daeaf12289528fc582","name":"jvargas","image":{"@type":"ImageObject","inLanguage":"es","@id":"https:\/\/dev.explora.cl\/lagos\/#\/schema\/person\/image\/","url":"https:\/\/secure.gravatar.com\/avatar\/8a6892fbfb002ef173a244b534b4bbcea4c183fc3fbf7732e64ac89b1d22d482?s=96&d=mm&r=g","contentUrl":"https:\/\/secure.gravatar.com\/avatar\/8a6892fbfb002ef173a244b534b4bbcea4c183fc3fbf7732e64ac89b1d22d482?s=96&d=mm&r=g","caption":"jvargas"},"url":"https:\/\/dev.explora.cl\/lagos\/author\/jvargas\/"}]}},"_links":{"self":[{"href":"https:\/\/dev.explora.cl\/lagos\/wp-json\/wp\/v2\/posts\/40473","targetHints":{"allow":["GET"]}}],"collection":[{"href":"https:\/\/dev.explora.cl\/lagos\/wp-json\/wp\/v2\/posts"}],"about":[{"href":"https:\/\/dev.explora.cl\/lagos\/wp-json\/wp\/v2\/types\/post"}],"author":[{"embeddable":true,"href":"https:\/\/dev.explora.cl\/lagos\/wp-json\/wp\/v2\/users\/36"}],"replies":[{"embeddable":true,"href":"https:\/\/dev.explora.cl\/lagos\/wp-json\/wp\/v2\/comments?post=40473"}],"version-history":[{"count":1,"href":"https:\/\/dev.explora.cl\/lagos\/wp-json\/wp\/v2\/posts\/40473\/revisions"}],"predecessor-version":[{"id":40475,"href":"https:\/\/dev.explora.cl\/lagos\/wp-json\/wp\/v2\/posts\/40473\/revisions\/40475"}],"wp:featuredmedia":[{"embeddable":true,"href":"https:\/\/dev.explora.cl\/lagos\/wp-json\/wp\/v2\/media\/40474"}],"wp:attachment":[{"href":"https:\/\/dev.explora.cl\/lagos\/wp-json\/wp\/v2\/media?parent=40473"}],"wp:term":[{"taxonomy":"category","embeddable":true,"href":"https:\/\/dev.explora.cl\/lagos\/wp-json\/wp\/v2\/categories?post=40473"},{"taxonomy":"post_tag","embeddable":true,"href":"https:\/\/dev.explora.cl\/lagos\/wp-json\/wp\/v2\/tags?post=40473"}],"curies":[{"name":"wp","href":"https:\/\/api.w.org\/{rel}","templated":true}]}}