{"id":40140,"date":"2021-08-24T18:59:36","date_gmt":"2021-08-24T22:59:36","guid":{"rendered":"https:\/\/dev.explora.cl\/lagos\/?p=40140"},"modified":"2021-09-08T20:54:46","modified_gmt":"2021-09-08T23:54:46","slug":"puede-ser-el-fiordo-comau-un-laboratorio-natural-para-el-estudio-del-cambio-climatico","status":"publish","type":"post","link":"https:\/\/dev.explora.cl\/lagos\/puede-ser-el-fiordo-comau-un-laboratorio-natural-para-el-estudio-del-cambio-climatico\/","title":{"rendered":"\u00bfPuede ser el Fiordo Comau un Laboratorio Natural para el estudio del Cambio Clim\u00e1tico?"},"content":{"rendered":"<p>El Proyecto Asociativo Regional, PAR Explora Los Lagos del Ministerio de Ciencia, Tecnolog\u00eda, Conocimiento e Innovaci\u00f3n ejecutado por la Universidad Austral de Chile Sede Puerto Montt, les invita conectarse en la cuarta charla del <strong>Ciclo Exploremos M\u00e1s All\u00e1 del Aula: Cambio Clim\u00e1tico en los mares del sur<\/strong>, organizado en conjunto con el Servicio Nacional de Pesca SERNAPESCA de la Regi\u00f3n de Los Lagos, Seremi del Ministerio de Medio Ambiente, CONAF, Monumento Natural Islotes de Pu\u00f1ihuil y la Fundaci\u00f3n San Ignacio de Huinay PUCV.<\/p>\n<p><span class=\"\">En esta oportunidad, se realizar\u00e1 la charla denominada <\/span><strong><span class=\"\">\u201c\u00bfPuede ser el Fiordo Comau un Laboratorio Natural para el estudio del Cambio Clim\u00e1tico?\u201d<\/span><\/strong><span class=\"\">, la cual ser\u00e1 desarrollada por el <strong>Dr. en Oceanograf\u00eda Samuel Hormaz\u00e1bal Fritz<\/strong> de la Fundaci\u00f3n San Ignacio del Huinay Pontificia Universidad Cat\u00f3lica de Valpara\u00edso<\/span><span class=\"\">,<strong> el d\u00eda mi\u00e9rcoles 8 de septiembre a las 11:00 hrs.<\/strong><\/span><\/p>\n<p>Los y las invitamos a conocer de primera fuente las investigaciones que desarrollan destacados cient\u00edficos sobre tem\u00e1ticas vinculadas al cambio clim\u00e1tico de nuestros mares del sur y su impacto en las \u00e1reas marinas protegidas.<\/p>\n<p>El objetivo de la actividad es divulgar la ciencia a trav\u00e9s de la vinculaci\u00f3n de investigadores(as) con ni\u00f1as, ni\u00f1os y j\u00f3venes en edad escolar, para promover la socializaci\u00f3n y apropiaci\u00f3n del conocimiento cient\u00edfico, fomentar la curiosidad y el inter\u00e9s por la ciencia.<\/p>\n<p><strong>La charla se transmitir\u00e1 en vivo a trav\u00e9s de nuestra Fanpage de Facebook<\/strong> <a href=\"https:\/\/www.facebook.com\/PARExploraLagos\">https:\/\/www.facebook.com\/PARExploraLagos\u00a0<\/a><\/p>\n<p>Cabe destacar que, <strong>se sortear\u00e1 un set\u00a0de puzzles<\/strong> de maravillosas ilustraciones sobre contenido cient\u00edfico-educativo elaborado por el Proyecto Explora Los Lagos UACh Sede Puerto Montt.<\/p>\n<p><strong>Puede realizar consultas al correo rocio.bize@uach.cl<\/strong><\/p>\n<p>&nbsp;<\/p>\n","protected":false},"excerpt":{"rendered":"<p>\u00a1Con\u00e9ctate en vivo a la transmisi\u00f3n en nuestra Fanpage @PARExploraLagos!<\/p>\n","protected":false},"author":36,"featured_media":40141,"comment_status":"open","ping_status":"open","sticky":false,"template":"","format":"standard","meta":{"_acf_changed":false,"_exactmetrics_skip_tracking":false,"_exactmetrics_sitenote_active":false,"_exactmetrics_sitenote_note":"","_exactmetrics_sitenote_category":0,"footnotes":"","_links_to":"","_links_to_target":""},"categories":[151,1],"tags":[107,182,400,401],"class_list":["post-40140","post","type-post","status-publish","format-standard","has-post-thumbnail","hentry","category-banner","category-sin-categoria","tag-ciencia","tag-los-lagos","tag-mares-del-sur","tag-oceanografia"],"acf":[],"yoast_head":"<!-- This site is optimized with the Yoast SEO plugin v26.7 - https:\/\/yoast.com\/wordpress\/plugins\/seo\/ -->\n<title>\u00bfPuede ser el Fiordo Comau un Laboratorio Natural para el estudio del Cambio Clim\u00e1tico? - Los Lagos<\/title>\n<meta name=\"robots\" content=\"index, follow, max-snippet:-1, max-image-preview:large, max-video-preview:-1\" \/>\n<link rel=\"canonical\" href=\"https:\/\/dev.explora.cl\/lagos\/puede-ser-el-fiordo-comau-un-laboratorio-natural-para-el-estudio-del-cambio-climatico\/\" class=\"yoast-seo-meta-tag\" \/>\n<meta property=\"og:locale\" content=\"es_ES\" class=\"yoast-seo-meta-tag\" \/>\n<meta property=\"og:type\" content=\"article\" class=\"yoast-seo-meta-tag\" \/>\n<meta property=\"og:title\" content=\"\u00bfPuede ser el Fiordo Comau un Laboratorio Natural para el estudio del Cambio Clim\u00e1tico? - Los Lagos\" class=\"yoast-seo-meta-tag\" \/>\n<meta property=\"og:description\" content=\"\u00a1Con\u00e9ctate en vivo a la transmisi\u00f3n en nuestra Fanpage @PARExploraLagos!\" class=\"yoast-seo-meta-tag\" \/>\n<meta property=\"og:url\" content=\"https:\/\/dev.explora.cl\/lagos\/puede-ser-el-fiordo-comau-un-laboratorio-natural-para-el-estudio-del-cambio-climatico\/\" class=\"yoast-seo-meta-tag\" \/>\n<meta property=\"og:site_name\" content=\"Los Lagos\" class=\"yoast-seo-meta-tag\" \/>\n<meta property=\"article:published_time\" content=\"2021-08-24T22:59:36+00:00\" class=\"yoast-seo-meta-tag\" \/>\n<meta property=\"article:modified_time\" content=\"2021-09-08T23:54:46+00:00\" class=\"yoast-seo-meta-tag\" \/>\n<meta property=\"og:image\" content=\"https:\/\/dev.explora.cl\/lagos\/wp-content\/uploads\/sites\/17\/2021\/08\/pagina_explora-4.png\" class=\"yoast-seo-meta-tag\" \/>\n\t<meta property=\"og:image:width\" content=\"736\" class=\"yoast-seo-meta-tag\" \/>\n\t<meta property=\"og:image:height\" content=\"420\" class=\"yoast-seo-meta-tag\" \/>\n\t<meta property=\"og:image:type\" content=\"image\/png\" class=\"yoast-seo-meta-tag\" \/>\n<meta name=\"author\" content=\"jvargas\" class=\"yoast-seo-meta-tag\" \/>\n<meta name=\"twitter:card\" content=\"summary_large_image\" class=\"yoast-seo-meta-tag\" \/>\n<meta name=\"twitter:label1\" content=\"Escrito por\" class=\"yoast-seo-meta-tag\" \/>\n\t<meta name=\"twitter:data1\" content=\"jvargas\" class=\"yoast-seo-meta-tag\" \/>\n\t<meta name=\"twitter:label2\" content=\"Tiempo de lectura\" class=\"yoast-seo-meta-tag\" \/>\n\t<meta name=\"twitter:data2\" content=\"1 minuto\" class=\"yoast-seo-meta-tag\" \/>\n<script type=\"application\/ld+json\" class=\"yoast-schema-graph\">{\"@context\":\"https:\/\/schema.org\",\"@graph\":[{\"@type\":\"Article\",\"@id\":\"https:\/\/dev.explora.cl\/lagos\/puede-ser-el-fiordo-comau-un-laboratorio-natural-para-el-estudio-del-cambio-climatico\/#article\",\"isPartOf\":{\"@id\":\"https:\/\/dev.explora.cl\/lagos\/puede-ser-el-fiordo-comau-un-laboratorio-natural-para-el-estudio-del-cambio-climatico\/\"},\"author\":{\"name\":\"jvargas\",\"@id\":\"https:\/\/dev.explora.cl\/lagos\/#\/schema\/person\/6608d3ee9ea0b0daeaf12289528fc582\"},\"headline\":\"\u00bfPuede ser el Fiordo Comau un Laboratorio Natural para el estudio del Cambio Clim\u00e1tico?\",\"datePublished\":\"2021-08-24T22:59:36+00:00\",\"dateModified\":\"2021-09-08T23:54:46+00:00\",\"mainEntityOfPage\":{\"@id\":\"https:\/\/dev.explora.cl\/lagos\/puede-ser-el-fiordo-comau-un-laboratorio-natural-para-el-estudio-del-cambio-climatico\/\"},\"wordCount\":312,\"commentCount\":0,\"image\":{\"@id\":\"https:\/\/dev.explora.cl\/lagos\/puede-ser-el-fiordo-comau-un-laboratorio-natural-para-el-estudio-del-cambio-climatico\/#primaryimage\"},\"thumbnailUrl\":\"https:\/\/dev.explora.cl\/lagos\/wp-content\/uploads\/sites\/17\/2021\/08\/pagina_explora-4.png\",\"keywords\":[\"ciencia\",\"Los Lagos\",\"Mares del sur\",\"oceanograf\u00eda\"],\"articleSection\":[\"Banner\"],\"inLanguage\":\"es\",\"potentialAction\":[{\"@type\":\"CommentAction\",\"name\":\"Comment\",\"target\":[\"https:\/\/dev.explora.cl\/lagos\/puede-ser-el-fiordo-comau-un-laboratorio-natural-para-el-estudio-del-cambio-climatico\/#respond\"]}]},{\"@type\":\"WebPage\",\"@id\":\"https:\/\/dev.explora.cl\/lagos\/puede-ser-el-fiordo-comau-un-laboratorio-natural-para-el-estudio-del-cambio-climatico\/\",\"url\":\"https:\/\/dev.explora.cl\/lagos\/puede-ser-el-fiordo-comau-un-laboratorio-natural-para-el-estudio-del-cambio-climatico\/\",\"name\":\"\u00bfPuede ser el Fiordo Comau un Laboratorio Natural para el estudio del Cambio Clim\u00e1tico? - Los Lagos\",\"isPartOf\":{\"@id\":\"https:\/\/dev.explora.cl\/lagos\/#website\"},\"primaryImageOfPage\":{\"@id\":\"https:\/\/dev.explora.cl\/lagos\/puede-ser-el-fiordo-comau-un-laboratorio-natural-para-el-estudio-del-cambio-climatico\/#primaryimage\"},\"image\":{\"@id\":\"https:\/\/dev.explora.cl\/lagos\/puede-ser-el-fiordo-comau-un-laboratorio-natural-para-el-estudio-del-cambio-climatico\/#primaryimage\"},\"thumbnailUrl\":\"https:\/\/dev.explora.cl\/lagos\/wp-content\/uploads\/sites\/17\/2021\/08\/pagina_explora-4.png\",\"datePublished\":\"2021-08-24T22:59:36+00:00\",\"dateModified\":\"2021-09-08T23:54:46+00:00\",\"author\":{\"@id\":\"https:\/\/dev.explora.cl\/lagos\/#\/schema\/person\/6608d3ee9ea0b0daeaf12289528fc582\"},\"breadcrumb\":{\"@id\":\"https:\/\/dev.explora.cl\/lagos\/puede-ser-el-fiordo-comau-un-laboratorio-natural-para-el-estudio-del-cambio-climatico\/#breadcrumb\"},\"inLanguage\":\"es\",\"potentialAction\":[{\"@type\":\"ReadAction\",\"target\":[\"https:\/\/dev.explora.cl\/lagos\/puede-ser-el-fiordo-comau-un-laboratorio-natural-para-el-estudio-del-cambio-climatico\/\"]}]},{\"@type\":\"ImageObject\",\"inLanguage\":\"es\",\"@id\":\"https:\/\/dev.explora.cl\/lagos\/puede-ser-el-fiordo-comau-un-laboratorio-natural-para-el-estudio-del-cambio-climatico\/#primaryimage\",\"url\":\"https:\/\/dev.explora.cl\/lagos\/wp-content\/uploads\/sites\/17\/2021\/08\/pagina_explora-4.png\",\"contentUrl\":\"https:\/\/dev.explora.cl\/lagos\/wp-content\/uploads\/sites\/17\/2021\/08\/pagina_explora-4.png\",\"width\":736,\"height\":420},{\"@type\":\"BreadcrumbList\",\"@id\":\"https:\/\/dev.explora.cl\/lagos\/puede-ser-el-fiordo-comau-un-laboratorio-natural-para-el-estudio-del-cambio-climatico\/#breadcrumb\",\"itemListElement\":[{\"@type\":\"ListItem\",\"position\":1,\"name\":\"Portada\",\"item\":\"https:\/\/dev.explora.cl\/lagos\/\"},{\"@type\":\"ListItem\",\"position\":2,\"name\":\"\u00bfPuede ser el Fiordo Comau un Laboratorio Natural para el estudio del Cambio Clim\u00e1tico?\"}]},{\"@type\":\"WebSite\",\"@id\":\"https:\/\/dev.explora.cl\/lagos\/#website\",\"url\":\"https:\/\/dev.explora.cl\/lagos\/\",\"name\":\"Los Lagos\",\"description\":\"Otro sitio m\u00e1s de dev.explora.cl\",\"potentialAction\":[{\"@type\":\"SearchAction\",\"target\":{\"@type\":\"EntryPoint\",\"urlTemplate\":\"https:\/\/dev.explora.cl\/lagos\/?s={search_term_string}\"},\"query-input\":{\"@type\":\"PropertyValueSpecification\",\"valueRequired\":true,\"valueName\":\"search_term_string\"}}],\"inLanguage\":\"es\"},{\"@type\":\"Person\",\"@id\":\"https:\/\/dev.explora.cl\/lagos\/#\/schema\/person\/6608d3ee9ea0b0daeaf12289528fc582\",\"name\":\"jvargas\",\"image\":{\"@type\":\"ImageObject\",\"inLanguage\":\"es\",\"@id\":\"https:\/\/dev.explora.cl\/lagos\/#\/schema\/person\/image\/\",\"url\":\"https:\/\/secure.gravatar.com\/avatar\/8a6892fbfb002ef173a244b534b4bbcea4c183fc3fbf7732e64ac89b1d22d482?s=96&d=mm&r=g\",\"contentUrl\":\"https:\/\/secure.gravatar.com\/avatar\/8a6892fbfb002ef173a244b534b4bbcea4c183fc3fbf7732e64ac89b1d22d482?s=96&d=mm&r=g\",\"caption\":\"jvargas\"},\"url\":\"https:\/\/dev.explora.cl\/lagos\/author\/jvargas\/\"}]}<\/script>\n<!-- \/ Yoast SEO plugin. -->","yoast_head_json":{"title":"\u00bfPuede ser el Fiordo Comau un Laboratorio Natural para el estudio del Cambio Clim\u00e1tico? - Los Lagos","robots":{"index":"index","follow":"follow","max-snippet":"max-snippet:-1","max-image-preview":"max-image-preview:large","max-video-preview":"max-video-preview:-1"},"canonical":"https:\/\/dev.explora.cl\/lagos\/puede-ser-el-fiordo-comau-un-laboratorio-natural-para-el-estudio-del-cambio-climatico\/","og_locale":"es_ES","og_type":"article","og_title":"\u00bfPuede ser el Fiordo Comau un Laboratorio Natural para el estudio del Cambio Clim\u00e1tico? - Los Lagos","og_description":"\u00a1Con\u00e9ctate en vivo a la transmisi\u00f3n en nuestra Fanpage @PARExploraLagos!","og_url":"https:\/\/dev.explora.cl\/lagos\/puede-ser-el-fiordo-comau-un-laboratorio-natural-para-el-estudio-del-cambio-climatico\/","og_site_name":"Los Lagos","article_published_time":"2021-08-24T22:59:36+00:00","article_modified_time":"2021-09-08T23:54:46+00:00","og_image":[{"width":736,"height":420,"url":"https:\/\/dev.explora.cl\/lagos\/wp-content\/uploads\/sites\/17\/2021\/08\/pagina_explora-4.png","type":"image\/png"}],"author":"jvargas","twitter_card":"summary_large_image","twitter_misc":{"Escrito por":"jvargas","Tiempo de lectura":"1 minuto"},"schema":{"@context":"https:\/\/schema.org","@graph":[{"@type":"Article","@id":"https:\/\/dev.explora.cl\/lagos\/puede-ser-el-fiordo-comau-un-laboratorio-natural-para-el-estudio-del-cambio-climatico\/#article","isPartOf":{"@id":"https:\/\/dev.explora.cl\/lagos\/puede-ser-el-fiordo-comau-un-laboratorio-natural-para-el-estudio-del-cambio-climatico\/"},"author":{"name":"jvargas","@id":"https:\/\/dev.explora.cl\/lagos\/#\/schema\/person\/6608d3ee9ea0b0daeaf12289528fc582"},"headline":"\u00bfPuede ser el Fiordo Comau un Laboratorio Natural para el estudio del Cambio Clim\u00e1tico?","datePublished":"2021-08-24T22:59:36+00:00","dateModified":"2021-09-08T23:54:46+00:00","mainEntityOfPage":{"@id":"https:\/\/dev.explora.cl\/lagos\/puede-ser-el-fiordo-comau-un-laboratorio-natural-para-el-estudio-del-cambio-climatico\/"},"wordCount":312,"commentCount":0,"image":{"@id":"https:\/\/dev.explora.cl\/lagos\/puede-ser-el-fiordo-comau-un-laboratorio-natural-para-el-estudio-del-cambio-climatico\/#primaryimage"},"thumbnailUrl":"https:\/\/dev.explora.cl\/lagos\/wp-content\/uploads\/sites\/17\/2021\/08\/pagina_explora-4.png","keywords":["ciencia","Los Lagos","Mares del sur","oceanograf\u00eda"],"articleSection":["Banner"],"inLanguage":"es","potentialAction":[{"@type":"CommentAction","name":"Comment","target":["https:\/\/dev.explora.cl\/lagos\/puede-ser-el-fiordo-comau-un-laboratorio-natural-para-el-estudio-del-cambio-climatico\/#respond"]}]},{"@type":"WebPage","@id":"https:\/\/dev.explora.cl\/lagos\/puede-ser-el-fiordo-comau-un-laboratorio-natural-para-el-estudio-del-cambio-climatico\/","url":"https:\/\/dev.explora.cl\/lagos\/puede-ser-el-fiordo-comau-un-laboratorio-natural-para-el-estudio-del-cambio-climatico\/","name":"\u00bfPuede ser el Fiordo Comau un Laboratorio Natural para el estudio del Cambio Clim\u00e1tico? - Los Lagos","isPartOf":{"@id":"https:\/\/dev.explora.cl\/lagos\/#website"},"primaryImageOfPage":{"@id":"https:\/\/dev.explora.cl\/lagos\/puede-ser-el-fiordo-comau-un-laboratorio-natural-para-el-estudio-del-cambio-climatico\/#primaryimage"},"image":{"@id":"https:\/\/dev.explora.cl\/lagos\/puede-ser-el-fiordo-comau-un-laboratorio-natural-para-el-estudio-del-cambio-climatico\/#primaryimage"},"thumbnailUrl":"https:\/\/dev.explora.cl\/lagos\/wp-content\/uploads\/sites\/17\/2021\/08\/pagina_explora-4.png","datePublished":"2021-08-24T22:59:36+00:00","dateModified":"2021-09-08T23:54:46+00:00","author":{"@id":"https:\/\/dev.explora.cl\/lagos\/#\/schema\/person\/6608d3ee9ea0b0daeaf12289528fc582"},"breadcrumb":{"@id":"https:\/\/dev.explora.cl\/lagos\/puede-ser-el-fiordo-comau-un-laboratorio-natural-para-el-estudio-del-cambio-climatico\/#breadcrumb"},"inLanguage":"es","potentialAction":[{"@type":"ReadAction","target":["https:\/\/dev.explora.cl\/lagos\/puede-ser-el-fiordo-comau-un-laboratorio-natural-para-el-estudio-del-cambio-climatico\/"]}]},{"@type":"ImageObject","inLanguage":"es","@id":"https:\/\/dev.explora.cl\/lagos\/puede-ser-el-fiordo-comau-un-laboratorio-natural-para-el-estudio-del-cambio-climatico\/#primaryimage","url":"https:\/\/dev.explora.cl\/lagos\/wp-content\/uploads\/sites\/17\/2021\/08\/pagina_explora-4.png","contentUrl":"https:\/\/dev.explora.cl\/lagos\/wp-content\/uploads\/sites\/17\/2021\/08\/pagina_explora-4.png","width":736,"height":420},{"@type":"BreadcrumbList","@id":"https:\/\/dev.explora.cl\/lagos\/puede-ser-el-fiordo-comau-un-laboratorio-natural-para-el-estudio-del-cambio-climatico\/#breadcrumb","itemListElement":[{"@type":"ListItem","position":1,"name":"Portada","item":"https:\/\/dev.explora.cl\/lagos\/"},{"@type":"ListItem","position":2,"name":"\u00bfPuede ser el Fiordo Comau un Laboratorio Natural para el estudio del Cambio Clim\u00e1tico?"}]},{"@type":"WebSite","@id":"https:\/\/dev.explora.cl\/lagos\/#website","url":"https:\/\/dev.explora.cl\/lagos\/","name":"Los Lagos","description":"Otro sitio m\u00e1s de dev.explora.cl","potentialAction":[{"@type":"SearchAction","target":{"@type":"EntryPoint","urlTemplate":"https:\/\/dev.explora.cl\/lagos\/?s={search_term_string}"},"query-input":{"@type":"PropertyValueSpecification","valueRequired":true,"valueName":"search_term_string"}}],"inLanguage":"es"},{"@type":"Person","@id":"https:\/\/dev.explora.cl\/lagos\/#\/schema\/person\/6608d3ee9ea0b0daeaf12289528fc582","name":"jvargas","image":{"@type":"ImageObject","inLanguage":"es","@id":"https:\/\/dev.explora.cl\/lagos\/#\/schema\/person\/image\/","url":"https:\/\/secure.gravatar.com\/avatar\/8a6892fbfb002ef173a244b534b4bbcea4c183fc3fbf7732e64ac89b1d22d482?s=96&d=mm&r=g","contentUrl":"https:\/\/secure.gravatar.com\/avatar\/8a6892fbfb002ef173a244b534b4bbcea4c183fc3fbf7732e64ac89b1d22d482?s=96&d=mm&r=g","caption":"jvargas"},"url":"https:\/\/dev.explora.cl\/lagos\/author\/jvargas\/"}]}},"_links":{"self":[{"href":"https:\/\/dev.explora.cl\/lagos\/wp-json\/wp\/v2\/posts\/40140","targetHints":{"allow":["GET"]}}],"collection":[{"href":"https:\/\/dev.explora.cl\/lagos\/wp-json\/wp\/v2\/posts"}],"about":[{"href":"https:\/\/dev.explora.cl\/lagos\/wp-json\/wp\/v2\/types\/post"}],"author":[{"embeddable":true,"href":"https:\/\/dev.explora.cl\/lagos\/wp-json\/wp\/v2\/users\/36"}],"replies":[{"embeddable":true,"href":"https:\/\/dev.explora.cl\/lagos\/wp-json\/wp\/v2\/comments?post=40140"}],"version-history":[{"count":2,"href":"https:\/\/dev.explora.cl\/lagos\/wp-json\/wp\/v2\/posts\/40140\/revisions"}],"predecessor-version":[{"id":40153,"href":"https:\/\/dev.explora.cl\/lagos\/wp-json\/wp\/v2\/posts\/40140\/revisions\/40153"}],"wp:featuredmedia":[{"embeddable":true,"href":"https:\/\/dev.explora.cl\/lagos\/wp-json\/wp\/v2\/media\/40141"}],"wp:attachment":[{"href":"https:\/\/dev.explora.cl\/lagos\/wp-json\/wp\/v2\/media?parent=40140"}],"wp:term":[{"taxonomy":"category","embeddable":true,"href":"https:\/\/dev.explora.cl\/lagos\/wp-json\/wp\/v2\/categories?post=40140"},{"taxonomy":"post_tag","embeddable":true,"href":"https:\/\/dev.explora.cl\/lagos\/wp-json\/wp\/v2\/tags?post=40140"}],"curies":[{"name":"wp","href":"https:\/\/api.w.org\/{rel}","templated":true}]}}