{"id":40094,"date":"2021-08-06T10:46:24","date_gmt":"2021-08-06T14:46:24","guid":{"rendered":"https:\/\/dev.explora.cl\/lagos\/?p=40094"},"modified":"2021-10-04T19:52:24","modified_gmt":"2021-10-04T22:52:24","slug":"postulaciones-abiertas-congreso-regional-explora-de-investigacion-e-innovacion-escolar-los-lagos-los-rios-y-aysen","status":"publish","type":"post","link":"https:\/\/dev.explora.cl\/lagos\/postulaciones-abiertas-congreso-regional-explora-de-investigacion-e-innovacion-escolar-los-lagos-los-rios-y-aysen\/","title":{"rendered":"Postulaciones Abiertas: Congreso Regional Explora de Investigaci\u00f3n e Innovaci\u00f3n Escolar Los Lagos, Los R\u00edos y Ays\u00e9n"},"content":{"rendered":"<p>[vc_row][vc_column][vc_column_text]El Proyecto Asociativo Regional, PAR Explora Los Lagos del Ministerio de Ciencia, Tecnolog\u00eda, Conocimiento e Innovaci\u00f3n, ejecutado por la Universidad Austral de Chile Sede Puerto Montt, les invita a postular al <strong>Congreso Regional Explora de Investigaci\u00f3n e Innovaci\u00f3n Escolar<\/strong>, que se desarrollar\u00e1 del <strong>10 al 12 de noviembre de 2021<\/strong> en formato virtual.<\/p>\n<p>En esta oportunidad y de forma in\u00e9dita, la iniciativa se desarrollar\u00e1 en conjunto con los Proyectos Asociativos Regionales Los R\u00edos y Ays\u00e9n ejecutados por la Universidad Austral de Chile en sus respectivas regiones, transform\u00e1ndose de esta manera en el congreso escolar m\u00e1s grande del sur de Chile.<\/p>\n<p>El evento es un encuentro de divulgaci\u00f3n de investigaciones escolares, que convoca a estudiantes entre <strong>5\u00b0 a\u00f1o de Educaci\u00f3n B\u00e1sica a 4\u00b0 a\u00f1o de Educaci\u00f3n Media<\/strong> pertenecientes a establecimientos educacionales p\u00fablicos, particulares subvencionados y particulares pagados, quienes dan a conocer los resultados de sus proyectos de investigaci\u00f3n, basados en los procesos asociados al desarrollo de competencias cient\u00edficas. A su vez, es una plataforma para compartir, conocer e interactuar con otros ni\u00f1os, ni\u00f1as y adolescentes de otras ciudades y contextos.<\/p>\n<p>Destacar que, <strong>la fecha de recepci\u00f3n de postulaciones es hasta el 1 de octubre de 2021<\/strong>. Las Bases de Postulaci\u00f3n, Formulario de Postulaci\u00f3n junto con los Anexos en un solo archivo en formato word, los pueden descargar en esta p\u00e1gina.<\/p>\n<p>Para postular, las comunidades educativas de la Regi\u00f3n de Los Lagos interesadas en participar deben completar y enviar el formulario de postulaci\u00f3n y los anexos a nuestra Coordinadora Ejecutiva <strong>karina.bravo@uach.cl<\/strong> a quien tambi\u00e9n pueden contactar<strong> v\u00eda Whatsapp +569 7460 2506<\/strong>.<\/p>\n<p>Las Bases y los Anexos tambi\u00e9n los pueden revisar y descargar de la p\u00e1gina central de Explora <strong><a href=\"https:\/\/dev.explora.cl\/blog\/congreso-regional-de-investigacion-escolar-1\/\">https:\/\/dev.explora.cl\/blog\/congreso-regional-de-investigacion-escolar-1\/<\/a><\/strong><\/p>\n<p>[\/vc_column_text][vc_btn title=\u00bbFormulario de Postulaci\u00f3n y Anexos Aqu\u00ed \u00bb style=\u00bbcustom\u00bb custom_background=\u00bb#1e73be\u00bb custom_text=\u00bb#ffffff\u00bb shape=\u00bbround\u00bb size=\u00bblg\u00bb align=\u00bbcenter\u00bb link=\u00bburl:https%3A%2F%2Fdev.explora.cl%2Flagos%2Fwp-content%2Fuploads%2Fsites%2F17%2F2021%2F08%2FFormulario-de-Postulaci%C3%B3n-y-Anexos-a-completar-y-enviar.docx||target:%20_blank|\u00bb][vc_btn title=\u00bbBases de Postulaci\u00f3n Aqu\u00ed\u00bb style=\u00bbcustom\u00bb custom_background=\u00bb#1e73be\u00bb custom_text=\u00bb#ffffff\u00bb shape=\u00bbround\u00bb size=\u00bblg\u00bb align=\u00bbcenter\u00bb link=\u00bburl:https%3A%2F%2Fdev.explora.cl%2Fwp-content%2Fuploads%2F2021%2F07%2FRES_EX_N%25C2%25B0141_2021_APR_BAS_CON_REG_NAC_EXP_2021-2022-1.pdf||target:%20_blank|\u00bb][vc_btn title=\u00bbGu\u00eda de Postulaci\u00f3n Proyecto Explora Los Lagos \u00bb style=\u00bbcustom\u00bb custom_background=\u00bb#1e73be\u00bb custom_text=\u00bb#ffffff\u00bb shape=\u00bbround\u00bb size=\u00bblg\u00bb align=\u00bbcenter\u00bb link=\u00bburl:https%3A%2F%2Fdev.explora.cl%2Flagos%2Fwp-content%2Fuploads%2Fsites%2F17%2F2021%2F09%2FGu%C3%ADa-de-Postulaci%C3%B3n-Congreso-Los-Lagos-2021.pdf||target:%20_blank|\u00bb][\/vc_column][\/vc_row]<\/p>\n","protected":false},"excerpt":{"rendered":"<p>La fecha de recepci\u00f3n de postulaciones es hasta el 1 de octubre de 2021. <\/p>\n","protected":false},"author":36,"featured_media":40246,"comment_status":"open","ping_status":"open","sticky":false,"template":"","format":"standard","meta":{"_acf_changed":false,"_exactmetrics_skip_tracking":false,"_exactmetrics_sitenote_active":false,"_exactmetrics_sitenote_note":"","_exactmetrics_sitenote_category":0,"footnotes":"","_links_to":"","_links_to_target":""},"categories":[151,139],"tags":[107,398,182,76],"class_list":["post-40094","post","type-post","status-publish","format-standard","has-post-thumbnail","hentry","category-banner","category-lugar-4","tag-ciencia","tag-congreso-regional-escolar","tag-los-lagos","tag-tecnologia"],"acf":[],"yoast_head":"<!-- This site is optimized with the Yoast SEO plugin v26.7 - https:\/\/yoast.com\/wordpress\/plugins\/seo\/ -->\n<title>Postulaciones Abiertas: Congreso Regional Explora de Investigaci\u00f3n e Innovaci\u00f3n Escolar Los Lagos, Los R\u00edos y Ays\u00e9n - Los Lagos<\/title>\n<meta name=\"robots\" content=\"index, follow, max-snippet:-1, max-image-preview:large, max-video-preview:-1\" \/>\n<link rel=\"canonical\" href=\"https:\/\/dev.explora.cl\/lagos\/postulaciones-abiertas-congreso-regional-explora-de-investigacion-e-innovacion-escolar-los-lagos-los-rios-y-aysen\/\" class=\"yoast-seo-meta-tag\" \/>\n<meta property=\"og:locale\" content=\"es_ES\" class=\"yoast-seo-meta-tag\" \/>\n<meta property=\"og:type\" content=\"article\" class=\"yoast-seo-meta-tag\" \/>\n<meta property=\"og:title\" content=\"Postulaciones Abiertas: Congreso Regional Explora de Investigaci\u00f3n e Innovaci\u00f3n Escolar Los Lagos, Los R\u00edos y Ays\u00e9n - Los Lagos\" class=\"yoast-seo-meta-tag\" \/>\n<meta property=\"og:description\" content=\"La fecha de recepci\u00f3n de postulaciones es hasta el 1 de octubre de 2021.\" class=\"yoast-seo-meta-tag\" \/>\n<meta property=\"og:url\" content=\"https:\/\/dev.explora.cl\/lagos\/postulaciones-abiertas-congreso-regional-explora-de-investigacion-e-innovacion-escolar-los-lagos-los-rios-y-aysen\/\" class=\"yoast-seo-meta-tag\" \/>\n<meta property=\"og:site_name\" content=\"Los Lagos\" class=\"yoast-seo-meta-tag\" \/>\n<meta property=\"article:published_time\" content=\"2021-08-06T14:46:24+00:00\" class=\"yoast-seo-meta-tag\" \/>\n<meta property=\"article:modified_time\" content=\"2021-10-04T22:52:24+00:00\" class=\"yoast-seo-meta-tag\" \/>\n<meta property=\"og:image\" content=\"https:\/\/dev.explora.cl\/lagos\/wp-content\/uploads\/sites\/17\/2021\/08\/congreso_pagina_explora_b-1.png\" class=\"yoast-seo-meta-tag\" \/>\n\t<meta property=\"og:image:width\" content=\"736\" class=\"yoast-seo-meta-tag\" \/>\n\t<meta property=\"og:image:height\" content=\"420\" class=\"yoast-seo-meta-tag\" \/>\n\t<meta property=\"og:image:type\" content=\"image\/png\" class=\"yoast-seo-meta-tag\" \/>\n<meta name=\"author\" content=\"jvargas\" class=\"yoast-seo-meta-tag\" \/>\n<meta name=\"twitter:card\" content=\"summary_large_image\" class=\"yoast-seo-meta-tag\" \/>\n<meta name=\"twitter:label1\" content=\"Escrito por\" class=\"yoast-seo-meta-tag\" \/>\n\t<meta name=\"twitter:data1\" content=\"jvargas\" class=\"yoast-seo-meta-tag\" \/>\n\t<meta name=\"twitter:label2\" content=\"Tiempo de lectura\" class=\"yoast-seo-meta-tag\" \/>\n\t<meta name=\"twitter:data2\" content=\"2 minutos\" class=\"yoast-seo-meta-tag\" \/>\n<script type=\"application\/ld+json\" class=\"yoast-schema-graph\">{\"@context\":\"https:\/\/schema.org\",\"@graph\":[{\"@type\":\"Article\",\"@id\":\"https:\/\/dev.explora.cl\/lagos\/postulaciones-abiertas-congreso-regional-explora-de-investigacion-e-innovacion-escolar-los-lagos-los-rios-y-aysen\/#article\",\"isPartOf\":{\"@id\":\"https:\/\/dev.explora.cl\/lagos\/postulaciones-abiertas-congreso-regional-explora-de-investigacion-e-innovacion-escolar-los-lagos-los-rios-y-aysen\/\"},\"author\":{\"name\":\"jvargas\",\"@id\":\"https:\/\/dev.explora.cl\/lagos\/#\/schema\/person\/6608d3ee9ea0b0daeaf12289528fc582\"},\"headline\":\"Postulaciones Abiertas: Congreso Regional Explora de Investigaci\u00f3n e Innovaci\u00f3n Escolar Los Lagos, Los R\u00edos y Ays\u00e9n\",\"datePublished\":\"2021-08-06T14:46:24+00:00\",\"dateModified\":\"2021-10-04T22:52:24+00:00\",\"mainEntityOfPage\":{\"@id\":\"https:\/\/dev.explora.cl\/lagos\/postulaciones-abiertas-congreso-regional-explora-de-investigacion-e-innovacion-escolar-los-lagos-los-rios-y-aysen\/\"},\"wordCount\":488,\"commentCount\":0,\"image\":{\"@id\":\"https:\/\/dev.explora.cl\/lagos\/postulaciones-abiertas-congreso-regional-explora-de-investigacion-e-innovacion-escolar-los-lagos-los-rios-y-aysen\/#primaryimage\"},\"thumbnailUrl\":\"https:\/\/dev.explora.cl\/lagos\/wp-content\/uploads\/sites\/17\/2021\/08\/congreso_pagina_explora_b-1.png\",\"keywords\":[\"ciencia\",\"Congreso Regional Escolar\",\"Los Lagos\",\"tecnolog\u00eda\"],\"articleSection\":[\"Banner\",\"Lugar 4\"],\"inLanguage\":\"es\",\"potentialAction\":[{\"@type\":\"CommentAction\",\"name\":\"Comment\",\"target\":[\"https:\/\/dev.explora.cl\/lagos\/postulaciones-abiertas-congreso-regional-explora-de-investigacion-e-innovacion-escolar-los-lagos-los-rios-y-aysen\/#respond\"]}]},{\"@type\":\"WebPage\",\"@id\":\"https:\/\/dev.explora.cl\/lagos\/postulaciones-abiertas-congreso-regional-explora-de-investigacion-e-innovacion-escolar-los-lagos-los-rios-y-aysen\/\",\"url\":\"https:\/\/dev.explora.cl\/lagos\/postulaciones-abiertas-congreso-regional-explora-de-investigacion-e-innovacion-escolar-los-lagos-los-rios-y-aysen\/\",\"name\":\"Postulaciones Abiertas: Congreso Regional Explora de Investigaci\u00f3n e Innovaci\u00f3n Escolar Los Lagos, Los R\u00edos y Ays\u00e9n - Los Lagos\",\"isPartOf\":{\"@id\":\"https:\/\/dev.explora.cl\/lagos\/#website\"},\"primaryImageOfPage\":{\"@id\":\"https:\/\/dev.explora.cl\/lagos\/postulaciones-abiertas-congreso-regional-explora-de-investigacion-e-innovacion-escolar-los-lagos-los-rios-y-aysen\/#primaryimage\"},\"image\":{\"@id\":\"https:\/\/dev.explora.cl\/lagos\/postulaciones-abiertas-congreso-regional-explora-de-investigacion-e-innovacion-escolar-los-lagos-los-rios-y-aysen\/#primaryimage\"},\"thumbnailUrl\":\"https:\/\/dev.explora.cl\/lagos\/wp-content\/uploads\/sites\/17\/2021\/08\/congreso_pagina_explora_b-1.png\",\"datePublished\":\"2021-08-06T14:46:24+00:00\",\"dateModified\":\"2021-10-04T22:52:24+00:00\",\"author\":{\"@id\":\"https:\/\/dev.explora.cl\/lagos\/#\/schema\/person\/6608d3ee9ea0b0daeaf12289528fc582\"},\"breadcrumb\":{\"@id\":\"https:\/\/dev.explora.cl\/lagos\/postulaciones-abiertas-congreso-regional-explora-de-investigacion-e-innovacion-escolar-los-lagos-los-rios-y-aysen\/#breadcrumb\"},\"inLanguage\":\"es\",\"potentialAction\":[{\"@type\":\"ReadAction\",\"target\":[\"https:\/\/dev.explora.cl\/lagos\/postulaciones-abiertas-congreso-regional-explora-de-investigacion-e-innovacion-escolar-los-lagos-los-rios-y-aysen\/\"]}]},{\"@type\":\"ImageObject\",\"inLanguage\":\"es\",\"@id\":\"https:\/\/dev.explora.cl\/lagos\/postulaciones-abiertas-congreso-regional-explora-de-investigacion-e-innovacion-escolar-los-lagos-los-rios-y-aysen\/#primaryimage\",\"url\":\"https:\/\/dev.explora.cl\/lagos\/wp-content\/uploads\/sites\/17\/2021\/08\/congreso_pagina_explora_b-1.png\",\"contentUrl\":\"https:\/\/dev.explora.cl\/lagos\/wp-content\/uploads\/sites\/17\/2021\/08\/congreso_pagina_explora_b-1.png\",\"width\":736,\"height\":420},{\"@type\":\"BreadcrumbList\",\"@id\":\"https:\/\/dev.explora.cl\/lagos\/postulaciones-abiertas-congreso-regional-explora-de-investigacion-e-innovacion-escolar-los-lagos-los-rios-y-aysen\/#breadcrumb\",\"itemListElement\":[{\"@type\":\"ListItem\",\"position\":1,\"name\":\"Portada\",\"item\":\"https:\/\/dev.explora.cl\/lagos\/\"},{\"@type\":\"ListItem\",\"position\":2,\"name\":\"Postulaciones Abiertas: Congreso Regional Explora de Investigaci\u00f3n e Innovaci\u00f3n Escolar Los Lagos, Los R\u00edos y Ays\u00e9n\"}]},{\"@type\":\"WebSite\",\"@id\":\"https:\/\/dev.explora.cl\/lagos\/#website\",\"url\":\"https:\/\/dev.explora.cl\/lagos\/\",\"name\":\"Los Lagos\",\"description\":\"Otro sitio m\u00e1s de dev.explora.cl\",\"potentialAction\":[{\"@type\":\"SearchAction\",\"target\":{\"@type\":\"EntryPoint\",\"urlTemplate\":\"https:\/\/dev.explora.cl\/lagos\/?s={search_term_string}\"},\"query-input\":{\"@type\":\"PropertyValueSpecification\",\"valueRequired\":true,\"valueName\":\"search_term_string\"}}],\"inLanguage\":\"es\"},{\"@type\":\"Person\",\"@id\":\"https:\/\/dev.explora.cl\/lagos\/#\/schema\/person\/6608d3ee9ea0b0daeaf12289528fc582\",\"name\":\"jvargas\",\"image\":{\"@type\":\"ImageObject\",\"inLanguage\":\"es\",\"@id\":\"https:\/\/dev.explora.cl\/lagos\/#\/schema\/person\/image\/\",\"url\":\"https:\/\/secure.gravatar.com\/avatar\/8a6892fbfb002ef173a244b534b4bbcea4c183fc3fbf7732e64ac89b1d22d482?s=96&d=mm&r=g\",\"contentUrl\":\"https:\/\/secure.gravatar.com\/avatar\/8a6892fbfb002ef173a244b534b4bbcea4c183fc3fbf7732e64ac89b1d22d482?s=96&d=mm&r=g\",\"caption\":\"jvargas\"},\"url\":\"https:\/\/dev.explora.cl\/lagos\/author\/jvargas\/\"}]}<\/script>\n<!-- \/ Yoast SEO plugin. -->","yoast_head_json":{"title":"Postulaciones Abiertas: Congreso Regional Explora de Investigaci\u00f3n e Innovaci\u00f3n Escolar Los Lagos, Los R\u00edos y Ays\u00e9n - Los Lagos","robots":{"index":"index","follow":"follow","max-snippet":"max-snippet:-1","max-image-preview":"max-image-preview:large","max-video-preview":"max-video-preview:-1"},"canonical":"https:\/\/dev.explora.cl\/lagos\/postulaciones-abiertas-congreso-regional-explora-de-investigacion-e-innovacion-escolar-los-lagos-los-rios-y-aysen\/","og_locale":"es_ES","og_type":"article","og_title":"Postulaciones Abiertas: Congreso Regional Explora de Investigaci\u00f3n e Innovaci\u00f3n Escolar Los Lagos, Los R\u00edos y Ays\u00e9n - Los Lagos","og_description":"La fecha de recepci\u00f3n de postulaciones es hasta el 1 de octubre de 2021.","og_url":"https:\/\/dev.explora.cl\/lagos\/postulaciones-abiertas-congreso-regional-explora-de-investigacion-e-innovacion-escolar-los-lagos-los-rios-y-aysen\/","og_site_name":"Los Lagos","article_published_time":"2021-08-06T14:46:24+00:00","article_modified_time":"2021-10-04T22:52:24+00:00","og_image":[{"width":736,"height":420,"url":"https:\/\/dev.explora.cl\/lagos\/wp-content\/uploads\/sites\/17\/2021\/08\/congreso_pagina_explora_b-1.png","type":"image\/png"}],"author":"jvargas","twitter_card":"summary_large_image","twitter_misc":{"Escrito por":"jvargas","Tiempo de lectura":"2 minutos"},"schema":{"@context":"https:\/\/schema.org","@graph":[{"@type":"Article","@id":"https:\/\/dev.explora.cl\/lagos\/postulaciones-abiertas-congreso-regional-explora-de-investigacion-e-innovacion-escolar-los-lagos-los-rios-y-aysen\/#article","isPartOf":{"@id":"https:\/\/dev.explora.cl\/lagos\/postulaciones-abiertas-congreso-regional-explora-de-investigacion-e-innovacion-escolar-los-lagos-los-rios-y-aysen\/"},"author":{"name":"jvargas","@id":"https:\/\/dev.explora.cl\/lagos\/#\/schema\/person\/6608d3ee9ea0b0daeaf12289528fc582"},"headline":"Postulaciones Abiertas: Congreso Regional Explora de Investigaci\u00f3n e Innovaci\u00f3n Escolar Los Lagos, Los R\u00edos y Ays\u00e9n","datePublished":"2021-08-06T14:46:24+00:00","dateModified":"2021-10-04T22:52:24+00:00","mainEntityOfPage":{"@id":"https:\/\/dev.explora.cl\/lagos\/postulaciones-abiertas-congreso-regional-explora-de-investigacion-e-innovacion-escolar-los-lagos-los-rios-y-aysen\/"},"wordCount":488,"commentCount":0,"image":{"@id":"https:\/\/dev.explora.cl\/lagos\/postulaciones-abiertas-congreso-regional-explora-de-investigacion-e-innovacion-escolar-los-lagos-los-rios-y-aysen\/#primaryimage"},"thumbnailUrl":"https:\/\/dev.explora.cl\/lagos\/wp-content\/uploads\/sites\/17\/2021\/08\/congreso_pagina_explora_b-1.png","keywords":["ciencia","Congreso Regional Escolar","Los Lagos","tecnolog\u00eda"],"articleSection":["Banner","Lugar 4"],"inLanguage":"es","potentialAction":[{"@type":"CommentAction","name":"Comment","target":["https:\/\/dev.explora.cl\/lagos\/postulaciones-abiertas-congreso-regional-explora-de-investigacion-e-innovacion-escolar-los-lagos-los-rios-y-aysen\/#respond"]}]},{"@type":"WebPage","@id":"https:\/\/dev.explora.cl\/lagos\/postulaciones-abiertas-congreso-regional-explora-de-investigacion-e-innovacion-escolar-los-lagos-los-rios-y-aysen\/","url":"https:\/\/dev.explora.cl\/lagos\/postulaciones-abiertas-congreso-regional-explora-de-investigacion-e-innovacion-escolar-los-lagos-los-rios-y-aysen\/","name":"Postulaciones Abiertas: Congreso Regional Explora de Investigaci\u00f3n e Innovaci\u00f3n Escolar Los Lagos, Los R\u00edos y Ays\u00e9n - Los Lagos","isPartOf":{"@id":"https:\/\/dev.explora.cl\/lagos\/#website"},"primaryImageOfPage":{"@id":"https:\/\/dev.explora.cl\/lagos\/postulaciones-abiertas-congreso-regional-explora-de-investigacion-e-innovacion-escolar-los-lagos-los-rios-y-aysen\/#primaryimage"},"image":{"@id":"https:\/\/dev.explora.cl\/lagos\/postulaciones-abiertas-congreso-regional-explora-de-investigacion-e-innovacion-escolar-los-lagos-los-rios-y-aysen\/#primaryimage"},"thumbnailUrl":"https:\/\/dev.explora.cl\/lagos\/wp-content\/uploads\/sites\/17\/2021\/08\/congreso_pagina_explora_b-1.png","datePublished":"2021-08-06T14:46:24+00:00","dateModified":"2021-10-04T22:52:24+00:00","author":{"@id":"https:\/\/dev.explora.cl\/lagos\/#\/schema\/person\/6608d3ee9ea0b0daeaf12289528fc582"},"breadcrumb":{"@id":"https:\/\/dev.explora.cl\/lagos\/postulaciones-abiertas-congreso-regional-explora-de-investigacion-e-innovacion-escolar-los-lagos-los-rios-y-aysen\/#breadcrumb"},"inLanguage":"es","potentialAction":[{"@type":"ReadAction","target":["https:\/\/dev.explora.cl\/lagos\/postulaciones-abiertas-congreso-regional-explora-de-investigacion-e-innovacion-escolar-los-lagos-los-rios-y-aysen\/"]}]},{"@type":"ImageObject","inLanguage":"es","@id":"https:\/\/dev.explora.cl\/lagos\/postulaciones-abiertas-congreso-regional-explora-de-investigacion-e-innovacion-escolar-los-lagos-los-rios-y-aysen\/#primaryimage","url":"https:\/\/dev.explora.cl\/lagos\/wp-content\/uploads\/sites\/17\/2021\/08\/congreso_pagina_explora_b-1.png","contentUrl":"https:\/\/dev.explora.cl\/lagos\/wp-content\/uploads\/sites\/17\/2021\/08\/congreso_pagina_explora_b-1.png","width":736,"height":420},{"@type":"BreadcrumbList","@id":"https:\/\/dev.explora.cl\/lagos\/postulaciones-abiertas-congreso-regional-explora-de-investigacion-e-innovacion-escolar-los-lagos-los-rios-y-aysen\/#breadcrumb","itemListElement":[{"@type":"ListItem","position":1,"name":"Portada","item":"https:\/\/dev.explora.cl\/lagos\/"},{"@type":"ListItem","position":2,"name":"Postulaciones Abiertas: Congreso Regional Explora de Investigaci\u00f3n e Innovaci\u00f3n Escolar Los Lagos, Los R\u00edos y Ays\u00e9n"}]},{"@type":"WebSite","@id":"https:\/\/dev.explora.cl\/lagos\/#website","url":"https:\/\/dev.explora.cl\/lagos\/","name":"Los Lagos","description":"Otro sitio m\u00e1s de dev.explora.cl","potentialAction":[{"@type":"SearchAction","target":{"@type":"EntryPoint","urlTemplate":"https:\/\/dev.explora.cl\/lagos\/?s={search_term_string}"},"query-input":{"@type":"PropertyValueSpecification","valueRequired":true,"valueName":"search_term_string"}}],"inLanguage":"es"},{"@type":"Person","@id":"https:\/\/dev.explora.cl\/lagos\/#\/schema\/person\/6608d3ee9ea0b0daeaf12289528fc582","name":"jvargas","image":{"@type":"ImageObject","inLanguage":"es","@id":"https:\/\/dev.explora.cl\/lagos\/#\/schema\/person\/image\/","url":"https:\/\/secure.gravatar.com\/avatar\/8a6892fbfb002ef173a244b534b4bbcea4c183fc3fbf7732e64ac89b1d22d482?s=96&d=mm&r=g","contentUrl":"https:\/\/secure.gravatar.com\/avatar\/8a6892fbfb002ef173a244b534b4bbcea4c183fc3fbf7732e64ac89b1d22d482?s=96&d=mm&r=g","caption":"jvargas"},"url":"https:\/\/dev.explora.cl\/lagos\/author\/jvargas\/"}]}},"_links":{"self":[{"href":"https:\/\/dev.explora.cl\/lagos\/wp-json\/wp\/v2\/posts\/40094","targetHints":{"allow":["GET"]}}],"collection":[{"href":"https:\/\/dev.explora.cl\/lagos\/wp-json\/wp\/v2\/posts"}],"about":[{"href":"https:\/\/dev.explora.cl\/lagos\/wp-json\/wp\/v2\/types\/post"}],"author":[{"embeddable":true,"href":"https:\/\/dev.explora.cl\/lagos\/wp-json\/wp\/v2\/users\/36"}],"replies":[{"embeddable":true,"href":"https:\/\/dev.explora.cl\/lagos\/wp-json\/wp\/v2\/comments?post=40094"}],"version-history":[{"count":8,"href":"https:\/\/dev.explora.cl\/lagos\/wp-json\/wp\/v2\/posts\/40094\/revisions"}],"predecessor-version":[{"id":40247,"href":"https:\/\/dev.explora.cl\/lagos\/wp-json\/wp\/v2\/posts\/40094\/revisions\/40247"}],"wp:featuredmedia":[{"embeddable":true,"href":"https:\/\/dev.explora.cl\/lagos\/wp-json\/wp\/v2\/media\/40246"}],"wp:attachment":[{"href":"https:\/\/dev.explora.cl\/lagos\/wp-json\/wp\/v2\/media?parent=40094"}],"wp:term":[{"taxonomy":"category","embeddable":true,"href":"https:\/\/dev.explora.cl\/lagos\/wp-json\/wp\/v2\/categories?post=40094"},{"taxonomy":"post_tag","embeddable":true,"href":"https:\/\/dev.explora.cl\/lagos\/wp-json\/wp\/v2\/tags?post=40094"}],"curies":[{"name":"wp","href":"https:\/\/api.w.org\/{rel}","templated":true}]}}