{"id":39996,"date":"2021-07-05T22:22:02","date_gmt":"2021-07-06T02:22:02","guid":{"rendered":"https:\/\/dev.explora.cl\/lagos\/?p=39996"},"modified":"2021-08-13T17:40:28","modified_gmt":"2021-08-13T21:40:28","slug":"inscripciones-abiertas-a-cafe-cientifico-sobre-biodiversidad-en-camino-a-la-constitucion","status":"publish","type":"post","link":"https:\/\/dev.explora.cl\/lagos\/inscripciones-abiertas-a-cafe-cientifico-sobre-biodiversidad-en-camino-a-la-constitucion\/","title":{"rendered":"Inscripciones abiertas a Caf\u00e9 Cient\u00edfico sobre Biodiversidad: en camino a la Constituci\u00f3n"},"content":{"rendered":"<p>\u00bfCu\u00e1nto se conoce sobre la biodiversidad y porqu\u00e9 debemos protegerla?, ser\u00e1 una de las preguntas que ser\u00e1n parte del di\u00e1logo durante el pr\u00f3ximo caf\u00e9 cient\u00edfico que se realizar\u00e1 este<strong> jueves 8 de julio a las 18:00 horas<\/strong>.<\/p>\n<p>La instancia, es parte del Programa Ciencia Abierta, y es organizada por el Proyecto Explora Los Lagos del Ministerio de Ciencia, Tecnolog\u00eda, Conocimiento e Innovaci\u00f3n en conjunto con la Unidad de Extensi\u00f3n Cient\u00edfica de la Universidad Austral de Chile Sede Puerto Montt, Amigos de los Parques y el apoyo del Canal Regional V\u00e9rtice TV.<\/p>\n<p>En esta oportunidad, el<strong> Dr. Javier Simonetti Zambelli<\/strong>, Presidente de la Asociaci\u00f3n Kauyeken y Profesor Titular de la Facultad de Ciencias de la Universidad de Chile, presentar\u00e1 la Charla \u201cBiodiversidad: en camino a la Constituci\u00f3n\u201d que ser\u00e1 moderada por Mar\u00eda Jos\u00e9 Hess Paz, Directora de Comunicaciones y Proyecto de Amigos de los Parques.<\/p>\n<p>Simonetti, explic\u00f3 que, \u201cen la charla se explorar\u00e1 la biodiversidad, cu\u00e1nto conocemos de ella y c\u00f3mo sus amenazas son amenazas para la vida en el planeta. Y durante el caf\u00e9 conversar\u00e9 con Mar\u00eda Jos\u00e9 Hess acerca de c\u00f3mo se involucran las personas en la protecci\u00f3n del patrimonio natural y por qu\u00e9 es relevante el involucramiento activo de las comunidades, adem\u00e1s de diferentes modelos de protecci\u00f3n que existen en el mundo para considerar en el marco del debate constituyente\u201d.<\/p>\n<p>El Caf\u00e9 Cient\u00edfico #Entucasa es un espacio de reuni\u00f3n entre la comunidad general e investigadores\/as y divulgadores\/as de Ciencia y Tecnolog\u00eda provenientes de diversas instituciones de Chile e incluso el extranjero que se realiza mensualmente. La invitaci\u00f3n se extiende a todas las personas que tengan alg\u00fan inter\u00e9s en la ciencia (pero que no necesariamente posean una base cient\u00edfica), para que tengan la oportunidad de conocer e interactuar con cient\u00edficos\/as destacados en distintas \u00e1reas de la ciencia.<\/p>\n<p>Todos los Caf\u00e9s Cient\u00edficos realizados durante el 2020 y 2021 est\u00e1n disponibles en el canal de YouTube PAR Explora Los Lagos, donde adem\u00e1s se incorpor\u00f3 la interpretaci\u00f3n de Lengua de Se\u00f1as Chilena para promover la inclusividad y diversidad en la formaci\u00f3n de una cultura cient\u00edfica.<\/p>\n<p><strong>Rese\u00f1a expositor y moderadora:<\/strong><\/p>\n<p>El Dr. Javier Andr\u00e9s Simonetti Zambelli fue incorporado a la Academia Chilena de Ciencias, una instituci\u00f3n que re\u00fane a los cient\u00edficos m\u00e1s connotados de Chile. \u00c9l ha dedicado treinta a\u00f1os de su trabajo cient\u00edfico para hacer ecolog\u00eda e insertar dicho conocimiento en beneficio de la conservaci\u00f3n de la biodiversidad como un patrimonio natural y cultural de nuestro pa\u00eds. Es bi\u00f3logo (Universidad de Chile, 1979) y Ph.D. (Universidad de Washington, 1986).<\/p>\n<p>Se interesa en la conservaci\u00f3n de la diversidad biol\u00f3gica en Latinoam\u00e9rica, y busca proveer las bases cient\u00edficas y culturales para apoyar el desarrollo de pol\u00edticas y la toma de decisiones sobre conservaci\u00f3n de la biodiversidad. Ha integrado el Comit\u00e9 Directivo de la Society for Conservation Biology, presidido la Red Latinoamericana de Bot\u00e1nica e integrado el Consejo Consultivo de la Ley de Bosque Nativo. Por su importante trabajo ha sido distinguido por la Society for Conservation Biology y la Sociedad de Ecolog\u00eda de Chile.<\/p>\n<p>Mar\u00eda Jos\u00e9 Hess Paz, inspirada por el poder de transformaci\u00f3n de las comunidades, se ha dedicado a potenciar cambios para un mundo m\u00e1s justo y arm\u00f3nico entre las personas y con la naturaleza desde la sociedad civil. Es periodista de la Universidad Cat\u00f3lica de Chile y M\u00e1ster en Estudios de Desarrollos de la Universidad de Sydney, Australia. Anteriormente, trabaj\u00f3 como directora de Comunicaciones de Am\u00e9rica Solidaria Internacional y actualmente se desempe\u00f1a como Directora de Comunicaciones y Proyectos de Amigos de los Parques.<\/p>\n","protected":false},"excerpt":{"rendered":"<p>La actividad abierta y gratuita se realizar\u00e1 a trav\u00e9s de Zoom y para participar las personas deben inscribirse en el banner superior de esta p\u00e1gina. <\/p>\n","protected":false},"author":36,"featured_media":39997,"comment_status":"open","ping_status":"open","sticky":false,"template":"","format":"standard","meta":{"_acf_changed":false,"_exactmetrics_skip_tracking":false,"_exactmetrics_sitenote_active":false,"_exactmetrics_sitenote_note":"","_exactmetrics_sitenote_category":0,"footnotes":"","_links_to":"","_links_to_target":""},"categories":[4,1],"tags":[81,365,107,389,182,76],"class_list":["post-39996","post","type-post","status-publish","format-standard","has-post-thumbnail","hentry","category-noticias","category-sin-categoria","tag-biodiversidad","tag-cafe-cientifico","tag-ciencia","tag-constitucion","tag-los-lagos","tag-tecnologia"],"acf":[],"yoast_head":"<!-- This site is optimized with the Yoast SEO plugin v26.7 - https:\/\/yoast.com\/wordpress\/plugins\/seo\/ -->\n<title>Inscripciones abiertas a Caf\u00e9 Cient\u00edfico sobre Biodiversidad: en camino a la Constituci\u00f3n - Los Lagos<\/title>\n<meta name=\"robots\" content=\"index, follow, max-snippet:-1, max-image-preview:large, max-video-preview:-1\" \/>\n<link rel=\"canonical\" href=\"https:\/\/dev.explora.cl\/lagos\/inscripciones-abiertas-a-cafe-cientifico-sobre-biodiversidad-en-camino-a-la-constitucion\/\" class=\"yoast-seo-meta-tag\" \/>\n<meta property=\"og:locale\" content=\"es_ES\" class=\"yoast-seo-meta-tag\" \/>\n<meta property=\"og:type\" content=\"article\" class=\"yoast-seo-meta-tag\" \/>\n<meta property=\"og:title\" content=\"Inscripciones abiertas a Caf\u00e9 Cient\u00edfico sobre Biodiversidad: en camino a la Constituci\u00f3n - Los Lagos\" class=\"yoast-seo-meta-tag\" \/>\n<meta property=\"og:description\" content=\"La actividad abierta y gratuita se realizar\u00e1 a trav\u00e9s de Zoom y para participar las personas deben inscribirse en el banner superior de esta p\u00e1gina.\" class=\"yoast-seo-meta-tag\" \/>\n<meta property=\"og:url\" content=\"https:\/\/dev.explora.cl\/lagos\/inscripciones-abiertas-a-cafe-cientifico-sobre-biodiversidad-en-camino-a-la-constitucion\/\" class=\"yoast-seo-meta-tag\" \/>\n<meta property=\"og:site_name\" content=\"Los Lagos\" class=\"yoast-seo-meta-tag\" \/>\n<meta property=\"article:published_time\" content=\"2021-07-06T02:22:02+00:00\" class=\"yoast-seo-meta-tag\" \/>\n<meta property=\"article:modified_time\" content=\"2021-08-13T21:40:28+00:00\" class=\"yoast-seo-meta-tag\" \/>\n<meta property=\"og:image\" content=\"https:\/\/dev.explora.cl\/lagos\/wp-content\/uploads\/sites\/17\/2021\/07\/Expositor.jpg\" class=\"yoast-seo-meta-tag\" \/>\n\t<meta property=\"og:image:width\" content=\"960\" class=\"yoast-seo-meta-tag\" \/>\n\t<meta property=\"og:image:height\" content=\"640\" class=\"yoast-seo-meta-tag\" \/>\n\t<meta property=\"og:image:type\" content=\"image\/jpeg\" class=\"yoast-seo-meta-tag\" \/>\n<meta name=\"author\" content=\"jvargas\" class=\"yoast-seo-meta-tag\" \/>\n<meta name=\"twitter:card\" content=\"summary_large_image\" class=\"yoast-seo-meta-tag\" \/>\n<meta name=\"twitter:label1\" content=\"Escrito por\" class=\"yoast-seo-meta-tag\" \/>\n\t<meta name=\"twitter:data1\" content=\"jvargas\" class=\"yoast-seo-meta-tag\" \/>\n\t<meta name=\"twitter:label2\" content=\"Tiempo de lectura\" class=\"yoast-seo-meta-tag\" \/>\n\t<meta name=\"twitter:data2\" content=\"3 minutos\" class=\"yoast-seo-meta-tag\" \/>\n<script type=\"application\/ld+json\" class=\"yoast-schema-graph\">{\"@context\":\"https:\/\/schema.org\",\"@graph\":[{\"@type\":\"Article\",\"@id\":\"https:\/\/dev.explora.cl\/lagos\/inscripciones-abiertas-a-cafe-cientifico-sobre-biodiversidad-en-camino-a-la-constitucion\/#article\",\"isPartOf\":{\"@id\":\"https:\/\/dev.explora.cl\/lagos\/inscripciones-abiertas-a-cafe-cientifico-sobre-biodiversidad-en-camino-a-la-constitucion\/\"},\"author\":{\"name\":\"jvargas\",\"@id\":\"https:\/\/dev.explora.cl\/lagos\/#\/schema\/person\/6608d3ee9ea0b0daeaf12289528fc582\"},\"headline\":\"Inscripciones abiertas a Caf\u00e9 Cient\u00edfico sobre Biodiversidad: en camino a la Constituci\u00f3n\",\"datePublished\":\"2021-07-06T02:22:02+00:00\",\"dateModified\":\"2021-08-13T21:40:28+00:00\",\"mainEntityOfPage\":{\"@id\":\"https:\/\/dev.explora.cl\/lagos\/inscripciones-abiertas-a-cafe-cientifico-sobre-biodiversidad-en-camino-a-la-constitucion\/\"},\"wordCount\":658,\"commentCount\":0,\"image\":{\"@id\":\"https:\/\/dev.explora.cl\/lagos\/inscripciones-abiertas-a-cafe-cientifico-sobre-biodiversidad-en-camino-a-la-constitucion\/#primaryimage\"},\"thumbnailUrl\":\"https:\/\/dev.explora.cl\/lagos\/wp-content\/uploads\/sites\/17\/2021\/07\/Expositor.jpg\",\"keywords\":[\"biodiversidad\",\"Caf\u00e9 Cient\u00edfico\",\"ciencia\",\"Constituci\u00f3n\",\"Los Lagos\",\"tecnolog\u00eda\"],\"articleSection\":[\"Noticias\"],\"inLanguage\":\"es\",\"potentialAction\":[{\"@type\":\"CommentAction\",\"name\":\"Comment\",\"target\":[\"https:\/\/dev.explora.cl\/lagos\/inscripciones-abiertas-a-cafe-cientifico-sobre-biodiversidad-en-camino-a-la-constitucion\/#respond\"]}]},{\"@type\":\"WebPage\",\"@id\":\"https:\/\/dev.explora.cl\/lagos\/inscripciones-abiertas-a-cafe-cientifico-sobre-biodiversidad-en-camino-a-la-constitucion\/\",\"url\":\"https:\/\/dev.explora.cl\/lagos\/inscripciones-abiertas-a-cafe-cientifico-sobre-biodiversidad-en-camino-a-la-constitucion\/\",\"name\":\"Inscripciones abiertas a Caf\u00e9 Cient\u00edfico sobre Biodiversidad: en camino a la Constituci\u00f3n - Los Lagos\",\"isPartOf\":{\"@id\":\"https:\/\/dev.explora.cl\/lagos\/#website\"},\"primaryImageOfPage\":{\"@id\":\"https:\/\/dev.explora.cl\/lagos\/inscripciones-abiertas-a-cafe-cientifico-sobre-biodiversidad-en-camino-a-la-constitucion\/#primaryimage\"},\"image\":{\"@id\":\"https:\/\/dev.explora.cl\/lagos\/inscripciones-abiertas-a-cafe-cientifico-sobre-biodiversidad-en-camino-a-la-constitucion\/#primaryimage\"},\"thumbnailUrl\":\"https:\/\/dev.explora.cl\/lagos\/wp-content\/uploads\/sites\/17\/2021\/07\/Expositor.jpg\",\"datePublished\":\"2021-07-06T02:22:02+00:00\",\"dateModified\":\"2021-08-13T21:40:28+00:00\",\"author\":{\"@id\":\"https:\/\/dev.explora.cl\/lagos\/#\/schema\/person\/6608d3ee9ea0b0daeaf12289528fc582\"},\"breadcrumb\":{\"@id\":\"https:\/\/dev.explora.cl\/lagos\/inscripciones-abiertas-a-cafe-cientifico-sobre-biodiversidad-en-camino-a-la-constitucion\/#breadcrumb\"},\"inLanguage\":\"es\",\"potentialAction\":[{\"@type\":\"ReadAction\",\"target\":[\"https:\/\/dev.explora.cl\/lagos\/inscripciones-abiertas-a-cafe-cientifico-sobre-biodiversidad-en-camino-a-la-constitucion\/\"]}]},{\"@type\":\"ImageObject\",\"inLanguage\":\"es\",\"@id\":\"https:\/\/dev.explora.cl\/lagos\/inscripciones-abiertas-a-cafe-cientifico-sobre-biodiversidad-en-camino-a-la-constitucion\/#primaryimage\",\"url\":\"https:\/\/dev.explora.cl\/lagos\/wp-content\/uploads\/sites\/17\/2021\/07\/Expositor.jpg\",\"contentUrl\":\"https:\/\/dev.explora.cl\/lagos\/wp-content\/uploads\/sites\/17\/2021\/07\/Expositor.jpg\",\"width\":960,\"height\":640},{\"@type\":\"BreadcrumbList\",\"@id\":\"https:\/\/dev.explora.cl\/lagos\/inscripciones-abiertas-a-cafe-cientifico-sobre-biodiversidad-en-camino-a-la-constitucion\/#breadcrumb\",\"itemListElement\":[{\"@type\":\"ListItem\",\"position\":1,\"name\":\"Portada\",\"item\":\"https:\/\/dev.explora.cl\/lagos\/\"},{\"@type\":\"ListItem\",\"position\":2,\"name\":\"Inscripciones abiertas a Caf\u00e9 Cient\u00edfico sobre Biodiversidad: en camino a la Constituci\u00f3n\"}]},{\"@type\":\"WebSite\",\"@id\":\"https:\/\/dev.explora.cl\/lagos\/#website\",\"url\":\"https:\/\/dev.explora.cl\/lagos\/\",\"name\":\"Los Lagos\",\"description\":\"Otro sitio m\u00e1s de dev.explora.cl\",\"potentialAction\":[{\"@type\":\"SearchAction\",\"target\":{\"@type\":\"EntryPoint\",\"urlTemplate\":\"https:\/\/dev.explora.cl\/lagos\/?s={search_term_string}\"},\"query-input\":{\"@type\":\"PropertyValueSpecification\",\"valueRequired\":true,\"valueName\":\"search_term_string\"}}],\"inLanguage\":\"es\"},{\"@type\":\"Person\",\"@id\":\"https:\/\/dev.explora.cl\/lagos\/#\/schema\/person\/6608d3ee9ea0b0daeaf12289528fc582\",\"name\":\"jvargas\",\"image\":{\"@type\":\"ImageObject\",\"inLanguage\":\"es\",\"@id\":\"https:\/\/dev.explora.cl\/lagos\/#\/schema\/person\/image\/\",\"url\":\"https:\/\/secure.gravatar.com\/avatar\/8a6892fbfb002ef173a244b534b4bbcea4c183fc3fbf7732e64ac89b1d22d482?s=96&d=mm&r=g\",\"contentUrl\":\"https:\/\/secure.gravatar.com\/avatar\/8a6892fbfb002ef173a244b534b4bbcea4c183fc3fbf7732e64ac89b1d22d482?s=96&d=mm&r=g\",\"caption\":\"jvargas\"},\"url\":\"https:\/\/dev.explora.cl\/lagos\/author\/jvargas\/\"}]}<\/script>\n<!-- \/ Yoast SEO plugin. -->","yoast_head_json":{"title":"Inscripciones abiertas a Caf\u00e9 Cient\u00edfico sobre Biodiversidad: en camino a la Constituci\u00f3n - Los Lagos","robots":{"index":"index","follow":"follow","max-snippet":"max-snippet:-1","max-image-preview":"max-image-preview:large","max-video-preview":"max-video-preview:-1"},"canonical":"https:\/\/dev.explora.cl\/lagos\/inscripciones-abiertas-a-cafe-cientifico-sobre-biodiversidad-en-camino-a-la-constitucion\/","og_locale":"es_ES","og_type":"article","og_title":"Inscripciones abiertas a Caf\u00e9 Cient\u00edfico sobre Biodiversidad: en camino a la Constituci\u00f3n - Los Lagos","og_description":"La actividad abierta y gratuita se realizar\u00e1 a trav\u00e9s de Zoom y para participar las personas deben inscribirse en el banner superior de esta p\u00e1gina.","og_url":"https:\/\/dev.explora.cl\/lagos\/inscripciones-abiertas-a-cafe-cientifico-sobre-biodiversidad-en-camino-a-la-constitucion\/","og_site_name":"Los Lagos","article_published_time":"2021-07-06T02:22:02+00:00","article_modified_time":"2021-08-13T21:40:28+00:00","og_image":[{"width":960,"height":640,"url":"https:\/\/dev.explora.cl\/lagos\/wp-content\/uploads\/sites\/17\/2021\/07\/Expositor.jpg","type":"image\/jpeg"}],"author":"jvargas","twitter_card":"summary_large_image","twitter_misc":{"Escrito por":"jvargas","Tiempo de lectura":"3 minutos"},"schema":{"@context":"https:\/\/schema.org","@graph":[{"@type":"Article","@id":"https:\/\/dev.explora.cl\/lagos\/inscripciones-abiertas-a-cafe-cientifico-sobre-biodiversidad-en-camino-a-la-constitucion\/#article","isPartOf":{"@id":"https:\/\/dev.explora.cl\/lagos\/inscripciones-abiertas-a-cafe-cientifico-sobre-biodiversidad-en-camino-a-la-constitucion\/"},"author":{"name":"jvargas","@id":"https:\/\/dev.explora.cl\/lagos\/#\/schema\/person\/6608d3ee9ea0b0daeaf12289528fc582"},"headline":"Inscripciones abiertas a Caf\u00e9 Cient\u00edfico sobre Biodiversidad: en camino a la Constituci\u00f3n","datePublished":"2021-07-06T02:22:02+00:00","dateModified":"2021-08-13T21:40:28+00:00","mainEntityOfPage":{"@id":"https:\/\/dev.explora.cl\/lagos\/inscripciones-abiertas-a-cafe-cientifico-sobre-biodiversidad-en-camino-a-la-constitucion\/"},"wordCount":658,"commentCount":0,"image":{"@id":"https:\/\/dev.explora.cl\/lagos\/inscripciones-abiertas-a-cafe-cientifico-sobre-biodiversidad-en-camino-a-la-constitucion\/#primaryimage"},"thumbnailUrl":"https:\/\/dev.explora.cl\/lagos\/wp-content\/uploads\/sites\/17\/2021\/07\/Expositor.jpg","keywords":["biodiversidad","Caf\u00e9 Cient\u00edfico","ciencia","Constituci\u00f3n","Los Lagos","tecnolog\u00eda"],"articleSection":["Noticias"],"inLanguage":"es","potentialAction":[{"@type":"CommentAction","name":"Comment","target":["https:\/\/dev.explora.cl\/lagos\/inscripciones-abiertas-a-cafe-cientifico-sobre-biodiversidad-en-camino-a-la-constitucion\/#respond"]}]},{"@type":"WebPage","@id":"https:\/\/dev.explora.cl\/lagos\/inscripciones-abiertas-a-cafe-cientifico-sobre-biodiversidad-en-camino-a-la-constitucion\/","url":"https:\/\/dev.explora.cl\/lagos\/inscripciones-abiertas-a-cafe-cientifico-sobre-biodiversidad-en-camino-a-la-constitucion\/","name":"Inscripciones abiertas a Caf\u00e9 Cient\u00edfico sobre Biodiversidad: en camino a la Constituci\u00f3n - Los Lagos","isPartOf":{"@id":"https:\/\/dev.explora.cl\/lagos\/#website"},"primaryImageOfPage":{"@id":"https:\/\/dev.explora.cl\/lagos\/inscripciones-abiertas-a-cafe-cientifico-sobre-biodiversidad-en-camino-a-la-constitucion\/#primaryimage"},"image":{"@id":"https:\/\/dev.explora.cl\/lagos\/inscripciones-abiertas-a-cafe-cientifico-sobre-biodiversidad-en-camino-a-la-constitucion\/#primaryimage"},"thumbnailUrl":"https:\/\/dev.explora.cl\/lagos\/wp-content\/uploads\/sites\/17\/2021\/07\/Expositor.jpg","datePublished":"2021-07-06T02:22:02+00:00","dateModified":"2021-08-13T21:40:28+00:00","author":{"@id":"https:\/\/dev.explora.cl\/lagos\/#\/schema\/person\/6608d3ee9ea0b0daeaf12289528fc582"},"breadcrumb":{"@id":"https:\/\/dev.explora.cl\/lagos\/inscripciones-abiertas-a-cafe-cientifico-sobre-biodiversidad-en-camino-a-la-constitucion\/#breadcrumb"},"inLanguage":"es","potentialAction":[{"@type":"ReadAction","target":["https:\/\/dev.explora.cl\/lagos\/inscripciones-abiertas-a-cafe-cientifico-sobre-biodiversidad-en-camino-a-la-constitucion\/"]}]},{"@type":"ImageObject","inLanguage":"es","@id":"https:\/\/dev.explora.cl\/lagos\/inscripciones-abiertas-a-cafe-cientifico-sobre-biodiversidad-en-camino-a-la-constitucion\/#primaryimage","url":"https:\/\/dev.explora.cl\/lagos\/wp-content\/uploads\/sites\/17\/2021\/07\/Expositor.jpg","contentUrl":"https:\/\/dev.explora.cl\/lagos\/wp-content\/uploads\/sites\/17\/2021\/07\/Expositor.jpg","width":960,"height":640},{"@type":"BreadcrumbList","@id":"https:\/\/dev.explora.cl\/lagos\/inscripciones-abiertas-a-cafe-cientifico-sobre-biodiversidad-en-camino-a-la-constitucion\/#breadcrumb","itemListElement":[{"@type":"ListItem","position":1,"name":"Portada","item":"https:\/\/dev.explora.cl\/lagos\/"},{"@type":"ListItem","position":2,"name":"Inscripciones abiertas a Caf\u00e9 Cient\u00edfico sobre Biodiversidad: en camino a la Constituci\u00f3n"}]},{"@type":"WebSite","@id":"https:\/\/dev.explora.cl\/lagos\/#website","url":"https:\/\/dev.explora.cl\/lagos\/","name":"Los Lagos","description":"Otro sitio m\u00e1s de dev.explora.cl","potentialAction":[{"@type":"SearchAction","target":{"@type":"EntryPoint","urlTemplate":"https:\/\/dev.explora.cl\/lagos\/?s={search_term_string}"},"query-input":{"@type":"PropertyValueSpecification","valueRequired":true,"valueName":"search_term_string"}}],"inLanguage":"es"},{"@type":"Person","@id":"https:\/\/dev.explora.cl\/lagos\/#\/schema\/person\/6608d3ee9ea0b0daeaf12289528fc582","name":"jvargas","image":{"@type":"ImageObject","inLanguage":"es","@id":"https:\/\/dev.explora.cl\/lagos\/#\/schema\/person\/image\/","url":"https:\/\/secure.gravatar.com\/avatar\/8a6892fbfb002ef173a244b534b4bbcea4c183fc3fbf7732e64ac89b1d22d482?s=96&d=mm&r=g","contentUrl":"https:\/\/secure.gravatar.com\/avatar\/8a6892fbfb002ef173a244b534b4bbcea4c183fc3fbf7732e64ac89b1d22d482?s=96&d=mm&r=g","caption":"jvargas"},"url":"https:\/\/dev.explora.cl\/lagos\/author\/jvargas\/"}]}},"_links":{"self":[{"href":"https:\/\/dev.explora.cl\/lagos\/wp-json\/wp\/v2\/posts\/39996","targetHints":{"allow":["GET"]}}],"collection":[{"href":"https:\/\/dev.explora.cl\/lagos\/wp-json\/wp\/v2\/posts"}],"about":[{"href":"https:\/\/dev.explora.cl\/lagos\/wp-json\/wp\/v2\/types\/post"}],"author":[{"embeddable":true,"href":"https:\/\/dev.explora.cl\/lagos\/wp-json\/wp\/v2\/users\/36"}],"replies":[{"embeddable":true,"href":"https:\/\/dev.explora.cl\/lagos\/wp-json\/wp\/v2\/comments?post=39996"}],"version-history":[{"count":1,"href":"https:\/\/dev.explora.cl\/lagos\/wp-json\/wp\/v2\/posts\/39996\/revisions"}],"predecessor-version":[{"id":39998,"href":"https:\/\/dev.explora.cl\/lagos\/wp-json\/wp\/v2\/posts\/39996\/revisions\/39998"}],"wp:featuredmedia":[{"embeddable":true,"href":"https:\/\/dev.explora.cl\/lagos\/wp-json\/wp\/v2\/media\/39997"}],"wp:attachment":[{"href":"https:\/\/dev.explora.cl\/lagos\/wp-json\/wp\/v2\/media?parent=39996"}],"wp:term":[{"taxonomy":"category","embeddable":true,"href":"https:\/\/dev.explora.cl\/lagos\/wp-json\/wp\/v2\/categories?post=39996"},{"taxonomy":"post_tag","embeddable":true,"href":"https:\/\/dev.explora.cl\/lagos\/wp-json\/wp\/v2\/tags?post=39996"}],"curies":[{"name":"wp","href":"https:\/\/api.w.org\/{rel}","templated":true}]}}