{"id":39416,"date":"2020-08-01T18:43:03","date_gmt":"2020-08-01T22:43:03","guid":{"rendered":"https:\/\/dev.explora.cl\/lagos\/?p=39416"},"modified":"2020-08-24T12:54:30","modified_gmt":"2020-08-24T16:54:30","slug":"inscribete-en-el-tercer-cafe-cientifico-entucasa-sobre-virus-y-pandemias-vih-y-sars-cov-2","status":"publish","type":"post","link":"https:\/\/dev.explora.cl\/lagos\/inscribete-en-el-tercer-cafe-cientifico-entucasa-sobre-virus-y-pandemias-vih-y-sars-cov-2\/","title":{"rendered":"Inscr\u00edbete en el tercer Caf\u00e9 Cient\u00edfico #Entucasa sobre \u00abVirus y Pandemias: VIH y SARS-CoV-2\u00bb"},"content":{"rendered":"<p>El\u00a0<b>Programa PAR Explora Los Lagos del Ministerio de Ciencia, Tecnolog\u00eda, Conocimiento e Innovaci\u00f3n<\/b>\u00a0en conjunto con la\u00a0<b>Unidad de Extensi\u00f3n Cient\u00edfica de la<\/b>\u00a0<b>Universidad Austral de Chile Sede Puerto Montt,\u00a0<\/b>tiene el agrado de invitarles al tercer <b>Caf\u00e9\u00a0Cient\u00edfico #Entucasa<\/b>; reuni\u00f3n virtual\u00a0para acercar la ciencia y la tecnolog\u00eda a la comunidad, que ser\u00e1n transmitidas mensualmente a trav\u00e9s de la plataforma ZOOM.<\/p>\n<p>En esta oportunidad,\u00a0el\u00a0<b>Dr. Fernando Valiente-Echeverria,\u00a0<\/b>Profesor Asociado del Instituto de Ciencias Biom\u00e9dicas, Facultad de Medicina, Universidad de Chile, Bioqu\u00edmico y Doctor en Microbiolog\u00eda, USACH, nos presentar\u00e1\u00a0la\u00a0<b>Charla \u00ab<\/b> <b>Virus y Pandemias: VIH y SARS-CoV-2 \u00ab<\/b>,\u00a0que tratar\u00e1 sobre qu\u00e9 son los virus, c\u00f3mo infectan y qu\u00e9 tratamientos existen.<\/p>\n<p>El evento se realizar\u00e1 el<b>\u00a0jueves 20 de agosto a las 18:00 horas\u00a0<\/b>a trav\u00e9s de la plataforma ZOOM, previa inscripci\u00f3n.<\/p>\n<h1 style=\"text-align: center\"><a href=\"https:\/\/forms.gle\/DGiypcck9CmQfeUH6\"><b>INSCRIPCIONES\u00a0AQU\u00cd\u00a0<\/b><\/a><\/h1>\n<p><b>Al inscribirse, enviaremos el link de acceso a la charla a su correo electr\u00f3nico con un d\u00eda de anticipaci\u00f3n a la actividad.\u00a0<\/b><\/p>\n<p>Para realizar consultas escribir a\u00a0<b>\u00a0<\/b><a id=\"LPlnk685937\" href=\"mailto:par.loslagos.explora@gmail.com\" target=\"_blank\" rel=\"noopener noreferrer\" data-auth=\"NotApplicable\"><b>par.loslagos.explora@gmail.com<\/b><\/a><b>\u00a0<\/b><\/p>\n","protected":false},"excerpt":{"rendered":"<p>Ingresa al banner para conocer m\u00e1s informaci\u00f3n sobre la actividad e inscribirte. <\/p>\n","protected":false},"author":36,"featured_media":39417,"comment_status":"open","ping_status":"open","sticky":false,"template":"","format":"standard","meta":{"_acf_changed":false,"_exactmetrics_skip_tracking":false,"_exactmetrics_sitenote_active":false,"_exactmetrics_sitenote_note":"","_exactmetrics_sitenote_category":0,"footnotes":"","_links_to":"","_links_to_target":""},"categories":[151,1],"tags":[324,107,340,341,247,162,76,332],"class_list":["post-39416","post","type-post","status-publish","format-standard","has-post-thumbnail","hentry","category-banner","category-sin-categoria","tag-cafe-cientifico-entucasa","tag-ciencia","tag-conocimiento-e-innovacion","tag-covid-19","tag-par-explora-los-lagos","tag-region-de-los-lagos","tag-tecnologia","tag-uach-sede-puerto-montt"],"acf":[],"yoast_head":"<!-- This site is optimized with the Yoast SEO plugin v26.7 - https:\/\/yoast.com\/wordpress\/plugins\/seo\/ -->\n<title>Inscr\u00edbete en el tercer Caf\u00e9 Cient\u00edfico #Entucasa sobre &quot;Virus y Pandemias: VIH y SARS-CoV-2&quot; - Los Lagos<\/title>\n<meta name=\"robots\" content=\"index, follow, max-snippet:-1, max-image-preview:large, max-video-preview:-1\" \/>\n<link rel=\"canonical\" href=\"https:\/\/dev.explora.cl\/lagos\/inscribete-en-el-tercer-cafe-cientifico-entucasa-sobre-virus-y-pandemias-vih-y-sars-cov-2\/\" class=\"yoast-seo-meta-tag\" \/>\n<meta property=\"og:locale\" content=\"es_ES\" class=\"yoast-seo-meta-tag\" \/>\n<meta property=\"og:type\" content=\"article\" class=\"yoast-seo-meta-tag\" \/>\n<meta property=\"og:title\" content=\"Inscr\u00edbete en el tercer Caf\u00e9 Cient\u00edfico #Entucasa sobre &quot;Virus y Pandemias: VIH y SARS-CoV-2&quot; - Los Lagos\" class=\"yoast-seo-meta-tag\" \/>\n<meta property=\"og:description\" content=\"Ingresa al banner para conocer m\u00e1s informaci\u00f3n sobre la actividad e inscribirte.\" class=\"yoast-seo-meta-tag\" \/>\n<meta property=\"og:url\" content=\"https:\/\/dev.explora.cl\/lagos\/inscribete-en-el-tercer-cafe-cientifico-entucasa-sobre-virus-y-pandemias-vih-y-sars-cov-2\/\" class=\"yoast-seo-meta-tag\" \/>\n<meta property=\"og:site_name\" content=\"Los Lagos\" class=\"yoast-seo-meta-tag\" \/>\n<meta property=\"article:published_time\" content=\"2020-08-01T22:43:03+00:00\" class=\"yoast-seo-meta-tag\" \/>\n<meta property=\"article:modified_time\" content=\"2020-08-24T16:54:30+00:00\" class=\"yoast-seo-meta-tag\" \/>\n<meta property=\"og:image\" content=\"https:\/\/dev.explora.cl\/lagos\/wp-content\/uploads\/sites\/17\/2020\/08\/CAFE-CIENTIFICO-PAR-736x420.jpg\" class=\"yoast-seo-meta-tag\" \/>\n\t<meta property=\"og:image:width\" content=\"2782\" class=\"yoast-seo-meta-tag\" \/>\n\t<meta property=\"og:image:height\" content=\"1587\" class=\"yoast-seo-meta-tag\" \/>\n\t<meta property=\"og:image:type\" content=\"image\/jpeg\" class=\"yoast-seo-meta-tag\" \/>\n<meta name=\"author\" content=\"jvargas\" class=\"yoast-seo-meta-tag\" \/>\n<meta name=\"twitter:card\" content=\"summary_large_image\" class=\"yoast-seo-meta-tag\" \/>\n<meta name=\"twitter:label1\" content=\"Escrito por\" class=\"yoast-seo-meta-tag\" \/>\n\t<meta name=\"twitter:data1\" content=\"jvargas\" class=\"yoast-seo-meta-tag\" \/>\n\t<meta name=\"twitter:label2\" content=\"Tiempo de lectura\" class=\"yoast-seo-meta-tag\" \/>\n\t<meta name=\"twitter:data2\" content=\"1 minuto\" class=\"yoast-seo-meta-tag\" \/>\n<script type=\"application\/ld+json\" class=\"yoast-schema-graph\">{\"@context\":\"https:\/\/schema.org\",\"@graph\":[{\"@type\":\"Article\",\"@id\":\"https:\/\/dev.explora.cl\/lagos\/inscribete-en-el-tercer-cafe-cientifico-entucasa-sobre-virus-y-pandemias-vih-y-sars-cov-2\/#article\",\"isPartOf\":{\"@id\":\"https:\/\/dev.explora.cl\/lagos\/inscribete-en-el-tercer-cafe-cientifico-entucasa-sobre-virus-y-pandemias-vih-y-sars-cov-2\/\"},\"author\":{\"name\":\"jvargas\",\"@id\":\"https:\/\/dev.explora.cl\/lagos\/#\/schema\/person\/6608d3ee9ea0b0daeaf12289528fc582\"},\"headline\":\"Inscr\u00edbete en el tercer Caf\u00e9 Cient\u00edfico #Entucasa sobre \u00abVirus y Pandemias: VIH y SARS-CoV-2\u00bb\",\"datePublished\":\"2020-08-01T22:43:03+00:00\",\"dateModified\":\"2020-08-24T16:54:30+00:00\",\"mainEntityOfPage\":{\"@id\":\"https:\/\/dev.explora.cl\/lagos\/inscribete-en-el-tercer-cafe-cientifico-entucasa-sobre-virus-y-pandemias-vih-y-sars-cov-2\/\"},\"wordCount\":199,\"commentCount\":0,\"image\":{\"@id\":\"https:\/\/dev.explora.cl\/lagos\/inscribete-en-el-tercer-cafe-cientifico-entucasa-sobre-virus-y-pandemias-vih-y-sars-cov-2\/#primaryimage\"},\"thumbnailUrl\":\"https:\/\/dev.explora.cl\/lagos\/wp-content\/uploads\/sites\/17\/2020\/08\/CAFE-CIENTIFICO-PAR-736x420.jpg\",\"keywords\":[\"Caf\u00e9 Cient\u00edfico #Entucasa\",\"ciencia\",\"Conocimiento e Innovaci\u00f3n\",\"COVID-19\",\"PAR EXPLORA LOS LAGOS\",\"REGI\u00d3N DE LOS LAGOS\",\"tecnolog\u00eda\",\"UACh Sede Puerto Montt\"],\"articleSection\":[\"Banner\"],\"inLanguage\":\"es\",\"potentialAction\":[{\"@type\":\"CommentAction\",\"name\":\"Comment\",\"target\":[\"https:\/\/dev.explora.cl\/lagos\/inscribete-en-el-tercer-cafe-cientifico-entucasa-sobre-virus-y-pandemias-vih-y-sars-cov-2\/#respond\"]}]},{\"@type\":\"WebPage\",\"@id\":\"https:\/\/dev.explora.cl\/lagos\/inscribete-en-el-tercer-cafe-cientifico-entucasa-sobre-virus-y-pandemias-vih-y-sars-cov-2\/\",\"url\":\"https:\/\/dev.explora.cl\/lagos\/inscribete-en-el-tercer-cafe-cientifico-entucasa-sobre-virus-y-pandemias-vih-y-sars-cov-2\/\",\"name\":\"Inscr\u00edbete en el tercer Caf\u00e9 Cient\u00edfico #Entucasa sobre \\\"Virus y Pandemias: VIH y SARS-CoV-2\\\" - Los Lagos\",\"isPartOf\":{\"@id\":\"https:\/\/dev.explora.cl\/lagos\/#website\"},\"primaryImageOfPage\":{\"@id\":\"https:\/\/dev.explora.cl\/lagos\/inscribete-en-el-tercer-cafe-cientifico-entucasa-sobre-virus-y-pandemias-vih-y-sars-cov-2\/#primaryimage\"},\"image\":{\"@id\":\"https:\/\/dev.explora.cl\/lagos\/inscribete-en-el-tercer-cafe-cientifico-entucasa-sobre-virus-y-pandemias-vih-y-sars-cov-2\/#primaryimage\"},\"thumbnailUrl\":\"https:\/\/dev.explora.cl\/lagos\/wp-content\/uploads\/sites\/17\/2020\/08\/CAFE-CIENTIFICO-PAR-736x420.jpg\",\"datePublished\":\"2020-08-01T22:43:03+00:00\",\"dateModified\":\"2020-08-24T16:54:30+00:00\",\"author\":{\"@id\":\"https:\/\/dev.explora.cl\/lagos\/#\/schema\/person\/6608d3ee9ea0b0daeaf12289528fc582\"},\"breadcrumb\":{\"@id\":\"https:\/\/dev.explora.cl\/lagos\/inscribete-en-el-tercer-cafe-cientifico-entucasa-sobre-virus-y-pandemias-vih-y-sars-cov-2\/#breadcrumb\"},\"inLanguage\":\"es\",\"potentialAction\":[{\"@type\":\"ReadAction\",\"target\":[\"https:\/\/dev.explora.cl\/lagos\/inscribete-en-el-tercer-cafe-cientifico-entucasa-sobre-virus-y-pandemias-vih-y-sars-cov-2\/\"]}]},{\"@type\":\"ImageObject\",\"inLanguage\":\"es\",\"@id\":\"https:\/\/dev.explora.cl\/lagos\/inscribete-en-el-tercer-cafe-cientifico-entucasa-sobre-virus-y-pandemias-vih-y-sars-cov-2\/#primaryimage\",\"url\":\"https:\/\/dev.explora.cl\/lagos\/wp-content\/uploads\/sites\/17\/2020\/08\/CAFE-CIENTIFICO-PAR-736x420.jpg\",\"contentUrl\":\"https:\/\/dev.explora.cl\/lagos\/wp-content\/uploads\/sites\/17\/2020\/08\/CAFE-CIENTIFICO-PAR-736x420.jpg\",\"width\":2782,\"height\":1587},{\"@type\":\"BreadcrumbList\",\"@id\":\"https:\/\/dev.explora.cl\/lagos\/inscribete-en-el-tercer-cafe-cientifico-entucasa-sobre-virus-y-pandemias-vih-y-sars-cov-2\/#breadcrumb\",\"itemListElement\":[{\"@type\":\"ListItem\",\"position\":1,\"name\":\"Portada\",\"item\":\"https:\/\/dev.explora.cl\/lagos\/\"},{\"@type\":\"ListItem\",\"position\":2,\"name\":\"Inscr\u00edbete en el tercer Caf\u00e9 Cient\u00edfico #Entucasa sobre \u00abVirus y Pandemias: VIH y SARS-CoV-2\u00bb\"}]},{\"@type\":\"WebSite\",\"@id\":\"https:\/\/dev.explora.cl\/lagos\/#website\",\"url\":\"https:\/\/dev.explora.cl\/lagos\/\",\"name\":\"Los Lagos\",\"description\":\"Otro sitio m\u00e1s de dev.explora.cl\",\"potentialAction\":[{\"@type\":\"SearchAction\",\"target\":{\"@type\":\"EntryPoint\",\"urlTemplate\":\"https:\/\/dev.explora.cl\/lagos\/?s={search_term_string}\"},\"query-input\":{\"@type\":\"PropertyValueSpecification\",\"valueRequired\":true,\"valueName\":\"search_term_string\"}}],\"inLanguage\":\"es\"},{\"@type\":\"Person\",\"@id\":\"https:\/\/dev.explora.cl\/lagos\/#\/schema\/person\/6608d3ee9ea0b0daeaf12289528fc582\",\"name\":\"jvargas\",\"image\":{\"@type\":\"ImageObject\",\"inLanguage\":\"es\",\"@id\":\"https:\/\/dev.explora.cl\/lagos\/#\/schema\/person\/image\/\",\"url\":\"https:\/\/secure.gravatar.com\/avatar\/8a6892fbfb002ef173a244b534b4bbcea4c183fc3fbf7732e64ac89b1d22d482?s=96&d=mm&r=g\",\"contentUrl\":\"https:\/\/secure.gravatar.com\/avatar\/8a6892fbfb002ef173a244b534b4bbcea4c183fc3fbf7732e64ac89b1d22d482?s=96&d=mm&r=g\",\"caption\":\"jvargas\"},\"url\":\"https:\/\/dev.explora.cl\/lagos\/author\/jvargas\/\"}]}<\/script>\n<!-- \/ Yoast SEO plugin. -->","yoast_head_json":{"title":"Inscr\u00edbete en el tercer Caf\u00e9 Cient\u00edfico #Entucasa sobre \"Virus y Pandemias: VIH y SARS-CoV-2\" - Los Lagos","robots":{"index":"index","follow":"follow","max-snippet":"max-snippet:-1","max-image-preview":"max-image-preview:large","max-video-preview":"max-video-preview:-1"},"canonical":"https:\/\/dev.explora.cl\/lagos\/inscribete-en-el-tercer-cafe-cientifico-entucasa-sobre-virus-y-pandemias-vih-y-sars-cov-2\/","og_locale":"es_ES","og_type":"article","og_title":"Inscr\u00edbete en el tercer Caf\u00e9 Cient\u00edfico #Entucasa sobre \"Virus y Pandemias: VIH y SARS-CoV-2\" - Los Lagos","og_description":"Ingresa al banner para conocer m\u00e1s informaci\u00f3n sobre la actividad e inscribirte.","og_url":"https:\/\/dev.explora.cl\/lagos\/inscribete-en-el-tercer-cafe-cientifico-entucasa-sobre-virus-y-pandemias-vih-y-sars-cov-2\/","og_site_name":"Los Lagos","article_published_time":"2020-08-01T22:43:03+00:00","article_modified_time":"2020-08-24T16:54:30+00:00","og_image":[{"width":2782,"height":1587,"url":"https:\/\/dev.explora.cl\/lagos\/wp-content\/uploads\/sites\/17\/2020\/08\/CAFE-CIENTIFICO-PAR-736x420.jpg","type":"image\/jpeg"}],"author":"jvargas","twitter_card":"summary_large_image","twitter_misc":{"Escrito por":"jvargas","Tiempo de lectura":"1 minuto"},"schema":{"@context":"https:\/\/schema.org","@graph":[{"@type":"Article","@id":"https:\/\/dev.explora.cl\/lagos\/inscribete-en-el-tercer-cafe-cientifico-entucasa-sobre-virus-y-pandemias-vih-y-sars-cov-2\/#article","isPartOf":{"@id":"https:\/\/dev.explora.cl\/lagos\/inscribete-en-el-tercer-cafe-cientifico-entucasa-sobre-virus-y-pandemias-vih-y-sars-cov-2\/"},"author":{"name":"jvargas","@id":"https:\/\/dev.explora.cl\/lagos\/#\/schema\/person\/6608d3ee9ea0b0daeaf12289528fc582"},"headline":"Inscr\u00edbete en el tercer Caf\u00e9 Cient\u00edfico #Entucasa sobre \u00abVirus y Pandemias: VIH y SARS-CoV-2\u00bb","datePublished":"2020-08-01T22:43:03+00:00","dateModified":"2020-08-24T16:54:30+00:00","mainEntityOfPage":{"@id":"https:\/\/dev.explora.cl\/lagos\/inscribete-en-el-tercer-cafe-cientifico-entucasa-sobre-virus-y-pandemias-vih-y-sars-cov-2\/"},"wordCount":199,"commentCount":0,"image":{"@id":"https:\/\/dev.explora.cl\/lagos\/inscribete-en-el-tercer-cafe-cientifico-entucasa-sobre-virus-y-pandemias-vih-y-sars-cov-2\/#primaryimage"},"thumbnailUrl":"https:\/\/dev.explora.cl\/lagos\/wp-content\/uploads\/sites\/17\/2020\/08\/CAFE-CIENTIFICO-PAR-736x420.jpg","keywords":["Caf\u00e9 Cient\u00edfico #Entucasa","ciencia","Conocimiento e Innovaci\u00f3n","COVID-19","PAR EXPLORA LOS LAGOS","REGI\u00d3N DE LOS LAGOS","tecnolog\u00eda","UACh Sede Puerto Montt"],"articleSection":["Banner"],"inLanguage":"es","potentialAction":[{"@type":"CommentAction","name":"Comment","target":["https:\/\/dev.explora.cl\/lagos\/inscribete-en-el-tercer-cafe-cientifico-entucasa-sobre-virus-y-pandemias-vih-y-sars-cov-2\/#respond"]}]},{"@type":"WebPage","@id":"https:\/\/dev.explora.cl\/lagos\/inscribete-en-el-tercer-cafe-cientifico-entucasa-sobre-virus-y-pandemias-vih-y-sars-cov-2\/","url":"https:\/\/dev.explora.cl\/lagos\/inscribete-en-el-tercer-cafe-cientifico-entucasa-sobre-virus-y-pandemias-vih-y-sars-cov-2\/","name":"Inscr\u00edbete en el tercer Caf\u00e9 Cient\u00edfico #Entucasa sobre \"Virus y Pandemias: VIH y SARS-CoV-2\" - Los Lagos","isPartOf":{"@id":"https:\/\/dev.explora.cl\/lagos\/#website"},"primaryImageOfPage":{"@id":"https:\/\/dev.explora.cl\/lagos\/inscribete-en-el-tercer-cafe-cientifico-entucasa-sobre-virus-y-pandemias-vih-y-sars-cov-2\/#primaryimage"},"image":{"@id":"https:\/\/dev.explora.cl\/lagos\/inscribete-en-el-tercer-cafe-cientifico-entucasa-sobre-virus-y-pandemias-vih-y-sars-cov-2\/#primaryimage"},"thumbnailUrl":"https:\/\/dev.explora.cl\/lagos\/wp-content\/uploads\/sites\/17\/2020\/08\/CAFE-CIENTIFICO-PAR-736x420.jpg","datePublished":"2020-08-01T22:43:03+00:00","dateModified":"2020-08-24T16:54:30+00:00","author":{"@id":"https:\/\/dev.explora.cl\/lagos\/#\/schema\/person\/6608d3ee9ea0b0daeaf12289528fc582"},"breadcrumb":{"@id":"https:\/\/dev.explora.cl\/lagos\/inscribete-en-el-tercer-cafe-cientifico-entucasa-sobre-virus-y-pandemias-vih-y-sars-cov-2\/#breadcrumb"},"inLanguage":"es","potentialAction":[{"@type":"ReadAction","target":["https:\/\/dev.explora.cl\/lagos\/inscribete-en-el-tercer-cafe-cientifico-entucasa-sobre-virus-y-pandemias-vih-y-sars-cov-2\/"]}]},{"@type":"ImageObject","inLanguage":"es","@id":"https:\/\/dev.explora.cl\/lagos\/inscribete-en-el-tercer-cafe-cientifico-entucasa-sobre-virus-y-pandemias-vih-y-sars-cov-2\/#primaryimage","url":"https:\/\/dev.explora.cl\/lagos\/wp-content\/uploads\/sites\/17\/2020\/08\/CAFE-CIENTIFICO-PAR-736x420.jpg","contentUrl":"https:\/\/dev.explora.cl\/lagos\/wp-content\/uploads\/sites\/17\/2020\/08\/CAFE-CIENTIFICO-PAR-736x420.jpg","width":2782,"height":1587},{"@type":"BreadcrumbList","@id":"https:\/\/dev.explora.cl\/lagos\/inscribete-en-el-tercer-cafe-cientifico-entucasa-sobre-virus-y-pandemias-vih-y-sars-cov-2\/#breadcrumb","itemListElement":[{"@type":"ListItem","position":1,"name":"Portada","item":"https:\/\/dev.explora.cl\/lagos\/"},{"@type":"ListItem","position":2,"name":"Inscr\u00edbete en el tercer Caf\u00e9 Cient\u00edfico #Entucasa sobre \u00abVirus y Pandemias: VIH y SARS-CoV-2\u00bb"}]},{"@type":"WebSite","@id":"https:\/\/dev.explora.cl\/lagos\/#website","url":"https:\/\/dev.explora.cl\/lagos\/","name":"Los Lagos","description":"Otro sitio m\u00e1s de dev.explora.cl","potentialAction":[{"@type":"SearchAction","target":{"@type":"EntryPoint","urlTemplate":"https:\/\/dev.explora.cl\/lagos\/?s={search_term_string}"},"query-input":{"@type":"PropertyValueSpecification","valueRequired":true,"valueName":"search_term_string"}}],"inLanguage":"es"},{"@type":"Person","@id":"https:\/\/dev.explora.cl\/lagos\/#\/schema\/person\/6608d3ee9ea0b0daeaf12289528fc582","name":"jvargas","image":{"@type":"ImageObject","inLanguage":"es","@id":"https:\/\/dev.explora.cl\/lagos\/#\/schema\/person\/image\/","url":"https:\/\/secure.gravatar.com\/avatar\/8a6892fbfb002ef173a244b534b4bbcea4c183fc3fbf7732e64ac89b1d22d482?s=96&d=mm&r=g","contentUrl":"https:\/\/secure.gravatar.com\/avatar\/8a6892fbfb002ef173a244b534b4bbcea4c183fc3fbf7732e64ac89b1d22d482?s=96&d=mm&r=g","caption":"jvargas"},"url":"https:\/\/dev.explora.cl\/lagos\/author\/jvargas\/"}]}},"_links":{"self":[{"href":"https:\/\/dev.explora.cl\/lagos\/wp-json\/wp\/v2\/posts\/39416","targetHints":{"allow":["GET"]}}],"collection":[{"href":"https:\/\/dev.explora.cl\/lagos\/wp-json\/wp\/v2\/posts"}],"about":[{"href":"https:\/\/dev.explora.cl\/lagos\/wp-json\/wp\/v2\/types\/post"}],"author":[{"embeddable":true,"href":"https:\/\/dev.explora.cl\/lagos\/wp-json\/wp\/v2\/users\/36"}],"replies":[{"embeddable":true,"href":"https:\/\/dev.explora.cl\/lagos\/wp-json\/wp\/v2\/comments?post=39416"}],"version-history":[{"count":2,"href":"https:\/\/dev.explora.cl\/lagos\/wp-json\/wp\/v2\/posts\/39416\/revisions"}],"predecessor-version":[{"id":39419,"href":"https:\/\/dev.explora.cl\/lagos\/wp-json\/wp\/v2\/posts\/39416\/revisions\/39419"}],"wp:featuredmedia":[{"embeddable":true,"href":"https:\/\/dev.explora.cl\/lagos\/wp-json\/wp\/v2\/media\/39417"}],"wp:attachment":[{"href":"https:\/\/dev.explora.cl\/lagos\/wp-json\/wp\/v2\/media?parent=39416"}],"wp:term":[{"taxonomy":"category","embeddable":true,"href":"https:\/\/dev.explora.cl\/lagos\/wp-json\/wp\/v2\/categories?post=39416"},{"taxonomy":"post_tag","embeddable":true,"href":"https:\/\/dev.explora.cl\/lagos\/wp-json\/wp\/v2\/tags?post=39416"}],"curies":[{"name":"wp","href":"https:\/\/api.w.org\/{rel}","templated":true}]}}