{"id":39246,"date":"2020-06-09T14:30:37","date_gmt":"2020-06-09T18:30:37","guid":{"rendered":"https:\/\/dev.explora.cl\/lagos\/?p=39246"},"modified":"2020-07-10T17:16:24","modified_gmt":"2020-07-10T21:16:24","slug":"escolares-invitados-a-inscribirse-al-ciclo-de-charlas-virtuales-exploremos-mas-alla-del-aula","status":"publish","type":"post","link":"https:\/\/dev.explora.cl\/lagos\/escolares-invitados-a-inscribirse-al-ciclo-de-charlas-virtuales-exploremos-mas-alla-del-aula\/","title":{"rendered":"Escolares invitados a inscribirse al Ciclo de Charlas virtuales \u201cExploremos M\u00e1s All\u00e1 del Aula\u201d"},"content":{"rendered":"<p><em>Gratuitas y dirigidas a las comunidades educativas de la Regi\u00f3n de Los Lagos, los mi\u00e9rcoles a las 11:00 horas durante el mes de junio, julio y agosto a trav\u00e9s de Zoom, previa inscripci\u00f3n. <\/em><\/p>\n<p>El PAR Explora Los Lagos del Ministerio de Ciencia, Tecnolog\u00eda, Conocimiento e Innovaci\u00f3n ejecutado por la Universidad Austral de Chile Sede Puerto Montt, en conjunto con el Centro de Investigaci\u00f3n Din\u00e1mica de Ecosistemas Marinos de Altas Latitudes (IDEAL) y la colaboraci\u00f3n del Instituto Ant\u00e1rtico Chileno (INACH), han organizado un ciclo de diez charlas virtuales enmarcadas en la iniciativa <strong>\u201cExploremos M\u00e1s All\u00e1 del Aula\u00bb<\/strong>.<\/p>\n<p>Ni\u00f1as, ni\u00f1os y j\u00f3venes de primer a\u00f1o b\u00e1sico a cuarto a\u00f1o de educaci\u00f3n media, podr\u00e1n conocer de primera fuente las investigaciones que desarrollan destacados investigadores\/as en el continente blanco y adem\u00e1s identificar\u00e1n las etapas del m\u00e9todo cient\u00edfico a trav\u00e9s de tem\u00e1ticas relacionadas con la zona de estudio de la Ant\u00e1rtica y Subant\u00e1rtica.<\/p>\n<p><strong>Ser\u00e1 la Dra. Lorena Rebolledo,\u00a0investigadora del Instituto Ant\u00e1rtico Chileno y del Centro IDEAL, quien iniciar\u00e1 la iniciativa el pr\u00f3ximo mi\u00e9rcoles 17 de junio, con la Charla<\/strong> <strong>\u201cLos sedimentos marinos ant\u00e1rticos como testigos del paleoclima\u201d<\/strong>, que invita a los espectadores\/as a sumergirse en el mundo de la Paleoceanograf\u00eda (disciplina que estudia las caracter\u00edsticas de los oc\u00e9anos en el pasado), descubriendo la tecnolog\u00eda utilizada para recuperar sedimentos marinos en el Oc\u00e9ano Austral.<\/p>\n<p>\u201cExploremos M\u00e1s All\u00e1 del Aula\u201d, <strong>se\u00a0desarrolla\u00a0en el marco del\u00a0Tema del A\u00f1o del Explora 2020 que es\u00a0\u201cLa Ant\u00e1rtica\u201d<\/strong>, la cual se enmarca bajo cuatro ejes tem\u00e1ticos que buscan la comprensi\u00f3n del continente en cuanto a sus caracter\u00edsticas geof\u00edsicas.<\/p>\n<p>Estos son el desarrollo de la vida adaptada a sus condiciones extremas, la relaci\u00f3n del ser humano con el continente, la conexi\u00f3n de este territorio tan lejano con el planeta y sus diferentes formas de vida y\u00a0el \u201cCambio Clim\u00e1tico\u201d, como una tem\u00e1tica que en la actualidad cobra relevancia, tanto para la esfera cient\u00edfica y pol\u00edtica como tambi\u00e9n para la sociedad en general.<\/p>\n<p>Gabriela Navarro, directora del PAR EXPLORA Los Lagos UACh, explic\u00f3 que \u201cel objetivo de esta iniciativa es fomentar el desarrollo de Investigaci\u00f3n Cient\u00edfica Escolar a trav\u00e9s de charlas y\/o talleres sobre el tema del a\u00f1o \u201cAnt\u00e1rtica\u201d y otras tem\u00e1ticas en formatos l\u00fadicos y participativos. Adem\u00e1s, se busca vincular a investigadores(as) con ni\u00f1as y ni\u00f1os en edad escolar, promover la socializaci\u00f3n y apropiaci\u00f3n del conocimiento cient\u00edfico y fomentar la curiosidad y el inter\u00e9s por temas cient\u00edficos\u201d.<\/p>\n<p><strong>Profesores y profesoras pueden inscribir su curso en<\/strong>\u00a0<a href=\"https:\/\/url2.cl\/1sS8m\">https:\/\/url2.cl\/1sS8m<\/a>\u00a0 <strong>o visitando la p\u00e1gina web<\/strong>\u00a0<a href=\"https:\/\/dev.explora.cl\/lagos\/\">https:\/\/dev.explora.cl\/lagos\/<\/a>.<\/p>\n<p>&nbsp;<\/p>\n","protected":false},"excerpt":{"rendered":"<p>Gratuitas y dirigidas a las comunidades educativas de la Regi\u00f3n de Los Lagos, los mi\u00e9rcoles a las 11:00 horas durante el mes de junio, julio y agosto a trav\u00e9s de Zoom, previa inscripci\u00f3n. <\/p>\n","protected":false},"author":36,"featured_media":39247,"comment_status":"open","ping_status":"open","sticky":false,"template":"","format":"standard","meta":{"_acf_changed":false,"_exactmetrics_skip_tracking":false,"_exactmetrics_sitenote_active":false,"_exactmetrics_sitenote_note":"","_exactmetrics_sitenote_category":0,"footnotes":"","_links_to":"","_links_to_target":""},"categories":[142,4],"tags":[295,315,317,316,107,258,23,164,314,169,318],"class_list":["post-39246","post","type-post","status-publish","format-standard","has-post-thumbnail","hentry","category-lugar-7","category-noticias","tag-uachpuertomontt","tag-centro-ideal","tag-charlas-antartica","tag-ciclo-de-charlas","tag-ciencia","tag-ciencia-y-tecnologia","tag-explora","tag-explora-los-lagos","tag-exploremosmasalladelaula","tag-inach","tag-temadelano"],"acf":[],"yoast_head":"<!-- This site is optimized with the Yoast SEO plugin v26.7 - https:\/\/yoast.com\/wordpress\/plugins\/seo\/ -->\n<title>Escolares invitados a inscribirse al Ciclo de Charlas virtuales \u201cExploremos M\u00e1s All\u00e1 del Aula\u201d - Los Lagos<\/title>\n<meta name=\"robots\" content=\"index, follow, max-snippet:-1, max-image-preview:large, max-video-preview:-1\" \/>\n<link rel=\"canonical\" href=\"https:\/\/dev.explora.cl\/lagos\/escolares-invitados-a-inscribirse-al-ciclo-de-charlas-virtuales-exploremos-mas-alla-del-aula\/\" class=\"yoast-seo-meta-tag\" \/>\n<meta property=\"og:locale\" content=\"es_ES\" class=\"yoast-seo-meta-tag\" \/>\n<meta property=\"og:type\" content=\"article\" class=\"yoast-seo-meta-tag\" \/>\n<meta property=\"og:title\" content=\"Escolares invitados a inscribirse al Ciclo de Charlas virtuales \u201cExploremos M\u00e1s All\u00e1 del Aula\u201d - Los Lagos\" class=\"yoast-seo-meta-tag\" \/>\n<meta property=\"og:description\" content=\"Gratuitas y dirigidas a las comunidades educativas de la Regi\u00f3n de Los Lagos, los mi\u00e9rcoles a las 11:00 horas durante el mes de junio, julio y agosto a trav\u00e9s de Zoom, previa inscripci\u00f3n.\" class=\"yoast-seo-meta-tag\" \/>\n<meta property=\"og:url\" content=\"https:\/\/dev.explora.cl\/lagos\/escolares-invitados-a-inscribirse-al-ciclo-de-charlas-virtuales-exploremos-mas-alla-del-aula\/\" class=\"yoast-seo-meta-tag\" \/>\n<meta property=\"og:site_name\" content=\"Los Lagos\" class=\"yoast-seo-meta-tag\" \/>\n<meta property=\"article:published_time\" content=\"2020-06-09T18:30:37+00:00\" class=\"yoast-seo-meta-tag\" \/>\n<meta property=\"article:modified_time\" content=\"2020-07-10T21:16:24+00:00\" class=\"yoast-seo-meta-tag\" \/>\n<meta property=\"og:image\" content=\"https:\/\/dev.explora.cl\/lagos\/wp-content\/uploads\/sites\/17\/2020\/06\/Cr\u00e9ditos-investigadora-Lorena-Rebolledo-en-Bah\u00eda-South_Ant\u00e1rtica-copia.jpg\" class=\"yoast-seo-meta-tag\" \/>\n\t<meta property=\"og:image:width\" content=\"3159\" class=\"yoast-seo-meta-tag\" \/>\n\t<meta property=\"og:image:height\" content=\"2100\" class=\"yoast-seo-meta-tag\" \/>\n\t<meta property=\"og:image:type\" content=\"image\/jpeg\" class=\"yoast-seo-meta-tag\" \/>\n<meta name=\"author\" content=\"jvargas\" class=\"yoast-seo-meta-tag\" \/>\n<meta name=\"twitter:card\" content=\"summary_large_image\" class=\"yoast-seo-meta-tag\" \/>\n<meta name=\"twitter:label1\" content=\"Escrito por\" class=\"yoast-seo-meta-tag\" \/>\n\t<meta name=\"twitter:data1\" content=\"jvargas\" class=\"yoast-seo-meta-tag\" \/>\n\t<meta name=\"twitter:label2\" content=\"Tiempo de lectura\" class=\"yoast-seo-meta-tag\" \/>\n\t<meta name=\"twitter:data2\" content=\"2 minutos\" class=\"yoast-seo-meta-tag\" \/>\n<script type=\"application\/ld+json\" class=\"yoast-schema-graph\">{\"@context\":\"https:\/\/schema.org\",\"@graph\":[{\"@type\":\"Article\",\"@id\":\"https:\/\/dev.explora.cl\/lagos\/escolares-invitados-a-inscribirse-al-ciclo-de-charlas-virtuales-exploremos-mas-alla-del-aula\/#article\",\"isPartOf\":{\"@id\":\"https:\/\/dev.explora.cl\/lagos\/escolares-invitados-a-inscribirse-al-ciclo-de-charlas-virtuales-exploremos-mas-alla-del-aula\/\"},\"author\":{\"name\":\"jvargas\",\"@id\":\"https:\/\/dev.explora.cl\/lagos\/#\/schema\/person\/6608d3ee9ea0b0daeaf12289528fc582\"},\"headline\":\"Escolares invitados a inscribirse al Ciclo de Charlas virtuales \u201cExploremos M\u00e1s All\u00e1 del Aula\u201d\",\"datePublished\":\"2020-06-09T18:30:37+00:00\",\"dateModified\":\"2020-07-10T21:16:24+00:00\",\"mainEntityOfPage\":{\"@id\":\"https:\/\/dev.explora.cl\/lagos\/escolares-invitados-a-inscribirse-al-ciclo-de-charlas-virtuales-exploremos-mas-alla-del-aula\/\"},\"wordCount\":504,\"commentCount\":0,\"image\":{\"@id\":\"https:\/\/dev.explora.cl\/lagos\/escolares-invitados-a-inscribirse-al-ciclo-de-charlas-virtuales-exploremos-mas-alla-del-aula\/#primaryimage\"},\"thumbnailUrl\":\"https:\/\/dev.explora.cl\/lagos\/wp-content\/uploads\/sites\/17\/2020\/06\/Cr\u00e9ditos-investigadora-Lorena-Rebolledo-en-Bah\u00eda-South_Ant\u00e1rtica-copia.jpg\",\"keywords\":[\"#UAChPuertoMontt\",\"Centro IDEAL\",\"Charlas ant\u00e1rtica\",\"Ciclo de charlas\",\"ciencia\",\"Ciencia y Tecnolog\u00eda\",\"EXPLORA\",\"Explora Los Lagos.\",\"exploremosm\u00e1sall\u00e1delaula\",\"INACH\",\"TemadelA\u00f1o\"],\"articleSection\":[\"Lugar 7\",\"Noticias\"],\"inLanguage\":\"es\",\"potentialAction\":[{\"@type\":\"CommentAction\",\"name\":\"Comment\",\"target\":[\"https:\/\/dev.explora.cl\/lagos\/escolares-invitados-a-inscribirse-al-ciclo-de-charlas-virtuales-exploremos-mas-alla-del-aula\/#respond\"]}]},{\"@type\":\"WebPage\",\"@id\":\"https:\/\/dev.explora.cl\/lagos\/escolares-invitados-a-inscribirse-al-ciclo-de-charlas-virtuales-exploremos-mas-alla-del-aula\/\",\"url\":\"https:\/\/dev.explora.cl\/lagos\/escolares-invitados-a-inscribirse-al-ciclo-de-charlas-virtuales-exploremos-mas-alla-del-aula\/\",\"name\":\"Escolares invitados a inscribirse al Ciclo de Charlas virtuales \u201cExploremos M\u00e1s All\u00e1 del Aula\u201d - Los Lagos\",\"isPartOf\":{\"@id\":\"https:\/\/dev.explora.cl\/lagos\/#website\"},\"primaryImageOfPage\":{\"@id\":\"https:\/\/dev.explora.cl\/lagos\/escolares-invitados-a-inscribirse-al-ciclo-de-charlas-virtuales-exploremos-mas-alla-del-aula\/#primaryimage\"},\"image\":{\"@id\":\"https:\/\/dev.explora.cl\/lagos\/escolares-invitados-a-inscribirse-al-ciclo-de-charlas-virtuales-exploremos-mas-alla-del-aula\/#primaryimage\"},\"thumbnailUrl\":\"https:\/\/dev.explora.cl\/lagos\/wp-content\/uploads\/sites\/17\/2020\/06\/Cr\u00e9ditos-investigadora-Lorena-Rebolledo-en-Bah\u00eda-South_Ant\u00e1rtica-copia.jpg\",\"datePublished\":\"2020-06-09T18:30:37+00:00\",\"dateModified\":\"2020-07-10T21:16:24+00:00\",\"author\":{\"@id\":\"https:\/\/dev.explora.cl\/lagos\/#\/schema\/person\/6608d3ee9ea0b0daeaf12289528fc582\"},\"breadcrumb\":{\"@id\":\"https:\/\/dev.explora.cl\/lagos\/escolares-invitados-a-inscribirse-al-ciclo-de-charlas-virtuales-exploremos-mas-alla-del-aula\/#breadcrumb\"},\"inLanguage\":\"es\",\"potentialAction\":[{\"@type\":\"ReadAction\",\"target\":[\"https:\/\/dev.explora.cl\/lagos\/escolares-invitados-a-inscribirse-al-ciclo-de-charlas-virtuales-exploremos-mas-alla-del-aula\/\"]}]},{\"@type\":\"ImageObject\",\"inLanguage\":\"es\",\"@id\":\"https:\/\/dev.explora.cl\/lagos\/escolares-invitados-a-inscribirse-al-ciclo-de-charlas-virtuales-exploremos-mas-alla-del-aula\/#primaryimage\",\"url\":\"https:\/\/dev.explora.cl\/lagos\/wp-content\/uploads\/sites\/17\/2020\/06\/Cr\u00e9ditos-investigadora-Lorena-Rebolledo-en-Bah\u00eda-South_Ant\u00e1rtica-copia.jpg\",\"contentUrl\":\"https:\/\/dev.explora.cl\/lagos\/wp-content\/uploads\/sites\/17\/2020\/06\/Cr\u00e9ditos-investigadora-Lorena-Rebolledo-en-Bah\u00eda-South_Ant\u00e1rtica-copia.jpg\",\"width\":3159,\"height\":2100},{\"@type\":\"BreadcrumbList\",\"@id\":\"https:\/\/dev.explora.cl\/lagos\/escolares-invitados-a-inscribirse-al-ciclo-de-charlas-virtuales-exploremos-mas-alla-del-aula\/#breadcrumb\",\"itemListElement\":[{\"@type\":\"ListItem\",\"position\":1,\"name\":\"Portada\",\"item\":\"https:\/\/dev.explora.cl\/lagos\/\"},{\"@type\":\"ListItem\",\"position\":2,\"name\":\"Escolares invitados a inscribirse al Ciclo de Charlas virtuales \u201cExploremos M\u00e1s All\u00e1 del Aula\u201d\"}]},{\"@type\":\"WebSite\",\"@id\":\"https:\/\/dev.explora.cl\/lagos\/#website\",\"url\":\"https:\/\/dev.explora.cl\/lagos\/\",\"name\":\"Los Lagos\",\"description\":\"Otro sitio m\u00e1s de dev.explora.cl\",\"potentialAction\":[{\"@type\":\"SearchAction\",\"target\":{\"@type\":\"EntryPoint\",\"urlTemplate\":\"https:\/\/dev.explora.cl\/lagos\/?s={search_term_string}\"},\"query-input\":{\"@type\":\"PropertyValueSpecification\",\"valueRequired\":true,\"valueName\":\"search_term_string\"}}],\"inLanguage\":\"es\"},{\"@type\":\"Person\",\"@id\":\"https:\/\/dev.explora.cl\/lagos\/#\/schema\/person\/6608d3ee9ea0b0daeaf12289528fc582\",\"name\":\"jvargas\",\"image\":{\"@type\":\"ImageObject\",\"inLanguage\":\"es\",\"@id\":\"https:\/\/dev.explora.cl\/lagos\/#\/schema\/person\/image\/\",\"url\":\"https:\/\/secure.gravatar.com\/avatar\/8a6892fbfb002ef173a244b534b4bbcea4c183fc3fbf7732e64ac89b1d22d482?s=96&d=mm&r=g\",\"contentUrl\":\"https:\/\/secure.gravatar.com\/avatar\/8a6892fbfb002ef173a244b534b4bbcea4c183fc3fbf7732e64ac89b1d22d482?s=96&d=mm&r=g\",\"caption\":\"jvargas\"},\"url\":\"https:\/\/dev.explora.cl\/lagos\/author\/jvargas\/\"}]}<\/script>\n<!-- \/ Yoast SEO plugin. -->","yoast_head_json":{"title":"Escolares invitados a inscribirse al Ciclo de Charlas virtuales \u201cExploremos M\u00e1s All\u00e1 del Aula\u201d - Los Lagos","robots":{"index":"index","follow":"follow","max-snippet":"max-snippet:-1","max-image-preview":"max-image-preview:large","max-video-preview":"max-video-preview:-1"},"canonical":"https:\/\/dev.explora.cl\/lagos\/escolares-invitados-a-inscribirse-al-ciclo-de-charlas-virtuales-exploremos-mas-alla-del-aula\/","og_locale":"es_ES","og_type":"article","og_title":"Escolares invitados a inscribirse al Ciclo de Charlas virtuales \u201cExploremos M\u00e1s All\u00e1 del Aula\u201d - Los Lagos","og_description":"Gratuitas y dirigidas a las comunidades educativas de la Regi\u00f3n de Los Lagos, los mi\u00e9rcoles a las 11:00 horas durante el mes de junio, julio y agosto a trav\u00e9s de Zoom, previa inscripci\u00f3n.","og_url":"https:\/\/dev.explora.cl\/lagos\/escolares-invitados-a-inscribirse-al-ciclo-de-charlas-virtuales-exploremos-mas-alla-del-aula\/","og_site_name":"Los Lagos","article_published_time":"2020-06-09T18:30:37+00:00","article_modified_time":"2020-07-10T21:16:24+00:00","og_image":[{"width":3159,"height":2100,"url":"https:\/\/dev.explora.cl\/lagos\/wp-content\/uploads\/sites\/17\/2020\/06\/Cr\u00e9ditos-investigadora-Lorena-Rebolledo-en-Bah\u00eda-South_Ant\u00e1rtica-copia.jpg","type":"image\/jpeg"}],"author":"jvargas","twitter_card":"summary_large_image","twitter_misc":{"Escrito por":"jvargas","Tiempo de lectura":"2 minutos"},"schema":{"@context":"https:\/\/schema.org","@graph":[{"@type":"Article","@id":"https:\/\/dev.explora.cl\/lagos\/escolares-invitados-a-inscribirse-al-ciclo-de-charlas-virtuales-exploremos-mas-alla-del-aula\/#article","isPartOf":{"@id":"https:\/\/dev.explora.cl\/lagos\/escolares-invitados-a-inscribirse-al-ciclo-de-charlas-virtuales-exploremos-mas-alla-del-aula\/"},"author":{"name":"jvargas","@id":"https:\/\/dev.explora.cl\/lagos\/#\/schema\/person\/6608d3ee9ea0b0daeaf12289528fc582"},"headline":"Escolares invitados a inscribirse al Ciclo de Charlas virtuales \u201cExploremos M\u00e1s All\u00e1 del Aula\u201d","datePublished":"2020-06-09T18:30:37+00:00","dateModified":"2020-07-10T21:16:24+00:00","mainEntityOfPage":{"@id":"https:\/\/dev.explora.cl\/lagos\/escolares-invitados-a-inscribirse-al-ciclo-de-charlas-virtuales-exploremos-mas-alla-del-aula\/"},"wordCount":504,"commentCount":0,"image":{"@id":"https:\/\/dev.explora.cl\/lagos\/escolares-invitados-a-inscribirse-al-ciclo-de-charlas-virtuales-exploremos-mas-alla-del-aula\/#primaryimage"},"thumbnailUrl":"https:\/\/dev.explora.cl\/lagos\/wp-content\/uploads\/sites\/17\/2020\/06\/Cr\u00e9ditos-investigadora-Lorena-Rebolledo-en-Bah\u00eda-South_Ant\u00e1rtica-copia.jpg","keywords":["#UAChPuertoMontt","Centro IDEAL","Charlas ant\u00e1rtica","Ciclo de charlas","ciencia","Ciencia y Tecnolog\u00eda","EXPLORA","Explora Los Lagos.","exploremosm\u00e1sall\u00e1delaula","INACH","TemadelA\u00f1o"],"articleSection":["Lugar 7","Noticias"],"inLanguage":"es","potentialAction":[{"@type":"CommentAction","name":"Comment","target":["https:\/\/dev.explora.cl\/lagos\/escolares-invitados-a-inscribirse-al-ciclo-de-charlas-virtuales-exploremos-mas-alla-del-aula\/#respond"]}]},{"@type":"WebPage","@id":"https:\/\/dev.explora.cl\/lagos\/escolares-invitados-a-inscribirse-al-ciclo-de-charlas-virtuales-exploremos-mas-alla-del-aula\/","url":"https:\/\/dev.explora.cl\/lagos\/escolares-invitados-a-inscribirse-al-ciclo-de-charlas-virtuales-exploremos-mas-alla-del-aula\/","name":"Escolares invitados a inscribirse al Ciclo de Charlas virtuales \u201cExploremos M\u00e1s All\u00e1 del Aula\u201d - Los Lagos","isPartOf":{"@id":"https:\/\/dev.explora.cl\/lagos\/#website"},"primaryImageOfPage":{"@id":"https:\/\/dev.explora.cl\/lagos\/escolares-invitados-a-inscribirse-al-ciclo-de-charlas-virtuales-exploremos-mas-alla-del-aula\/#primaryimage"},"image":{"@id":"https:\/\/dev.explora.cl\/lagos\/escolares-invitados-a-inscribirse-al-ciclo-de-charlas-virtuales-exploremos-mas-alla-del-aula\/#primaryimage"},"thumbnailUrl":"https:\/\/dev.explora.cl\/lagos\/wp-content\/uploads\/sites\/17\/2020\/06\/Cr\u00e9ditos-investigadora-Lorena-Rebolledo-en-Bah\u00eda-South_Ant\u00e1rtica-copia.jpg","datePublished":"2020-06-09T18:30:37+00:00","dateModified":"2020-07-10T21:16:24+00:00","author":{"@id":"https:\/\/dev.explora.cl\/lagos\/#\/schema\/person\/6608d3ee9ea0b0daeaf12289528fc582"},"breadcrumb":{"@id":"https:\/\/dev.explora.cl\/lagos\/escolares-invitados-a-inscribirse-al-ciclo-de-charlas-virtuales-exploremos-mas-alla-del-aula\/#breadcrumb"},"inLanguage":"es","potentialAction":[{"@type":"ReadAction","target":["https:\/\/dev.explora.cl\/lagos\/escolares-invitados-a-inscribirse-al-ciclo-de-charlas-virtuales-exploremos-mas-alla-del-aula\/"]}]},{"@type":"ImageObject","inLanguage":"es","@id":"https:\/\/dev.explora.cl\/lagos\/escolares-invitados-a-inscribirse-al-ciclo-de-charlas-virtuales-exploremos-mas-alla-del-aula\/#primaryimage","url":"https:\/\/dev.explora.cl\/lagos\/wp-content\/uploads\/sites\/17\/2020\/06\/Cr\u00e9ditos-investigadora-Lorena-Rebolledo-en-Bah\u00eda-South_Ant\u00e1rtica-copia.jpg","contentUrl":"https:\/\/dev.explora.cl\/lagos\/wp-content\/uploads\/sites\/17\/2020\/06\/Cr\u00e9ditos-investigadora-Lorena-Rebolledo-en-Bah\u00eda-South_Ant\u00e1rtica-copia.jpg","width":3159,"height":2100},{"@type":"BreadcrumbList","@id":"https:\/\/dev.explora.cl\/lagos\/escolares-invitados-a-inscribirse-al-ciclo-de-charlas-virtuales-exploremos-mas-alla-del-aula\/#breadcrumb","itemListElement":[{"@type":"ListItem","position":1,"name":"Portada","item":"https:\/\/dev.explora.cl\/lagos\/"},{"@type":"ListItem","position":2,"name":"Escolares invitados a inscribirse al Ciclo de Charlas virtuales \u201cExploremos M\u00e1s All\u00e1 del Aula\u201d"}]},{"@type":"WebSite","@id":"https:\/\/dev.explora.cl\/lagos\/#website","url":"https:\/\/dev.explora.cl\/lagos\/","name":"Los Lagos","description":"Otro sitio m\u00e1s de dev.explora.cl","potentialAction":[{"@type":"SearchAction","target":{"@type":"EntryPoint","urlTemplate":"https:\/\/dev.explora.cl\/lagos\/?s={search_term_string}"},"query-input":{"@type":"PropertyValueSpecification","valueRequired":true,"valueName":"search_term_string"}}],"inLanguage":"es"},{"@type":"Person","@id":"https:\/\/dev.explora.cl\/lagos\/#\/schema\/person\/6608d3ee9ea0b0daeaf12289528fc582","name":"jvargas","image":{"@type":"ImageObject","inLanguage":"es","@id":"https:\/\/dev.explora.cl\/lagos\/#\/schema\/person\/image\/","url":"https:\/\/secure.gravatar.com\/avatar\/8a6892fbfb002ef173a244b534b4bbcea4c183fc3fbf7732e64ac89b1d22d482?s=96&d=mm&r=g","contentUrl":"https:\/\/secure.gravatar.com\/avatar\/8a6892fbfb002ef173a244b534b4bbcea4c183fc3fbf7732e64ac89b1d22d482?s=96&d=mm&r=g","caption":"jvargas"},"url":"https:\/\/dev.explora.cl\/lagos\/author\/jvargas\/"}]}},"_links":{"self":[{"href":"https:\/\/dev.explora.cl\/lagos\/wp-json\/wp\/v2\/posts\/39246","targetHints":{"allow":["GET"]}}],"collection":[{"href":"https:\/\/dev.explora.cl\/lagos\/wp-json\/wp\/v2\/posts"}],"about":[{"href":"https:\/\/dev.explora.cl\/lagos\/wp-json\/wp\/v2\/types\/post"}],"author":[{"embeddable":true,"href":"https:\/\/dev.explora.cl\/lagos\/wp-json\/wp\/v2\/users\/36"}],"replies":[{"embeddable":true,"href":"https:\/\/dev.explora.cl\/lagos\/wp-json\/wp\/v2\/comments?post=39246"}],"version-history":[{"count":1,"href":"https:\/\/dev.explora.cl\/lagos\/wp-json\/wp\/v2\/posts\/39246\/revisions"}],"predecessor-version":[{"id":39248,"href":"https:\/\/dev.explora.cl\/lagos\/wp-json\/wp\/v2\/posts\/39246\/revisions\/39248"}],"wp:featuredmedia":[{"embeddable":true,"href":"https:\/\/dev.explora.cl\/lagos\/wp-json\/wp\/v2\/media\/39247"}],"wp:attachment":[{"href":"https:\/\/dev.explora.cl\/lagos\/wp-json\/wp\/v2\/media?parent=39246"}],"wp:term":[{"taxonomy":"category","embeddable":true,"href":"https:\/\/dev.explora.cl\/lagos\/wp-json\/wp\/v2\/categories?post=39246"},{"taxonomy":"post_tag","embeddable":true,"href":"https:\/\/dev.explora.cl\/lagos\/wp-json\/wp\/v2\/tags?post=39246"}],"curies":[{"name":"wp","href":"https:\/\/api.w.org\/{rel}","templated":true}]}}