{"id":39135,"date":"2020-03-09T13:31:26","date_gmt":"2020-03-09T16:31:26","guid":{"rendered":"https:\/\/dev.explora.cl\/lagos\/?p=39135"},"modified":"2020-04-02T19:01:14","modified_gmt":"2020-04-02T22:01:14","slug":"celebra-el-dia-de-la-astronomia-2020-tods-bajo-el-mismo-cielo","status":"publish","type":"post","link":"https:\/\/dev.explora.cl\/lagos\/celebra-el-dia-de-la-astronomia-2020-tods-bajo-el-mismo-cielo\/","title":{"rendered":"Con planetario m\u00f3vil y charlas inclusivas Explora UACh celebrar\u00e1 el D\u00eda de la Astronom\u00eda 2020"},"content":{"rendered":"<p><em>Si <\/em><em>deseas participar con tu comunidad educativa debes completar el formulario disponible en esta p\u00e1gina <\/em><em>y enviar a <\/em><a href=\"mailto:karina.bravo@uach.cl\"><em>karina.bravo@uach.cl<\/em><\/a><em>. <strong>Para la comunidad general la entrada es liberada.<\/strong> <\/em><\/p>\n<p>Familias, estudiantes y p\u00fablico en general est\u00e1n invitados a celebrar el <strong>\u201cD\u00eda Nacional de la Astronom\u00eda 2020\u201d<\/strong>, el viernes 20 de marzo en el tercer piso del Arena Puerto Montt de 09:00 a 20:00 horas.<\/p>\n<p>La iniciativa es organizada por el PAR Explora Los Lagos del Ministerio de Ciencia, Tecnolog\u00eda Conocimiento e Innovaci\u00f3n, junto al Centro de Docencia Superior de Ciencias B\u00e1sicas, la Escuela de Pedagog\u00eda en Educaci\u00f3n Diferencial de la Universidad Austral de Chile Sede Puerto Montt, el Programa de Inclusi\u00f3n en Educaci\u00f3n Superior (<em>PIES<\/em><em>)<\/em> de la Universidad Austral de Chile Sede Puerto Montt y la Empresa ESSAL S.A.<\/p>\n<p>Muestra de meteoritos, observaciones del sol con gafas, filtro especial y telescopio solar, hojas pinta-planetas, calendarios c\u00f3smicos de billetera, experimentos en vivo, audio-c\u00f3smico, concursos y mucho m\u00e1s, ser\u00e1 el espect\u00e1culo astron\u00f3mico del planetario m\u00f3vil <strong>Astro Kidz<\/strong>, creado por el Observatorio Anglo Chileno y es embajador de Cielos Oscuros &#8211; Uni\u00f3n Astron\u00f3mica Internacional (IAU).<\/p>\n<p>Las personas en situaci\u00f3n de discapacidad visual, tambi\u00e9n podr\u00e1n realizar este viaje c\u00f3smico en los \u201cTalleres Inclusivos Interactivos\u201d que se desarrollar\u00e1n en el marco del proyecto <strong>\u201cAstronom\u00eda Inclusiva en la Regi\u00f3n de Los Lagos\u201d<\/strong>, dirigido por el Dr. Claudio Navarro, astrof\u00edsico del Centro de Docencia Superior en Ciencias B\u00e1sicas de la Universidad Austral de Chile Sede Puerto Montt. El primer taller consistir\u00e1 en un an\u00e1lisis y descripci\u00f3n de figuras astron\u00f3micas en 3D a trav\u00e9s del tacto, en la cual las personas podr\u00e1n sentir el relieve de la superficie lunar, cr\u00e1teres, etc.\u00a0 En el segundo se realizar\u00e1 un viaje sonoro al interior del Sol y en el tercero se trabajar\u00e1 con un modelo de comprensi\u00f3n del universo denominado \u201cSol-Tierra-Luna a escala\u201d.<\/p>\n<p>El investigador, describi\u00f3 que \u201cen particular este proyecto de astronom\u00eda inclusiva, genera un acercamiento hacia el p\u00fablico que est\u00e1 m\u00e1s relegado, como, por ejemplo, las personas con discapacidad visual. La astronom\u00eda es una ciencia que es principalmente se basa en las observaciones, por eso es importante que esta comunidad logre comprender a trav\u00e9s del est\u00edmulo de los otros sentidos\u201d.<\/p>\n<p>Los amantes de las estrellas, tambi\u00e9n podr\u00e1n aprender m\u00e1s sobre el ciclo natural de vida de estas, como, nacen, se tornan adultas, envejecen y mueren, a trav\u00e9s de la Charla: \u201cNacimiento, Vida y Muerte de las Estrellas\u201d, que impartir\u00e1 el Dr. M\u00e1rcio Catelan, astrof\u00edsico de la Pontifica Universidad Cat\u00f3lica de Chile, que \u00a0trabaj\u00f3 como investigador Asociado en el Centro de Vuelo Espacial Goddard, perteneciente a la NASA y posee m\u00e1s de 200 art\u00edculos cient\u00edficos en revistas internacionales, adem\u00e1s de ser el autor del libro \u00abPulsating Stars\u00bb, en conjunto con Horace Smith, y de \u00abRadiaci\u00f3n y Materia en Astrof\u00edsica\u00bb.<\/p>\n<p>Quienes deseen interiorizarse en la realidad nacional y en lo avances cient\u00edficos en la actualidad, podr\u00e1n participar en la <strong>Charla: \u201cAstronom\u00eda en Chile y la b\u00fasqueda de planetas extrasolares\u201d, <\/strong>que realizar\u00e1 el Dr. Mat\u00edas D\u00edaz<strong>, <\/strong>astrof\u00edsico de la Universidad de Chile que integr\u00f3 un equipo de investigadores que descubri\u00f3 tres sistemas planetarios y los resultados fueron publicados en la prestigiosa revista <em>Nature Astronomy.<\/em><\/p>\n<p>Destacar que ambas charlas tambi\u00e9n contar\u00e1n con int\u00e9rpretes de Lengua de Se\u00f1as Chilena del Programa de Inclusi\u00f3n en Educaci\u00f3n Superior (<em>PIES<\/em><em>)<\/em> UACh.<\/p>\n<p>En relaci\u00f3n al evento, <strong>Gabriela Navarro, directora del PAR Explora Los Lagos UACh Sede Puerto Montt,<\/strong> explic\u00f3 que \u201cla celebraci\u00f3n del D\u00eda de la Astronom\u00eda se realizar\u00e1 el 20 de marzo porque es el equinoccio de oto\u00f1o en el hemisferio sur. Estamos muy contentos de poder celebrar este evento astron\u00f3mico junto a la comunidad escolar y la ciudadan\u00eda, porque de esta forma acercamos el conocimiento cient\u00edfico a la sociedad, de manera l\u00fadica, interactiva y comprensible\u201d.<\/p>\n<p><strong>Claudio Navarro<\/strong>, complement\u00f3 que \u201cChile es una capital muy importante de la astronom\u00eda mundial, es decir, m\u00e1s de la mitad de toda la infraestructura astron\u00f3mica se encuentra en nuestro pa\u00eds, por lo tanto, tenemos el deber de informar a la comunidad de toda la investigaci\u00f3n que se est\u00e1 realizando\u201d.<\/p>\n<p>Ni\u00f1as, ni\u00f1os y j\u00f3venes podr\u00e1n explorar el universo durante una jornada repleta de actividades que se llevar\u00e1n a cabo paralelamente en el Arena Puerto Montt.<\/p>\n<p>&nbsp;<\/p>\n<div style=\"text-align: center\"><b>Programa D\u00eda Nacional de la Astronom\u00eda 2020 Los Lagos<\/b><\/div>\n<div><b><img loading=\"lazy\" decoding=\"async\" class=\"wp-image-39138 aligncenter\" src=\"https:\/\/dev.explora.cl\/lagos\/wp-content\/uploads\/sites\/17\/2020\/03\/PROGRAMA-DIA-DE-LA-ASTRONOM\u00cdA.jpg\" alt=\"\" width=\"523\" height=\"327\" srcset=\"https:\/\/dev.explora.cl\/lagos\/wp-content\/uploads\/sites\/17\/2020\/03\/PROGRAMA-DIA-DE-LA-ASTRONOM\u00cdA.jpg 789w, https:\/\/dev.explora.cl\/lagos\/wp-content\/uploads\/sites\/17\/2020\/03\/PROGRAMA-DIA-DE-LA-ASTRONOM\u00cdA-300x187.jpg 300w, https:\/\/dev.explora.cl\/lagos\/wp-content\/uploads\/sites\/17\/2020\/03\/PROGRAMA-DIA-DE-LA-ASTRONOM\u00cdA-768x480.jpg 768w\" sizes=\"auto, (max-width: 523px) 100vw, 523px\" \/><br \/>\n<\/b><\/div>\n<div>\n<h1 style=\"text-align: center\"><a href=\"https:\/\/dev.explora.cl\/lagos\/wp-content\/uploads\/sites\/17\/2020\/03\/Ficha-de-inscripcio\u0301n-D\u00eda-Astronom\u00eda-2020.docx\"><strong>Descargar Ficha de inscripci\u00f3n aqu\u00ed <\/strong><\/a><\/h1>\n<\/div>\n<p>&nbsp;<\/p>\n","protected":false},"excerpt":{"rendered":"<p>Ingresa aqu\u00ed y revisa el programa de actividades del D\u00eda de la Astronom\u00eda 2020 en la regi\u00f3n de Los Lagos que se desarrollar\u00e1 el 20 de marzo en el Arena Puerto Montt. <\/p>\n","protected":false},"author":36,"featured_media":39138,"comment_status":"open","ping_status":"open","sticky":false,"template":"","format":"standard","meta":{"_acf_changed":false,"_exactmetrics_skip_tracking":false,"_exactmetrics_sitenote_active":false,"_exactmetrics_sitenote_note":"","_exactmetrics_sitenote_category":0,"footnotes":"","_links_to":"","_links_to_target":""},"categories":[151,1],"tags":[107,214,291,274,290,292],"class_list":["post-39135","post","type-post","status-publish","format-standard","has-post-thumbnail","hentry","category-banner","category-sin-categoria","tag-ciencia","tag-dia-de-la-astronomia","tag-ministerio-de-ciencia","tag-par-los-lagos","tag-tods-bajo-el-mismo-cielo","tag-uach-puerto-montt"],"acf":[],"yoast_head":"<!-- This site is optimized with the Yoast SEO plugin v26.7 - https:\/\/yoast.com\/wordpress\/plugins\/seo\/ -->\n<title>Con planetario m\u00f3vil y charlas inclusivas Explora UACh celebrar\u00e1 el D\u00eda de la Astronom\u00eda 2020 - Los Lagos<\/title>\n<meta name=\"robots\" content=\"index, follow, max-snippet:-1, max-image-preview:large, max-video-preview:-1\" \/>\n<link rel=\"canonical\" href=\"https:\/\/dev.explora.cl\/lagos\/celebra-el-dia-de-la-astronomia-2020-tods-bajo-el-mismo-cielo\/\" class=\"yoast-seo-meta-tag\" \/>\n<meta property=\"og:locale\" content=\"es_ES\" class=\"yoast-seo-meta-tag\" \/>\n<meta property=\"og:type\" content=\"article\" class=\"yoast-seo-meta-tag\" \/>\n<meta property=\"og:title\" content=\"Con planetario m\u00f3vil y charlas inclusivas Explora UACh celebrar\u00e1 el D\u00eda de la Astronom\u00eda 2020 - Los Lagos\" class=\"yoast-seo-meta-tag\" \/>\n<meta property=\"og:description\" content=\"Ingresa aqu\u00ed y revisa el programa de actividades del D\u00eda de la Astronom\u00eda 2020 en la regi\u00f3n de Los Lagos que se desarrollar\u00e1 el 20 de marzo en el Arena Puerto Montt.\" class=\"yoast-seo-meta-tag\" \/>\n<meta property=\"og:url\" content=\"https:\/\/dev.explora.cl\/lagos\/celebra-el-dia-de-la-astronomia-2020-tods-bajo-el-mismo-cielo\/\" class=\"yoast-seo-meta-tag\" \/>\n<meta property=\"og:site_name\" content=\"Los Lagos\" class=\"yoast-seo-meta-tag\" \/>\n<meta property=\"article:published_time\" content=\"2020-03-09T16:31:26+00:00\" class=\"yoast-seo-meta-tag\" \/>\n<meta property=\"article:modified_time\" content=\"2020-04-02T22:01:14+00:00\" class=\"yoast-seo-meta-tag\" \/>\n<meta property=\"og:image\" content=\"https:\/\/dev.explora.cl\/lagos\/wp-content\/uploads\/sites\/17\/2020\/03\/PROGRAMA-DIA-DE-LA-ASTRONOM\u00cdA.jpg\" class=\"yoast-seo-meta-tag\" \/>\n\t<meta property=\"og:image:width\" content=\"789\" class=\"yoast-seo-meta-tag\" \/>\n\t<meta property=\"og:image:height\" content=\"493\" class=\"yoast-seo-meta-tag\" \/>\n\t<meta property=\"og:image:type\" content=\"image\/jpeg\" class=\"yoast-seo-meta-tag\" \/>\n<meta name=\"author\" content=\"jvargas\" class=\"yoast-seo-meta-tag\" \/>\n<meta name=\"twitter:card\" content=\"summary_large_image\" class=\"yoast-seo-meta-tag\" \/>\n<meta name=\"twitter:label1\" content=\"Escrito por\" class=\"yoast-seo-meta-tag\" \/>\n\t<meta name=\"twitter:data1\" content=\"jvargas\" class=\"yoast-seo-meta-tag\" \/>\n\t<meta name=\"twitter:label2\" content=\"Tiempo de lectura\" class=\"yoast-seo-meta-tag\" \/>\n\t<meta name=\"twitter:data2\" content=\"4 minutos\" class=\"yoast-seo-meta-tag\" \/>\n<script type=\"application\/ld+json\" class=\"yoast-schema-graph\">{\"@context\":\"https:\/\/schema.org\",\"@graph\":[{\"@type\":\"Article\",\"@id\":\"https:\/\/dev.explora.cl\/lagos\/celebra-el-dia-de-la-astronomia-2020-tods-bajo-el-mismo-cielo\/#article\",\"isPartOf\":{\"@id\":\"https:\/\/dev.explora.cl\/lagos\/celebra-el-dia-de-la-astronomia-2020-tods-bajo-el-mismo-cielo\/\"},\"author\":{\"name\":\"jvargas\",\"@id\":\"https:\/\/dev.explora.cl\/lagos\/#\/schema\/person\/6608d3ee9ea0b0daeaf12289528fc582\"},\"headline\":\"Con planetario m\u00f3vil y charlas inclusivas Explora UACh celebrar\u00e1 el D\u00eda de la Astronom\u00eda 2020\",\"datePublished\":\"2020-03-09T16:31:26+00:00\",\"dateModified\":\"2020-04-02T22:01:14+00:00\",\"mainEntityOfPage\":{\"@id\":\"https:\/\/dev.explora.cl\/lagos\/celebra-el-dia-de-la-astronomia-2020-tods-bajo-el-mismo-cielo\/\"},\"wordCount\":811,\"commentCount\":0,\"image\":{\"@id\":\"https:\/\/dev.explora.cl\/lagos\/celebra-el-dia-de-la-astronomia-2020-tods-bajo-el-mismo-cielo\/#primaryimage\"},\"thumbnailUrl\":\"https:\/\/dev.explora.cl\/lagos\/wp-content\/uploads\/sites\/17\/2020\/03\/PROGRAMA-DIA-DE-LA-ASTRONOM\u00cdA.jpg\",\"keywords\":[\"ciencia\",\"D\u00eda de la Astronom\u00eda\",\"Ministerio de Ciencia\",\"PAR Los Lagos\",\"Tod@s Bajo el mismo cielo\",\"UACh Puerto Montt\"],\"articleSection\":[\"Banner\"],\"inLanguage\":\"es\",\"potentialAction\":[{\"@type\":\"CommentAction\",\"name\":\"Comment\",\"target\":[\"https:\/\/dev.explora.cl\/lagos\/celebra-el-dia-de-la-astronomia-2020-tods-bajo-el-mismo-cielo\/#respond\"]}]},{\"@type\":\"WebPage\",\"@id\":\"https:\/\/dev.explora.cl\/lagos\/celebra-el-dia-de-la-astronomia-2020-tods-bajo-el-mismo-cielo\/\",\"url\":\"https:\/\/dev.explora.cl\/lagos\/celebra-el-dia-de-la-astronomia-2020-tods-bajo-el-mismo-cielo\/\",\"name\":\"Con planetario m\u00f3vil y charlas inclusivas Explora UACh celebrar\u00e1 el D\u00eda de la Astronom\u00eda 2020 - Los Lagos\",\"isPartOf\":{\"@id\":\"https:\/\/dev.explora.cl\/lagos\/#website\"},\"primaryImageOfPage\":{\"@id\":\"https:\/\/dev.explora.cl\/lagos\/celebra-el-dia-de-la-astronomia-2020-tods-bajo-el-mismo-cielo\/#primaryimage\"},\"image\":{\"@id\":\"https:\/\/dev.explora.cl\/lagos\/celebra-el-dia-de-la-astronomia-2020-tods-bajo-el-mismo-cielo\/#primaryimage\"},\"thumbnailUrl\":\"https:\/\/dev.explora.cl\/lagos\/wp-content\/uploads\/sites\/17\/2020\/03\/PROGRAMA-DIA-DE-LA-ASTRONOM\u00cdA.jpg\",\"datePublished\":\"2020-03-09T16:31:26+00:00\",\"dateModified\":\"2020-04-02T22:01:14+00:00\",\"author\":{\"@id\":\"https:\/\/dev.explora.cl\/lagos\/#\/schema\/person\/6608d3ee9ea0b0daeaf12289528fc582\"},\"breadcrumb\":{\"@id\":\"https:\/\/dev.explora.cl\/lagos\/celebra-el-dia-de-la-astronomia-2020-tods-bajo-el-mismo-cielo\/#breadcrumb\"},\"inLanguage\":\"es\",\"potentialAction\":[{\"@type\":\"ReadAction\",\"target\":[\"https:\/\/dev.explora.cl\/lagos\/celebra-el-dia-de-la-astronomia-2020-tods-bajo-el-mismo-cielo\/\"]}]},{\"@type\":\"ImageObject\",\"inLanguage\":\"es\",\"@id\":\"https:\/\/dev.explora.cl\/lagos\/celebra-el-dia-de-la-astronomia-2020-tods-bajo-el-mismo-cielo\/#primaryimage\",\"url\":\"https:\/\/dev.explora.cl\/lagos\/wp-content\/uploads\/sites\/17\/2020\/03\/PROGRAMA-DIA-DE-LA-ASTRONOM\u00cdA.jpg\",\"contentUrl\":\"https:\/\/dev.explora.cl\/lagos\/wp-content\/uploads\/sites\/17\/2020\/03\/PROGRAMA-DIA-DE-LA-ASTRONOM\u00cdA.jpg\",\"width\":789,\"height\":493},{\"@type\":\"BreadcrumbList\",\"@id\":\"https:\/\/dev.explora.cl\/lagos\/celebra-el-dia-de-la-astronomia-2020-tods-bajo-el-mismo-cielo\/#breadcrumb\",\"itemListElement\":[{\"@type\":\"ListItem\",\"position\":1,\"name\":\"Portada\",\"item\":\"https:\/\/dev.explora.cl\/lagos\/\"},{\"@type\":\"ListItem\",\"position\":2,\"name\":\"Con planetario m\u00f3vil y charlas inclusivas Explora UACh celebrar\u00e1 el D\u00eda de la Astronom\u00eda 2020\"}]},{\"@type\":\"WebSite\",\"@id\":\"https:\/\/dev.explora.cl\/lagos\/#website\",\"url\":\"https:\/\/dev.explora.cl\/lagos\/\",\"name\":\"Los Lagos\",\"description\":\"Otro sitio m\u00e1s de dev.explora.cl\",\"potentialAction\":[{\"@type\":\"SearchAction\",\"target\":{\"@type\":\"EntryPoint\",\"urlTemplate\":\"https:\/\/dev.explora.cl\/lagos\/?s={search_term_string}\"},\"query-input\":{\"@type\":\"PropertyValueSpecification\",\"valueRequired\":true,\"valueName\":\"search_term_string\"}}],\"inLanguage\":\"es\"},{\"@type\":\"Person\",\"@id\":\"https:\/\/dev.explora.cl\/lagos\/#\/schema\/person\/6608d3ee9ea0b0daeaf12289528fc582\",\"name\":\"jvargas\",\"image\":{\"@type\":\"ImageObject\",\"inLanguage\":\"es\",\"@id\":\"https:\/\/dev.explora.cl\/lagos\/#\/schema\/person\/image\/\",\"url\":\"https:\/\/secure.gravatar.com\/avatar\/8a6892fbfb002ef173a244b534b4bbcea4c183fc3fbf7732e64ac89b1d22d482?s=96&d=mm&r=g\",\"contentUrl\":\"https:\/\/secure.gravatar.com\/avatar\/8a6892fbfb002ef173a244b534b4bbcea4c183fc3fbf7732e64ac89b1d22d482?s=96&d=mm&r=g\",\"caption\":\"jvargas\"},\"url\":\"https:\/\/dev.explora.cl\/lagos\/author\/jvargas\/\"}]}<\/script>\n<!-- \/ Yoast SEO plugin. -->","yoast_head_json":{"title":"Con planetario m\u00f3vil y charlas inclusivas Explora UACh celebrar\u00e1 el D\u00eda de la Astronom\u00eda 2020 - Los Lagos","robots":{"index":"index","follow":"follow","max-snippet":"max-snippet:-1","max-image-preview":"max-image-preview:large","max-video-preview":"max-video-preview:-1"},"canonical":"https:\/\/dev.explora.cl\/lagos\/celebra-el-dia-de-la-astronomia-2020-tods-bajo-el-mismo-cielo\/","og_locale":"es_ES","og_type":"article","og_title":"Con planetario m\u00f3vil y charlas inclusivas Explora UACh celebrar\u00e1 el D\u00eda de la Astronom\u00eda 2020 - Los Lagos","og_description":"Ingresa aqu\u00ed y revisa el programa de actividades del D\u00eda de la Astronom\u00eda 2020 en la regi\u00f3n de Los Lagos que se desarrollar\u00e1 el 20 de marzo en el Arena Puerto Montt.","og_url":"https:\/\/dev.explora.cl\/lagos\/celebra-el-dia-de-la-astronomia-2020-tods-bajo-el-mismo-cielo\/","og_site_name":"Los Lagos","article_published_time":"2020-03-09T16:31:26+00:00","article_modified_time":"2020-04-02T22:01:14+00:00","og_image":[{"width":789,"height":493,"url":"https:\/\/dev.explora.cl\/lagos\/wp-content\/uploads\/sites\/17\/2020\/03\/PROGRAMA-DIA-DE-LA-ASTRONOM\u00cdA.jpg","type":"image\/jpeg"}],"author":"jvargas","twitter_card":"summary_large_image","twitter_misc":{"Escrito por":"jvargas","Tiempo de lectura":"4 minutos"},"schema":{"@context":"https:\/\/schema.org","@graph":[{"@type":"Article","@id":"https:\/\/dev.explora.cl\/lagos\/celebra-el-dia-de-la-astronomia-2020-tods-bajo-el-mismo-cielo\/#article","isPartOf":{"@id":"https:\/\/dev.explora.cl\/lagos\/celebra-el-dia-de-la-astronomia-2020-tods-bajo-el-mismo-cielo\/"},"author":{"name":"jvargas","@id":"https:\/\/dev.explora.cl\/lagos\/#\/schema\/person\/6608d3ee9ea0b0daeaf12289528fc582"},"headline":"Con planetario m\u00f3vil y charlas inclusivas Explora UACh celebrar\u00e1 el D\u00eda de la Astronom\u00eda 2020","datePublished":"2020-03-09T16:31:26+00:00","dateModified":"2020-04-02T22:01:14+00:00","mainEntityOfPage":{"@id":"https:\/\/dev.explora.cl\/lagos\/celebra-el-dia-de-la-astronomia-2020-tods-bajo-el-mismo-cielo\/"},"wordCount":811,"commentCount":0,"image":{"@id":"https:\/\/dev.explora.cl\/lagos\/celebra-el-dia-de-la-astronomia-2020-tods-bajo-el-mismo-cielo\/#primaryimage"},"thumbnailUrl":"https:\/\/dev.explora.cl\/lagos\/wp-content\/uploads\/sites\/17\/2020\/03\/PROGRAMA-DIA-DE-LA-ASTRONOM\u00cdA.jpg","keywords":["ciencia","D\u00eda de la Astronom\u00eda","Ministerio de Ciencia","PAR Los Lagos","Tod@s Bajo el mismo cielo","UACh Puerto Montt"],"articleSection":["Banner"],"inLanguage":"es","potentialAction":[{"@type":"CommentAction","name":"Comment","target":["https:\/\/dev.explora.cl\/lagos\/celebra-el-dia-de-la-astronomia-2020-tods-bajo-el-mismo-cielo\/#respond"]}]},{"@type":"WebPage","@id":"https:\/\/dev.explora.cl\/lagos\/celebra-el-dia-de-la-astronomia-2020-tods-bajo-el-mismo-cielo\/","url":"https:\/\/dev.explora.cl\/lagos\/celebra-el-dia-de-la-astronomia-2020-tods-bajo-el-mismo-cielo\/","name":"Con planetario m\u00f3vil y charlas inclusivas Explora UACh celebrar\u00e1 el D\u00eda de la Astronom\u00eda 2020 - Los Lagos","isPartOf":{"@id":"https:\/\/dev.explora.cl\/lagos\/#website"},"primaryImageOfPage":{"@id":"https:\/\/dev.explora.cl\/lagos\/celebra-el-dia-de-la-astronomia-2020-tods-bajo-el-mismo-cielo\/#primaryimage"},"image":{"@id":"https:\/\/dev.explora.cl\/lagos\/celebra-el-dia-de-la-astronomia-2020-tods-bajo-el-mismo-cielo\/#primaryimage"},"thumbnailUrl":"https:\/\/dev.explora.cl\/lagos\/wp-content\/uploads\/sites\/17\/2020\/03\/PROGRAMA-DIA-DE-LA-ASTRONOM\u00cdA.jpg","datePublished":"2020-03-09T16:31:26+00:00","dateModified":"2020-04-02T22:01:14+00:00","author":{"@id":"https:\/\/dev.explora.cl\/lagos\/#\/schema\/person\/6608d3ee9ea0b0daeaf12289528fc582"},"breadcrumb":{"@id":"https:\/\/dev.explora.cl\/lagos\/celebra-el-dia-de-la-astronomia-2020-tods-bajo-el-mismo-cielo\/#breadcrumb"},"inLanguage":"es","potentialAction":[{"@type":"ReadAction","target":["https:\/\/dev.explora.cl\/lagos\/celebra-el-dia-de-la-astronomia-2020-tods-bajo-el-mismo-cielo\/"]}]},{"@type":"ImageObject","inLanguage":"es","@id":"https:\/\/dev.explora.cl\/lagos\/celebra-el-dia-de-la-astronomia-2020-tods-bajo-el-mismo-cielo\/#primaryimage","url":"https:\/\/dev.explora.cl\/lagos\/wp-content\/uploads\/sites\/17\/2020\/03\/PROGRAMA-DIA-DE-LA-ASTRONOM\u00cdA.jpg","contentUrl":"https:\/\/dev.explora.cl\/lagos\/wp-content\/uploads\/sites\/17\/2020\/03\/PROGRAMA-DIA-DE-LA-ASTRONOM\u00cdA.jpg","width":789,"height":493},{"@type":"BreadcrumbList","@id":"https:\/\/dev.explora.cl\/lagos\/celebra-el-dia-de-la-astronomia-2020-tods-bajo-el-mismo-cielo\/#breadcrumb","itemListElement":[{"@type":"ListItem","position":1,"name":"Portada","item":"https:\/\/dev.explora.cl\/lagos\/"},{"@type":"ListItem","position":2,"name":"Con planetario m\u00f3vil y charlas inclusivas Explora UACh celebrar\u00e1 el D\u00eda de la Astronom\u00eda 2020"}]},{"@type":"WebSite","@id":"https:\/\/dev.explora.cl\/lagos\/#website","url":"https:\/\/dev.explora.cl\/lagos\/","name":"Los Lagos","description":"Otro sitio m\u00e1s de dev.explora.cl","potentialAction":[{"@type":"SearchAction","target":{"@type":"EntryPoint","urlTemplate":"https:\/\/dev.explora.cl\/lagos\/?s={search_term_string}"},"query-input":{"@type":"PropertyValueSpecification","valueRequired":true,"valueName":"search_term_string"}}],"inLanguage":"es"},{"@type":"Person","@id":"https:\/\/dev.explora.cl\/lagos\/#\/schema\/person\/6608d3ee9ea0b0daeaf12289528fc582","name":"jvargas","image":{"@type":"ImageObject","inLanguage":"es","@id":"https:\/\/dev.explora.cl\/lagos\/#\/schema\/person\/image\/","url":"https:\/\/secure.gravatar.com\/avatar\/8a6892fbfb002ef173a244b534b4bbcea4c183fc3fbf7732e64ac89b1d22d482?s=96&d=mm&r=g","contentUrl":"https:\/\/secure.gravatar.com\/avatar\/8a6892fbfb002ef173a244b534b4bbcea4c183fc3fbf7732e64ac89b1d22d482?s=96&d=mm&r=g","caption":"jvargas"},"url":"https:\/\/dev.explora.cl\/lagos\/author\/jvargas\/"}]}},"_links":{"self":[{"href":"https:\/\/dev.explora.cl\/lagos\/wp-json\/wp\/v2\/posts\/39135","targetHints":{"allow":["GET"]}}],"collection":[{"href":"https:\/\/dev.explora.cl\/lagos\/wp-json\/wp\/v2\/posts"}],"about":[{"href":"https:\/\/dev.explora.cl\/lagos\/wp-json\/wp\/v2\/types\/post"}],"author":[{"embeddable":true,"href":"https:\/\/dev.explora.cl\/lagos\/wp-json\/wp\/v2\/users\/36"}],"replies":[{"embeddable":true,"href":"https:\/\/dev.explora.cl\/lagos\/wp-json\/wp\/v2\/comments?post=39135"}],"version-history":[{"count":10,"href":"https:\/\/dev.explora.cl\/lagos\/wp-json\/wp\/v2\/posts\/39135\/revisions"}],"predecessor-version":[{"id":39142,"href":"https:\/\/dev.explora.cl\/lagos\/wp-json\/wp\/v2\/posts\/39135\/revisions\/39142"}],"wp:featuredmedia":[{"embeddable":true,"href":"https:\/\/dev.explora.cl\/lagos\/wp-json\/wp\/v2\/media\/39138"}],"wp:attachment":[{"href":"https:\/\/dev.explora.cl\/lagos\/wp-json\/wp\/v2\/media?parent=39135"}],"wp:term":[{"taxonomy":"category","embeddable":true,"href":"https:\/\/dev.explora.cl\/lagos\/wp-json\/wp\/v2\/categories?post=39135"},{"taxonomy":"post_tag","embeddable":true,"href":"https:\/\/dev.explora.cl\/lagos\/wp-json\/wp\/v2\/tags?post=39135"}],"curies":[{"name":"wp","href":"https:\/\/api.w.org\/{rel}","templated":true}]}}