{"id":38466,"date":"2019-06-06T20:04:19","date_gmt":"2019-06-06T20:04:19","guid":{"rendered":"https:\/\/dev.explora.cl\/lagos\/?p=38466"},"modified":"2019-06-06T20:17:42","modified_gmt":"2019-06-06T20:17:42","slug":"programa-para-parvulos-1-2","status":"publish","type":"post","link":"https:\/\/dev.explora.cl\/lagos\/programa-para-parvulos-1-2\/","title":{"rendered":"Programas de Educaci\u00f3n al Aire Libre"},"content":{"rendered":"<p>[vc_row][vc_column width=\u00bb2\/3&#8243;][vc_column_text]<\/p>\n<p align=\"JUSTIFY\"><span style=\"color: #000000\"><span style=\"font-family: Arial, serif\">El programa incluye cinco circuitos, el <\/span><\/span><span style=\"color: #000000\"><span style=\"font-family: Arial, serif\"><b>Recorrido Sendero<\/b><\/span><\/span><span style=\"color: #000000\"><span style=\"font-family: Arial, serif\"><b> de los Sentidos<\/b><\/span><\/span><span style=\"color: #000000\"><span style=\"font-family: Arial, serif\"> en el Monumento Natural Lahuen \u00d1adi, el <\/span><\/span><span style=\"color: #000000\"><span style=\"font-family: Arial, serif\"><b>Circuito del Agua<\/b><\/span><\/span><span style=\"color: #000000\"><span style=\"font-family: Arial, serif\"> en la ciudad de Llanquihue, el <\/span><\/span><span style=\"color: #000000\"><span style=\"font-family: Arial, serif\"><b>Circuito Patrimonial de Puerto Varas<\/b><\/span><\/span><span style=\"color: #000000\"><span style=\"font-family: Arial, serif\"> en el casco hist\u00f3rico de la ciudad, el <\/span><\/span><span style=\"color: #000000\"><span style=\"font-family: Arial, serif\"><b>Taller Vulcanol\u00f3gico<\/b><\/span><\/span><span style=\"color: #000000\"><span style=\"font-family: Arial, serif\"> en el Centro de Interpretaci\u00f3n Pirepillan del Volc\u00e1n Osorno y el <\/span><\/span><span style=\"color: #000000\"><span style=\"font-family: Arial, serif\"><b>Taller de Turberas <\/b><\/span><\/span><span style=\"color: #000000\"><span style=\"font-family: Arial, serif\">en el humedal de P\u00falpito en Chonchi. Cada programa est\u00e1 adaptado a un nivel educativo cumpliendo con los objetivos de aprendizaje propuestos en el curriculum educativo.<\/span><\/span><\/p>\n<p align=\"JUSTIFY\"><span style=\"color: #000000\"><span style=\"font-family: Arial, serif\">El Monumento Natural Lahuen \u00d1adi est\u00e1 ubicado en la comuna de Puerto Montt, sector Lagunitas, es este lugar se desarrolla el <\/span><\/span><span style=\"color: #000000\"><span style=\"font-family: Arial, serif\"><b>Sendero de los Sentidos<\/b><\/span><\/span><span style=\"color: #000000\"><span style=\"font-family: Arial, serif\">, en el cual, los y las estudiantes podr\u00e1n comprender la importancia de conservar ecosistemas de especies nativas, a trav\u00e9s de la visita a un relicto de bosques de alerce (<\/span><\/span><span style=\"color: #000000\"><span style=\"font-family: Arial, serif\"><i>Fitzroya cupressoides<\/i><\/span><\/span><span style=\"color: #000000\"><span style=\"font-family: Arial, serif\">) del valle central.<\/span><\/span><\/p>\n<p align=\"JUSTIFY\"><span style=\"color: #000000\"><span style=\"font-family: Arial, serif\">El <\/span><\/span><span style=\"color: #000000\"><span style=\"font-family: Arial, serif\"><b>Circuito del Agua <\/b><\/span><\/span><span style=\"color: #000000\"><span style=\"font-family: Arial, serif\">se desarrolla en <\/span><\/span><span style=\"color: #000000\"><span style=\"font-family: Arial, serif\">la ciudad de Llanquihue, donde los ni\u00f1os y ni\u00f1as recorren diversas estaciones visitando los cuerpos de agua dulce que est\u00e1n insertos en la ciudad, como lo son el Lago Llanquihue, el R\u00edo Maull\u00edn, el Humedal de las Ranas, el Humedal de los Helechos y la Laguna de los Lotos.<\/span><\/span><\/p>\n<p align=\"JUSTIFY\"><span style=\"color: #000000\"><span style=\"font-family: Arial, serif\">El <\/span><\/span><span style=\"color: #000000\"><span style=\"font-family: Arial, serif\"><b>Taller de Turberas <\/b><\/span><\/span><span style=\"color: #000000\"><span style=\"font-family: Arial, serif\">en el humedal de P\u00falpito de Chonchi, busca la experimentaci\u00f3n entorno al poder de absorci\u00f3n y de filtraci\u00f3n del musgo pomp\u00f3n (<\/span><\/span><span style=\"color: #000000\"><span style=\"font-family: Arial, serif\"><i>Sphagnum magellanicum<\/i><\/span><\/span><span style=\"color: #000000\"><span style=\"font-family: Arial, serif\">), adem\u00e1s de la exploraci\u00f3n de la biodiversidad presente en estos ecosistemas de agua dulce a trav\u00e9s de actividades l\u00fadicas y educativas.<\/span><\/span><\/p>\n<p align=\"JUSTIFY\"><span style=\"color: #000000\"><span style=\"font-family: Arial, serif\">El <\/span><\/span><span style=\"color: #000000\"><span style=\"font-family: Arial, serif\"><b>Circuito Patrimonial de Puerto Varas, <\/b><\/span><\/span><span style=\"color: #000000\"><span style=\"font-family: Arial, serif\">consiste en un viaje al pasado a trav\u00e9s de la visita a casas patrimoniales de la ciudad, as\u00ed como tambi\u00e9n, a la antigua f\u00e1brica de juguetes de madera que es ahora la Sala Interpretativa de la Jugueter\u00eda Brintrup Hertling, que muestra la importancia del oficio juguetero como parte de la herencia e historia de una familia de colonos. Adem\u00e1s, recorre la Galer\u00eda Sur Vivo y su maravillosa exposici\u00f3n de fotograf\u00edas que se complementa con los sonidos de las especies expuestas.<\/span><\/span><\/p>\n<p align=\"JUSTIFY\"><span style=\"color: #000000\"><span style=\"font-family: Arial, serif\">Finalmente,<\/span><\/span><span style=\"color: #000000\"><span style=\"font-family: Arial, serif\"> el<\/span><\/span><span style=\"color: #000000\"><span style=\"font-family: Arial, serif\"><b> Taller Vulcanol\u00f3gico, <\/b><\/span><\/span><span style=\"color: #000000\"><span style=\"font-family: Arial, serif\">consiste en el descenso a<\/span><\/span><b> <\/b><span style=\"color: #000000\"><span style=\"font-family: Arial, serif\">un cr\u00e1ter y t\u00fanel producido por los lahares de magma, que muestran la huella de los \u00faltimos procesos eruptivos del Volc\u00e1n Osorno. Tambi\u00e9n visitan <\/span><\/span><span style=\"color: #000000\"><span style=\"font-family: Arial, serif\">el Centro de interpretaci\u00f3n Pirepillan, que es un lugar especialmente equipado con paneles interpretativos para comunicar a los estudiantes contenidos sobre vulcanolog\u00eda, historia y biodiversidad local.<\/span><\/span><\/p>\n<p>[\/vc_column_text][\/vc_column][vc_column width=\u00bb1\/3&#8243;][vc_single_image image=\u00bb38467&#8243; img_size=\u00bbfull\u00bb css=\u00bb.vc_custom_1559850879305{margin-bottom: 0px !important;border-bottom-width: 0px !important;padding-bottom: 0px !important;}\u00bb][vc_btn title=\u00bbPARA INSCRIBIRTE CONT\u00c1CTANOS AQU\u00cd\u00bb style=\u00bbcustom\u00bb custom_background=\u00bb#0c0000&#8243; custom_text=\u00bb#ffffff\u00bb shape=\u00bbsquare\u00bb size=\u00bbsm\u00bb align=\u00bbcenter\u00bb button_block=\u00bbtrue\u00bb link=\u00bburl:https%3A%2F%2Fdev.explora.cl%2Flagos%2Fquienes-somos%2F||target:%20_blank|\u00bb css=\u00bb.vc_custom_1559145739695{padding-top: 15px !important;}\u00bb][\/vc_column][\/vc_row][vc_row][vc_column width=\u00bb1\/3&#8243;][\/vc_column][vc_column width=\u00bb1\/3&#8243;][\/vc_column][vc_column][\/vc_column][\/vc_row]<\/p>\n","protected":false},"excerpt":{"rendered":"<p>Los Programas de Educaci\u00f3n al Aire Libre, son una iniciativa que busca que los y las estudiantes de la regi\u00f3n salgan de las aulas y experimenten aprendizajes significativos al aire libre en entornos rurales y urbanos, ya sea inmersos en la biodiversidad del sur de Chile o apreciando el patrimonio cultural de nuestra regi\u00f3n guiados por monitores especializados.<\/p>\n","protected":false},"author":36,"featured_media":38468,"comment_status":"closed","ping_status":"open","sticky":false,"template":"","format":"standard","meta":{"_acf_changed":false,"_exactmetrics_skip_tracking":false,"_exactmetrics_sitenote_active":false,"_exactmetrics_sitenote_note":"","_exactmetrics_sitenote_category":0,"footnotes":"","_links_to":"","_links_to_target":""},"categories":[127,116],"tags":[241,240,243,105,164,242],"class_list":["post-38466","post","type-post","status-publish","format-standard","has-post-thumbnail","hentry","category-iniciativas_publ_grl","category-para-comunidad-escolar","tag-aire-libre","tag-ambiental","tag-cyt","tag-educacion","tag-explora-los-lagos","tag-parexploraconicytloslagos"],"acf":[],"yoast_head":"<!-- This site is optimized with the Yoast SEO plugin v26.7 - https:\/\/yoast.com\/wordpress\/plugins\/seo\/ -->\n<title>Programas de Educaci\u00f3n al Aire Libre - Los Lagos<\/title>\n<meta name=\"robots\" content=\"index, follow, max-snippet:-1, max-image-preview:large, max-video-preview:-1\" \/>\n<link rel=\"canonical\" href=\"https:\/\/dev.explora.cl\/lagos\/programa-para-parvulos-1-2\/\" class=\"yoast-seo-meta-tag\" \/>\n<meta property=\"og:locale\" content=\"es_ES\" class=\"yoast-seo-meta-tag\" \/>\n<meta property=\"og:type\" content=\"article\" class=\"yoast-seo-meta-tag\" \/>\n<meta property=\"og:title\" content=\"Programas de Educaci\u00f3n al Aire Libre - Los Lagos\" class=\"yoast-seo-meta-tag\" \/>\n<meta property=\"og:description\" content=\"Los Programas de Educaci\u00f3n al Aire Libre, son una iniciativa que busca que los y las estudiantes de la regi\u00f3n salgan de las aulas y experimenten aprendizajes significativos al aire libre en entornos rurales y urbanos, ya sea inmersos en la biodiversidad del sur de Chile o apreciando el patrimonio cultural de nuestra regi\u00f3n guiados por monitores especializados.\" class=\"yoast-seo-meta-tag\" \/>\n<meta property=\"og:url\" content=\"https:\/\/dev.explora.cl\/lagos\/programa-para-parvulos-1-2\/\" class=\"yoast-seo-meta-tag\" \/>\n<meta property=\"og:site_name\" content=\"Los Lagos\" class=\"yoast-seo-meta-tag\" \/>\n<meta property=\"article:published_time\" content=\"2019-06-06T20:04:19+00:00\" class=\"yoast-seo-meta-tag\" \/>\n<meta property=\"article:modified_time\" content=\"2019-06-06T20:17:42+00:00\" class=\"yoast-seo-meta-tag\" \/>\n<meta property=\"og:image\" content=\"https:\/\/dev.explora.cl\/lagos\/wp-content\/uploads\/sites\/17\/2019\/06\/PROGRAMA-DE-EDUCACI\u00d3N-AL-AIRE-LIBRE-VERDE-1-1024x682.jpg\" class=\"yoast-seo-meta-tag\" \/>\n\t<meta property=\"og:image:width\" content=\"1024\" class=\"yoast-seo-meta-tag\" \/>\n\t<meta property=\"og:image:height\" content=\"682\" class=\"yoast-seo-meta-tag\" \/>\n\t<meta property=\"og:image:type\" content=\"image\/jpeg\" class=\"yoast-seo-meta-tag\" \/>\n<meta name=\"author\" content=\"jvargas\" class=\"yoast-seo-meta-tag\" \/>\n<meta name=\"twitter:card\" content=\"summary_large_image\" class=\"yoast-seo-meta-tag\" \/>\n<meta name=\"twitter:label1\" content=\"Escrito por\" class=\"yoast-seo-meta-tag\" \/>\n\t<meta name=\"twitter:data1\" content=\"jvargas\" class=\"yoast-seo-meta-tag\" \/>\n\t<meta name=\"twitter:label2\" content=\"Tiempo de lectura\" class=\"yoast-seo-meta-tag\" \/>\n\t<meta name=\"twitter:data2\" content=\"3 minutos\" class=\"yoast-seo-meta-tag\" \/>\n<script type=\"application\/ld+json\" class=\"yoast-schema-graph\">{\"@context\":\"https:\/\/schema.org\",\"@graph\":[{\"@type\":\"Article\",\"@id\":\"https:\/\/dev.explora.cl\/lagos\/programa-para-parvulos-1-2\/#article\",\"isPartOf\":{\"@id\":\"https:\/\/dev.explora.cl\/lagos\/programa-para-parvulos-1-2\/\"},\"author\":{\"name\":\"jvargas\",\"@id\":\"https:\/\/dev.explora.cl\/lagos\/#\/schema\/person\/6608d3ee9ea0b0daeaf12289528fc582\"},\"headline\":\"Programas de Educaci\u00f3n al Aire Libre\",\"datePublished\":\"2019-06-06T20:04:19+00:00\",\"dateModified\":\"2019-06-06T20:17:42+00:00\",\"mainEntityOfPage\":{\"@id\":\"https:\/\/dev.explora.cl\/lagos\/programa-para-parvulos-1-2\/\"},\"wordCount\":534,\"image\":{\"@id\":\"https:\/\/dev.explora.cl\/lagos\/programa-para-parvulos-1-2\/#primaryimage\"},\"thumbnailUrl\":\"https:\/\/dev.explora.cl\/lagos\/wp-content\/uploads\/sites\/17\/2019\/06\/PROGRAMA-DE-EDUCACI\u00d3N-AL-AIRE-LIBRE-VERDE-1.jpg\",\"keywords\":[\"aire libre\",\"ambiental\",\"CYT\",\"educaci\u00f3n\",\"Explora Los Lagos.\",\"PAREXPLORACONICYTLOSLAGOS\"],\"articleSection\":[\"Iniciativas\",\"Para Comunidad Escolar\"],\"inLanguage\":\"es\"},{\"@type\":\"WebPage\",\"@id\":\"https:\/\/dev.explora.cl\/lagos\/programa-para-parvulos-1-2\/\",\"url\":\"https:\/\/dev.explora.cl\/lagos\/programa-para-parvulos-1-2\/\",\"name\":\"Programas de Educaci\u00f3n al Aire Libre - Los Lagos\",\"isPartOf\":{\"@id\":\"https:\/\/dev.explora.cl\/lagos\/#website\"},\"primaryImageOfPage\":{\"@id\":\"https:\/\/dev.explora.cl\/lagos\/programa-para-parvulos-1-2\/#primaryimage\"},\"image\":{\"@id\":\"https:\/\/dev.explora.cl\/lagos\/programa-para-parvulos-1-2\/#primaryimage\"},\"thumbnailUrl\":\"https:\/\/dev.explora.cl\/lagos\/wp-content\/uploads\/sites\/17\/2019\/06\/PROGRAMA-DE-EDUCACI\u00d3N-AL-AIRE-LIBRE-VERDE-1.jpg\",\"datePublished\":\"2019-06-06T20:04:19+00:00\",\"dateModified\":\"2019-06-06T20:17:42+00:00\",\"author\":{\"@id\":\"https:\/\/dev.explora.cl\/lagos\/#\/schema\/person\/6608d3ee9ea0b0daeaf12289528fc582\"},\"breadcrumb\":{\"@id\":\"https:\/\/dev.explora.cl\/lagos\/programa-para-parvulos-1-2\/#breadcrumb\"},\"inLanguage\":\"es\",\"potentialAction\":[{\"@type\":\"ReadAction\",\"target\":[\"https:\/\/dev.explora.cl\/lagos\/programa-para-parvulos-1-2\/\"]}]},{\"@type\":\"ImageObject\",\"inLanguage\":\"es\",\"@id\":\"https:\/\/dev.explora.cl\/lagos\/programa-para-parvulos-1-2\/#primaryimage\",\"url\":\"https:\/\/dev.explora.cl\/lagos\/wp-content\/uploads\/sites\/17\/2019\/06\/PROGRAMA-DE-EDUCACI\u00d3N-AL-AIRE-LIBRE-VERDE-1.jpg\",\"contentUrl\":\"https:\/\/dev.explora.cl\/lagos\/wp-content\/uploads\/sites\/17\/2019\/06\/PROGRAMA-DE-EDUCACI\u00d3N-AL-AIRE-LIBRE-VERDE-1.jpg\",\"width\":2000,\"height\":1333},{\"@type\":\"BreadcrumbList\",\"@id\":\"https:\/\/dev.explora.cl\/lagos\/programa-para-parvulos-1-2\/#breadcrumb\",\"itemListElement\":[{\"@type\":\"ListItem\",\"position\":1,\"name\":\"Portada\",\"item\":\"https:\/\/dev.explora.cl\/lagos\/\"},{\"@type\":\"ListItem\",\"position\":2,\"name\":\"Programas de Educaci\u00f3n al Aire Libre\"}]},{\"@type\":\"WebSite\",\"@id\":\"https:\/\/dev.explora.cl\/lagos\/#website\",\"url\":\"https:\/\/dev.explora.cl\/lagos\/\",\"name\":\"Los Lagos\",\"description\":\"Otro sitio m\u00e1s de dev.explora.cl\",\"potentialAction\":[{\"@type\":\"SearchAction\",\"target\":{\"@type\":\"EntryPoint\",\"urlTemplate\":\"https:\/\/dev.explora.cl\/lagos\/?s={search_term_string}\"},\"query-input\":{\"@type\":\"PropertyValueSpecification\",\"valueRequired\":true,\"valueName\":\"search_term_string\"}}],\"inLanguage\":\"es\"},{\"@type\":\"Person\",\"@id\":\"https:\/\/dev.explora.cl\/lagos\/#\/schema\/person\/6608d3ee9ea0b0daeaf12289528fc582\",\"name\":\"jvargas\",\"image\":{\"@type\":\"ImageObject\",\"inLanguage\":\"es\",\"@id\":\"https:\/\/dev.explora.cl\/lagos\/#\/schema\/person\/image\/\",\"url\":\"https:\/\/secure.gravatar.com\/avatar\/8a6892fbfb002ef173a244b534b4bbcea4c183fc3fbf7732e64ac89b1d22d482?s=96&d=mm&r=g\",\"contentUrl\":\"https:\/\/secure.gravatar.com\/avatar\/8a6892fbfb002ef173a244b534b4bbcea4c183fc3fbf7732e64ac89b1d22d482?s=96&d=mm&r=g\",\"caption\":\"jvargas\"},\"url\":\"https:\/\/dev.explora.cl\/lagos\/author\/jvargas\/\"}]}<\/script>\n<!-- \/ Yoast SEO plugin. -->","yoast_head_json":{"title":"Programas de Educaci\u00f3n al Aire Libre - Los Lagos","robots":{"index":"index","follow":"follow","max-snippet":"max-snippet:-1","max-image-preview":"max-image-preview:large","max-video-preview":"max-video-preview:-1"},"canonical":"https:\/\/dev.explora.cl\/lagos\/programa-para-parvulos-1-2\/","og_locale":"es_ES","og_type":"article","og_title":"Programas de Educaci\u00f3n al Aire Libre - Los Lagos","og_description":"Los Programas de Educaci\u00f3n al Aire Libre, son una iniciativa que busca que los y las estudiantes de la regi\u00f3n salgan de las aulas y experimenten aprendizajes significativos al aire libre en entornos rurales y urbanos, ya sea inmersos en la biodiversidad del sur de Chile o apreciando el patrimonio cultural de nuestra regi\u00f3n guiados por monitores especializados.","og_url":"https:\/\/dev.explora.cl\/lagos\/programa-para-parvulos-1-2\/","og_site_name":"Los Lagos","article_published_time":"2019-06-06T20:04:19+00:00","article_modified_time":"2019-06-06T20:17:42+00:00","og_image":[{"width":1024,"height":682,"url":"https:\/\/dev.explora.cl\/lagos\/wp-content\/uploads\/sites\/17\/2019\/06\/PROGRAMA-DE-EDUCACI\u00d3N-AL-AIRE-LIBRE-VERDE-1-1024x682.jpg","type":"image\/jpeg"}],"author":"jvargas","twitter_card":"summary_large_image","twitter_misc":{"Escrito por":"jvargas","Tiempo de lectura":"3 minutos"},"schema":{"@context":"https:\/\/schema.org","@graph":[{"@type":"Article","@id":"https:\/\/dev.explora.cl\/lagos\/programa-para-parvulos-1-2\/#article","isPartOf":{"@id":"https:\/\/dev.explora.cl\/lagos\/programa-para-parvulos-1-2\/"},"author":{"name":"jvargas","@id":"https:\/\/dev.explora.cl\/lagos\/#\/schema\/person\/6608d3ee9ea0b0daeaf12289528fc582"},"headline":"Programas de Educaci\u00f3n al Aire Libre","datePublished":"2019-06-06T20:04:19+00:00","dateModified":"2019-06-06T20:17:42+00:00","mainEntityOfPage":{"@id":"https:\/\/dev.explora.cl\/lagos\/programa-para-parvulos-1-2\/"},"wordCount":534,"image":{"@id":"https:\/\/dev.explora.cl\/lagos\/programa-para-parvulos-1-2\/#primaryimage"},"thumbnailUrl":"https:\/\/dev.explora.cl\/lagos\/wp-content\/uploads\/sites\/17\/2019\/06\/PROGRAMA-DE-EDUCACI\u00d3N-AL-AIRE-LIBRE-VERDE-1.jpg","keywords":["aire libre","ambiental","CYT","educaci\u00f3n","Explora Los Lagos.","PAREXPLORACONICYTLOSLAGOS"],"articleSection":["Iniciativas","Para Comunidad Escolar"],"inLanguage":"es"},{"@type":"WebPage","@id":"https:\/\/dev.explora.cl\/lagos\/programa-para-parvulos-1-2\/","url":"https:\/\/dev.explora.cl\/lagos\/programa-para-parvulos-1-2\/","name":"Programas de Educaci\u00f3n al Aire Libre - Los Lagos","isPartOf":{"@id":"https:\/\/dev.explora.cl\/lagos\/#website"},"primaryImageOfPage":{"@id":"https:\/\/dev.explora.cl\/lagos\/programa-para-parvulos-1-2\/#primaryimage"},"image":{"@id":"https:\/\/dev.explora.cl\/lagos\/programa-para-parvulos-1-2\/#primaryimage"},"thumbnailUrl":"https:\/\/dev.explora.cl\/lagos\/wp-content\/uploads\/sites\/17\/2019\/06\/PROGRAMA-DE-EDUCACI\u00d3N-AL-AIRE-LIBRE-VERDE-1.jpg","datePublished":"2019-06-06T20:04:19+00:00","dateModified":"2019-06-06T20:17:42+00:00","author":{"@id":"https:\/\/dev.explora.cl\/lagos\/#\/schema\/person\/6608d3ee9ea0b0daeaf12289528fc582"},"breadcrumb":{"@id":"https:\/\/dev.explora.cl\/lagos\/programa-para-parvulos-1-2\/#breadcrumb"},"inLanguage":"es","potentialAction":[{"@type":"ReadAction","target":["https:\/\/dev.explora.cl\/lagos\/programa-para-parvulos-1-2\/"]}]},{"@type":"ImageObject","inLanguage":"es","@id":"https:\/\/dev.explora.cl\/lagos\/programa-para-parvulos-1-2\/#primaryimage","url":"https:\/\/dev.explora.cl\/lagos\/wp-content\/uploads\/sites\/17\/2019\/06\/PROGRAMA-DE-EDUCACI\u00d3N-AL-AIRE-LIBRE-VERDE-1.jpg","contentUrl":"https:\/\/dev.explora.cl\/lagos\/wp-content\/uploads\/sites\/17\/2019\/06\/PROGRAMA-DE-EDUCACI\u00d3N-AL-AIRE-LIBRE-VERDE-1.jpg","width":2000,"height":1333},{"@type":"BreadcrumbList","@id":"https:\/\/dev.explora.cl\/lagos\/programa-para-parvulos-1-2\/#breadcrumb","itemListElement":[{"@type":"ListItem","position":1,"name":"Portada","item":"https:\/\/dev.explora.cl\/lagos\/"},{"@type":"ListItem","position":2,"name":"Programas de Educaci\u00f3n al Aire Libre"}]},{"@type":"WebSite","@id":"https:\/\/dev.explora.cl\/lagos\/#website","url":"https:\/\/dev.explora.cl\/lagos\/","name":"Los Lagos","description":"Otro sitio m\u00e1s de dev.explora.cl","potentialAction":[{"@type":"SearchAction","target":{"@type":"EntryPoint","urlTemplate":"https:\/\/dev.explora.cl\/lagos\/?s={search_term_string}"},"query-input":{"@type":"PropertyValueSpecification","valueRequired":true,"valueName":"search_term_string"}}],"inLanguage":"es"},{"@type":"Person","@id":"https:\/\/dev.explora.cl\/lagos\/#\/schema\/person\/6608d3ee9ea0b0daeaf12289528fc582","name":"jvargas","image":{"@type":"ImageObject","inLanguage":"es","@id":"https:\/\/dev.explora.cl\/lagos\/#\/schema\/person\/image\/","url":"https:\/\/secure.gravatar.com\/avatar\/8a6892fbfb002ef173a244b534b4bbcea4c183fc3fbf7732e64ac89b1d22d482?s=96&d=mm&r=g","contentUrl":"https:\/\/secure.gravatar.com\/avatar\/8a6892fbfb002ef173a244b534b4bbcea4c183fc3fbf7732e64ac89b1d22d482?s=96&d=mm&r=g","caption":"jvargas"},"url":"https:\/\/dev.explora.cl\/lagos\/author\/jvargas\/"}]}},"_links":{"self":[{"href":"https:\/\/dev.explora.cl\/lagos\/wp-json\/wp\/v2\/posts\/38466","targetHints":{"allow":["GET"]}}],"collection":[{"href":"https:\/\/dev.explora.cl\/lagos\/wp-json\/wp\/v2\/posts"}],"about":[{"href":"https:\/\/dev.explora.cl\/lagos\/wp-json\/wp\/v2\/types\/post"}],"author":[{"embeddable":true,"href":"https:\/\/dev.explora.cl\/lagos\/wp-json\/wp\/v2\/users\/36"}],"replies":[{"embeddable":true,"href":"https:\/\/dev.explora.cl\/lagos\/wp-json\/wp\/v2\/comments?post=38466"}],"version-history":[{"count":6,"href":"https:\/\/dev.explora.cl\/lagos\/wp-json\/wp\/v2\/posts\/38466\/revisions"}],"predecessor-version":[{"id":38474,"href":"https:\/\/dev.explora.cl\/lagos\/wp-json\/wp\/v2\/posts\/38466\/revisions\/38474"}],"wp:featuredmedia":[{"embeddable":true,"href":"https:\/\/dev.explora.cl\/lagos\/wp-json\/wp\/v2\/media\/38468"}],"wp:attachment":[{"href":"https:\/\/dev.explora.cl\/lagos\/wp-json\/wp\/v2\/media?parent=38466"}],"wp:term":[{"taxonomy":"category","embeddable":true,"href":"https:\/\/dev.explora.cl\/lagos\/wp-json\/wp\/v2\/categories?post=38466"},{"taxonomy":"post_tag","embeddable":true,"href":"https:\/\/dev.explora.cl\/lagos\/wp-json\/wp\/v2\/tags?post=38466"}],"curies":[{"name":"wp","href":"https:\/\/api.w.org\/{rel}","templated":true}]}}