{"id":33140,"date":"2019-04-18T03:58:02","date_gmt":"2019-04-18T03:58:02","guid":{"rendered":"https:\/\/dev.explora.cl\/lagos\/?p=33140"},"modified":"2019-06-06T21:22:36","modified_gmt":"2019-06-06T21:22:36","slug":"congreso-regional-de-investigacion-escolar-1","status":"publish","type":"post","link":"https:\/\/dev.explora.cl\/lagos\/congreso-regional-de-investigacion-escolar-1\/","title":{"rendered":"Congreso regional de investigaci\u00f3n escolar"},"content":{"rendered":"<p>[vc_row][vc_column width=\u00bb2\/3&#8243;][vc_column_text]<\/p>\n<p lang=\"es-ES\" align=\"JUSTIFY\"><span style=\"font-family: Times, serif\"><span style=\"font-size: large\"><span style=\"font-family: Arial, serif\"><span style=\"font-size: medium\">Encuentro de divulgaci\u00f3n de investigaciones escolares, donde estudiantes entre 5\u00b0 a\u00f1o de Educaci\u00f3n B\u00e1sica y 4\u00b0 a\u00f1o de Educaci\u00f3n Media, de establecimientos p\u00fablicos, particulares subvencionados y particulares pagados, presentan los resultados de sus proyectos de investigaci\u00f3n, basados en los procesos asociados al desarrollo de competencias cient\u00edficas. A su vez, es una plataforma para compartir, conocer e interactuar con otros ni\u00f1os, ni\u00f1as y adolescentes de otras ciudades y contextos.<\/span><\/span><\/span><\/span><\/p>\n<p lang=\"es-ES\" align=\"JUSTIFY\"><span style=\"font-family: Times, serif\"><span style=\"font-size: large\"><span style=\"font-family: Arial, serif\"><span style=\"font-size: medium\">El objetivo de este congreso es favorecer la comunicaci\u00f3n de los resultados de investigaciones cient\u00edficas o tecnol\u00f3gicas realizadas por ni\u00f1os, ni\u00f1as y j\u00f3venes en sus comunidades escolares, como etapa indispensable para sus procesos de desarrollo de competencias cient\u00edficas y del pensamiento cr\u00edtico reflexivo.<\/span><\/span><\/span><\/span><\/p>\n<p lang=\"es-ES\" align=\"JUSTIFY\"><span style=\"font-family: Times, serif\"><span style=\"font-size: large\"><span style=\"font-family: Arial, serif\"><span style=\"font-size: medium\">El evento se desarrollar\u00e1 entre el 28 y 30 de octubre de 2019.\u00a0<\/span><\/span><\/span><\/span><\/p>\n<p>[\/vc_column_text][\/vc_column][vc_column width=\u00bb1\/3&#8243;][vc_single_image image=\u00bb38439&#8243; img_size=\u00bbfull\u00bb css=\u00bb.vc_custom_1559836156356{margin-bottom: 0px !important;border-bottom-width: 0px !important;padding-bottom: 15px !important;}\u00bb][vc_btn title=\u00bbPARA M\u00c1S INFORMACI\u00d3N CONT\u00c1CTANOS AQU\u00cd\u00bb style=\u00bbcustom\u00bb custom_background=\u00bb#0c0000&#8243; custom_text=\u00bb#ffffff\u00bb shape=\u00bbsquare\u00bb size=\u00bbsm\u00bb align=\u00bbcenter\u00bb button_block=\u00bbtrue\u00bb link=\u00bburl:https%3A%2F%2Fdev.explora.cl%2Flagos%2Fquienes-somos%2F||target:%20_blank|\u00bb css=\u00bb.vc_custom_1559145894425{padding-top: 15px !important;}\u00bb][\/vc_column][\/vc_row][vc_row][vc_column width=\u00bb1\/3&#8243;][\/vc_column][vc_column width=\u00bb1\/3&#8243;][\/vc_column][\/vc_row]<\/p>\n","protected":false},"excerpt":{"rendered":"<p>En esta instancia se exhiben los resultados de las investigaciones cient\u00edficas escolares (ICE) m\u00e1s destacadas de la regi\u00f3n y se escoge aquella investigaci\u00f3n que representar\u00e1 a la regi\u00f3n en el Congreso Nacional de Investigaci\u00f3n Escolar. Adem\u00e1s de la muestra de investigaciones, en este congreso se realizan tambi\u00e9n conversaciones con cient\u00edficos que son dirigidas a todo p\u00fablico.<\/p>\n","protected":false},"author":2,"featured_media":38441,"comment_status":"closed","ping_status":"open","sticky":false,"template":"","format":"standard","meta":{"_acf_changed":false,"_exactmetrics_skip_tracking":false,"_exactmetrics_sitenote_active":false,"_exactmetrics_sitenote_note":"","_exactmetrics_sitenote_category":0,"footnotes":"","_links_to":"","_links_to_target":""},"categories":[128,116],"tags":[107,207,164,76,233],"class_list":["post-33140","post","type-post","status-publish","format-standard","has-post-thumbnail","hentry","category-eventos_publ_grl","category-para-comunidad-escolar","tag-ciencia","tag-congreso-regional-escolar-de-ciencias-y-tecnologia","tag-explora-los-lagos","tag-tecnologia","tag-uach"],"acf":[],"yoast_head":"<!-- This site is optimized with the Yoast SEO plugin v26.7 - https:\/\/yoast.com\/wordpress\/plugins\/seo\/ -->\n<title>Congreso regional de investigaci\u00f3n escolar - Los Lagos<\/title>\n<meta name=\"robots\" content=\"index, follow, max-snippet:-1, max-image-preview:large, max-video-preview:-1\" \/>\n<link rel=\"canonical\" href=\"https:\/\/dev.explora.cl\/lagos\/congreso-regional-de-investigacion-escolar-1\/\" class=\"yoast-seo-meta-tag\" \/>\n<meta property=\"og:locale\" content=\"es_ES\" class=\"yoast-seo-meta-tag\" \/>\n<meta property=\"og:type\" content=\"article\" class=\"yoast-seo-meta-tag\" \/>\n<meta property=\"og:title\" content=\"Congreso regional de investigaci\u00f3n escolar - Los Lagos\" class=\"yoast-seo-meta-tag\" \/>\n<meta property=\"og:description\" content=\"En esta instancia se exhiben los resultados de las investigaciones cient\u00edficas escolares (ICE) m\u00e1s destacadas de la regi\u00f3n y se escoge aquella investigaci\u00f3n que representar\u00e1 a la regi\u00f3n en el Congreso Nacional de Investigaci\u00f3n Escolar. Adem\u00e1s de la muestra de investigaciones, en este congreso se realizan tambi\u00e9n conversaciones con cient\u00edficos que son dirigidas a todo p\u00fablico.\" class=\"yoast-seo-meta-tag\" \/>\n<meta property=\"og:url\" content=\"https:\/\/dev.explora.cl\/lagos\/congreso-regional-de-investigacion-escolar-1\/\" class=\"yoast-seo-meta-tag\" \/>\n<meta property=\"og:site_name\" content=\"Los Lagos\" class=\"yoast-seo-meta-tag\" \/>\n<meta property=\"article:published_time\" content=\"2019-04-18T03:58:02+00:00\" class=\"yoast-seo-meta-tag\" \/>\n<meta property=\"article:modified_time\" content=\"2019-06-06T21:22:36+00:00\" class=\"yoast-seo-meta-tag\" \/>\n<meta property=\"og:image\" content=\"https:\/\/dev.explora.cl\/lagos\/wp-content\/uploads\/sites\/17\/2019\/04\/CIENCIA-2-verde.jpg\" class=\"yoast-seo-meta-tag\" \/>\n\t<meta property=\"og:image:width\" content=\"2048\" class=\"yoast-seo-meta-tag\" \/>\n\t<meta property=\"og:image:height\" content=\"1356\" class=\"yoast-seo-meta-tag\" \/>\n\t<meta property=\"og:image:type\" content=\"image\/jpeg\" class=\"yoast-seo-meta-tag\" \/>\n<meta name=\"author\" content=\"webman\" class=\"yoast-seo-meta-tag\" \/>\n<meta name=\"twitter:card\" content=\"summary_large_image\" class=\"yoast-seo-meta-tag\" \/>\n<meta name=\"twitter:label1\" content=\"Escrito por\" class=\"yoast-seo-meta-tag\" \/>\n\t<meta name=\"twitter:data1\" content=\"webman\" class=\"yoast-seo-meta-tag\" \/>\n\t<meta name=\"twitter:label2\" content=\"Tiempo de lectura\" class=\"yoast-seo-meta-tag\" \/>\n\t<meta name=\"twitter:data2\" content=\"1 minuto\" class=\"yoast-seo-meta-tag\" \/>\n<script type=\"application\/ld+json\" class=\"yoast-schema-graph\">{\"@context\":\"https:\/\/schema.org\",\"@graph\":[{\"@type\":\"Article\",\"@id\":\"https:\/\/dev.explora.cl\/lagos\/congreso-regional-de-investigacion-escolar-1\/#article\",\"isPartOf\":{\"@id\":\"https:\/\/dev.explora.cl\/lagos\/congreso-regional-de-investigacion-escolar-1\/\"},\"author\":{\"name\":\"webman\",\"@id\":\"https:\/\/dev.explora.cl\/lagos\/#\/schema\/person\/cb8349c13ea2d324080adf8480d7ba5d\"},\"headline\":\"Congreso regional de investigaci\u00f3n escolar\",\"datePublished\":\"2019-04-18T03:58:02+00:00\",\"dateModified\":\"2019-06-06T21:22:36+00:00\",\"mainEntityOfPage\":{\"@id\":\"https:\/\/dev.explora.cl\/lagos\/congreso-regional-de-investigacion-escolar-1\/\"},\"wordCount\":244,\"image\":{\"@id\":\"https:\/\/dev.explora.cl\/lagos\/congreso-regional-de-investigacion-escolar-1\/#primaryimage\"},\"thumbnailUrl\":\"https:\/\/dev.explora.cl\/lagos\/wp-content\/uploads\/sites\/17\/2019\/04\/CIENCIA-2-verde.jpg\",\"keywords\":[\"ciencia\",\"Congreso Regional Escolar de Ciencias y Tecnolog\u00eda\",\"Explora Los Lagos.\",\"tecnolog\u00eda\",\"UACh\"],\"articleSection\":[\"Eventos\",\"Para Comunidad Escolar\"],\"inLanguage\":\"es\"},{\"@type\":\"WebPage\",\"@id\":\"https:\/\/dev.explora.cl\/lagos\/congreso-regional-de-investigacion-escolar-1\/\",\"url\":\"https:\/\/dev.explora.cl\/lagos\/congreso-regional-de-investigacion-escolar-1\/\",\"name\":\"Congreso regional de investigaci\u00f3n escolar - Los Lagos\",\"isPartOf\":{\"@id\":\"https:\/\/dev.explora.cl\/lagos\/#website\"},\"primaryImageOfPage\":{\"@id\":\"https:\/\/dev.explora.cl\/lagos\/congreso-regional-de-investigacion-escolar-1\/#primaryimage\"},\"image\":{\"@id\":\"https:\/\/dev.explora.cl\/lagos\/congreso-regional-de-investigacion-escolar-1\/#primaryimage\"},\"thumbnailUrl\":\"https:\/\/dev.explora.cl\/lagos\/wp-content\/uploads\/sites\/17\/2019\/04\/CIENCIA-2-verde.jpg\",\"datePublished\":\"2019-04-18T03:58:02+00:00\",\"dateModified\":\"2019-06-06T21:22:36+00:00\",\"author\":{\"@id\":\"https:\/\/dev.explora.cl\/lagos\/#\/schema\/person\/cb8349c13ea2d324080adf8480d7ba5d\"},\"breadcrumb\":{\"@id\":\"https:\/\/dev.explora.cl\/lagos\/congreso-regional-de-investigacion-escolar-1\/#breadcrumb\"},\"inLanguage\":\"es\",\"potentialAction\":[{\"@type\":\"ReadAction\",\"target\":[\"https:\/\/dev.explora.cl\/lagos\/congreso-regional-de-investigacion-escolar-1\/\"]}]},{\"@type\":\"ImageObject\",\"inLanguage\":\"es\",\"@id\":\"https:\/\/dev.explora.cl\/lagos\/congreso-regional-de-investigacion-escolar-1\/#primaryimage\",\"url\":\"https:\/\/dev.explora.cl\/lagos\/wp-content\/uploads\/sites\/17\/2019\/04\/CIENCIA-2-verde.jpg\",\"contentUrl\":\"https:\/\/dev.explora.cl\/lagos\/wp-content\/uploads\/sites\/17\/2019\/04\/CIENCIA-2-verde.jpg\",\"width\":2048,\"height\":1356},{\"@type\":\"BreadcrumbList\",\"@id\":\"https:\/\/dev.explora.cl\/lagos\/congreso-regional-de-investigacion-escolar-1\/#breadcrumb\",\"itemListElement\":[{\"@type\":\"ListItem\",\"position\":1,\"name\":\"Portada\",\"item\":\"https:\/\/dev.explora.cl\/lagos\/\"},{\"@type\":\"ListItem\",\"position\":2,\"name\":\"Congreso regional de investigaci\u00f3n escolar\"}]},{\"@type\":\"WebSite\",\"@id\":\"https:\/\/dev.explora.cl\/lagos\/#website\",\"url\":\"https:\/\/dev.explora.cl\/lagos\/\",\"name\":\"Los Lagos\",\"description\":\"Otro sitio m\u00e1s de dev.explora.cl\",\"potentialAction\":[{\"@type\":\"SearchAction\",\"target\":{\"@type\":\"EntryPoint\",\"urlTemplate\":\"https:\/\/dev.explora.cl\/lagos\/?s={search_term_string}\"},\"query-input\":{\"@type\":\"PropertyValueSpecification\",\"valueRequired\":true,\"valueName\":\"search_term_string\"}}],\"inLanguage\":\"es\"},{\"@type\":\"Person\",\"@id\":\"https:\/\/dev.explora.cl\/lagos\/#\/schema\/person\/cb8349c13ea2d324080adf8480d7ba5d\",\"name\":\"webman\",\"image\":{\"@type\":\"ImageObject\",\"inLanguage\":\"es\",\"@id\":\"https:\/\/dev.explora.cl\/lagos\/#\/schema\/person\/image\/\",\"url\":\"https:\/\/secure.gravatar.com\/avatar\/eeff3c82f2c02f7177d13663b7e6f890e9a6a0647ce9bb29cae02dcb094c7312?s=96&d=mm&r=g\",\"contentUrl\":\"https:\/\/secure.gravatar.com\/avatar\/eeff3c82f2c02f7177d13663b7e6f890e9a6a0647ce9bb29cae02dcb094c7312?s=96&d=mm&r=g\",\"caption\":\"webman\"},\"url\":\"https:\/\/dev.explora.cl\/lagos\/author\/webman\/\"}]}<\/script>\n<!-- \/ Yoast SEO plugin. -->","yoast_head_json":{"title":"Congreso regional de investigaci\u00f3n escolar - Los Lagos","robots":{"index":"index","follow":"follow","max-snippet":"max-snippet:-1","max-image-preview":"max-image-preview:large","max-video-preview":"max-video-preview:-1"},"canonical":"https:\/\/dev.explora.cl\/lagos\/congreso-regional-de-investigacion-escolar-1\/","og_locale":"es_ES","og_type":"article","og_title":"Congreso regional de investigaci\u00f3n escolar - Los Lagos","og_description":"En esta instancia se exhiben los resultados de las investigaciones cient\u00edficas escolares (ICE) m\u00e1s destacadas de la regi\u00f3n y se escoge aquella investigaci\u00f3n que representar\u00e1 a la regi\u00f3n en el Congreso Nacional de Investigaci\u00f3n Escolar. Adem\u00e1s de la muestra de investigaciones, en este congreso se realizan tambi\u00e9n conversaciones con cient\u00edficos que son dirigidas a todo p\u00fablico.","og_url":"https:\/\/dev.explora.cl\/lagos\/congreso-regional-de-investigacion-escolar-1\/","og_site_name":"Los Lagos","article_published_time":"2019-04-18T03:58:02+00:00","article_modified_time":"2019-06-06T21:22:36+00:00","og_image":[{"width":2048,"height":1356,"url":"https:\/\/dev.explora.cl\/lagos\/wp-content\/uploads\/sites\/17\/2019\/04\/CIENCIA-2-verde.jpg","type":"image\/jpeg"}],"author":"webman","twitter_card":"summary_large_image","twitter_misc":{"Escrito por":"webman","Tiempo de lectura":"1 minuto"},"schema":{"@context":"https:\/\/schema.org","@graph":[{"@type":"Article","@id":"https:\/\/dev.explora.cl\/lagos\/congreso-regional-de-investigacion-escolar-1\/#article","isPartOf":{"@id":"https:\/\/dev.explora.cl\/lagos\/congreso-regional-de-investigacion-escolar-1\/"},"author":{"name":"webman","@id":"https:\/\/dev.explora.cl\/lagos\/#\/schema\/person\/cb8349c13ea2d324080adf8480d7ba5d"},"headline":"Congreso regional de investigaci\u00f3n escolar","datePublished":"2019-04-18T03:58:02+00:00","dateModified":"2019-06-06T21:22:36+00:00","mainEntityOfPage":{"@id":"https:\/\/dev.explora.cl\/lagos\/congreso-regional-de-investigacion-escolar-1\/"},"wordCount":244,"image":{"@id":"https:\/\/dev.explora.cl\/lagos\/congreso-regional-de-investigacion-escolar-1\/#primaryimage"},"thumbnailUrl":"https:\/\/dev.explora.cl\/lagos\/wp-content\/uploads\/sites\/17\/2019\/04\/CIENCIA-2-verde.jpg","keywords":["ciencia","Congreso Regional Escolar de Ciencias y Tecnolog\u00eda","Explora Los Lagos.","tecnolog\u00eda","UACh"],"articleSection":["Eventos","Para Comunidad Escolar"],"inLanguage":"es"},{"@type":"WebPage","@id":"https:\/\/dev.explora.cl\/lagos\/congreso-regional-de-investigacion-escolar-1\/","url":"https:\/\/dev.explora.cl\/lagos\/congreso-regional-de-investigacion-escolar-1\/","name":"Congreso regional de investigaci\u00f3n escolar - Los Lagos","isPartOf":{"@id":"https:\/\/dev.explora.cl\/lagos\/#website"},"primaryImageOfPage":{"@id":"https:\/\/dev.explora.cl\/lagos\/congreso-regional-de-investigacion-escolar-1\/#primaryimage"},"image":{"@id":"https:\/\/dev.explora.cl\/lagos\/congreso-regional-de-investigacion-escolar-1\/#primaryimage"},"thumbnailUrl":"https:\/\/dev.explora.cl\/lagos\/wp-content\/uploads\/sites\/17\/2019\/04\/CIENCIA-2-verde.jpg","datePublished":"2019-04-18T03:58:02+00:00","dateModified":"2019-06-06T21:22:36+00:00","author":{"@id":"https:\/\/dev.explora.cl\/lagos\/#\/schema\/person\/cb8349c13ea2d324080adf8480d7ba5d"},"breadcrumb":{"@id":"https:\/\/dev.explora.cl\/lagos\/congreso-regional-de-investigacion-escolar-1\/#breadcrumb"},"inLanguage":"es","potentialAction":[{"@type":"ReadAction","target":["https:\/\/dev.explora.cl\/lagos\/congreso-regional-de-investigacion-escolar-1\/"]}]},{"@type":"ImageObject","inLanguage":"es","@id":"https:\/\/dev.explora.cl\/lagos\/congreso-regional-de-investigacion-escolar-1\/#primaryimage","url":"https:\/\/dev.explora.cl\/lagos\/wp-content\/uploads\/sites\/17\/2019\/04\/CIENCIA-2-verde.jpg","contentUrl":"https:\/\/dev.explora.cl\/lagos\/wp-content\/uploads\/sites\/17\/2019\/04\/CIENCIA-2-verde.jpg","width":2048,"height":1356},{"@type":"BreadcrumbList","@id":"https:\/\/dev.explora.cl\/lagos\/congreso-regional-de-investigacion-escolar-1\/#breadcrumb","itemListElement":[{"@type":"ListItem","position":1,"name":"Portada","item":"https:\/\/dev.explora.cl\/lagos\/"},{"@type":"ListItem","position":2,"name":"Congreso regional de investigaci\u00f3n escolar"}]},{"@type":"WebSite","@id":"https:\/\/dev.explora.cl\/lagos\/#website","url":"https:\/\/dev.explora.cl\/lagos\/","name":"Los Lagos","description":"Otro sitio m\u00e1s de dev.explora.cl","potentialAction":[{"@type":"SearchAction","target":{"@type":"EntryPoint","urlTemplate":"https:\/\/dev.explora.cl\/lagos\/?s={search_term_string}"},"query-input":{"@type":"PropertyValueSpecification","valueRequired":true,"valueName":"search_term_string"}}],"inLanguage":"es"},{"@type":"Person","@id":"https:\/\/dev.explora.cl\/lagos\/#\/schema\/person\/cb8349c13ea2d324080adf8480d7ba5d","name":"webman","image":{"@type":"ImageObject","inLanguage":"es","@id":"https:\/\/dev.explora.cl\/lagos\/#\/schema\/person\/image\/","url":"https:\/\/secure.gravatar.com\/avatar\/eeff3c82f2c02f7177d13663b7e6f890e9a6a0647ce9bb29cae02dcb094c7312?s=96&d=mm&r=g","contentUrl":"https:\/\/secure.gravatar.com\/avatar\/eeff3c82f2c02f7177d13663b7e6f890e9a6a0647ce9bb29cae02dcb094c7312?s=96&d=mm&r=g","caption":"webman"},"url":"https:\/\/dev.explora.cl\/lagos\/author\/webman\/"}]}},"_links":{"self":[{"href":"https:\/\/dev.explora.cl\/lagos\/wp-json\/wp\/v2\/posts\/33140","targetHints":{"allow":["GET"]}}],"collection":[{"href":"https:\/\/dev.explora.cl\/lagos\/wp-json\/wp\/v2\/posts"}],"about":[{"href":"https:\/\/dev.explora.cl\/lagos\/wp-json\/wp\/v2\/types\/post"}],"author":[{"embeddable":true,"href":"https:\/\/dev.explora.cl\/lagos\/wp-json\/wp\/v2\/users\/2"}],"replies":[{"embeddable":true,"href":"https:\/\/dev.explora.cl\/lagos\/wp-json\/wp\/v2\/comments?post=33140"}],"version-history":[{"count":15,"href":"https:\/\/dev.explora.cl\/lagos\/wp-json\/wp\/v2\/posts\/33140\/revisions"}],"predecessor-version":[{"id":38479,"href":"https:\/\/dev.explora.cl\/lagos\/wp-json\/wp\/v2\/posts\/33140\/revisions\/38479"}],"wp:featuredmedia":[{"embeddable":true,"href":"https:\/\/dev.explora.cl\/lagos\/wp-json\/wp\/v2\/media\/38441"}],"wp:attachment":[{"href":"https:\/\/dev.explora.cl\/lagos\/wp-json\/wp\/v2\/media?parent=33140"}],"wp:term":[{"taxonomy":"category","embeddable":true,"href":"https:\/\/dev.explora.cl\/lagos\/wp-json\/wp\/v2\/categories?post=33140"},{"taxonomy":"post_tag","embeddable":true,"href":"https:\/\/dev.explora.cl\/lagos\/wp-json\/wp\/v2\/tags?post=33140"}],"curies":[{"name":"wp","href":"https:\/\/api.w.org\/{rel}","templated":true}]}}