{"id":33138,"date":"2019-04-18T03:57:16","date_gmt":"2019-04-18T03:57:16","guid":{"rendered":"https:\/\/dev.explora.cl\/lagos\/?p=33138"},"modified":"2019-06-06T14:17:03","modified_gmt":"2019-06-06T14:17:03","slug":"semana-nacional-de-la-ciencia-y-la-tecnologia-1","status":"publish","type":"post","link":"https:\/\/dev.explora.cl\/lagos\/semana-nacional-de-la-ciencia-y-la-tecnologia-1\/","title":{"rendered":"Semana Nacional de la Ciencia y la Tecnolog\u00eda"},"content":{"rendered":"<p>[vc_row][vc_column width=\u00bb2\/3&#8243;][vc_column_text]Esta iniciativa busca acercar la ciencia, la tecnolog\u00eda y la innovaci\u00f3n a la ciudadan\u00eda en una fiesta inclusiva que ofrece diversas actividades gratuitas, l\u00fadicas, did\u00e1cticas e interactivas que se realizan de manera simult\u00e1nea en todo el pa\u00eds de forma masiva, convirti\u00e9ndose en un espacio de encuentro y participaci\u00f3n para comunidades educativas, divulgadores y p\u00fablico general.<\/p>\n<p>Este a\u00f1o la Semana Nacional de la Ciencia y la Tecnolog\u00eda en la regi\u00f3n de Los Lagos\u00a0 se realizar\u00e1 entre el 6 y 12 de octubre, la cual ofrecer\u00e1 visitas gratuitas y guiadas a parques, museos y laboratorios de la Universidad Austral de Chile; adem\u00e1s de la exhibici\u00f3n de una obra teatral orientada a p\u00fablico familiar y escolar con la tem\u00e1tica de ciencia y tecnolog\u00eda\u00a0 y la muestra de Clubes de investigaci\u00f3n y talleres de ciencia de establecimientos educacionales que se trasladar\u00e1n a espacios p\u00fablicos cercanos a difundir a la comunidad sus indagaciones cient\u00edficas. Para culminar la semana, se efectuar\u00e1 la gran Fiesta de la Ciencia que este a\u00f1o se llevar\u00e1 acabo en la provincia de Llanquihue.<\/p>\n<p>Si quieres desarrollar alguna actividad en conjunto con tu comunidad escolar o eres divulgador y quieres ofrecer una actividad, contacta al equipo de Explora Los Lagos.[\/vc_column_text][\/vc_column][vc_column width=\u00bb1\/3&#8243;][vc_single_image image=\u00bb38428&#8243; img_size=\u00bbfull\u00bb css=\u00bb.vc_custom_1559826776856{margin-bottom: 0px !important;border-bottom-width: 0px !important;padding-bottom: 15px !important;}\u00bb][vc_btn title=\u00bbPARA M\u00c1S INFORMACI\u00d3N CONT\u00c1CTANOS AQU\u00cd\u00bb style=\u00bbcustom\u00bb custom_background=\u00bb#0c0000&#8243; custom_text=\u00bb#ffffff\u00bb shape=\u00bbsquare\u00bb size=\u00bbsm\u00bb align=\u00bbcenter\u00bb button_block=\u00bbtrue\u00bb css=\u00bb.vc_custom_1559145855818{padding-top: 15px !important;}\u00bb link=\u00bburl:https%3A%2F%2Fdev.explora.cl%2Flagos%2Fquienes-somos%2F||target:%20_blank|\u00bb][\/vc_column][\/vc_row]<\/p>\n","protected":false},"excerpt":{"rendered":"<p>Es el evento de divulgaci\u00f3n cient\u00edfica de mayor alcance a nivel nacional. Una fiesta tem\u00e1tica en la que la ciudadan\u00eda puede participar gratuitamente en distintas actividades que se realizan a lo largo del pa\u00eds y que buscan acercar el mundo de las ciencias, la tecnolog\u00eda y la innovaci\u00f3n a toda la comunidad. <\/p>\n","protected":false},"author":2,"featured_media":38437,"comment_status":"closed","ping_status":"open","sticky":false,"template":"","format":"standard","meta":{"_acf_changed":false,"_exactmetrics_skip_tracking":false,"_exactmetrics_sitenote_active":false,"_exactmetrics_sitenote_note":"","_exactmetrics_sitenote_category":0,"footnotes":"","_links_to":"","_links_to_target":""},"categories":[128,116],"tags":[164,205,106,233],"class_list":["post-33138","post","type-post","status-publish","format-standard","has-post-thumbnail","hentry","category-eventos_publ_grl","category-para-comunidad-escolar","tag-explora-los-lagos","tag-fiesta-de-la-ciencia-y-la-tecnologia","tag-semana-de-la-ciencia","tag-uach"],"acf":[],"yoast_head":"<!-- This site is optimized with the Yoast SEO plugin v26.7 - https:\/\/yoast.com\/wordpress\/plugins\/seo\/ -->\n<title>Semana Nacional de la Ciencia y la Tecnolog\u00eda - Los Lagos<\/title>\n<meta name=\"robots\" content=\"index, follow, max-snippet:-1, max-image-preview:large, max-video-preview:-1\" \/>\n<link rel=\"canonical\" href=\"https:\/\/dev.explora.cl\/lagos\/semana-nacional-de-la-ciencia-y-la-tecnologia-1\/\" class=\"yoast-seo-meta-tag\" \/>\n<meta property=\"og:locale\" content=\"es_ES\" class=\"yoast-seo-meta-tag\" \/>\n<meta property=\"og:type\" content=\"article\" class=\"yoast-seo-meta-tag\" \/>\n<meta property=\"og:title\" content=\"Semana Nacional de la Ciencia y la Tecnolog\u00eda - Los Lagos\" class=\"yoast-seo-meta-tag\" \/>\n<meta property=\"og:description\" content=\"Es el evento de divulgaci\u00f3n cient\u00edfica de mayor alcance a nivel nacional. Una fiesta tem\u00e1tica en la que la ciudadan\u00eda puede participar gratuitamente en distintas actividades que se realizan a lo largo del pa\u00eds y que buscan acercar el mundo de las ciencias, la tecnolog\u00eda y la innovaci\u00f3n a toda la comunidad.\" class=\"yoast-seo-meta-tag\" \/>\n<meta property=\"og:url\" content=\"https:\/\/dev.explora.cl\/lagos\/semana-nacional-de-la-ciencia-y-la-tecnologia-1\/\" class=\"yoast-seo-meta-tag\" \/>\n<meta property=\"og:site_name\" content=\"Los Lagos\" class=\"yoast-seo-meta-tag\" \/>\n<meta property=\"article:published_time\" content=\"2019-04-18T03:57:16+00:00\" class=\"yoast-seo-meta-tag\" \/>\n<meta property=\"article:modified_time\" content=\"2019-06-06T14:17:03+00:00\" class=\"yoast-seo-meta-tag\" \/>\n<meta property=\"og:image\" content=\"https:\/\/dev.explora.cl\/lagos\/wp-content\/uploads\/sites\/17\/2019\/04\/CIENCIA-1-VERDE.jpg\" class=\"yoast-seo-meta-tag\" \/>\n\t<meta property=\"og:image:width\" content=\"1194\" class=\"yoast-seo-meta-tag\" \/>\n\t<meta property=\"og:image:height\" content=\"795\" class=\"yoast-seo-meta-tag\" \/>\n\t<meta property=\"og:image:type\" content=\"image\/jpeg\" class=\"yoast-seo-meta-tag\" \/>\n<meta name=\"author\" content=\"webman\" class=\"yoast-seo-meta-tag\" \/>\n<meta name=\"twitter:card\" content=\"summary_large_image\" class=\"yoast-seo-meta-tag\" \/>\n<meta name=\"twitter:label1\" content=\"Escrito por\" class=\"yoast-seo-meta-tag\" \/>\n\t<meta name=\"twitter:data1\" content=\"webman\" class=\"yoast-seo-meta-tag\" \/>\n\t<meta name=\"twitter:label2\" content=\"Tiempo de lectura\" class=\"yoast-seo-meta-tag\" \/>\n\t<meta name=\"twitter:data2\" content=\"2 minutos\" class=\"yoast-seo-meta-tag\" \/>\n<script type=\"application\/ld+json\" class=\"yoast-schema-graph\">{\"@context\":\"https:\/\/schema.org\",\"@graph\":[{\"@type\":\"Article\",\"@id\":\"https:\/\/dev.explora.cl\/lagos\/semana-nacional-de-la-ciencia-y-la-tecnologia-1\/#article\",\"isPartOf\":{\"@id\":\"https:\/\/dev.explora.cl\/lagos\/semana-nacional-de-la-ciencia-y-la-tecnologia-1\/\"},\"author\":{\"name\":\"webman\",\"@id\":\"https:\/\/dev.explora.cl\/lagos\/#\/schema\/person\/cb8349c13ea2d324080adf8480d7ba5d\"},\"headline\":\"Semana Nacional de la Ciencia y la Tecnolog\u00eda\",\"datePublished\":\"2019-04-18T03:57:16+00:00\",\"dateModified\":\"2019-06-06T14:17:03+00:00\",\"mainEntityOfPage\":{\"@id\":\"https:\/\/dev.explora.cl\/lagos\/semana-nacional-de-la-ciencia-y-la-tecnologia-1\/\"},\"wordCount\":314,\"image\":{\"@id\":\"https:\/\/dev.explora.cl\/lagos\/semana-nacional-de-la-ciencia-y-la-tecnologia-1\/#primaryimage\"},\"thumbnailUrl\":\"https:\/\/dev.explora.cl\/lagos\/wp-content\/uploads\/sites\/17\/2019\/04\/CIENCIA-1-VERDE.jpg\",\"keywords\":[\"Explora Los Lagos.\",\"Fiesta de la Ciencia y la Tecnolog\u00eda\",\"semana de la ciencia\",\"UACh\"],\"articleSection\":[\"Eventos\",\"Para Comunidad Escolar\"],\"inLanguage\":\"es\"},{\"@type\":\"WebPage\",\"@id\":\"https:\/\/dev.explora.cl\/lagos\/semana-nacional-de-la-ciencia-y-la-tecnologia-1\/\",\"url\":\"https:\/\/dev.explora.cl\/lagos\/semana-nacional-de-la-ciencia-y-la-tecnologia-1\/\",\"name\":\"Semana Nacional de la Ciencia y la Tecnolog\u00eda - Los Lagos\",\"isPartOf\":{\"@id\":\"https:\/\/dev.explora.cl\/lagos\/#website\"},\"primaryImageOfPage\":{\"@id\":\"https:\/\/dev.explora.cl\/lagos\/semana-nacional-de-la-ciencia-y-la-tecnologia-1\/#primaryimage\"},\"image\":{\"@id\":\"https:\/\/dev.explora.cl\/lagos\/semana-nacional-de-la-ciencia-y-la-tecnologia-1\/#primaryimage\"},\"thumbnailUrl\":\"https:\/\/dev.explora.cl\/lagos\/wp-content\/uploads\/sites\/17\/2019\/04\/CIENCIA-1-VERDE.jpg\",\"datePublished\":\"2019-04-18T03:57:16+00:00\",\"dateModified\":\"2019-06-06T14:17:03+00:00\",\"author\":{\"@id\":\"https:\/\/dev.explora.cl\/lagos\/#\/schema\/person\/cb8349c13ea2d324080adf8480d7ba5d\"},\"breadcrumb\":{\"@id\":\"https:\/\/dev.explora.cl\/lagos\/semana-nacional-de-la-ciencia-y-la-tecnologia-1\/#breadcrumb\"},\"inLanguage\":\"es\",\"potentialAction\":[{\"@type\":\"ReadAction\",\"target\":[\"https:\/\/dev.explora.cl\/lagos\/semana-nacional-de-la-ciencia-y-la-tecnologia-1\/\"]}]},{\"@type\":\"ImageObject\",\"inLanguage\":\"es\",\"@id\":\"https:\/\/dev.explora.cl\/lagos\/semana-nacional-de-la-ciencia-y-la-tecnologia-1\/#primaryimage\",\"url\":\"https:\/\/dev.explora.cl\/lagos\/wp-content\/uploads\/sites\/17\/2019\/04\/CIENCIA-1-VERDE.jpg\",\"contentUrl\":\"https:\/\/dev.explora.cl\/lagos\/wp-content\/uploads\/sites\/17\/2019\/04\/CIENCIA-1-VERDE.jpg\",\"width\":1194,\"height\":795,\"caption\":\"SONY DSC\"},{\"@type\":\"BreadcrumbList\",\"@id\":\"https:\/\/dev.explora.cl\/lagos\/semana-nacional-de-la-ciencia-y-la-tecnologia-1\/#breadcrumb\",\"itemListElement\":[{\"@type\":\"ListItem\",\"position\":1,\"name\":\"Portada\",\"item\":\"https:\/\/dev.explora.cl\/lagos\/\"},{\"@type\":\"ListItem\",\"position\":2,\"name\":\"Semana Nacional de la Ciencia y la Tecnolog\u00eda\"}]},{\"@type\":\"WebSite\",\"@id\":\"https:\/\/dev.explora.cl\/lagos\/#website\",\"url\":\"https:\/\/dev.explora.cl\/lagos\/\",\"name\":\"Los Lagos\",\"description\":\"Otro sitio m\u00e1s de dev.explora.cl\",\"potentialAction\":[{\"@type\":\"SearchAction\",\"target\":{\"@type\":\"EntryPoint\",\"urlTemplate\":\"https:\/\/dev.explora.cl\/lagos\/?s={search_term_string}\"},\"query-input\":{\"@type\":\"PropertyValueSpecification\",\"valueRequired\":true,\"valueName\":\"search_term_string\"}}],\"inLanguage\":\"es\"},{\"@type\":\"Person\",\"@id\":\"https:\/\/dev.explora.cl\/lagos\/#\/schema\/person\/cb8349c13ea2d324080adf8480d7ba5d\",\"name\":\"webman\",\"image\":{\"@type\":\"ImageObject\",\"inLanguage\":\"es\",\"@id\":\"https:\/\/dev.explora.cl\/lagos\/#\/schema\/person\/image\/\",\"url\":\"https:\/\/secure.gravatar.com\/avatar\/eeff3c82f2c02f7177d13663b7e6f890e9a6a0647ce9bb29cae02dcb094c7312?s=96&d=mm&r=g\",\"contentUrl\":\"https:\/\/secure.gravatar.com\/avatar\/eeff3c82f2c02f7177d13663b7e6f890e9a6a0647ce9bb29cae02dcb094c7312?s=96&d=mm&r=g\",\"caption\":\"webman\"},\"url\":\"https:\/\/dev.explora.cl\/lagos\/author\/webman\/\"}]}<\/script>\n<!-- \/ Yoast SEO plugin. -->","yoast_head_json":{"title":"Semana Nacional de la Ciencia y la Tecnolog\u00eda - Los Lagos","robots":{"index":"index","follow":"follow","max-snippet":"max-snippet:-1","max-image-preview":"max-image-preview:large","max-video-preview":"max-video-preview:-1"},"canonical":"https:\/\/dev.explora.cl\/lagos\/semana-nacional-de-la-ciencia-y-la-tecnologia-1\/","og_locale":"es_ES","og_type":"article","og_title":"Semana Nacional de la Ciencia y la Tecnolog\u00eda - Los Lagos","og_description":"Es el evento de divulgaci\u00f3n cient\u00edfica de mayor alcance a nivel nacional. Una fiesta tem\u00e1tica en la que la ciudadan\u00eda puede participar gratuitamente en distintas actividades que se realizan a lo largo del pa\u00eds y que buscan acercar el mundo de las ciencias, la tecnolog\u00eda y la innovaci\u00f3n a toda la comunidad.","og_url":"https:\/\/dev.explora.cl\/lagos\/semana-nacional-de-la-ciencia-y-la-tecnologia-1\/","og_site_name":"Los Lagos","article_published_time":"2019-04-18T03:57:16+00:00","article_modified_time":"2019-06-06T14:17:03+00:00","og_image":[{"width":1194,"height":795,"url":"https:\/\/dev.explora.cl\/lagos\/wp-content\/uploads\/sites\/17\/2019\/04\/CIENCIA-1-VERDE.jpg","type":"image\/jpeg"}],"author":"webman","twitter_card":"summary_large_image","twitter_misc":{"Escrito por":"webman","Tiempo de lectura":"2 minutos"},"schema":{"@context":"https:\/\/schema.org","@graph":[{"@type":"Article","@id":"https:\/\/dev.explora.cl\/lagos\/semana-nacional-de-la-ciencia-y-la-tecnologia-1\/#article","isPartOf":{"@id":"https:\/\/dev.explora.cl\/lagos\/semana-nacional-de-la-ciencia-y-la-tecnologia-1\/"},"author":{"name":"webman","@id":"https:\/\/dev.explora.cl\/lagos\/#\/schema\/person\/cb8349c13ea2d324080adf8480d7ba5d"},"headline":"Semana Nacional de la Ciencia y la Tecnolog\u00eda","datePublished":"2019-04-18T03:57:16+00:00","dateModified":"2019-06-06T14:17:03+00:00","mainEntityOfPage":{"@id":"https:\/\/dev.explora.cl\/lagos\/semana-nacional-de-la-ciencia-y-la-tecnologia-1\/"},"wordCount":314,"image":{"@id":"https:\/\/dev.explora.cl\/lagos\/semana-nacional-de-la-ciencia-y-la-tecnologia-1\/#primaryimage"},"thumbnailUrl":"https:\/\/dev.explora.cl\/lagos\/wp-content\/uploads\/sites\/17\/2019\/04\/CIENCIA-1-VERDE.jpg","keywords":["Explora Los Lagos.","Fiesta de la Ciencia y la Tecnolog\u00eda","semana de la ciencia","UACh"],"articleSection":["Eventos","Para Comunidad Escolar"],"inLanguage":"es"},{"@type":"WebPage","@id":"https:\/\/dev.explora.cl\/lagos\/semana-nacional-de-la-ciencia-y-la-tecnologia-1\/","url":"https:\/\/dev.explora.cl\/lagos\/semana-nacional-de-la-ciencia-y-la-tecnologia-1\/","name":"Semana Nacional de la Ciencia y la Tecnolog\u00eda - Los Lagos","isPartOf":{"@id":"https:\/\/dev.explora.cl\/lagos\/#website"},"primaryImageOfPage":{"@id":"https:\/\/dev.explora.cl\/lagos\/semana-nacional-de-la-ciencia-y-la-tecnologia-1\/#primaryimage"},"image":{"@id":"https:\/\/dev.explora.cl\/lagos\/semana-nacional-de-la-ciencia-y-la-tecnologia-1\/#primaryimage"},"thumbnailUrl":"https:\/\/dev.explora.cl\/lagos\/wp-content\/uploads\/sites\/17\/2019\/04\/CIENCIA-1-VERDE.jpg","datePublished":"2019-04-18T03:57:16+00:00","dateModified":"2019-06-06T14:17:03+00:00","author":{"@id":"https:\/\/dev.explora.cl\/lagos\/#\/schema\/person\/cb8349c13ea2d324080adf8480d7ba5d"},"breadcrumb":{"@id":"https:\/\/dev.explora.cl\/lagos\/semana-nacional-de-la-ciencia-y-la-tecnologia-1\/#breadcrumb"},"inLanguage":"es","potentialAction":[{"@type":"ReadAction","target":["https:\/\/dev.explora.cl\/lagos\/semana-nacional-de-la-ciencia-y-la-tecnologia-1\/"]}]},{"@type":"ImageObject","inLanguage":"es","@id":"https:\/\/dev.explora.cl\/lagos\/semana-nacional-de-la-ciencia-y-la-tecnologia-1\/#primaryimage","url":"https:\/\/dev.explora.cl\/lagos\/wp-content\/uploads\/sites\/17\/2019\/04\/CIENCIA-1-VERDE.jpg","contentUrl":"https:\/\/dev.explora.cl\/lagos\/wp-content\/uploads\/sites\/17\/2019\/04\/CIENCIA-1-VERDE.jpg","width":1194,"height":795,"caption":"SONY DSC"},{"@type":"BreadcrumbList","@id":"https:\/\/dev.explora.cl\/lagos\/semana-nacional-de-la-ciencia-y-la-tecnologia-1\/#breadcrumb","itemListElement":[{"@type":"ListItem","position":1,"name":"Portada","item":"https:\/\/dev.explora.cl\/lagos\/"},{"@type":"ListItem","position":2,"name":"Semana Nacional de la Ciencia y la Tecnolog\u00eda"}]},{"@type":"WebSite","@id":"https:\/\/dev.explora.cl\/lagos\/#website","url":"https:\/\/dev.explora.cl\/lagos\/","name":"Los Lagos","description":"Otro sitio m\u00e1s de dev.explora.cl","potentialAction":[{"@type":"SearchAction","target":{"@type":"EntryPoint","urlTemplate":"https:\/\/dev.explora.cl\/lagos\/?s={search_term_string}"},"query-input":{"@type":"PropertyValueSpecification","valueRequired":true,"valueName":"search_term_string"}}],"inLanguage":"es"},{"@type":"Person","@id":"https:\/\/dev.explora.cl\/lagos\/#\/schema\/person\/cb8349c13ea2d324080adf8480d7ba5d","name":"webman","image":{"@type":"ImageObject","inLanguage":"es","@id":"https:\/\/dev.explora.cl\/lagos\/#\/schema\/person\/image\/","url":"https:\/\/secure.gravatar.com\/avatar\/eeff3c82f2c02f7177d13663b7e6f890e9a6a0647ce9bb29cae02dcb094c7312?s=96&d=mm&r=g","contentUrl":"https:\/\/secure.gravatar.com\/avatar\/eeff3c82f2c02f7177d13663b7e6f890e9a6a0647ce9bb29cae02dcb094c7312?s=96&d=mm&r=g","caption":"webman"},"url":"https:\/\/dev.explora.cl\/lagos\/author\/webman\/"}]}},"_links":{"self":[{"href":"https:\/\/dev.explora.cl\/lagos\/wp-json\/wp\/v2\/posts\/33138","targetHints":{"allow":["GET"]}}],"collection":[{"href":"https:\/\/dev.explora.cl\/lagos\/wp-json\/wp\/v2\/posts"}],"about":[{"href":"https:\/\/dev.explora.cl\/lagos\/wp-json\/wp\/v2\/types\/post"}],"author":[{"embeddable":true,"href":"https:\/\/dev.explora.cl\/lagos\/wp-json\/wp\/v2\/users\/2"}],"replies":[{"embeddable":true,"href":"https:\/\/dev.explora.cl\/lagos\/wp-json\/wp\/v2\/comments?post=33138"}],"version-history":[{"count":32,"href":"https:\/\/dev.explora.cl\/lagos\/wp-json\/wp\/v2\/posts\/33138\/revisions"}],"predecessor-version":[{"id":38435,"href":"https:\/\/dev.explora.cl\/lagos\/wp-json\/wp\/v2\/posts\/33138\/revisions\/38435"}],"wp:featuredmedia":[{"embeddable":true,"href":"https:\/\/dev.explora.cl\/lagos\/wp-json\/wp\/v2\/media\/38437"}],"wp:attachment":[{"href":"https:\/\/dev.explora.cl\/lagos\/wp-json\/wp\/v2\/media?parent=33138"}],"wp:term":[{"taxonomy":"category","embeddable":true,"href":"https:\/\/dev.explora.cl\/lagos\/wp-json\/wp\/v2\/categories?post=33138"},{"taxonomy":"post_tag","embeddable":true,"href":"https:\/\/dev.explora.cl\/lagos\/wp-json\/wp\/v2\/tags?post=33138"}],"curies":[{"name":"wp","href":"https:\/\/api.w.org\/{rel}","templated":true}]}}