{"id":1433,"date":"2015-04-13T00:00:00","date_gmt":"2015-04-13T04:00:00","guid":{"rendered":"http:\/\/ec2-34-219-152-79.us-west-2.compute.amazonaws.com\/lagos\/blog\/2015\/04\/13\/escolares-de-puerto-montt-y-calbuco-presentaran-resultados-del-proyecto-mi-entorno-acuatico-nos-cuenta\/"},"modified":"2019-05-20T19:47:51","modified_gmt":"2019-05-20T19:47:51","slug":"escolares-de-puerto-montt-y-calbuco-presentaran-resultados-del-proyecto-mi-entorno-acuatico-nos-cuenta","status":"publish","type":"post","link":"https:\/\/dev.explora.cl\/lagos\/escolares-de-puerto-montt-y-calbuco-presentaran-resultados-del-proyecto-mi-entorno-acuatico-nos-cuenta\/","title":{"rendered":"Escolares de Puerto Montt y Calbuco presentar\u00e1n resultados del Proyecto &quot;Mi entorno Acu\u00e1tico nos cuenta&quot;"},"content":{"rendered":"<p><img loading=\"lazy\" decoding=\"async\" class=\" size-full wp-image-10130\" src=\"http:\/\/ec2-34-218-253-251.us-west-2.compute.amazonaws.com\/wp-content\/uploads\/2015\/04\/18471123be33934a66e0e3581abd0ba8.jpg\" alt=\"\" width=\"1091\" height=\"618\" \/><\/p>\n<p style=\"text-align: justify\">\u00a0<\/p>\n<p style=\"text-align: justify\">El PAR EXPLORA Los Lagos, coordinado por la ULagos, participar\u00e1 en el Encuentro Inter Escuelas \u00abMi Entorno Acu\u00e1tico nos cuenta\u00bb, organizado por la Universidad Austral de Chile, sede Puerto Montt.<\/p>\n<p style=\"text-align: justify\">En la oportunidad, se llevar\u00e1 a cabo el cierre del Proyecto EXPLORA CONICYT \u00abMi entorno Acu\u00e1tico nos cuenta\u00bb, realizado en el marco del XVIII Concurso de Proyectos de Valoraci\u00f3n y Divulgaci\u00f3n de la Ciencia, Tecnolog\u00eda e Innovaci\u00f3n. En esta actividad de cierre participar\u00e1n alumnos y alumnas de las escuelas Libertad, La Chamiza, Pelluco y R\u00edo Blanco de la comuna de Puerto Montt y la escuela San Jos\u00e9, de Calbuco.<\/p>\n<p style=\"text-align: justify\"><img decoding=\"async\" class=\" alignleft size-full wp-image-10131\" src=\"http:\/\/ec2-34-218-253-251.us-west-2.compute.amazonaws.com\/wp-content\/uploads\/2015\/04\/Mi_Entorno.jpg\" border=\"0\" width=\"150\" style=\"float: left;margin: 5px 10px\" \/>Los establecimientos difundir\u00e1n los diversos trabajos realizados durante la ejecuci\u00f3n de esta iniciativa. Es as\u00ed, como los ni\u00f1os y ni\u00f1as presentar\u00e1n a la comunidad asistente una muestra fotogr\u00e1fica relacionada con los entornos acu\u00e1ticos de la zona, un p\u00f3ster con informaci\u00f3n de biodiversidad del sur de Chile y el CD \u00abSonidos de mi entorno\u00bb, un compilado art\u00edstico de sonidos grabados durante los talleres realizados.<\/p>\n<p style=\"text-align: justify\">La actividad se llevar\u00e1 a cabo el viernes 17 de abril desde las 09:30 horas en el Gimnasio y Aula Magna de la Universidad Austral de Chile, sede Puerto Montt (Los Pinos s\/n, Pelluco).<\/p>\n","protected":false},"excerpt":{"rendered":"<p>\u00a0 El PAR EXPLORA Los Lagos, coordinado por la ULagos, participar\u00e1 en el Encuentro Inter Escuelas \u00abMi Entorno Acu\u00e1tico nos cuenta\u00bb, organizado por la Universidad Austral de Chile, sede Puerto Montt. En la oportunidad, se llevar\u00e1 a cabo el cierre del Proyecto EXPLORA CONICYT \u00abMi entorno Acu\u00e1tico nos cuenta\u00bb, realizado en el marco del XVIII [&hellip;]<\/p>\n","protected":false},"author":2,"featured_media":1434,"comment_status":"open","ping_status":"open","sticky":false,"template":"","format":"standard","meta":{"_acf_changed":false,"_exactmetrics_skip_tracking":false,"_exactmetrics_sitenote_active":false,"_exactmetrics_sitenote_note":"","_exactmetrics_sitenote_category":0,"footnotes":"","_links_to":"","_links_to_target":""},"categories":[4],"tags":[],"class_list":["post-1433","post","type-post","status-publish","format-standard","has-post-thumbnail","hentry","category-noticias"],"acf":[],"yoast_head":"<!-- This site is optimized with the Yoast SEO plugin v26.7 - https:\/\/yoast.com\/wordpress\/plugins\/seo\/ -->\n<title>Escolares de Puerto Montt y Calbuco presentar\u00e1n resultados del Proyecto &quot;Mi entorno Acu\u00e1tico nos cuenta&quot; - Los Lagos<\/title>\n<meta name=\"robots\" content=\"index, follow, max-snippet:-1, max-image-preview:large, max-video-preview:-1\" \/>\n<link rel=\"canonical\" href=\"https:\/\/dev.explora.cl\/lagos\/escolares-de-puerto-montt-y-calbuco-presentaran-resultados-del-proyecto-mi-entorno-acuatico-nos-cuenta\/\" class=\"yoast-seo-meta-tag\" \/>\n<meta property=\"og:locale\" content=\"es_ES\" class=\"yoast-seo-meta-tag\" \/>\n<meta property=\"og:type\" content=\"article\" class=\"yoast-seo-meta-tag\" \/>\n<meta property=\"og:title\" content=\"Escolares de Puerto Montt y Calbuco presentar\u00e1n resultados del Proyecto &quot;Mi entorno Acu\u00e1tico nos cuenta&quot; - Los Lagos\" class=\"yoast-seo-meta-tag\" \/>\n<meta property=\"og:description\" content=\"\u00a0 El PAR EXPLORA Los Lagos, coordinado por la ULagos, participar\u00e1 en el Encuentro Inter Escuelas \u00abMi Entorno Acu\u00e1tico nos cuenta\u00bb, organizado por la Universidad Austral de Chile, sede Puerto Montt. En la oportunidad, se llevar\u00e1 a cabo el cierre del Proyecto EXPLORA CONICYT \u00abMi entorno Acu\u00e1tico nos cuenta\u00bb, realizado en el marco del XVIII [&hellip;]\" class=\"yoast-seo-meta-tag\" \/>\n<meta property=\"og:url\" content=\"https:\/\/dev.explora.cl\/lagos\/escolares-de-puerto-montt-y-calbuco-presentaran-resultados-del-proyecto-mi-entorno-acuatico-nos-cuenta\/\" class=\"yoast-seo-meta-tag\" \/>\n<meta property=\"og:site_name\" content=\"Los Lagos\" class=\"yoast-seo-meta-tag\" \/>\n<meta property=\"article:published_time\" content=\"2015-04-13T04:00:00+00:00\" class=\"yoast-seo-meta-tag\" \/>\n<meta property=\"article:modified_time\" content=\"2019-05-20T19:47:51+00:00\" class=\"yoast-seo-meta-tag\" \/>\n<meta property=\"og:image\" content=\"https:\/\/dev.explora.cl\/lagos\/wp-content\/uploads\/sites\/17\/2018\/06\/18471123be33934a66e0e3581abd0ba8.jpg\" class=\"yoast-seo-meta-tag\" \/>\n\t<meta property=\"og:image:width\" content=\"1091\" class=\"yoast-seo-meta-tag\" \/>\n\t<meta property=\"og:image:height\" content=\"618\" class=\"yoast-seo-meta-tag\" \/>\n\t<meta property=\"og:image:type\" content=\"image\/jpeg\" class=\"yoast-seo-meta-tag\" \/>\n<meta name=\"author\" content=\"webman\" class=\"yoast-seo-meta-tag\" \/>\n<meta name=\"twitter:card\" content=\"summary_large_image\" class=\"yoast-seo-meta-tag\" \/>\n<meta name=\"twitter:label1\" content=\"Escrito por\" class=\"yoast-seo-meta-tag\" \/>\n\t<meta name=\"twitter:data1\" content=\"webman\" class=\"yoast-seo-meta-tag\" \/>\n\t<meta name=\"twitter:label2\" content=\"Tiempo de lectura\" class=\"yoast-seo-meta-tag\" \/>\n\t<meta name=\"twitter:data2\" content=\"1 minuto\" class=\"yoast-seo-meta-tag\" \/>\n<script type=\"application\/ld+json\" class=\"yoast-schema-graph\">{\"@context\":\"https:\/\/schema.org\",\"@graph\":[{\"@type\":\"Article\",\"@id\":\"https:\/\/dev.explora.cl\/lagos\/escolares-de-puerto-montt-y-calbuco-presentaran-resultados-del-proyecto-mi-entorno-acuatico-nos-cuenta\/#article\",\"isPartOf\":{\"@id\":\"https:\/\/dev.explora.cl\/lagos\/escolares-de-puerto-montt-y-calbuco-presentaran-resultados-del-proyecto-mi-entorno-acuatico-nos-cuenta\/\"},\"author\":{\"name\":\"webman\",\"@id\":\"https:\/\/dev.explora.cl\/lagos\/#\/schema\/person\/cb8349c13ea2d324080adf8480d7ba5d\"},\"headline\":\"Escolares de Puerto Montt y Calbuco presentar\u00e1n resultados del Proyecto &quot;Mi entorno Acu\u00e1tico nos cuenta&quot;\",\"datePublished\":\"2015-04-13T04:00:00+00:00\",\"dateModified\":\"2019-05-20T19:47:51+00:00\",\"mainEntityOfPage\":{\"@id\":\"https:\/\/dev.explora.cl\/lagos\/escolares-de-puerto-montt-y-calbuco-presentaran-resultados-del-proyecto-mi-entorno-acuatico-nos-cuenta\/\"},\"wordCount\":232,\"commentCount\":0,\"image\":{\"@id\":\"https:\/\/dev.explora.cl\/lagos\/escolares-de-puerto-montt-y-calbuco-presentaran-resultados-del-proyecto-mi-entorno-acuatico-nos-cuenta\/#primaryimage\"},\"thumbnailUrl\":\"https:\/\/dev.explora.cl\/lagos\/wp-content\/uploads\/sites\/17\/2018\/06\/18471123be33934a66e0e3581abd0ba8.jpg\",\"articleSection\":[\"Noticias\"],\"inLanguage\":\"es\",\"potentialAction\":[{\"@type\":\"CommentAction\",\"name\":\"Comment\",\"target\":[\"https:\/\/dev.explora.cl\/lagos\/escolares-de-puerto-montt-y-calbuco-presentaran-resultados-del-proyecto-mi-entorno-acuatico-nos-cuenta\/#respond\"]}]},{\"@type\":\"WebPage\",\"@id\":\"https:\/\/dev.explora.cl\/lagos\/escolares-de-puerto-montt-y-calbuco-presentaran-resultados-del-proyecto-mi-entorno-acuatico-nos-cuenta\/\",\"url\":\"https:\/\/dev.explora.cl\/lagos\/escolares-de-puerto-montt-y-calbuco-presentaran-resultados-del-proyecto-mi-entorno-acuatico-nos-cuenta\/\",\"name\":\"Escolares de Puerto Montt y Calbuco presentar\u00e1n resultados del Proyecto &quot;Mi entorno Acu\u00e1tico nos cuenta&quot; - Los Lagos\",\"isPartOf\":{\"@id\":\"https:\/\/dev.explora.cl\/lagos\/#website\"},\"primaryImageOfPage\":{\"@id\":\"https:\/\/dev.explora.cl\/lagos\/escolares-de-puerto-montt-y-calbuco-presentaran-resultados-del-proyecto-mi-entorno-acuatico-nos-cuenta\/#primaryimage\"},\"image\":{\"@id\":\"https:\/\/dev.explora.cl\/lagos\/escolares-de-puerto-montt-y-calbuco-presentaran-resultados-del-proyecto-mi-entorno-acuatico-nos-cuenta\/#primaryimage\"},\"thumbnailUrl\":\"https:\/\/dev.explora.cl\/lagos\/wp-content\/uploads\/sites\/17\/2018\/06\/18471123be33934a66e0e3581abd0ba8.jpg\",\"datePublished\":\"2015-04-13T04:00:00+00:00\",\"dateModified\":\"2019-05-20T19:47:51+00:00\",\"author\":{\"@id\":\"https:\/\/dev.explora.cl\/lagos\/#\/schema\/person\/cb8349c13ea2d324080adf8480d7ba5d\"},\"breadcrumb\":{\"@id\":\"https:\/\/dev.explora.cl\/lagos\/escolares-de-puerto-montt-y-calbuco-presentaran-resultados-del-proyecto-mi-entorno-acuatico-nos-cuenta\/#breadcrumb\"},\"inLanguage\":\"es\",\"potentialAction\":[{\"@type\":\"ReadAction\",\"target\":[\"https:\/\/dev.explora.cl\/lagos\/escolares-de-puerto-montt-y-calbuco-presentaran-resultados-del-proyecto-mi-entorno-acuatico-nos-cuenta\/\"]}]},{\"@type\":\"ImageObject\",\"inLanguage\":\"es\",\"@id\":\"https:\/\/dev.explora.cl\/lagos\/escolares-de-puerto-montt-y-calbuco-presentaran-resultados-del-proyecto-mi-entorno-acuatico-nos-cuenta\/#primaryimage\",\"url\":\"https:\/\/dev.explora.cl\/lagos\/wp-content\/uploads\/sites\/17\/2018\/06\/18471123be33934a66e0e3581abd0ba8.jpg\",\"contentUrl\":\"https:\/\/dev.explora.cl\/lagos\/wp-content\/uploads\/sites\/17\/2018\/06\/18471123be33934a66e0e3581abd0ba8.jpg\",\"width\":1091,\"height\":618},{\"@type\":\"BreadcrumbList\",\"@id\":\"https:\/\/dev.explora.cl\/lagos\/escolares-de-puerto-montt-y-calbuco-presentaran-resultados-del-proyecto-mi-entorno-acuatico-nos-cuenta\/#breadcrumb\",\"itemListElement\":[{\"@type\":\"ListItem\",\"position\":1,\"name\":\"Portada\",\"item\":\"https:\/\/dev.explora.cl\/lagos\/\"},{\"@type\":\"ListItem\",\"position\":2,\"name\":\"Escolares de Puerto Montt y Calbuco presentar\u00e1n resultados del Proyecto &quot;Mi entorno Acu\u00e1tico nos cuenta&quot;\"}]},{\"@type\":\"WebSite\",\"@id\":\"https:\/\/dev.explora.cl\/lagos\/#website\",\"url\":\"https:\/\/dev.explora.cl\/lagos\/\",\"name\":\"Los Lagos\",\"description\":\"Otro sitio m\u00e1s de dev.explora.cl\",\"potentialAction\":[{\"@type\":\"SearchAction\",\"target\":{\"@type\":\"EntryPoint\",\"urlTemplate\":\"https:\/\/dev.explora.cl\/lagos\/?s={search_term_string}\"},\"query-input\":{\"@type\":\"PropertyValueSpecification\",\"valueRequired\":true,\"valueName\":\"search_term_string\"}}],\"inLanguage\":\"es\"},{\"@type\":\"Person\",\"@id\":\"https:\/\/dev.explora.cl\/lagos\/#\/schema\/person\/cb8349c13ea2d324080adf8480d7ba5d\",\"name\":\"webman\",\"image\":{\"@type\":\"ImageObject\",\"inLanguage\":\"es\",\"@id\":\"https:\/\/dev.explora.cl\/lagos\/#\/schema\/person\/image\/\",\"url\":\"https:\/\/secure.gravatar.com\/avatar\/eeff3c82f2c02f7177d13663b7e6f890e9a6a0647ce9bb29cae02dcb094c7312?s=96&d=mm&r=g\",\"contentUrl\":\"https:\/\/secure.gravatar.com\/avatar\/eeff3c82f2c02f7177d13663b7e6f890e9a6a0647ce9bb29cae02dcb094c7312?s=96&d=mm&r=g\",\"caption\":\"webman\"},\"url\":\"https:\/\/dev.explora.cl\/lagos\/author\/webman\/\"}]}<\/script>\n<!-- \/ Yoast SEO plugin. -->","yoast_head_json":{"title":"Escolares de Puerto Montt y Calbuco presentar\u00e1n resultados del Proyecto &quot;Mi entorno Acu\u00e1tico nos cuenta&quot; - Los Lagos","robots":{"index":"index","follow":"follow","max-snippet":"max-snippet:-1","max-image-preview":"max-image-preview:large","max-video-preview":"max-video-preview:-1"},"canonical":"https:\/\/dev.explora.cl\/lagos\/escolares-de-puerto-montt-y-calbuco-presentaran-resultados-del-proyecto-mi-entorno-acuatico-nos-cuenta\/","og_locale":"es_ES","og_type":"article","og_title":"Escolares de Puerto Montt y Calbuco presentar\u00e1n resultados del Proyecto &quot;Mi entorno Acu\u00e1tico nos cuenta&quot; - Los Lagos","og_description":"\u00a0 El PAR EXPLORA Los Lagos, coordinado por la ULagos, participar\u00e1 en el Encuentro Inter Escuelas \u00abMi Entorno Acu\u00e1tico nos cuenta\u00bb, organizado por la Universidad Austral de Chile, sede Puerto Montt. En la oportunidad, se llevar\u00e1 a cabo el cierre del Proyecto EXPLORA CONICYT \u00abMi entorno Acu\u00e1tico nos cuenta\u00bb, realizado en el marco del XVIII [&hellip;]","og_url":"https:\/\/dev.explora.cl\/lagos\/escolares-de-puerto-montt-y-calbuco-presentaran-resultados-del-proyecto-mi-entorno-acuatico-nos-cuenta\/","og_site_name":"Los Lagos","article_published_time":"2015-04-13T04:00:00+00:00","article_modified_time":"2019-05-20T19:47:51+00:00","og_image":[{"width":1091,"height":618,"url":"https:\/\/dev.explora.cl\/lagos\/wp-content\/uploads\/sites\/17\/2018\/06\/18471123be33934a66e0e3581abd0ba8.jpg","type":"image\/jpeg"}],"author":"webman","twitter_card":"summary_large_image","twitter_misc":{"Escrito por":"webman","Tiempo de lectura":"1 minuto"},"schema":{"@context":"https:\/\/schema.org","@graph":[{"@type":"Article","@id":"https:\/\/dev.explora.cl\/lagos\/escolares-de-puerto-montt-y-calbuco-presentaran-resultados-del-proyecto-mi-entorno-acuatico-nos-cuenta\/#article","isPartOf":{"@id":"https:\/\/dev.explora.cl\/lagos\/escolares-de-puerto-montt-y-calbuco-presentaran-resultados-del-proyecto-mi-entorno-acuatico-nos-cuenta\/"},"author":{"name":"webman","@id":"https:\/\/dev.explora.cl\/lagos\/#\/schema\/person\/cb8349c13ea2d324080adf8480d7ba5d"},"headline":"Escolares de Puerto Montt y Calbuco presentar\u00e1n resultados del Proyecto &quot;Mi entorno Acu\u00e1tico nos cuenta&quot;","datePublished":"2015-04-13T04:00:00+00:00","dateModified":"2019-05-20T19:47:51+00:00","mainEntityOfPage":{"@id":"https:\/\/dev.explora.cl\/lagos\/escolares-de-puerto-montt-y-calbuco-presentaran-resultados-del-proyecto-mi-entorno-acuatico-nos-cuenta\/"},"wordCount":232,"commentCount":0,"image":{"@id":"https:\/\/dev.explora.cl\/lagos\/escolares-de-puerto-montt-y-calbuco-presentaran-resultados-del-proyecto-mi-entorno-acuatico-nos-cuenta\/#primaryimage"},"thumbnailUrl":"https:\/\/dev.explora.cl\/lagos\/wp-content\/uploads\/sites\/17\/2018\/06\/18471123be33934a66e0e3581abd0ba8.jpg","articleSection":["Noticias"],"inLanguage":"es","potentialAction":[{"@type":"CommentAction","name":"Comment","target":["https:\/\/dev.explora.cl\/lagos\/escolares-de-puerto-montt-y-calbuco-presentaran-resultados-del-proyecto-mi-entorno-acuatico-nos-cuenta\/#respond"]}]},{"@type":"WebPage","@id":"https:\/\/dev.explora.cl\/lagos\/escolares-de-puerto-montt-y-calbuco-presentaran-resultados-del-proyecto-mi-entorno-acuatico-nos-cuenta\/","url":"https:\/\/dev.explora.cl\/lagos\/escolares-de-puerto-montt-y-calbuco-presentaran-resultados-del-proyecto-mi-entorno-acuatico-nos-cuenta\/","name":"Escolares de Puerto Montt y Calbuco presentar\u00e1n resultados del Proyecto &quot;Mi entorno Acu\u00e1tico nos cuenta&quot; - Los Lagos","isPartOf":{"@id":"https:\/\/dev.explora.cl\/lagos\/#website"},"primaryImageOfPage":{"@id":"https:\/\/dev.explora.cl\/lagos\/escolares-de-puerto-montt-y-calbuco-presentaran-resultados-del-proyecto-mi-entorno-acuatico-nos-cuenta\/#primaryimage"},"image":{"@id":"https:\/\/dev.explora.cl\/lagos\/escolares-de-puerto-montt-y-calbuco-presentaran-resultados-del-proyecto-mi-entorno-acuatico-nos-cuenta\/#primaryimage"},"thumbnailUrl":"https:\/\/dev.explora.cl\/lagos\/wp-content\/uploads\/sites\/17\/2018\/06\/18471123be33934a66e0e3581abd0ba8.jpg","datePublished":"2015-04-13T04:00:00+00:00","dateModified":"2019-05-20T19:47:51+00:00","author":{"@id":"https:\/\/dev.explora.cl\/lagos\/#\/schema\/person\/cb8349c13ea2d324080adf8480d7ba5d"},"breadcrumb":{"@id":"https:\/\/dev.explora.cl\/lagos\/escolares-de-puerto-montt-y-calbuco-presentaran-resultados-del-proyecto-mi-entorno-acuatico-nos-cuenta\/#breadcrumb"},"inLanguage":"es","potentialAction":[{"@type":"ReadAction","target":["https:\/\/dev.explora.cl\/lagos\/escolares-de-puerto-montt-y-calbuco-presentaran-resultados-del-proyecto-mi-entorno-acuatico-nos-cuenta\/"]}]},{"@type":"ImageObject","inLanguage":"es","@id":"https:\/\/dev.explora.cl\/lagos\/escolares-de-puerto-montt-y-calbuco-presentaran-resultados-del-proyecto-mi-entorno-acuatico-nos-cuenta\/#primaryimage","url":"https:\/\/dev.explora.cl\/lagos\/wp-content\/uploads\/sites\/17\/2018\/06\/18471123be33934a66e0e3581abd0ba8.jpg","contentUrl":"https:\/\/dev.explora.cl\/lagos\/wp-content\/uploads\/sites\/17\/2018\/06\/18471123be33934a66e0e3581abd0ba8.jpg","width":1091,"height":618},{"@type":"BreadcrumbList","@id":"https:\/\/dev.explora.cl\/lagos\/escolares-de-puerto-montt-y-calbuco-presentaran-resultados-del-proyecto-mi-entorno-acuatico-nos-cuenta\/#breadcrumb","itemListElement":[{"@type":"ListItem","position":1,"name":"Portada","item":"https:\/\/dev.explora.cl\/lagos\/"},{"@type":"ListItem","position":2,"name":"Escolares de Puerto Montt y Calbuco presentar\u00e1n resultados del Proyecto &quot;Mi entorno Acu\u00e1tico nos cuenta&quot;"}]},{"@type":"WebSite","@id":"https:\/\/dev.explora.cl\/lagos\/#website","url":"https:\/\/dev.explora.cl\/lagos\/","name":"Los Lagos","description":"Otro sitio m\u00e1s de dev.explora.cl","potentialAction":[{"@type":"SearchAction","target":{"@type":"EntryPoint","urlTemplate":"https:\/\/dev.explora.cl\/lagos\/?s={search_term_string}"},"query-input":{"@type":"PropertyValueSpecification","valueRequired":true,"valueName":"search_term_string"}}],"inLanguage":"es"},{"@type":"Person","@id":"https:\/\/dev.explora.cl\/lagos\/#\/schema\/person\/cb8349c13ea2d324080adf8480d7ba5d","name":"webman","image":{"@type":"ImageObject","inLanguage":"es","@id":"https:\/\/dev.explora.cl\/lagos\/#\/schema\/person\/image\/","url":"https:\/\/secure.gravatar.com\/avatar\/eeff3c82f2c02f7177d13663b7e6f890e9a6a0647ce9bb29cae02dcb094c7312?s=96&d=mm&r=g","contentUrl":"https:\/\/secure.gravatar.com\/avatar\/eeff3c82f2c02f7177d13663b7e6f890e9a6a0647ce9bb29cae02dcb094c7312?s=96&d=mm&r=g","caption":"webman"},"url":"https:\/\/dev.explora.cl\/lagos\/author\/webman\/"}]}},"_links":{"self":[{"href":"https:\/\/dev.explora.cl\/lagos\/wp-json\/wp\/v2\/posts\/1433","targetHints":{"allow":["GET"]}}],"collection":[{"href":"https:\/\/dev.explora.cl\/lagos\/wp-json\/wp\/v2\/posts"}],"about":[{"href":"https:\/\/dev.explora.cl\/lagos\/wp-json\/wp\/v2\/types\/post"}],"author":[{"embeddable":true,"href":"https:\/\/dev.explora.cl\/lagos\/wp-json\/wp\/v2\/users\/2"}],"replies":[{"embeddable":true,"href":"https:\/\/dev.explora.cl\/lagos\/wp-json\/wp\/v2\/comments?post=1433"}],"version-history":[{"count":1,"href":"https:\/\/dev.explora.cl\/lagos\/wp-json\/wp\/v2\/posts\/1433\/revisions"}],"predecessor-version":[{"id":38206,"href":"https:\/\/dev.explora.cl\/lagos\/wp-json\/wp\/v2\/posts\/1433\/revisions\/38206"}],"wp:featuredmedia":[{"embeddable":true,"href":"https:\/\/dev.explora.cl\/lagos\/wp-json\/wp\/v2\/media\/1434"}],"wp:attachment":[{"href":"https:\/\/dev.explora.cl\/lagos\/wp-json\/wp\/v2\/media?parent=1433"}],"wp:term":[{"taxonomy":"category","embeddable":true,"href":"https:\/\/dev.explora.cl\/lagos\/wp-json\/wp\/v2\/categories?post=1433"},{"taxonomy":"post_tag","embeddable":true,"href":"https:\/\/dev.explora.cl\/lagos\/wp-json\/wp\/v2\/tags?post=1433"}],"curies":[{"name":"wp","href":"https:\/\/api.w.org\/{rel}","templated":true}]}}