{"id":1352,"date":"2015-03-12T00:00:00","date_gmt":"2015-03-12T04:00:00","guid":{"rendered":"http:\/\/ec2-34-219-152-79.us-west-2.compute.amazonaws.com\/lagos\/blog\/2015\/03\/12\/todo-chile-celebra-el-dia-de-la-astronomia\/"},"modified":"2019-05-20T19:48:03","modified_gmt":"2019-05-20T19:48:03","slug":"todo-chile-celebra-el-dia-de-la-astronomia","status":"publish","type":"post","link":"https:\/\/dev.explora.cl\/lagos\/todo-chile-celebra-el-dia-de-la-astronomia\/","title":{"rendered":"Todo Chile celebra el \u201cD\u00eda de la Astronom\u00eda\u201d"},"content":{"rendered":"<p><img loading=\"lazy\" decoding=\"async\" class=\" size-full wp-image-9360\" src=\"http:\/\/ec2-34-218-253-251.us-west-2.compute.amazonaws.com\/wp-content\/uploads\/2015\/03\/4d5d7b1ab14026eb010bbc44f2d1b5ed.jpg\" alt=\"\" width=\"4000\" height=\"2667\" \/><\/p>\n<p style=\"text-align: justify\">M\u00e1s de 20 instituciones nacionales e internacionales encabezadas por la Fundaci\u00f3n PLANETARIO de la Universidad de Santiago de Chile, el Programa EXPLORA CONICYT y la Sociedad Chilena de Astronom\u00eda, SOCHIAS, celebrar\u00e1n por segundo a\u00f1o consecutivo el \u00abD\u00eda de la Astronom\u00eda en Chile\u00bb, con m\u00faltiples actividades a nivel nacional, los d\u00edas 20 y 21 de marzo.<\/p>\n<p style=\"text-align: justify\">En esta segunda versi\u00f3n, bajo el hashtag <span style=\"color: #3366ff\"><a href=\"https:\/\/www.youtube.com\/watch?v=6w6V9wVKyVE\"><span style=\"color: #3366ff\">#CHILEmiratucielo<\/span><\/a><\/span> el consorcio de instituciones, con un nutrido programa de actividades, buscar\u00e1 motivar e incorporar activamente a la ciudadan\u00eda en la valoraci\u00f3n de nuestra naci\u00f3n como la capital de la astronom\u00eda en el mundo.<\/p>\n<p style=\"text-align: justify\">Este a\u00f1o las celebraciones comenzar\u00e1n el viernes 20 de marzo en el Planetario de la Universidad de Santiago con una videoconferencia, a trav\u00e9s de <span style=\"color: #3366ff\"><a href=\"http:\/\/www.reuna.cl\/\"><span style=\"color: #3366ff\">Reuna.cl<\/span><\/a><\/span> para todo el pa\u00eds en la cual participar\u00e1n el Premio Nacional de Ciencias Exactas y Directora del Centro de Astrof\u00edsica CATA, Mar\u00eda Teresa Ruiz, y el Director de Radio Observatorio ALMA, Pierre Cox. A la vez, en cada regi\u00f3n habr\u00e1n \u00abastr\u00f3nomos embajadores\u00bb que realizar\u00e1n m\u00faltiples actividades con escolares y p\u00fablico, las que ser\u00e1n coordinadas por los proyectos regionales del Programa EXPLORA CONICYT y SOCHIAS.<\/p>\n<p style=\"text-align: justify\">En la Regi\u00f3n de Los Lagos, el Doctor en Astronom\u00eda de la Universidad de Chile, Luis Chavarr\u00eda presentar\u00e1 la Charla \u00abNacimiento y muerte de una estrella\u00bb. La actividad se desarrollar\u00e1 el 20 de marzo a las 12:00 horas en el Colegio San Francisco Javier, ubicado en calle Regimiento 2750, Pelluco Alto, Puerto Montt.<\/p>\n<p style=\"text-align: justify\">Hayd\u00e9e Domic, Directora de la Fundaci\u00f3n Planetario espera que \u00abcon esta celebraci\u00f3n los temas relacionados con la astronom\u00eda y el espacio est\u00e9n presentes durante todo el a\u00f1o en la preocupaci\u00f3n de los escolares y adultos, ya que se esperan grandes noticias en esos \u00e1mbitos y quisi\u00e9ramos que todos las puedan disfrutar\u00bb.<\/p>\n<p style=\"text-align: justify\">Por lo mismo, el s\u00e1bado 21 de marzo, utilizando el hashtag <span style=\"color: #3366ff\"><a href=\"https:\/\/www.youtube.com\/watch?v=6w6V9wVKyVE\"><span style=\"color: #3366ff\">#CHILEmiratucielo<\/span><\/a><\/span> se buscar\u00e1 motivar a la ciudadan\u00eda a mirar el cielo nocturno y compartir sus impresiones en las Redes Sociales sobre la festividad. Para ello, el sitio Web planetariochile.cl alojar\u00e1 un planisferio celeste descargable para imprimir, libremente, con el prop\u00f3sito de orientarse en la identificaci\u00f3n de algunos objetos celestes visibles durante esa noche.<\/p>\n<p style=\"text-align: justify\">En tanto, el presidente de la Sociedad Chilena de Astronom\u00eda, Patricio Rojo, explica que \u00abcomo representante de la comunidad de astr\u00f3nomos, SOCHIAS, no solo se debe potenciar la generaci\u00f3n del conocimiento cient\u00edfico sino que hacer parte a la sociedad de estos descubrimientos y avances, que tienen esa gran capacidad de maravillar en especial a grandes y chicos\u00bb.<\/p>\n<p style=\"text-align: justify\"><a href=\"http:\/\/www.planetariochile.cl\"><img decoding=\"async\" class=\" alignleft size-full wp-image-9361\" src=\"http:\/\/ec2-34-218-253-251.us-west-2.compute.amazonaws.com\/wp-content\/uploads\/2015\/03\/Astronoma-2.jpg\" border=\"0\" width=\"350\" style=\"float: left;margin: 5px 10px\" \/><\/a>\u00abQueremos que todo el pa\u00eds tome conciencia de la creciente importancia de Chile para la astronom\u00eda mundial. Tenemos condiciones naturales y un desarrollo tecnol\u00f3gico que nos han posicionado como un pa\u00eds l\u00edder en la investigaci\u00f3n del Universo y por eso este d\u00eda queremos destacar el trabajo de nuestros astr\u00f3nomos\u00bb, asegura Natalia Mackenzie, Directora (S) del Programa EXPLORA CONICYT.<\/p>\n<p style=\"text-align: justify\">Para conocer mayor informaci\u00f3n acerca de la programaci\u00f3n de la celebraci\u00f3n 2015 y de las actividades que incluir\u00e1n charlas p\u00fablicas magistrales en Santiago y capitales regionales, jornadas de observaci\u00f3n con telescopios y visitas a observatorios astron\u00f3micos pueden visitar sitio el web <span style=\"color: #3366ff\"><a href=\"http:\/\/www.planetariochile.cl\"><span style=\"color: #3366ff\">www.planetariochile.cl<\/span><\/a><\/span><\/p>\n<p style=\"text-align: right\"><em><strong>Cristhi\u00e1n Escudero Serey &#8211; Juan Carlos Barr\u00eda Ricke<\/strong><\/em><br \/><a href=\"mailto:cristhian.escudero@usach.cl\">cristhian.escudero@usach.cl<\/a>\u00a0&#8211; <a href=\"mailto:exploraloslagos@ulagos.c\">exploraloslagos@ulagos.c<\/a>l<\/p>\n","protected":false},"excerpt":{"rendered":"<p>M\u00e1s de 20 instituciones nacionales e internacionales encabezadas por la Fundaci\u00f3n PLANETARIO de la Universidad de Santiago de Chile, el Programa EXPLORA CONICYT y la Sociedad Chilena de Astronom\u00eda, SOCHIAS, celebrar\u00e1n por segundo a\u00f1o consecutivo el \u00abD\u00eda de la Astronom\u00eda en Chile\u00bb, con m\u00faltiples actividades a nivel nacional, los d\u00edas 20 y 21 de marzo. [&hellip;]<\/p>\n","protected":false},"author":2,"featured_media":37871,"comment_status":"open","ping_status":"open","sticky":false,"template":"","format":"standard","meta":{"_acf_changed":false,"_exactmetrics_skip_tracking":false,"_exactmetrics_sitenote_active":false,"_exactmetrics_sitenote_note":"","_exactmetrics_sitenote_category":0,"footnotes":"","_links_to":"","_links_to_target":""},"categories":[4],"tags":[],"class_list":["post-1352","post","type-post","status-publish","format-standard","has-post-thumbnail","hentry","category-noticias"],"acf":[],"yoast_head":"<!-- This site is optimized with the Yoast SEO plugin v26.7 - https:\/\/yoast.com\/wordpress\/plugins\/seo\/ -->\n<title>Todo Chile celebra el \u201cD\u00eda de la Astronom\u00eda\u201d - Los Lagos<\/title>\n<meta name=\"robots\" content=\"index, follow, max-snippet:-1, max-image-preview:large, max-video-preview:-1\" \/>\n<link rel=\"canonical\" href=\"https:\/\/dev.explora.cl\/lagos\/todo-chile-celebra-el-dia-de-la-astronomia\/\" class=\"yoast-seo-meta-tag\" \/>\n<meta property=\"og:locale\" content=\"es_ES\" class=\"yoast-seo-meta-tag\" \/>\n<meta property=\"og:type\" content=\"article\" class=\"yoast-seo-meta-tag\" \/>\n<meta property=\"og:title\" content=\"Todo Chile celebra el \u201cD\u00eda de la Astronom\u00eda\u201d - Los Lagos\" class=\"yoast-seo-meta-tag\" \/>\n<meta property=\"og:description\" content=\"M\u00e1s de 20 instituciones nacionales e internacionales encabezadas por la Fundaci\u00f3n PLANETARIO de la Universidad de Santiago de Chile, el Programa EXPLORA CONICYT y la Sociedad Chilena de Astronom\u00eda, SOCHIAS, celebrar\u00e1n por segundo a\u00f1o consecutivo el \u00abD\u00eda de la Astronom\u00eda en Chile\u00bb, con m\u00faltiples actividades a nivel nacional, los d\u00edas 20 y 21 de marzo. [&hellip;]\" class=\"yoast-seo-meta-tag\" \/>\n<meta property=\"og:url\" content=\"https:\/\/dev.explora.cl\/lagos\/todo-chile-celebra-el-dia-de-la-astronomia\/\" class=\"yoast-seo-meta-tag\" \/>\n<meta property=\"og:site_name\" content=\"Los Lagos\" class=\"yoast-seo-meta-tag\" \/>\n<meta property=\"article:published_time\" content=\"2015-03-12T04:00:00+00:00\" class=\"yoast-seo-meta-tag\" \/>\n<meta property=\"article:modified_time\" content=\"2019-05-20T19:48:03+00:00\" class=\"yoast-seo-meta-tag\" \/>\n<meta property=\"og:image\" content=\"https:\/\/dev.explora.cl\/lagos\/wp-content\/uploads\/sites\/17\/2015\/03\/6w6V9wVKyVE.jpg\" class=\"yoast-seo-meta-tag\" \/>\n\t<meta property=\"og:image:width\" content=\"1280\" class=\"yoast-seo-meta-tag\" \/>\n\t<meta property=\"og:image:height\" content=\"720\" class=\"yoast-seo-meta-tag\" \/>\n\t<meta property=\"og:image:type\" content=\"image\/jpeg\" class=\"yoast-seo-meta-tag\" \/>\n<meta name=\"author\" content=\"webman\" class=\"yoast-seo-meta-tag\" \/>\n<meta name=\"twitter:card\" content=\"summary_large_image\" class=\"yoast-seo-meta-tag\" \/>\n<meta name=\"twitter:label1\" content=\"Escrito por\" class=\"yoast-seo-meta-tag\" \/>\n\t<meta name=\"twitter:data1\" content=\"webman\" class=\"yoast-seo-meta-tag\" \/>\n\t<meta name=\"twitter:label2\" content=\"Tiempo de lectura\" class=\"yoast-seo-meta-tag\" \/>\n\t<meta name=\"twitter:data2\" content=\"3 minutos\" class=\"yoast-seo-meta-tag\" \/>\n<script type=\"application\/ld+json\" class=\"yoast-schema-graph\">{\"@context\":\"https:\/\/schema.org\",\"@graph\":[{\"@type\":\"Article\",\"@id\":\"https:\/\/dev.explora.cl\/lagos\/todo-chile-celebra-el-dia-de-la-astronomia\/#article\",\"isPartOf\":{\"@id\":\"https:\/\/dev.explora.cl\/lagos\/todo-chile-celebra-el-dia-de-la-astronomia\/\"},\"author\":{\"name\":\"webman\",\"@id\":\"https:\/\/dev.explora.cl\/lagos\/#\/schema\/person\/cb8349c13ea2d324080adf8480d7ba5d\"},\"headline\":\"Todo Chile celebra el \u201cD\u00eda de la Astronom\u00eda\u201d\",\"datePublished\":\"2015-03-12T04:00:00+00:00\",\"dateModified\":\"2019-05-20T19:48:03+00:00\",\"mainEntityOfPage\":{\"@id\":\"https:\/\/dev.explora.cl\/lagos\/todo-chile-celebra-el-dia-de-la-astronomia\/\"},\"wordCount\":595,\"commentCount\":0,\"image\":{\"@id\":\"https:\/\/dev.explora.cl\/lagos\/todo-chile-celebra-el-dia-de-la-astronomia\/#primaryimage\"},\"thumbnailUrl\":\"https:\/\/dev.explora.cl\/lagos\/wp-content\/uploads\/sites\/17\/2015\/03\/6w6V9wVKyVE.jpg\",\"articleSection\":[\"Noticias\"],\"inLanguage\":\"es\",\"potentialAction\":[{\"@type\":\"CommentAction\",\"name\":\"Comment\",\"target\":[\"https:\/\/dev.explora.cl\/lagos\/todo-chile-celebra-el-dia-de-la-astronomia\/#respond\"]}]},{\"@type\":\"WebPage\",\"@id\":\"https:\/\/dev.explora.cl\/lagos\/todo-chile-celebra-el-dia-de-la-astronomia\/\",\"url\":\"https:\/\/dev.explora.cl\/lagos\/todo-chile-celebra-el-dia-de-la-astronomia\/\",\"name\":\"Todo Chile celebra el \u201cD\u00eda de la Astronom\u00eda\u201d - Los Lagos\",\"isPartOf\":{\"@id\":\"https:\/\/dev.explora.cl\/lagos\/#website\"},\"primaryImageOfPage\":{\"@id\":\"https:\/\/dev.explora.cl\/lagos\/todo-chile-celebra-el-dia-de-la-astronomia\/#primaryimage\"},\"image\":{\"@id\":\"https:\/\/dev.explora.cl\/lagos\/todo-chile-celebra-el-dia-de-la-astronomia\/#primaryimage\"},\"thumbnailUrl\":\"https:\/\/dev.explora.cl\/lagos\/wp-content\/uploads\/sites\/17\/2015\/03\/6w6V9wVKyVE.jpg\",\"datePublished\":\"2015-03-12T04:00:00+00:00\",\"dateModified\":\"2019-05-20T19:48:03+00:00\",\"author\":{\"@id\":\"https:\/\/dev.explora.cl\/lagos\/#\/schema\/person\/cb8349c13ea2d324080adf8480d7ba5d\"},\"breadcrumb\":{\"@id\":\"https:\/\/dev.explora.cl\/lagos\/todo-chile-celebra-el-dia-de-la-astronomia\/#breadcrumb\"},\"inLanguage\":\"es\",\"potentialAction\":[{\"@type\":\"ReadAction\",\"target\":[\"https:\/\/dev.explora.cl\/lagos\/todo-chile-celebra-el-dia-de-la-astronomia\/\"]}]},{\"@type\":\"ImageObject\",\"inLanguage\":\"es\",\"@id\":\"https:\/\/dev.explora.cl\/lagos\/todo-chile-celebra-el-dia-de-la-astronomia\/#primaryimage\",\"url\":\"https:\/\/dev.explora.cl\/lagos\/wp-content\/uploads\/sites\/17\/2015\/03\/6w6V9wVKyVE.jpg\",\"contentUrl\":\"https:\/\/dev.explora.cl\/lagos\/wp-content\/uploads\/sites\/17\/2015\/03\/6w6V9wVKyVE.jpg\",\"width\":1280,\"height\":720},{\"@type\":\"BreadcrumbList\",\"@id\":\"https:\/\/dev.explora.cl\/lagos\/todo-chile-celebra-el-dia-de-la-astronomia\/#breadcrumb\",\"itemListElement\":[{\"@type\":\"ListItem\",\"position\":1,\"name\":\"Portada\",\"item\":\"https:\/\/dev.explora.cl\/lagos\/\"},{\"@type\":\"ListItem\",\"position\":2,\"name\":\"Todo Chile celebra el \u201cD\u00eda de la Astronom\u00eda\u201d\"}]},{\"@type\":\"WebSite\",\"@id\":\"https:\/\/dev.explora.cl\/lagos\/#website\",\"url\":\"https:\/\/dev.explora.cl\/lagos\/\",\"name\":\"Los Lagos\",\"description\":\"Otro sitio m\u00e1s de dev.explora.cl\",\"potentialAction\":[{\"@type\":\"SearchAction\",\"target\":{\"@type\":\"EntryPoint\",\"urlTemplate\":\"https:\/\/dev.explora.cl\/lagos\/?s={search_term_string}\"},\"query-input\":{\"@type\":\"PropertyValueSpecification\",\"valueRequired\":true,\"valueName\":\"search_term_string\"}}],\"inLanguage\":\"es\"},{\"@type\":\"Person\",\"@id\":\"https:\/\/dev.explora.cl\/lagos\/#\/schema\/person\/cb8349c13ea2d324080adf8480d7ba5d\",\"name\":\"webman\",\"image\":{\"@type\":\"ImageObject\",\"inLanguage\":\"es\",\"@id\":\"https:\/\/dev.explora.cl\/lagos\/#\/schema\/person\/image\/\",\"url\":\"https:\/\/secure.gravatar.com\/avatar\/eeff3c82f2c02f7177d13663b7e6f890e9a6a0647ce9bb29cae02dcb094c7312?s=96&d=mm&r=g\",\"contentUrl\":\"https:\/\/secure.gravatar.com\/avatar\/eeff3c82f2c02f7177d13663b7e6f890e9a6a0647ce9bb29cae02dcb094c7312?s=96&d=mm&r=g\",\"caption\":\"webman\"},\"url\":\"https:\/\/dev.explora.cl\/lagos\/author\/webman\/\"}]}<\/script>\n<!-- \/ Yoast SEO plugin. -->","yoast_head_json":{"title":"Todo Chile celebra el \u201cD\u00eda de la Astronom\u00eda\u201d - Los Lagos","robots":{"index":"index","follow":"follow","max-snippet":"max-snippet:-1","max-image-preview":"max-image-preview:large","max-video-preview":"max-video-preview:-1"},"canonical":"https:\/\/dev.explora.cl\/lagos\/todo-chile-celebra-el-dia-de-la-astronomia\/","og_locale":"es_ES","og_type":"article","og_title":"Todo Chile celebra el \u201cD\u00eda de la Astronom\u00eda\u201d - Los Lagos","og_description":"M\u00e1s de 20 instituciones nacionales e internacionales encabezadas por la Fundaci\u00f3n PLANETARIO de la Universidad de Santiago de Chile, el Programa EXPLORA CONICYT y la Sociedad Chilena de Astronom\u00eda, SOCHIAS, celebrar\u00e1n por segundo a\u00f1o consecutivo el \u00abD\u00eda de la Astronom\u00eda en Chile\u00bb, con m\u00faltiples actividades a nivel nacional, los d\u00edas 20 y 21 de marzo. [&hellip;]","og_url":"https:\/\/dev.explora.cl\/lagos\/todo-chile-celebra-el-dia-de-la-astronomia\/","og_site_name":"Los Lagos","article_published_time":"2015-03-12T04:00:00+00:00","article_modified_time":"2019-05-20T19:48:03+00:00","og_image":[{"width":1280,"height":720,"url":"https:\/\/dev.explora.cl\/lagos\/wp-content\/uploads\/sites\/17\/2015\/03\/6w6V9wVKyVE.jpg","type":"image\/jpeg"}],"author":"webman","twitter_card":"summary_large_image","twitter_misc":{"Escrito por":"webman","Tiempo de lectura":"3 minutos"},"schema":{"@context":"https:\/\/schema.org","@graph":[{"@type":"Article","@id":"https:\/\/dev.explora.cl\/lagos\/todo-chile-celebra-el-dia-de-la-astronomia\/#article","isPartOf":{"@id":"https:\/\/dev.explora.cl\/lagos\/todo-chile-celebra-el-dia-de-la-astronomia\/"},"author":{"name":"webman","@id":"https:\/\/dev.explora.cl\/lagos\/#\/schema\/person\/cb8349c13ea2d324080adf8480d7ba5d"},"headline":"Todo Chile celebra el \u201cD\u00eda de la Astronom\u00eda\u201d","datePublished":"2015-03-12T04:00:00+00:00","dateModified":"2019-05-20T19:48:03+00:00","mainEntityOfPage":{"@id":"https:\/\/dev.explora.cl\/lagos\/todo-chile-celebra-el-dia-de-la-astronomia\/"},"wordCount":595,"commentCount":0,"image":{"@id":"https:\/\/dev.explora.cl\/lagos\/todo-chile-celebra-el-dia-de-la-astronomia\/#primaryimage"},"thumbnailUrl":"https:\/\/dev.explora.cl\/lagos\/wp-content\/uploads\/sites\/17\/2015\/03\/6w6V9wVKyVE.jpg","articleSection":["Noticias"],"inLanguage":"es","potentialAction":[{"@type":"CommentAction","name":"Comment","target":["https:\/\/dev.explora.cl\/lagos\/todo-chile-celebra-el-dia-de-la-astronomia\/#respond"]}]},{"@type":"WebPage","@id":"https:\/\/dev.explora.cl\/lagos\/todo-chile-celebra-el-dia-de-la-astronomia\/","url":"https:\/\/dev.explora.cl\/lagos\/todo-chile-celebra-el-dia-de-la-astronomia\/","name":"Todo Chile celebra el \u201cD\u00eda de la Astronom\u00eda\u201d - Los Lagos","isPartOf":{"@id":"https:\/\/dev.explora.cl\/lagos\/#website"},"primaryImageOfPage":{"@id":"https:\/\/dev.explora.cl\/lagos\/todo-chile-celebra-el-dia-de-la-astronomia\/#primaryimage"},"image":{"@id":"https:\/\/dev.explora.cl\/lagos\/todo-chile-celebra-el-dia-de-la-astronomia\/#primaryimage"},"thumbnailUrl":"https:\/\/dev.explora.cl\/lagos\/wp-content\/uploads\/sites\/17\/2015\/03\/6w6V9wVKyVE.jpg","datePublished":"2015-03-12T04:00:00+00:00","dateModified":"2019-05-20T19:48:03+00:00","author":{"@id":"https:\/\/dev.explora.cl\/lagos\/#\/schema\/person\/cb8349c13ea2d324080adf8480d7ba5d"},"breadcrumb":{"@id":"https:\/\/dev.explora.cl\/lagos\/todo-chile-celebra-el-dia-de-la-astronomia\/#breadcrumb"},"inLanguage":"es","potentialAction":[{"@type":"ReadAction","target":["https:\/\/dev.explora.cl\/lagos\/todo-chile-celebra-el-dia-de-la-astronomia\/"]}]},{"@type":"ImageObject","inLanguage":"es","@id":"https:\/\/dev.explora.cl\/lagos\/todo-chile-celebra-el-dia-de-la-astronomia\/#primaryimage","url":"https:\/\/dev.explora.cl\/lagos\/wp-content\/uploads\/sites\/17\/2015\/03\/6w6V9wVKyVE.jpg","contentUrl":"https:\/\/dev.explora.cl\/lagos\/wp-content\/uploads\/sites\/17\/2015\/03\/6w6V9wVKyVE.jpg","width":1280,"height":720},{"@type":"BreadcrumbList","@id":"https:\/\/dev.explora.cl\/lagos\/todo-chile-celebra-el-dia-de-la-astronomia\/#breadcrumb","itemListElement":[{"@type":"ListItem","position":1,"name":"Portada","item":"https:\/\/dev.explora.cl\/lagos\/"},{"@type":"ListItem","position":2,"name":"Todo Chile celebra el \u201cD\u00eda de la Astronom\u00eda\u201d"}]},{"@type":"WebSite","@id":"https:\/\/dev.explora.cl\/lagos\/#website","url":"https:\/\/dev.explora.cl\/lagos\/","name":"Los Lagos","description":"Otro sitio m\u00e1s de dev.explora.cl","potentialAction":[{"@type":"SearchAction","target":{"@type":"EntryPoint","urlTemplate":"https:\/\/dev.explora.cl\/lagos\/?s={search_term_string}"},"query-input":{"@type":"PropertyValueSpecification","valueRequired":true,"valueName":"search_term_string"}}],"inLanguage":"es"},{"@type":"Person","@id":"https:\/\/dev.explora.cl\/lagos\/#\/schema\/person\/cb8349c13ea2d324080adf8480d7ba5d","name":"webman","image":{"@type":"ImageObject","inLanguage":"es","@id":"https:\/\/dev.explora.cl\/lagos\/#\/schema\/person\/image\/","url":"https:\/\/secure.gravatar.com\/avatar\/eeff3c82f2c02f7177d13663b7e6f890e9a6a0647ce9bb29cae02dcb094c7312?s=96&d=mm&r=g","contentUrl":"https:\/\/secure.gravatar.com\/avatar\/eeff3c82f2c02f7177d13663b7e6f890e9a6a0647ce9bb29cae02dcb094c7312?s=96&d=mm&r=g","caption":"webman"},"url":"https:\/\/dev.explora.cl\/lagos\/author\/webman\/"}]}},"_links":{"self":[{"href":"https:\/\/dev.explora.cl\/lagos\/wp-json\/wp\/v2\/posts\/1352","targetHints":{"allow":["GET"]}}],"collection":[{"href":"https:\/\/dev.explora.cl\/lagos\/wp-json\/wp\/v2\/posts"}],"about":[{"href":"https:\/\/dev.explora.cl\/lagos\/wp-json\/wp\/v2\/types\/post"}],"author":[{"embeddable":true,"href":"https:\/\/dev.explora.cl\/lagos\/wp-json\/wp\/v2\/users\/2"}],"replies":[{"embeddable":true,"href":"https:\/\/dev.explora.cl\/lagos\/wp-json\/wp\/v2\/comments?post=1352"}],"version-history":[{"count":1,"href":"https:\/\/dev.explora.cl\/lagos\/wp-json\/wp\/v2\/posts\/1352\/revisions"}],"predecessor-version":[{"id":38226,"href":"https:\/\/dev.explora.cl\/lagos\/wp-json\/wp\/v2\/posts\/1352\/revisions\/38226"}],"wp:featuredmedia":[{"embeddable":true,"href":"https:\/\/dev.explora.cl\/lagos\/wp-json\/wp\/v2\/media\/37871"}],"wp:attachment":[{"href":"https:\/\/dev.explora.cl\/lagos\/wp-json\/wp\/v2\/media?parent=1352"}],"wp:term":[{"taxonomy":"category","embeddable":true,"href":"https:\/\/dev.explora.cl\/lagos\/wp-json\/wp\/v2\/categories?post=1352"},{"taxonomy":"post_tag","embeddable":true,"href":"https:\/\/dev.explora.cl\/lagos\/wp-json\/wp\/v2\/tags?post=1352"}],"curies":[{"name":"wp","href":"https:\/\/api.w.org\/{rel}","templated":true}]}}