{"id":1334,"date":"2015-03-02T00:00:00","date_gmt":"2015-03-02T04:00:00","guid":{"rendered":"http:\/\/ec2-34-219-152-79.us-west-2.compute.amazonaws.com\/lagos\/blog\/2015\/03\/02\/serie-chile-laboratorio-natural-se-emite-por-television-abierta-durante-marzo\/"},"modified":"2019-05-20T19:48:09","modified_gmt":"2019-05-20T19:48:09","slug":"serie-chile-laboratorio-natural-se-emite-por-television-abierta-durante-marzo","status":"publish","type":"post","link":"https:\/\/dev.explora.cl\/lagos\/serie-chile-laboratorio-natural-se-emite-por-television-abierta-durante-marzo\/","title":{"rendered":"Serie \u201cChile: Laboratorio Natural\u201d se emite por televisi\u00f3n abierta durante marzo"},"content":{"rendered":"<p><img loading=\"lazy\" decoding=\"async\" class=\" size-full wp-image-9204\" src=\"http:\/\/ec2-34-218-253-251.us-west-2.compute.amazonaws.com\/wp-content\/uploads\/2015\/03\/7f811f32f53a4a14ebe64edebd144cae.jpg\" alt=\"\" width=\"682\" height=\"397\" \/><\/p>\n<p style=\"text-align: justify\">Tras un exitoso ciclo exhibido en 2013, Televisi\u00f3n Nacional de Chile se encuentra emitiendo nuevamente la serie \u00abChile: Laboratorio Natural\u00bb, una producci\u00f3n de ocho cap\u00edtulos y 16 historias que llevan al televidente en una aventura a trav\u00e9s de los m\u00e1s diversos parajes de nuestro pa\u00eds, muchos de los cuales han sido la base para la realizaci\u00f3n de investigaci\u00f3n cient\u00edfica de punta.<\/p>\n<p style=\"text-align: justify\">La serie, que fue financiada por CONICYT a trav\u00e9s de su Programa EXPLORA, retrata la variedad de ecosistemas, microclimas y escenarios de distintas caracter\u00edsticas que brindan a nuestro pa\u00eds la posibilidad de desarrollar los m\u00e1s variados proyectos cient\u00edficos y tecnol\u00f3gicos.<\/p>\n<p style=\"text-align: justify\">Durante marzo \u00abChile: Laboratorio Natural\u00bb, presentar\u00e1 interesantes tem\u00e1ticas. El domingo 8 a las 8:00 am se exhibir\u00e1 el cap\u00edtulo \u00abGlaciares y plantas\u00bb, en el que se explorar\u00e1 la Cordillera de Darwin, adem\u00e1s de conocer diferentes plantas con la capacidad de limpiar zonas contaminadas. El 15 de marzo, y en el mismo horario, el cap\u00edtulo \u00abVolcanes y Universo\u00bb abordar\u00e1 la b\u00fasqueda de sitios para la instalaci\u00f3n de estaciones de monitoreo de volcanes y el desarrollo de instrumentaci\u00f3n astron\u00f3mica.<\/p>\n<p style=\"text-align: justify\">Finalmente el domingo 22 a las 8:00 am se transmitir\u00e1 el cap\u00edtulo \u00abEnerg\u00eda Solar, Algas y Rob\u00f3tica\u00bb, el que reflejar\u00e1 la importancia del Norte Grande de Chile como productor de electricidad en base a energ\u00eda solar. Asimismo, se podr\u00e1n apreciar iniciativas para el desarrollo de combustibles como el Biodiesel a trav\u00e9s de microalgas. Adem\u00e1s, se dar\u00e1n a conocer las pruebas que realiza Nathalie Cabirol, Astrobi\u00f3loga de NASA y el Instituto Seti en Laguna Negra, Caj\u00f3n del Maipo, con un prototipo de robot que pr\u00f3ximamente viajar\u00e1 a explorar los lagos de Tit\u00e1n, una de las lunas de Saturno, donde se cree que podr\u00eda existir vida extraterrestre.<\/p>\n","protected":false},"excerpt":{"rendered":"<p>Tras un exitoso ciclo exhibido en 2013, Televisi\u00f3n Nacional de Chile se encuentra emitiendo nuevamente la serie \u00abChile: Laboratorio Natural\u00bb, una producci\u00f3n de ocho cap\u00edtulos y 16 historias que llevan al televidente en una aventura a trav\u00e9s de los m\u00e1s diversos parajes de nuestro pa\u00eds, muchos de los cuales han sido la base para la [&hellip;]<\/p>\n","protected":false},"author":2,"featured_media":1335,"comment_status":"open","ping_status":"open","sticky":false,"template":"","format":"standard","meta":{"_acf_changed":false,"_exactmetrics_skip_tracking":false,"_exactmetrics_sitenote_active":false,"_exactmetrics_sitenote_note":"","_exactmetrics_sitenote_category":0,"footnotes":"","_links_to":"","_links_to_target":""},"categories":[4],"tags":[],"class_list":["post-1334","post","type-post","status-publish","format-standard","has-post-thumbnail","hentry","category-noticias"],"acf":[],"yoast_head":"<!-- This site is optimized with the Yoast SEO plugin v26.7 - https:\/\/yoast.com\/wordpress\/plugins\/seo\/ -->\n<title>Serie \u201cChile: Laboratorio Natural\u201d se emite por televisi\u00f3n abierta durante marzo - Los Lagos<\/title>\n<meta name=\"robots\" content=\"index, follow, max-snippet:-1, max-image-preview:large, max-video-preview:-1\" \/>\n<link rel=\"canonical\" href=\"https:\/\/dev.explora.cl\/lagos\/serie-chile-laboratorio-natural-se-emite-por-television-abierta-durante-marzo\/\" class=\"yoast-seo-meta-tag\" \/>\n<meta property=\"og:locale\" content=\"es_ES\" class=\"yoast-seo-meta-tag\" \/>\n<meta property=\"og:type\" content=\"article\" class=\"yoast-seo-meta-tag\" \/>\n<meta property=\"og:title\" content=\"Serie \u201cChile: Laboratorio Natural\u201d se emite por televisi\u00f3n abierta durante marzo - Los Lagos\" class=\"yoast-seo-meta-tag\" \/>\n<meta property=\"og:description\" content=\"Tras un exitoso ciclo exhibido en 2013, Televisi\u00f3n Nacional de Chile se encuentra emitiendo nuevamente la serie \u00abChile: Laboratorio Natural\u00bb, una producci\u00f3n de ocho cap\u00edtulos y 16 historias que llevan al televidente en una aventura a trav\u00e9s de los m\u00e1s diversos parajes de nuestro pa\u00eds, muchos de los cuales han sido la base para la [&hellip;]\" class=\"yoast-seo-meta-tag\" \/>\n<meta property=\"og:url\" content=\"https:\/\/dev.explora.cl\/lagos\/serie-chile-laboratorio-natural-se-emite-por-television-abierta-durante-marzo\/\" class=\"yoast-seo-meta-tag\" \/>\n<meta property=\"og:site_name\" content=\"Los Lagos\" class=\"yoast-seo-meta-tag\" \/>\n<meta property=\"article:published_time\" content=\"2015-03-02T04:00:00+00:00\" class=\"yoast-seo-meta-tag\" \/>\n<meta property=\"article:modified_time\" content=\"2019-05-20T19:48:09+00:00\" class=\"yoast-seo-meta-tag\" \/>\n<meta property=\"og:image\" content=\"https:\/\/dev.explora.cl\/lagos\/wp-content\/uploads\/sites\/17\/2018\/06\/7f811f32f53a4a14ebe64edebd144cae.jpg\" class=\"yoast-seo-meta-tag\" \/>\n\t<meta property=\"og:image:width\" content=\"682\" class=\"yoast-seo-meta-tag\" \/>\n\t<meta property=\"og:image:height\" content=\"397\" class=\"yoast-seo-meta-tag\" \/>\n\t<meta property=\"og:image:type\" content=\"image\/jpeg\" class=\"yoast-seo-meta-tag\" \/>\n<meta name=\"author\" content=\"webman\" class=\"yoast-seo-meta-tag\" \/>\n<meta name=\"twitter:card\" content=\"summary_large_image\" class=\"yoast-seo-meta-tag\" \/>\n<meta name=\"twitter:label1\" content=\"Escrito por\" class=\"yoast-seo-meta-tag\" \/>\n\t<meta name=\"twitter:data1\" content=\"webman\" class=\"yoast-seo-meta-tag\" \/>\n\t<meta name=\"twitter:label2\" content=\"Tiempo de lectura\" class=\"yoast-seo-meta-tag\" \/>\n\t<meta name=\"twitter:data2\" content=\"2 minutos\" class=\"yoast-seo-meta-tag\" \/>\n<script type=\"application\/ld+json\" class=\"yoast-schema-graph\">{\"@context\":\"https:\/\/schema.org\",\"@graph\":[{\"@type\":\"Article\",\"@id\":\"https:\/\/dev.explora.cl\/lagos\/serie-chile-laboratorio-natural-se-emite-por-television-abierta-durante-marzo\/#article\",\"isPartOf\":{\"@id\":\"https:\/\/dev.explora.cl\/lagos\/serie-chile-laboratorio-natural-se-emite-por-television-abierta-durante-marzo\/\"},\"author\":{\"name\":\"webman\",\"@id\":\"https:\/\/dev.explora.cl\/lagos\/#\/schema\/person\/cb8349c13ea2d324080adf8480d7ba5d\"},\"headline\":\"Serie \u201cChile: Laboratorio Natural\u201d se emite por televisi\u00f3n abierta durante marzo\",\"datePublished\":\"2015-03-02T04:00:00+00:00\",\"dateModified\":\"2019-05-20T19:48:09+00:00\",\"mainEntityOfPage\":{\"@id\":\"https:\/\/dev.explora.cl\/lagos\/serie-chile-laboratorio-natural-se-emite-por-television-abierta-durante-marzo\/\"},\"wordCount\":324,\"commentCount\":0,\"image\":{\"@id\":\"https:\/\/dev.explora.cl\/lagos\/serie-chile-laboratorio-natural-se-emite-por-television-abierta-durante-marzo\/#primaryimage\"},\"thumbnailUrl\":\"https:\/\/dev.explora.cl\/lagos\/wp-content\/uploads\/sites\/17\/2018\/06\/7f811f32f53a4a14ebe64edebd144cae.jpg\",\"articleSection\":[\"Noticias\"],\"inLanguage\":\"es\",\"potentialAction\":[{\"@type\":\"CommentAction\",\"name\":\"Comment\",\"target\":[\"https:\/\/dev.explora.cl\/lagos\/serie-chile-laboratorio-natural-se-emite-por-television-abierta-durante-marzo\/#respond\"]}]},{\"@type\":\"WebPage\",\"@id\":\"https:\/\/dev.explora.cl\/lagos\/serie-chile-laboratorio-natural-se-emite-por-television-abierta-durante-marzo\/\",\"url\":\"https:\/\/dev.explora.cl\/lagos\/serie-chile-laboratorio-natural-se-emite-por-television-abierta-durante-marzo\/\",\"name\":\"Serie \u201cChile: Laboratorio Natural\u201d se emite por televisi\u00f3n abierta durante marzo - Los Lagos\",\"isPartOf\":{\"@id\":\"https:\/\/dev.explora.cl\/lagos\/#website\"},\"primaryImageOfPage\":{\"@id\":\"https:\/\/dev.explora.cl\/lagos\/serie-chile-laboratorio-natural-se-emite-por-television-abierta-durante-marzo\/#primaryimage\"},\"image\":{\"@id\":\"https:\/\/dev.explora.cl\/lagos\/serie-chile-laboratorio-natural-se-emite-por-television-abierta-durante-marzo\/#primaryimage\"},\"thumbnailUrl\":\"https:\/\/dev.explora.cl\/lagos\/wp-content\/uploads\/sites\/17\/2018\/06\/7f811f32f53a4a14ebe64edebd144cae.jpg\",\"datePublished\":\"2015-03-02T04:00:00+00:00\",\"dateModified\":\"2019-05-20T19:48:09+00:00\",\"author\":{\"@id\":\"https:\/\/dev.explora.cl\/lagos\/#\/schema\/person\/cb8349c13ea2d324080adf8480d7ba5d\"},\"breadcrumb\":{\"@id\":\"https:\/\/dev.explora.cl\/lagos\/serie-chile-laboratorio-natural-se-emite-por-television-abierta-durante-marzo\/#breadcrumb\"},\"inLanguage\":\"es\",\"potentialAction\":[{\"@type\":\"ReadAction\",\"target\":[\"https:\/\/dev.explora.cl\/lagos\/serie-chile-laboratorio-natural-se-emite-por-television-abierta-durante-marzo\/\"]}]},{\"@type\":\"ImageObject\",\"inLanguage\":\"es\",\"@id\":\"https:\/\/dev.explora.cl\/lagos\/serie-chile-laboratorio-natural-se-emite-por-television-abierta-durante-marzo\/#primaryimage\",\"url\":\"https:\/\/dev.explora.cl\/lagos\/wp-content\/uploads\/sites\/17\/2018\/06\/7f811f32f53a4a14ebe64edebd144cae.jpg\",\"contentUrl\":\"https:\/\/dev.explora.cl\/lagos\/wp-content\/uploads\/sites\/17\/2018\/06\/7f811f32f53a4a14ebe64edebd144cae.jpg\",\"width\":682,\"height\":397},{\"@type\":\"BreadcrumbList\",\"@id\":\"https:\/\/dev.explora.cl\/lagos\/serie-chile-laboratorio-natural-se-emite-por-television-abierta-durante-marzo\/#breadcrumb\",\"itemListElement\":[{\"@type\":\"ListItem\",\"position\":1,\"name\":\"Portada\",\"item\":\"https:\/\/dev.explora.cl\/lagos\/\"},{\"@type\":\"ListItem\",\"position\":2,\"name\":\"Serie \u201cChile: Laboratorio Natural\u201d se emite por televisi\u00f3n abierta durante marzo\"}]},{\"@type\":\"WebSite\",\"@id\":\"https:\/\/dev.explora.cl\/lagos\/#website\",\"url\":\"https:\/\/dev.explora.cl\/lagos\/\",\"name\":\"Los Lagos\",\"description\":\"Otro sitio m\u00e1s de dev.explora.cl\",\"potentialAction\":[{\"@type\":\"SearchAction\",\"target\":{\"@type\":\"EntryPoint\",\"urlTemplate\":\"https:\/\/dev.explora.cl\/lagos\/?s={search_term_string}\"},\"query-input\":{\"@type\":\"PropertyValueSpecification\",\"valueRequired\":true,\"valueName\":\"search_term_string\"}}],\"inLanguage\":\"es\"},{\"@type\":\"Person\",\"@id\":\"https:\/\/dev.explora.cl\/lagos\/#\/schema\/person\/cb8349c13ea2d324080adf8480d7ba5d\",\"name\":\"webman\",\"image\":{\"@type\":\"ImageObject\",\"inLanguage\":\"es\",\"@id\":\"https:\/\/dev.explora.cl\/lagos\/#\/schema\/person\/image\/\",\"url\":\"https:\/\/secure.gravatar.com\/avatar\/eeff3c82f2c02f7177d13663b7e6f890e9a6a0647ce9bb29cae02dcb094c7312?s=96&d=mm&r=g\",\"contentUrl\":\"https:\/\/secure.gravatar.com\/avatar\/eeff3c82f2c02f7177d13663b7e6f890e9a6a0647ce9bb29cae02dcb094c7312?s=96&d=mm&r=g\",\"caption\":\"webman\"},\"url\":\"https:\/\/dev.explora.cl\/lagos\/author\/webman\/\"}]}<\/script>\n<!-- \/ Yoast SEO plugin. -->","yoast_head_json":{"title":"Serie \u201cChile: Laboratorio Natural\u201d se emite por televisi\u00f3n abierta durante marzo - Los Lagos","robots":{"index":"index","follow":"follow","max-snippet":"max-snippet:-1","max-image-preview":"max-image-preview:large","max-video-preview":"max-video-preview:-1"},"canonical":"https:\/\/dev.explora.cl\/lagos\/serie-chile-laboratorio-natural-se-emite-por-television-abierta-durante-marzo\/","og_locale":"es_ES","og_type":"article","og_title":"Serie \u201cChile: Laboratorio Natural\u201d se emite por televisi\u00f3n abierta durante marzo - Los Lagos","og_description":"Tras un exitoso ciclo exhibido en 2013, Televisi\u00f3n Nacional de Chile se encuentra emitiendo nuevamente la serie \u00abChile: Laboratorio Natural\u00bb, una producci\u00f3n de ocho cap\u00edtulos y 16 historias que llevan al televidente en una aventura a trav\u00e9s de los m\u00e1s diversos parajes de nuestro pa\u00eds, muchos de los cuales han sido la base para la [&hellip;]","og_url":"https:\/\/dev.explora.cl\/lagos\/serie-chile-laboratorio-natural-se-emite-por-television-abierta-durante-marzo\/","og_site_name":"Los Lagos","article_published_time":"2015-03-02T04:00:00+00:00","article_modified_time":"2019-05-20T19:48:09+00:00","og_image":[{"width":682,"height":397,"url":"https:\/\/dev.explora.cl\/lagos\/wp-content\/uploads\/sites\/17\/2018\/06\/7f811f32f53a4a14ebe64edebd144cae.jpg","type":"image\/jpeg"}],"author":"webman","twitter_card":"summary_large_image","twitter_misc":{"Escrito por":"webman","Tiempo de lectura":"2 minutos"},"schema":{"@context":"https:\/\/schema.org","@graph":[{"@type":"Article","@id":"https:\/\/dev.explora.cl\/lagos\/serie-chile-laboratorio-natural-se-emite-por-television-abierta-durante-marzo\/#article","isPartOf":{"@id":"https:\/\/dev.explora.cl\/lagos\/serie-chile-laboratorio-natural-se-emite-por-television-abierta-durante-marzo\/"},"author":{"name":"webman","@id":"https:\/\/dev.explora.cl\/lagos\/#\/schema\/person\/cb8349c13ea2d324080adf8480d7ba5d"},"headline":"Serie \u201cChile: Laboratorio Natural\u201d se emite por televisi\u00f3n abierta durante marzo","datePublished":"2015-03-02T04:00:00+00:00","dateModified":"2019-05-20T19:48:09+00:00","mainEntityOfPage":{"@id":"https:\/\/dev.explora.cl\/lagos\/serie-chile-laboratorio-natural-se-emite-por-television-abierta-durante-marzo\/"},"wordCount":324,"commentCount":0,"image":{"@id":"https:\/\/dev.explora.cl\/lagos\/serie-chile-laboratorio-natural-se-emite-por-television-abierta-durante-marzo\/#primaryimage"},"thumbnailUrl":"https:\/\/dev.explora.cl\/lagos\/wp-content\/uploads\/sites\/17\/2018\/06\/7f811f32f53a4a14ebe64edebd144cae.jpg","articleSection":["Noticias"],"inLanguage":"es","potentialAction":[{"@type":"CommentAction","name":"Comment","target":["https:\/\/dev.explora.cl\/lagos\/serie-chile-laboratorio-natural-se-emite-por-television-abierta-durante-marzo\/#respond"]}]},{"@type":"WebPage","@id":"https:\/\/dev.explora.cl\/lagos\/serie-chile-laboratorio-natural-se-emite-por-television-abierta-durante-marzo\/","url":"https:\/\/dev.explora.cl\/lagos\/serie-chile-laboratorio-natural-se-emite-por-television-abierta-durante-marzo\/","name":"Serie \u201cChile: Laboratorio Natural\u201d se emite por televisi\u00f3n abierta durante marzo - Los Lagos","isPartOf":{"@id":"https:\/\/dev.explora.cl\/lagos\/#website"},"primaryImageOfPage":{"@id":"https:\/\/dev.explora.cl\/lagos\/serie-chile-laboratorio-natural-se-emite-por-television-abierta-durante-marzo\/#primaryimage"},"image":{"@id":"https:\/\/dev.explora.cl\/lagos\/serie-chile-laboratorio-natural-se-emite-por-television-abierta-durante-marzo\/#primaryimage"},"thumbnailUrl":"https:\/\/dev.explora.cl\/lagos\/wp-content\/uploads\/sites\/17\/2018\/06\/7f811f32f53a4a14ebe64edebd144cae.jpg","datePublished":"2015-03-02T04:00:00+00:00","dateModified":"2019-05-20T19:48:09+00:00","author":{"@id":"https:\/\/dev.explora.cl\/lagos\/#\/schema\/person\/cb8349c13ea2d324080adf8480d7ba5d"},"breadcrumb":{"@id":"https:\/\/dev.explora.cl\/lagos\/serie-chile-laboratorio-natural-se-emite-por-television-abierta-durante-marzo\/#breadcrumb"},"inLanguage":"es","potentialAction":[{"@type":"ReadAction","target":["https:\/\/dev.explora.cl\/lagos\/serie-chile-laboratorio-natural-se-emite-por-television-abierta-durante-marzo\/"]}]},{"@type":"ImageObject","inLanguage":"es","@id":"https:\/\/dev.explora.cl\/lagos\/serie-chile-laboratorio-natural-se-emite-por-television-abierta-durante-marzo\/#primaryimage","url":"https:\/\/dev.explora.cl\/lagos\/wp-content\/uploads\/sites\/17\/2018\/06\/7f811f32f53a4a14ebe64edebd144cae.jpg","contentUrl":"https:\/\/dev.explora.cl\/lagos\/wp-content\/uploads\/sites\/17\/2018\/06\/7f811f32f53a4a14ebe64edebd144cae.jpg","width":682,"height":397},{"@type":"BreadcrumbList","@id":"https:\/\/dev.explora.cl\/lagos\/serie-chile-laboratorio-natural-se-emite-por-television-abierta-durante-marzo\/#breadcrumb","itemListElement":[{"@type":"ListItem","position":1,"name":"Portada","item":"https:\/\/dev.explora.cl\/lagos\/"},{"@type":"ListItem","position":2,"name":"Serie \u201cChile: Laboratorio Natural\u201d se emite por televisi\u00f3n abierta durante marzo"}]},{"@type":"WebSite","@id":"https:\/\/dev.explora.cl\/lagos\/#website","url":"https:\/\/dev.explora.cl\/lagos\/","name":"Los Lagos","description":"Otro sitio m\u00e1s de dev.explora.cl","potentialAction":[{"@type":"SearchAction","target":{"@type":"EntryPoint","urlTemplate":"https:\/\/dev.explora.cl\/lagos\/?s={search_term_string}"},"query-input":{"@type":"PropertyValueSpecification","valueRequired":true,"valueName":"search_term_string"}}],"inLanguage":"es"},{"@type":"Person","@id":"https:\/\/dev.explora.cl\/lagos\/#\/schema\/person\/cb8349c13ea2d324080adf8480d7ba5d","name":"webman","image":{"@type":"ImageObject","inLanguage":"es","@id":"https:\/\/dev.explora.cl\/lagos\/#\/schema\/person\/image\/","url":"https:\/\/secure.gravatar.com\/avatar\/eeff3c82f2c02f7177d13663b7e6f890e9a6a0647ce9bb29cae02dcb094c7312?s=96&d=mm&r=g","contentUrl":"https:\/\/secure.gravatar.com\/avatar\/eeff3c82f2c02f7177d13663b7e6f890e9a6a0647ce9bb29cae02dcb094c7312?s=96&d=mm&r=g","caption":"webman"},"url":"https:\/\/dev.explora.cl\/lagos\/author\/webman\/"}]}},"_links":{"self":[{"href":"https:\/\/dev.explora.cl\/lagos\/wp-json\/wp\/v2\/posts\/1334","targetHints":{"allow":["GET"]}}],"collection":[{"href":"https:\/\/dev.explora.cl\/lagos\/wp-json\/wp\/v2\/posts"}],"about":[{"href":"https:\/\/dev.explora.cl\/lagos\/wp-json\/wp\/v2\/types\/post"}],"author":[{"embeddable":true,"href":"https:\/\/dev.explora.cl\/lagos\/wp-json\/wp\/v2\/users\/2"}],"replies":[{"embeddable":true,"href":"https:\/\/dev.explora.cl\/lagos\/wp-json\/wp\/v2\/comments?post=1334"}],"version-history":[{"count":1,"href":"https:\/\/dev.explora.cl\/lagos\/wp-json\/wp\/v2\/posts\/1334\/revisions"}],"predecessor-version":[{"id":38233,"href":"https:\/\/dev.explora.cl\/lagos\/wp-json\/wp\/v2\/posts\/1334\/revisions\/38233"}],"wp:featuredmedia":[{"embeddable":true,"href":"https:\/\/dev.explora.cl\/lagos\/wp-json\/wp\/v2\/media\/1335"}],"wp:attachment":[{"href":"https:\/\/dev.explora.cl\/lagos\/wp-json\/wp\/v2\/media?parent=1334"}],"wp:term":[{"taxonomy":"category","embeddable":true,"href":"https:\/\/dev.explora.cl\/lagos\/wp-json\/wp\/v2\/categories?post=1334"},{"taxonomy":"post_tag","embeddable":true,"href":"https:\/\/dev.explora.cl\/lagos\/wp-json\/wp\/v2\/tags?post=1334"}],"curies":[{"name":"wp","href":"https:\/\/api.w.org\/{rel}","templated":true}]}}