{"id":1299,"date":"2015-01-23T00:00:00","date_gmt":"2015-01-23T04:00:00","guid":{"rendered":"http:\/\/ec2-34-219-152-79.us-west-2.compute.amazonaws.com\/lagos\/blog\/2015\/01\/23\/conociendo-el-patrimonio-material-e-inmaterial-de-isla-tenglo\/"},"modified":"2019-05-20T19:48:13","modified_gmt":"2019-05-20T19:48:13","slug":"conociendo-el-patrimonio-material-e-inmaterial-de-isla-tenglo","status":"publish","type":"post","link":"https:\/\/dev.explora.cl\/lagos\/conociendo-el-patrimonio-material-e-inmaterial-de-isla-tenglo\/","title":{"rendered":"Conociendo el patrimonio material e inmaterial de Isla Tenglo"},"content":{"rendered":"<p><img loading=\"lazy\" decoding=\"async\" class=\" size-full wp-image-8670\" src=\"http:\/\/ec2-34-218-253-251.us-west-2.compute.amazonaws.com\/wp-content\/uploads\/2015\/01\/1cc013b4b30bb2f3138b82c49b6ffbba.jpg\" alt=\"\" width=\"4612\" height=\"2849\" \/><\/p>\n<p style=\"text-align: justify\">Con una poblaci\u00f3n aproximada de mil 500 personas, Isla Tenglo se emplaza a solo 200 metros al sur de Puerto Montt, estableciendo el inicio del Chile Insular. La isla tiene una longitud de 14 kil\u00f3metros y 600 metros de ancho, aproximadamente. Desde el a\u00f1o 2000, este tradicional sector de la comuna, se transform\u00f3 en el sitio arqueol\u00f3gico m\u00e1s cercano al casco urbano de la capital regional, debido al descubrimiento del conchal que se ubica en el sector de la Puntilla de Tenglo.<\/p>\n<p><em><strong>Por Juan Carlos Barr\u00eda Ricke<\/strong><\/em><br \/><em><strong>Periodista PAR EXPLORA de CONICYT Los Lagos<\/strong><\/em><\/p>\n<hr \/>\n<p style=\"text-align: justify\">Fue durante el mes de noviembre del 2000, y mientras trabajadores municipales realizaban movimientos de tierra para la instalaci\u00f3n de una red de agua potable en la Isla Tenglo, que se produjo el hallazgo de osamentas humanas, adem\u00e1s de vestigios correspondientes a un conjunto de seis campamentos de funci\u00f3n habitacional y uno de funci\u00f3n funeraria. Asimismo, se encontr\u00f3 material l\u00edtico (puntas de proyectil, cuchillos, raspadores, afiladores y cepillos entre otros) y numerosos restos de especies marinas.<\/p>\n<p style=\"text-align: justify\">El estudio del sitio, realizado por el arque\u00f3logo Nelson Gaete, determin\u00f3 que las osamentas encontradas contaban con una data superior a los 5 mil a\u00f1os y que correspond\u00edan a un campamento de varios grupos de cazadores y recolectores marinos del per\u00edodo Arcaico. As\u00ed nace el Conchal de Puntilla Tenglo, resultado de la acumulaci\u00f3n de conchas marinas, y lugar de asentamiento de los primeros seres humanos que habitaron la costa chilena.<\/p>\n<p style=\"text-align: justify\"><strong><br \/><span style=\"color: #3366ff\">Patrimonio Inmaterial<\/span><\/strong><\/p>\n<p style=\"text-align: justify\"><a href=\"https:\/\/www.facebook.com\/explora.loslagos\/media_set?set=a.589995691132545.1073741903.100003663580556&amp;type=1&amp;pnref=story\"><img decoding=\"async\" class=\" alignleft size-full wp-image-8671\" style=\"margin: 5px 10px;float: left\" src=\"http:\/\/ec2-34-218-253-251.us-west-2.compute.amazonaws.com\/wp-content\/uploads\/2015\/01\/Ruta-4.JPG\" alt=\"\" width=\"350\" border=\"0\" \/><\/a>Con el objetivo de que la comunidad regional valore el patrimonio y la identidad local, el PAR EXPLORA Los Lagos, a cargo de la ULagos, efectu\u00f3 un recorrido gratuito para toda la comunidad denominado \u00abRuta Conchales de Puntilla Tenglo\u00bb. <\/p>\n<p>Fueron cerca de 30 personas las que vivieron la experiencia de conocer en terreno este sitio arqueol\u00f3gico, que tiene una antig\u00fcedad superior a los 5 mil a\u00f1os, el que lamentablemente ha sido fuertemente intervenido por la presencia humana.<\/p>\n<p style=\"text-align: justify\">La actividad fue supervisada por la Profesora de Historia y monitora del PAR EXPLORA Los Lagos, Yaneth Barrientos, quien realiz\u00f3 una charla informativa contextualizando parte de la historia de la ciudad de Puerto Montt y del conchal presente en Isla Tenglo.<\/p>\n<p style=\"text-align: justify\"><a href=\"https:\/\/www.facebook.com\/explora.loslagos\/media_set?set=a.589995691132545.1073741903.100003663580556&amp;type=1&amp;pnref=story\"><img decoding=\"async\" class=\" alignright size-full wp-image-3850\" style=\"float: right;margin: 5px 10px\" src=\"http:\/\/ec2-34-218-253-251.us-west-2.compute.amazonaws.com\/wp-content\/uploads\/2014\/07\/Ruta-5.JPG\" alt=\"\" width=\"350\" border=\"0\" \/><\/a>La Ruta incluy\u00f3 la navegaci\u00f3n por todo el borde costero de la isla, para posteriormente recorrer tres hitos principales. Los participantes visitaron la capilla \u00abJes\u00fas\u00a0<span style=\"line-height: 1.3em\">Nazareno\u00bb, una de las dos capillas que se encuentran en Tenglo, donde la patrona de la Iglesia explic\u00f3 la forma en que la comunidad vive su religiosidad, la que el 30 de agosto celebra la Fiesta del Nazareno, instancia que convoca a cientos de personas.<\/span><\/p>\n<p style=\"text-align: justify\">Posteriormente el grupo tuvo la oportunidad de conocer el trabajo que realiza H\u00e9ctor Villarroel, (maestro de ribera) constructor de embarcaciones de madera que realiza este oficio heredado por su padre, y que ha transmitido a sus propios hijos, alcanzando as\u00ed tres generaciones. Finalmente, los participantes de la Ruta del PAR EXPLORA Los Lagos, llegaron hasta el monolito que indica el lugar exacto en el que se encuentra el conchal de Tenglo.<\/p>\n<p style=\"text-align: justify\">La costa del Seno del Reloncav\u00ed es rica en cuanto a la presencia de estos sitios. Algunos de ellos son Piedra Azul, Ilque y Metri, entre otros, lo que demuestran la presencia de poblaci\u00f3n desde hace miles de a\u00f1os, adem\u00e1s de la exitosa adaptaci\u00f3n que se desarroll\u00f3 en esta zona antes de la llegada de los espa\u00f1oles.<\/p>\n<p style=\"text-align: justify\"><span style=\"color: #3366ff\"><strong>Los Participantes<\/strong><\/span><\/p>\n<p style=\"text-align: justify\"><a href=\"https:\/\/www.facebook.com\/explora.loslagos\/media_set?set=a.589995691132545.1073741903.100003663580556&amp;type=1&amp;pnref=story\"><img decoding=\"async\" class=\" alignleft size-full wp-image-8672\" style=\"float: left;margin: 5px 10px\" src=\"http:\/\/ec2-34-218-253-251.us-west-2.compute.amazonaws.com\/wp-content\/uploads\/2015\/01\/Carina-Leiva.JPG\" alt=\"\" width=\"100\" border=\"0\" \/><\/a>Carina Leiva particip\u00f3 de la actividad organizada por el PAR EXPLORA Los Lagos y se\u00f1al\u00f3 que \u00absiendo de Puerto Montt uno no se da el tiempo de conocer estos lugares y hacer estos recorridos. Me pareci\u00f3 una iniciativa muy interesante y recomendable tanto para los turistas, como para todos los puertomontinos\u00bb, indic\u00f3.<\/p>\n<p style=\"text-align: justify\"><a href=\"https:\/\/www.facebook.com\/explora.loslagos\/media_set?set=a.589995691132545.1073741903.100003663580556&amp;type=1&amp;pnref=story\"><img decoding=\"async\" class=\" alignleft size-full wp-image-8673\" style=\"float: left;margin: 5px 10px\" src=\"http:\/\/ec2-34-218-253-251.us-west-2.compute.amazonaws.com\/wp-content\/uploads\/2015\/01\/Emilia-Barahona.JPG\" alt=\"\" width=\"100\" border=\"0\" \/><\/a>Por su parte, Emilia Barahona de diez a\u00f1os, coment\u00f3 que \u00abfue una actividad muy linda y me gustar\u00eda mucho que se volviera a repetir\u00bb. <\/p>\n<p><a href=\"https:\/\/www.facebook.com\/explora.loslagos\/media_set?set=a.589995691132545.1073741903.100003663580556&amp;type=1&amp;pnref=story\"><img decoding=\"async\" class=\" alignleft size-full wp-image-8674\" style=\"float: left;margin: 5px 10px\" src=\"http:\/\/ec2-34-218-253-251.us-west-2.compute.amazonaws.com\/wp-content\/uploads\/2015\/01\/Maddy-Alarcn.JPG\" alt=\"\" width=\"100\" border=\"0\" \/><\/a>Asimismo, Maddy Alarc\u00f3n, recalc\u00f3 que \u00abeste recorrido no lo hab\u00eda realizado y realmente visitar Tenglo y conocer su historia resulta muy provechoso\u00bb.<\/p>\n<p>Revisa las<span style=\"color: #3366ff\"> <a href=\"https:\/\/www.facebook.com\/media\/set\/?set=a.619619974809572.1073741864.210259862412254&amp;type=1\"><span style=\"color: #3366ff\">Fotograf\u00edas Sociales<\/span><\/a><\/span> y el <span style=\"color: #3366ff\"><a href=\"https:\/\/www.facebook.com\/media\/set\/?set=a.619629814808588.1073741865.210259862412254&amp;type=1\"><span style=\"color: #3366ff\">\u00c1lbum de la Vista<\/span><\/a>.<\/span><\/p>\n","protected":false},"excerpt":{"rendered":"<p>Con una poblaci\u00f3n aproximada de mil 500 personas, Isla Tenglo se emplaza a solo 200 metros al sur de Puerto Montt, estableciendo el inicio del Chile Insular. La isla tiene una longitud de 14 kil\u00f3metros y 600 metros de ancho, aproximadamente. Desde el a\u00f1o 2000, este tradicional sector de la comuna, se transform\u00f3 en el [&hellip;]<\/p>\n","protected":false},"author":2,"featured_media":1300,"comment_status":"open","ping_status":"open","sticky":false,"template":"","format":"standard","meta":{"_acf_changed":false,"_exactmetrics_skip_tracking":false,"_exactmetrics_sitenote_active":false,"_exactmetrics_sitenote_note":"","_exactmetrics_sitenote_category":0,"footnotes":"","_links_to":"","_links_to_target":""},"categories":[4],"tags":[],"class_list":["post-1299","post","type-post","status-publish","format-standard","has-post-thumbnail","hentry","category-noticias"],"acf":[],"yoast_head":"<!-- This site is optimized with the Yoast SEO plugin v26.7 - https:\/\/yoast.com\/wordpress\/plugins\/seo\/ -->\n<title>Conociendo el patrimonio material e inmaterial de Isla Tenglo - Los Lagos<\/title>\n<meta name=\"robots\" content=\"index, follow, max-snippet:-1, max-image-preview:large, max-video-preview:-1\" \/>\n<link rel=\"canonical\" href=\"https:\/\/dev.explora.cl\/lagos\/conociendo-el-patrimonio-material-e-inmaterial-de-isla-tenglo\/\" class=\"yoast-seo-meta-tag\" \/>\n<meta property=\"og:locale\" content=\"es_ES\" class=\"yoast-seo-meta-tag\" \/>\n<meta property=\"og:type\" content=\"article\" class=\"yoast-seo-meta-tag\" \/>\n<meta property=\"og:title\" content=\"Conociendo el patrimonio material e inmaterial de Isla Tenglo - Los Lagos\" class=\"yoast-seo-meta-tag\" \/>\n<meta property=\"og:description\" content=\"Con una poblaci\u00f3n aproximada de mil 500 personas, Isla Tenglo se emplaza a solo 200 metros al sur de Puerto Montt, estableciendo el inicio del Chile Insular. La isla tiene una longitud de 14 kil\u00f3metros y 600 metros de ancho, aproximadamente. Desde el a\u00f1o 2000, este tradicional sector de la comuna, se transform\u00f3 en el [&hellip;]\" class=\"yoast-seo-meta-tag\" \/>\n<meta property=\"og:url\" content=\"https:\/\/dev.explora.cl\/lagos\/conociendo-el-patrimonio-material-e-inmaterial-de-isla-tenglo\/\" class=\"yoast-seo-meta-tag\" \/>\n<meta property=\"og:site_name\" content=\"Los Lagos\" class=\"yoast-seo-meta-tag\" \/>\n<meta property=\"article:published_time\" content=\"2015-01-23T04:00:00+00:00\" class=\"yoast-seo-meta-tag\" \/>\n<meta property=\"article:modified_time\" content=\"2019-05-20T19:48:13+00:00\" class=\"yoast-seo-meta-tag\" \/>\n<meta property=\"og:image\" content=\"https:\/\/dev.explora.cl\/lagos\/wp-content\/uploads\/sites\/17\/2018\/06\/1cc013b4b30bb2f3138b82c49b6ffbba-1024x633.jpg\" class=\"yoast-seo-meta-tag\" \/>\n\t<meta property=\"og:image:width\" content=\"1024\" class=\"yoast-seo-meta-tag\" \/>\n\t<meta property=\"og:image:height\" content=\"633\" class=\"yoast-seo-meta-tag\" \/>\n\t<meta property=\"og:image:type\" content=\"image\/jpeg\" class=\"yoast-seo-meta-tag\" \/>\n<meta name=\"author\" content=\"webman\" class=\"yoast-seo-meta-tag\" \/>\n<meta name=\"twitter:card\" content=\"summary_large_image\" class=\"yoast-seo-meta-tag\" \/>\n<meta name=\"twitter:label1\" content=\"Escrito por\" class=\"yoast-seo-meta-tag\" \/>\n\t<meta name=\"twitter:data1\" content=\"webman\" class=\"yoast-seo-meta-tag\" \/>\n\t<meta name=\"twitter:label2\" content=\"Tiempo de lectura\" class=\"yoast-seo-meta-tag\" \/>\n\t<meta name=\"twitter:data2\" content=\"3 minutos\" class=\"yoast-seo-meta-tag\" \/>\n<script type=\"application\/ld+json\" class=\"yoast-schema-graph\">{\"@context\":\"https:\/\/schema.org\",\"@graph\":[{\"@type\":\"Article\",\"@id\":\"https:\/\/dev.explora.cl\/lagos\/conociendo-el-patrimonio-material-e-inmaterial-de-isla-tenglo\/#article\",\"isPartOf\":{\"@id\":\"https:\/\/dev.explora.cl\/lagos\/conociendo-el-patrimonio-material-e-inmaterial-de-isla-tenglo\/\"},\"author\":{\"name\":\"webman\",\"@id\":\"https:\/\/dev.explora.cl\/lagos\/#\/schema\/person\/cb8349c13ea2d324080adf8480d7ba5d\"},\"headline\":\"Conociendo el patrimonio material e inmaterial de Isla Tenglo\",\"datePublished\":\"2015-01-23T04:00:00+00:00\",\"dateModified\":\"2019-05-20T19:48:13+00:00\",\"mainEntityOfPage\":{\"@id\":\"https:\/\/dev.explora.cl\/lagos\/conociendo-el-patrimonio-material-e-inmaterial-de-isla-tenglo\/\"},\"wordCount\":700,\"commentCount\":0,\"image\":{\"@id\":\"https:\/\/dev.explora.cl\/lagos\/conociendo-el-patrimonio-material-e-inmaterial-de-isla-tenglo\/#primaryimage\"},\"thumbnailUrl\":\"https:\/\/dev.explora.cl\/lagos\/wp-content\/uploads\/sites\/17\/2018\/06\/1cc013b4b30bb2f3138b82c49b6ffbba.jpg\",\"articleSection\":[\"Noticias\"],\"inLanguage\":\"es\",\"potentialAction\":[{\"@type\":\"CommentAction\",\"name\":\"Comment\",\"target\":[\"https:\/\/dev.explora.cl\/lagos\/conociendo-el-patrimonio-material-e-inmaterial-de-isla-tenglo\/#respond\"]}]},{\"@type\":\"WebPage\",\"@id\":\"https:\/\/dev.explora.cl\/lagos\/conociendo-el-patrimonio-material-e-inmaterial-de-isla-tenglo\/\",\"url\":\"https:\/\/dev.explora.cl\/lagos\/conociendo-el-patrimonio-material-e-inmaterial-de-isla-tenglo\/\",\"name\":\"Conociendo el patrimonio material e inmaterial de Isla Tenglo - Los Lagos\",\"isPartOf\":{\"@id\":\"https:\/\/dev.explora.cl\/lagos\/#website\"},\"primaryImageOfPage\":{\"@id\":\"https:\/\/dev.explora.cl\/lagos\/conociendo-el-patrimonio-material-e-inmaterial-de-isla-tenglo\/#primaryimage\"},\"image\":{\"@id\":\"https:\/\/dev.explora.cl\/lagos\/conociendo-el-patrimonio-material-e-inmaterial-de-isla-tenglo\/#primaryimage\"},\"thumbnailUrl\":\"https:\/\/dev.explora.cl\/lagos\/wp-content\/uploads\/sites\/17\/2018\/06\/1cc013b4b30bb2f3138b82c49b6ffbba.jpg\",\"datePublished\":\"2015-01-23T04:00:00+00:00\",\"dateModified\":\"2019-05-20T19:48:13+00:00\",\"author\":{\"@id\":\"https:\/\/dev.explora.cl\/lagos\/#\/schema\/person\/cb8349c13ea2d324080adf8480d7ba5d\"},\"breadcrumb\":{\"@id\":\"https:\/\/dev.explora.cl\/lagos\/conociendo-el-patrimonio-material-e-inmaterial-de-isla-tenglo\/#breadcrumb\"},\"inLanguage\":\"es\",\"potentialAction\":[{\"@type\":\"ReadAction\",\"target\":[\"https:\/\/dev.explora.cl\/lagos\/conociendo-el-patrimonio-material-e-inmaterial-de-isla-tenglo\/\"]}]},{\"@type\":\"ImageObject\",\"inLanguage\":\"es\",\"@id\":\"https:\/\/dev.explora.cl\/lagos\/conociendo-el-patrimonio-material-e-inmaterial-de-isla-tenglo\/#primaryimage\",\"url\":\"https:\/\/dev.explora.cl\/lagos\/wp-content\/uploads\/sites\/17\/2018\/06\/1cc013b4b30bb2f3138b82c49b6ffbba.jpg\",\"contentUrl\":\"https:\/\/dev.explora.cl\/lagos\/wp-content\/uploads\/sites\/17\/2018\/06\/1cc013b4b30bb2f3138b82c49b6ffbba.jpg\",\"width\":4612,\"height\":2849},{\"@type\":\"BreadcrumbList\",\"@id\":\"https:\/\/dev.explora.cl\/lagos\/conociendo-el-patrimonio-material-e-inmaterial-de-isla-tenglo\/#breadcrumb\",\"itemListElement\":[{\"@type\":\"ListItem\",\"position\":1,\"name\":\"Portada\",\"item\":\"https:\/\/dev.explora.cl\/lagos\/\"},{\"@type\":\"ListItem\",\"position\":2,\"name\":\"Conociendo el patrimonio material e inmaterial de Isla Tenglo\"}]},{\"@type\":\"WebSite\",\"@id\":\"https:\/\/dev.explora.cl\/lagos\/#website\",\"url\":\"https:\/\/dev.explora.cl\/lagos\/\",\"name\":\"Los Lagos\",\"description\":\"Otro sitio m\u00e1s de dev.explora.cl\",\"potentialAction\":[{\"@type\":\"SearchAction\",\"target\":{\"@type\":\"EntryPoint\",\"urlTemplate\":\"https:\/\/dev.explora.cl\/lagos\/?s={search_term_string}\"},\"query-input\":{\"@type\":\"PropertyValueSpecification\",\"valueRequired\":true,\"valueName\":\"search_term_string\"}}],\"inLanguage\":\"es\"},{\"@type\":\"Person\",\"@id\":\"https:\/\/dev.explora.cl\/lagos\/#\/schema\/person\/cb8349c13ea2d324080adf8480d7ba5d\",\"name\":\"webman\",\"image\":{\"@type\":\"ImageObject\",\"inLanguage\":\"es\",\"@id\":\"https:\/\/dev.explora.cl\/lagos\/#\/schema\/person\/image\/\",\"url\":\"https:\/\/secure.gravatar.com\/avatar\/eeff3c82f2c02f7177d13663b7e6f890e9a6a0647ce9bb29cae02dcb094c7312?s=96&d=mm&r=g\",\"contentUrl\":\"https:\/\/secure.gravatar.com\/avatar\/eeff3c82f2c02f7177d13663b7e6f890e9a6a0647ce9bb29cae02dcb094c7312?s=96&d=mm&r=g\",\"caption\":\"webman\"},\"url\":\"https:\/\/dev.explora.cl\/lagos\/author\/webman\/\"}]}<\/script>\n<!-- \/ Yoast SEO plugin. -->","yoast_head_json":{"title":"Conociendo el patrimonio material e inmaterial de Isla Tenglo - Los Lagos","robots":{"index":"index","follow":"follow","max-snippet":"max-snippet:-1","max-image-preview":"max-image-preview:large","max-video-preview":"max-video-preview:-1"},"canonical":"https:\/\/dev.explora.cl\/lagos\/conociendo-el-patrimonio-material-e-inmaterial-de-isla-tenglo\/","og_locale":"es_ES","og_type":"article","og_title":"Conociendo el patrimonio material e inmaterial de Isla Tenglo - Los Lagos","og_description":"Con una poblaci\u00f3n aproximada de mil 500 personas, Isla Tenglo se emplaza a solo 200 metros al sur de Puerto Montt, estableciendo el inicio del Chile Insular. La isla tiene una longitud de 14 kil\u00f3metros y 600 metros de ancho, aproximadamente. Desde el a\u00f1o 2000, este tradicional sector de la comuna, se transform\u00f3 en el [&hellip;]","og_url":"https:\/\/dev.explora.cl\/lagos\/conociendo-el-patrimonio-material-e-inmaterial-de-isla-tenglo\/","og_site_name":"Los Lagos","article_published_time":"2015-01-23T04:00:00+00:00","article_modified_time":"2019-05-20T19:48:13+00:00","og_image":[{"width":1024,"height":633,"url":"https:\/\/dev.explora.cl\/lagos\/wp-content\/uploads\/sites\/17\/2018\/06\/1cc013b4b30bb2f3138b82c49b6ffbba-1024x633.jpg","type":"image\/jpeg"}],"author":"webman","twitter_card":"summary_large_image","twitter_misc":{"Escrito por":"webman","Tiempo de lectura":"3 minutos"},"schema":{"@context":"https:\/\/schema.org","@graph":[{"@type":"Article","@id":"https:\/\/dev.explora.cl\/lagos\/conociendo-el-patrimonio-material-e-inmaterial-de-isla-tenglo\/#article","isPartOf":{"@id":"https:\/\/dev.explora.cl\/lagos\/conociendo-el-patrimonio-material-e-inmaterial-de-isla-tenglo\/"},"author":{"name":"webman","@id":"https:\/\/dev.explora.cl\/lagos\/#\/schema\/person\/cb8349c13ea2d324080adf8480d7ba5d"},"headline":"Conociendo el patrimonio material e inmaterial de Isla Tenglo","datePublished":"2015-01-23T04:00:00+00:00","dateModified":"2019-05-20T19:48:13+00:00","mainEntityOfPage":{"@id":"https:\/\/dev.explora.cl\/lagos\/conociendo-el-patrimonio-material-e-inmaterial-de-isla-tenglo\/"},"wordCount":700,"commentCount":0,"image":{"@id":"https:\/\/dev.explora.cl\/lagos\/conociendo-el-patrimonio-material-e-inmaterial-de-isla-tenglo\/#primaryimage"},"thumbnailUrl":"https:\/\/dev.explora.cl\/lagos\/wp-content\/uploads\/sites\/17\/2018\/06\/1cc013b4b30bb2f3138b82c49b6ffbba.jpg","articleSection":["Noticias"],"inLanguage":"es","potentialAction":[{"@type":"CommentAction","name":"Comment","target":["https:\/\/dev.explora.cl\/lagos\/conociendo-el-patrimonio-material-e-inmaterial-de-isla-tenglo\/#respond"]}]},{"@type":"WebPage","@id":"https:\/\/dev.explora.cl\/lagos\/conociendo-el-patrimonio-material-e-inmaterial-de-isla-tenglo\/","url":"https:\/\/dev.explora.cl\/lagos\/conociendo-el-patrimonio-material-e-inmaterial-de-isla-tenglo\/","name":"Conociendo el patrimonio material e inmaterial de Isla Tenglo - Los Lagos","isPartOf":{"@id":"https:\/\/dev.explora.cl\/lagos\/#website"},"primaryImageOfPage":{"@id":"https:\/\/dev.explora.cl\/lagos\/conociendo-el-patrimonio-material-e-inmaterial-de-isla-tenglo\/#primaryimage"},"image":{"@id":"https:\/\/dev.explora.cl\/lagos\/conociendo-el-patrimonio-material-e-inmaterial-de-isla-tenglo\/#primaryimage"},"thumbnailUrl":"https:\/\/dev.explora.cl\/lagos\/wp-content\/uploads\/sites\/17\/2018\/06\/1cc013b4b30bb2f3138b82c49b6ffbba.jpg","datePublished":"2015-01-23T04:00:00+00:00","dateModified":"2019-05-20T19:48:13+00:00","author":{"@id":"https:\/\/dev.explora.cl\/lagos\/#\/schema\/person\/cb8349c13ea2d324080adf8480d7ba5d"},"breadcrumb":{"@id":"https:\/\/dev.explora.cl\/lagos\/conociendo-el-patrimonio-material-e-inmaterial-de-isla-tenglo\/#breadcrumb"},"inLanguage":"es","potentialAction":[{"@type":"ReadAction","target":["https:\/\/dev.explora.cl\/lagos\/conociendo-el-patrimonio-material-e-inmaterial-de-isla-tenglo\/"]}]},{"@type":"ImageObject","inLanguage":"es","@id":"https:\/\/dev.explora.cl\/lagos\/conociendo-el-patrimonio-material-e-inmaterial-de-isla-tenglo\/#primaryimage","url":"https:\/\/dev.explora.cl\/lagos\/wp-content\/uploads\/sites\/17\/2018\/06\/1cc013b4b30bb2f3138b82c49b6ffbba.jpg","contentUrl":"https:\/\/dev.explora.cl\/lagos\/wp-content\/uploads\/sites\/17\/2018\/06\/1cc013b4b30bb2f3138b82c49b6ffbba.jpg","width":4612,"height":2849},{"@type":"BreadcrumbList","@id":"https:\/\/dev.explora.cl\/lagos\/conociendo-el-patrimonio-material-e-inmaterial-de-isla-tenglo\/#breadcrumb","itemListElement":[{"@type":"ListItem","position":1,"name":"Portada","item":"https:\/\/dev.explora.cl\/lagos\/"},{"@type":"ListItem","position":2,"name":"Conociendo el patrimonio material e inmaterial de Isla Tenglo"}]},{"@type":"WebSite","@id":"https:\/\/dev.explora.cl\/lagos\/#website","url":"https:\/\/dev.explora.cl\/lagos\/","name":"Los Lagos","description":"Otro sitio m\u00e1s de dev.explora.cl","potentialAction":[{"@type":"SearchAction","target":{"@type":"EntryPoint","urlTemplate":"https:\/\/dev.explora.cl\/lagos\/?s={search_term_string}"},"query-input":{"@type":"PropertyValueSpecification","valueRequired":true,"valueName":"search_term_string"}}],"inLanguage":"es"},{"@type":"Person","@id":"https:\/\/dev.explora.cl\/lagos\/#\/schema\/person\/cb8349c13ea2d324080adf8480d7ba5d","name":"webman","image":{"@type":"ImageObject","inLanguage":"es","@id":"https:\/\/dev.explora.cl\/lagos\/#\/schema\/person\/image\/","url":"https:\/\/secure.gravatar.com\/avatar\/eeff3c82f2c02f7177d13663b7e6f890e9a6a0647ce9bb29cae02dcb094c7312?s=96&d=mm&r=g","contentUrl":"https:\/\/secure.gravatar.com\/avatar\/eeff3c82f2c02f7177d13663b7e6f890e9a6a0647ce9bb29cae02dcb094c7312?s=96&d=mm&r=g","caption":"webman"},"url":"https:\/\/dev.explora.cl\/lagos\/author\/webman\/"}]}},"_links":{"self":[{"href":"https:\/\/dev.explora.cl\/lagos\/wp-json\/wp\/v2\/posts\/1299","targetHints":{"allow":["GET"]}}],"collection":[{"href":"https:\/\/dev.explora.cl\/lagos\/wp-json\/wp\/v2\/posts"}],"about":[{"href":"https:\/\/dev.explora.cl\/lagos\/wp-json\/wp\/v2\/types\/post"}],"author":[{"embeddable":true,"href":"https:\/\/dev.explora.cl\/lagos\/wp-json\/wp\/v2\/users\/2"}],"replies":[{"embeddable":true,"href":"https:\/\/dev.explora.cl\/lagos\/wp-json\/wp\/v2\/comments?post=1299"}],"version-history":[{"count":1,"href":"https:\/\/dev.explora.cl\/lagos\/wp-json\/wp\/v2\/posts\/1299\/revisions"}],"predecessor-version":[{"id":38240,"href":"https:\/\/dev.explora.cl\/lagos\/wp-json\/wp\/v2\/posts\/1299\/revisions\/38240"}],"wp:featuredmedia":[{"embeddable":true,"href":"https:\/\/dev.explora.cl\/lagos\/wp-json\/wp\/v2\/media\/1300"}],"wp:attachment":[{"href":"https:\/\/dev.explora.cl\/lagos\/wp-json\/wp\/v2\/media?parent=1299"}],"wp:term":[{"taxonomy":"category","embeddable":true,"href":"https:\/\/dev.explora.cl\/lagos\/wp-json\/wp\/v2\/categories?post=1299"},{"taxonomy":"post_tag","embeddable":true,"href":"https:\/\/dev.explora.cl\/lagos\/wp-json\/wp\/v2\/tags?post=1299"}],"curies":[{"name":"wp","href":"https:\/\/api.w.org\/{rel}","templated":true}]}}