{"id":1227,"date":"2014-12-01T00:00:00","date_gmt":"2014-12-01T04:00:00","guid":{"rendered":"http:\/\/ec2-34-219-152-79.us-west-2.compute.amazonaws.com\/lagos\/blog\/2014\/12\/01\/estudiantes-de-la-provincia-de-palena-conocieron-mas-sobre-biologia-y-bacterias\/"},"modified":"2019-05-20T19:48:29","modified_gmt":"2019-05-20T19:48:29","slug":"estudiantes-de-la-provincia-de-palena-conocieron-mas-sobre-biologia-y-bacterias","status":"publish","type":"post","link":"https:\/\/dev.explora.cl\/lagos\/estudiantes-de-la-provincia-de-palena-conocieron-mas-sobre-biologia-y-bacterias\/","title":{"rendered":"Estudiantes de la Provincia de Palena conocieron m\u00e1s sobre biolog\u00eda y bacterias"},"content":{"rendered":"<p><img loading=\"lazy\" decoding=\"async\" class=\" size-full wp-image-7676\" src=\"http:\/\/ec2-34-218-253-251.us-west-2.compute.amazonaws.com\/wp-content\/uploads\/2014\/12\/c71150b3ec8534116b192155d5964cde.jpg\" alt=\"\" width=\"2468\" height=\"1786\" \/><\/p>\n<p style=\"text-align: justify\">El PAR EXPLORA Los Lagos, coordinado por la ULagos, llev\u00f3 a cabo un ciclo de charlas y talleres cient\u00edficos en la Provincia de Palena. Las actividades estuvieron dirigidas a escolares de s\u00e9ptimo b\u00e1sico a cuarto medio y su objetivo fue abordar de forma did\u00e1ctica, tem\u00e1ticas relacionadas con biolog\u00eda y bacterias.<\/p>\n<p style=\"text-align: justify\">Tanto las charlas como los talleres se efectuaron en diferentes establecimientos de la provincia de Palena. Participaron la Escuela Almirante Juan Jos\u00e9 Latorre de Chait\u00e9n; la Escuela Futaleuf\u00fa y la Escuela Roberto White de Palena.<br \/><span style=\"line-height: 1.3em\"><br \/>La iniciativa del PAR EXPLORA Los Lagos fue desarrollada por Esteban Caama\u00f1o, Bi\u00f3logo e Investigador del Laboratorio de Gen\u00e9tica, Acuicultura y Biodiversidad de la Universidad de Los Lagos, quien present\u00f3 la charla \u00abEl mundo de las Ciencias Biol\u00f3gicas y sus aplicaciones\u00bb. <\/p>\n<p><img loading=\"lazy\" decoding=\"async\" class=\" alignleft size-full wp-image-7677\" src=\"http:\/\/ec2-34-218-253-251.us-west-2.compute.amazonaws.com\/wp-content\/uploads\/2014\/12\/Palena-2.JPG\" border=\"0\" width=\"350\" height=\"253\" style=\"float: left;margin: 5px 10px\" \/>Y por, Yasna Soto, Tesista del Laboratorio de Microbiolog\u00eda y Extrem\u00f3filos de la Universidad de Los Lagos, Sede Osorno, quien realiz\u00f3 el taller \u00abLas bacterias y sus colores\u00bb.<\/span><\/p>\n<p style=\"text-align: justify\">El PAR EXPLORA Los Lagos desarrolla ciclos de charlas y talleres en todas las provincias de la Regi\u00f3n de Los Lagos, iniciativas que permiten acercar a los escolares y comunidad en general a tem\u00e1ticas cient\u00edficas y tecnol\u00f3gicas propias de la Regi\u00f3n de Los Lagos.<\/p>\n","protected":false},"excerpt":{"rendered":"<p>El PAR EXPLORA Los Lagos, coordinado por la ULagos, llev\u00f3 a cabo un ciclo de charlas y talleres cient\u00edficos en la Provincia de Palena. Las actividades estuvieron dirigidas a escolares de s\u00e9ptimo b\u00e1sico a cuarto medio y su objetivo fue abordar de forma did\u00e1ctica, tem\u00e1ticas relacionadas con biolog\u00eda y bacterias. Tanto las charlas como los [&hellip;]<\/p>\n","protected":false},"author":2,"featured_media":1228,"comment_status":"open","ping_status":"open","sticky":false,"template":"","format":"standard","meta":{"_acf_changed":false,"_exactmetrics_skip_tracking":false,"_exactmetrics_sitenote_active":false,"_exactmetrics_sitenote_note":"","_exactmetrics_sitenote_category":0,"footnotes":"","_links_to":"","_links_to_target":""},"categories":[4],"tags":[],"class_list":["post-1227","post","type-post","status-publish","format-standard","has-post-thumbnail","hentry","category-noticias"],"acf":[],"yoast_head":"<!-- This site is optimized with the Yoast SEO plugin v26.7 - https:\/\/yoast.com\/wordpress\/plugins\/seo\/ -->\n<title>Estudiantes de la Provincia de Palena conocieron m\u00e1s sobre biolog\u00eda y bacterias - Los Lagos<\/title>\n<meta name=\"robots\" content=\"index, follow, max-snippet:-1, max-image-preview:large, max-video-preview:-1\" \/>\n<link rel=\"canonical\" href=\"https:\/\/dev.explora.cl\/lagos\/estudiantes-de-la-provincia-de-palena-conocieron-mas-sobre-biologia-y-bacterias\/\" class=\"yoast-seo-meta-tag\" \/>\n<meta property=\"og:locale\" content=\"es_ES\" class=\"yoast-seo-meta-tag\" \/>\n<meta property=\"og:type\" content=\"article\" class=\"yoast-seo-meta-tag\" \/>\n<meta property=\"og:title\" content=\"Estudiantes de la Provincia de Palena conocieron m\u00e1s sobre biolog\u00eda y bacterias - Los Lagos\" class=\"yoast-seo-meta-tag\" \/>\n<meta property=\"og:description\" content=\"El PAR EXPLORA Los Lagos, coordinado por la ULagos, llev\u00f3 a cabo un ciclo de charlas y talleres cient\u00edficos en la Provincia de Palena. Las actividades estuvieron dirigidas a escolares de s\u00e9ptimo b\u00e1sico a cuarto medio y su objetivo fue abordar de forma did\u00e1ctica, tem\u00e1ticas relacionadas con biolog\u00eda y bacterias. Tanto las charlas como los [&hellip;]\" class=\"yoast-seo-meta-tag\" \/>\n<meta property=\"og:url\" content=\"https:\/\/dev.explora.cl\/lagos\/estudiantes-de-la-provincia-de-palena-conocieron-mas-sobre-biologia-y-bacterias\/\" class=\"yoast-seo-meta-tag\" \/>\n<meta property=\"og:site_name\" content=\"Los Lagos\" class=\"yoast-seo-meta-tag\" \/>\n<meta property=\"article:published_time\" content=\"2014-12-01T04:00:00+00:00\" class=\"yoast-seo-meta-tag\" \/>\n<meta property=\"article:modified_time\" content=\"2019-05-20T19:48:29+00:00\" class=\"yoast-seo-meta-tag\" \/>\n<meta property=\"og:image\" content=\"https:\/\/dev.explora.cl\/lagos\/wp-content\/uploads\/sites\/17\/2018\/06\/c71150b3ec8534116b192155d5964cde-1024x741.jpg\" class=\"yoast-seo-meta-tag\" \/>\n\t<meta property=\"og:image:width\" content=\"1024\" class=\"yoast-seo-meta-tag\" \/>\n\t<meta property=\"og:image:height\" content=\"741\" class=\"yoast-seo-meta-tag\" \/>\n\t<meta property=\"og:image:type\" content=\"image\/jpeg\" class=\"yoast-seo-meta-tag\" \/>\n<meta name=\"author\" content=\"webman\" class=\"yoast-seo-meta-tag\" \/>\n<meta name=\"twitter:card\" content=\"summary_large_image\" class=\"yoast-seo-meta-tag\" \/>\n<meta name=\"twitter:label1\" content=\"Escrito por\" class=\"yoast-seo-meta-tag\" \/>\n\t<meta name=\"twitter:data1\" content=\"webman\" class=\"yoast-seo-meta-tag\" \/>\n\t<meta name=\"twitter:label2\" content=\"Tiempo de lectura\" class=\"yoast-seo-meta-tag\" \/>\n\t<meta name=\"twitter:data2\" content=\"1 minuto\" class=\"yoast-seo-meta-tag\" \/>\n<script type=\"application\/ld+json\" class=\"yoast-schema-graph\">{\"@context\":\"https:\/\/schema.org\",\"@graph\":[{\"@type\":\"Article\",\"@id\":\"https:\/\/dev.explora.cl\/lagos\/estudiantes-de-la-provincia-de-palena-conocieron-mas-sobre-biologia-y-bacterias\/#article\",\"isPartOf\":{\"@id\":\"https:\/\/dev.explora.cl\/lagos\/estudiantes-de-la-provincia-de-palena-conocieron-mas-sobre-biologia-y-bacterias\/\"},\"author\":{\"name\":\"webman\",\"@id\":\"https:\/\/dev.explora.cl\/lagos\/#\/schema\/person\/cb8349c13ea2d324080adf8480d7ba5d\"},\"headline\":\"Estudiantes de la Provincia de Palena conocieron m\u00e1s sobre biolog\u00eda y bacterias\",\"datePublished\":\"2014-12-01T04:00:00+00:00\",\"dateModified\":\"2019-05-20T19:48:29+00:00\",\"mainEntityOfPage\":{\"@id\":\"https:\/\/dev.explora.cl\/lagos\/estudiantes-de-la-provincia-de-palena-conocieron-mas-sobre-biologia-y-bacterias\/\"},\"wordCount\":230,\"commentCount\":0,\"image\":{\"@id\":\"https:\/\/dev.explora.cl\/lagos\/estudiantes-de-la-provincia-de-palena-conocieron-mas-sobre-biologia-y-bacterias\/#primaryimage\"},\"thumbnailUrl\":\"https:\/\/dev.explora.cl\/lagos\/wp-content\/uploads\/sites\/17\/2018\/06\/c71150b3ec8534116b192155d5964cde.jpg\",\"articleSection\":[\"Noticias\"],\"inLanguage\":\"es\",\"potentialAction\":[{\"@type\":\"CommentAction\",\"name\":\"Comment\",\"target\":[\"https:\/\/dev.explora.cl\/lagos\/estudiantes-de-la-provincia-de-palena-conocieron-mas-sobre-biologia-y-bacterias\/#respond\"]}]},{\"@type\":\"WebPage\",\"@id\":\"https:\/\/dev.explora.cl\/lagos\/estudiantes-de-la-provincia-de-palena-conocieron-mas-sobre-biologia-y-bacterias\/\",\"url\":\"https:\/\/dev.explora.cl\/lagos\/estudiantes-de-la-provincia-de-palena-conocieron-mas-sobre-biologia-y-bacterias\/\",\"name\":\"Estudiantes de la Provincia de Palena conocieron m\u00e1s sobre biolog\u00eda y bacterias - Los Lagos\",\"isPartOf\":{\"@id\":\"https:\/\/dev.explora.cl\/lagos\/#website\"},\"primaryImageOfPage\":{\"@id\":\"https:\/\/dev.explora.cl\/lagos\/estudiantes-de-la-provincia-de-palena-conocieron-mas-sobre-biologia-y-bacterias\/#primaryimage\"},\"image\":{\"@id\":\"https:\/\/dev.explora.cl\/lagos\/estudiantes-de-la-provincia-de-palena-conocieron-mas-sobre-biologia-y-bacterias\/#primaryimage\"},\"thumbnailUrl\":\"https:\/\/dev.explora.cl\/lagos\/wp-content\/uploads\/sites\/17\/2018\/06\/c71150b3ec8534116b192155d5964cde.jpg\",\"datePublished\":\"2014-12-01T04:00:00+00:00\",\"dateModified\":\"2019-05-20T19:48:29+00:00\",\"author\":{\"@id\":\"https:\/\/dev.explora.cl\/lagos\/#\/schema\/person\/cb8349c13ea2d324080adf8480d7ba5d\"},\"breadcrumb\":{\"@id\":\"https:\/\/dev.explora.cl\/lagos\/estudiantes-de-la-provincia-de-palena-conocieron-mas-sobre-biologia-y-bacterias\/#breadcrumb\"},\"inLanguage\":\"es\",\"potentialAction\":[{\"@type\":\"ReadAction\",\"target\":[\"https:\/\/dev.explora.cl\/lagos\/estudiantes-de-la-provincia-de-palena-conocieron-mas-sobre-biologia-y-bacterias\/\"]}]},{\"@type\":\"ImageObject\",\"inLanguage\":\"es\",\"@id\":\"https:\/\/dev.explora.cl\/lagos\/estudiantes-de-la-provincia-de-palena-conocieron-mas-sobre-biologia-y-bacterias\/#primaryimage\",\"url\":\"https:\/\/dev.explora.cl\/lagos\/wp-content\/uploads\/sites\/17\/2018\/06\/c71150b3ec8534116b192155d5964cde.jpg\",\"contentUrl\":\"https:\/\/dev.explora.cl\/lagos\/wp-content\/uploads\/sites\/17\/2018\/06\/c71150b3ec8534116b192155d5964cde.jpg\",\"width\":2468,\"height\":1786},{\"@type\":\"BreadcrumbList\",\"@id\":\"https:\/\/dev.explora.cl\/lagos\/estudiantes-de-la-provincia-de-palena-conocieron-mas-sobre-biologia-y-bacterias\/#breadcrumb\",\"itemListElement\":[{\"@type\":\"ListItem\",\"position\":1,\"name\":\"Portada\",\"item\":\"https:\/\/dev.explora.cl\/lagos\/\"},{\"@type\":\"ListItem\",\"position\":2,\"name\":\"Estudiantes de la Provincia de Palena conocieron m\u00e1s sobre biolog\u00eda y bacterias\"}]},{\"@type\":\"WebSite\",\"@id\":\"https:\/\/dev.explora.cl\/lagos\/#website\",\"url\":\"https:\/\/dev.explora.cl\/lagos\/\",\"name\":\"Los Lagos\",\"description\":\"Otro sitio m\u00e1s de dev.explora.cl\",\"potentialAction\":[{\"@type\":\"SearchAction\",\"target\":{\"@type\":\"EntryPoint\",\"urlTemplate\":\"https:\/\/dev.explora.cl\/lagos\/?s={search_term_string}\"},\"query-input\":{\"@type\":\"PropertyValueSpecification\",\"valueRequired\":true,\"valueName\":\"search_term_string\"}}],\"inLanguage\":\"es\"},{\"@type\":\"Person\",\"@id\":\"https:\/\/dev.explora.cl\/lagos\/#\/schema\/person\/cb8349c13ea2d324080adf8480d7ba5d\",\"name\":\"webman\",\"image\":{\"@type\":\"ImageObject\",\"inLanguage\":\"es\",\"@id\":\"https:\/\/dev.explora.cl\/lagos\/#\/schema\/person\/image\/\",\"url\":\"https:\/\/secure.gravatar.com\/avatar\/eeff3c82f2c02f7177d13663b7e6f890e9a6a0647ce9bb29cae02dcb094c7312?s=96&d=mm&r=g\",\"contentUrl\":\"https:\/\/secure.gravatar.com\/avatar\/eeff3c82f2c02f7177d13663b7e6f890e9a6a0647ce9bb29cae02dcb094c7312?s=96&d=mm&r=g\",\"caption\":\"webman\"},\"url\":\"https:\/\/dev.explora.cl\/lagos\/author\/webman\/\"}]}<\/script>\n<!-- \/ Yoast SEO plugin. -->","yoast_head_json":{"title":"Estudiantes de la Provincia de Palena conocieron m\u00e1s sobre biolog\u00eda y bacterias - Los Lagos","robots":{"index":"index","follow":"follow","max-snippet":"max-snippet:-1","max-image-preview":"max-image-preview:large","max-video-preview":"max-video-preview:-1"},"canonical":"https:\/\/dev.explora.cl\/lagos\/estudiantes-de-la-provincia-de-palena-conocieron-mas-sobre-biologia-y-bacterias\/","og_locale":"es_ES","og_type":"article","og_title":"Estudiantes de la Provincia de Palena conocieron m\u00e1s sobre biolog\u00eda y bacterias - Los Lagos","og_description":"El PAR EXPLORA Los Lagos, coordinado por la ULagos, llev\u00f3 a cabo un ciclo de charlas y talleres cient\u00edficos en la Provincia de Palena. Las actividades estuvieron dirigidas a escolares de s\u00e9ptimo b\u00e1sico a cuarto medio y su objetivo fue abordar de forma did\u00e1ctica, tem\u00e1ticas relacionadas con biolog\u00eda y bacterias. Tanto las charlas como los [&hellip;]","og_url":"https:\/\/dev.explora.cl\/lagos\/estudiantes-de-la-provincia-de-palena-conocieron-mas-sobre-biologia-y-bacterias\/","og_site_name":"Los Lagos","article_published_time":"2014-12-01T04:00:00+00:00","article_modified_time":"2019-05-20T19:48:29+00:00","og_image":[{"width":1024,"height":741,"url":"https:\/\/dev.explora.cl\/lagos\/wp-content\/uploads\/sites\/17\/2018\/06\/c71150b3ec8534116b192155d5964cde-1024x741.jpg","type":"image\/jpeg"}],"author":"webman","twitter_card":"summary_large_image","twitter_misc":{"Escrito por":"webman","Tiempo de lectura":"1 minuto"},"schema":{"@context":"https:\/\/schema.org","@graph":[{"@type":"Article","@id":"https:\/\/dev.explora.cl\/lagos\/estudiantes-de-la-provincia-de-palena-conocieron-mas-sobre-biologia-y-bacterias\/#article","isPartOf":{"@id":"https:\/\/dev.explora.cl\/lagos\/estudiantes-de-la-provincia-de-palena-conocieron-mas-sobre-biologia-y-bacterias\/"},"author":{"name":"webman","@id":"https:\/\/dev.explora.cl\/lagos\/#\/schema\/person\/cb8349c13ea2d324080adf8480d7ba5d"},"headline":"Estudiantes de la Provincia de Palena conocieron m\u00e1s sobre biolog\u00eda y bacterias","datePublished":"2014-12-01T04:00:00+00:00","dateModified":"2019-05-20T19:48:29+00:00","mainEntityOfPage":{"@id":"https:\/\/dev.explora.cl\/lagos\/estudiantes-de-la-provincia-de-palena-conocieron-mas-sobre-biologia-y-bacterias\/"},"wordCount":230,"commentCount":0,"image":{"@id":"https:\/\/dev.explora.cl\/lagos\/estudiantes-de-la-provincia-de-palena-conocieron-mas-sobre-biologia-y-bacterias\/#primaryimage"},"thumbnailUrl":"https:\/\/dev.explora.cl\/lagos\/wp-content\/uploads\/sites\/17\/2018\/06\/c71150b3ec8534116b192155d5964cde.jpg","articleSection":["Noticias"],"inLanguage":"es","potentialAction":[{"@type":"CommentAction","name":"Comment","target":["https:\/\/dev.explora.cl\/lagos\/estudiantes-de-la-provincia-de-palena-conocieron-mas-sobre-biologia-y-bacterias\/#respond"]}]},{"@type":"WebPage","@id":"https:\/\/dev.explora.cl\/lagos\/estudiantes-de-la-provincia-de-palena-conocieron-mas-sobre-biologia-y-bacterias\/","url":"https:\/\/dev.explora.cl\/lagos\/estudiantes-de-la-provincia-de-palena-conocieron-mas-sobre-biologia-y-bacterias\/","name":"Estudiantes de la Provincia de Palena conocieron m\u00e1s sobre biolog\u00eda y bacterias - Los Lagos","isPartOf":{"@id":"https:\/\/dev.explora.cl\/lagos\/#website"},"primaryImageOfPage":{"@id":"https:\/\/dev.explora.cl\/lagos\/estudiantes-de-la-provincia-de-palena-conocieron-mas-sobre-biologia-y-bacterias\/#primaryimage"},"image":{"@id":"https:\/\/dev.explora.cl\/lagos\/estudiantes-de-la-provincia-de-palena-conocieron-mas-sobre-biologia-y-bacterias\/#primaryimage"},"thumbnailUrl":"https:\/\/dev.explora.cl\/lagos\/wp-content\/uploads\/sites\/17\/2018\/06\/c71150b3ec8534116b192155d5964cde.jpg","datePublished":"2014-12-01T04:00:00+00:00","dateModified":"2019-05-20T19:48:29+00:00","author":{"@id":"https:\/\/dev.explora.cl\/lagos\/#\/schema\/person\/cb8349c13ea2d324080adf8480d7ba5d"},"breadcrumb":{"@id":"https:\/\/dev.explora.cl\/lagos\/estudiantes-de-la-provincia-de-palena-conocieron-mas-sobre-biologia-y-bacterias\/#breadcrumb"},"inLanguage":"es","potentialAction":[{"@type":"ReadAction","target":["https:\/\/dev.explora.cl\/lagos\/estudiantes-de-la-provincia-de-palena-conocieron-mas-sobre-biologia-y-bacterias\/"]}]},{"@type":"ImageObject","inLanguage":"es","@id":"https:\/\/dev.explora.cl\/lagos\/estudiantes-de-la-provincia-de-palena-conocieron-mas-sobre-biologia-y-bacterias\/#primaryimage","url":"https:\/\/dev.explora.cl\/lagos\/wp-content\/uploads\/sites\/17\/2018\/06\/c71150b3ec8534116b192155d5964cde.jpg","contentUrl":"https:\/\/dev.explora.cl\/lagos\/wp-content\/uploads\/sites\/17\/2018\/06\/c71150b3ec8534116b192155d5964cde.jpg","width":2468,"height":1786},{"@type":"BreadcrumbList","@id":"https:\/\/dev.explora.cl\/lagos\/estudiantes-de-la-provincia-de-palena-conocieron-mas-sobre-biologia-y-bacterias\/#breadcrumb","itemListElement":[{"@type":"ListItem","position":1,"name":"Portada","item":"https:\/\/dev.explora.cl\/lagos\/"},{"@type":"ListItem","position":2,"name":"Estudiantes de la Provincia de Palena conocieron m\u00e1s sobre biolog\u00eda y bacterias"}]},{"@type":"WebSite","@id":"https:\/\/dev.explora.cl\/lagos\/#website","url":"https:\/\/dev.explora.cl\/lagos\/","name":"Los Lagos","description":"Otro sitio m\u00e1s de dev.explora.cl","potentialAction":[{"@type":"SearchAction","target":{"@type":"EntryPoint","urlTemplate":"https:\/\/dev.explora.cl\/lagos\/?s={search_term_string}"},"query-input":{"@type":"PropertyValueSpecification","valueRequired":true,"valueName":"search_term_string"}}],"inLanguage":"es"},{"@type":"Person","@id":"https:\/\/dev.explora.cl\/lagos\/#\/schema\/person\/cb8349c13ea2d324080adf8480d7ba5d","name":"webman","image":{"@type":"ImageObject","inLanguage":"es","@id":"https:\/\/dev.explora.cl\/lagos\/#\/schema\/person\/image\/","url":"https:\/\/secure.gravatar.com\/avatar\/eeff3c82f2c02f7177d13663b7e6f890e9a6a0647ce9bb29cae02dcb094c7312?s=96&d=mm&r=g","contentUrl":"https:\/\/secure.gravatar.com\/avatar\/eeff3c82f2c02f7177d13663b7e6f890e9a6a0647ce9bb29cae02dcb094c7312?s=96&d=mm&r=g","caption":"webman"},"url":"https:\/\/dev.explora.cl\/lagos\/author\/webman\/"}]}},"_links":{"self":[{"href":"https:\/\/dev.explora.cl\/lagos\/wp-json\/wp\/v2\/posts\/1227","targetHints":{"allow":["GET"]}}],"collection":[{"href":"https:\/\/dev.explora.cl\/lagos\/wp-json\/wp\/v2\/posts"}],"about":[{"href":"https:\/\/dev.explora.cl\/lagos\/wp-json\/wp\/v2\/types\/post"}],"author":[{"embeddable":true,"href":"https:\/\/dev.explora.cl\/lagos\/wp-json\/wp\/v2\/users\/2"}],"replies":[{"embeddable":true,"href":"https:\/\/dev.explora.cl\/lagos\/wp-json\/wp\/v2\/comments?post=1227"}],"version-history":[{"count":1,"href":"https:\/\/dev.explora.cl\/lagos\/wp-json\/wp\/v2\/posts\/1227\/revisions"}],"predecessor-version":[{"id":38261,"href":"https:\/\/dev.explora.cl\/lagos\/wp-json\/wp\/v2\/posts\/1227\/revisions\/38261"}],"wp:featuredmedia":[{"embeddable":true,"href":"https:\/\/dev.explora.cl\/lagos\/wp-json\/wp\/v2\/media\/1228"}],"wp:attachment":[{"href":"https:\/\/dev.explora.cl\/lagos\/wp-json\/wp\/v2\/media?parent=1227"}],"wp:term":[{"taxonomy":"category","embeddable":true,"href":"https:\/\/dev.explora.cl\/lagos\/wp-json\/wp\/v2\/categories?post=1227"},{"taxonomy":"post_tag","embeddable":true,"href":"https:\/\/dev.explora.cl\/lagos\/wp-json\/wp\/v2\/tags?post=1227"}],"curies":[{"name":"wp","href":"https:\/\/api.w.org\/{rel}","templated":true}]}}