{"id":1222,"date":"2014-11-28T00:00:00","date_gmt":"2014-11-28T04:00:00","guid":{"rendered":"http:\/\/ec2-34-219-152-79.us-west-2.compute.amazonaws.com\/lagos\/blog\/2014\/11\/28\/proyectos-de-la-region-de-los-lagos-ganan-en-xv-encuentro-nacional-de-explora-conicyt\/"},"modified":"2019-05-20T19:48:30","modified_gmt":"2019-05-20T19:48:30","slug":"proyectos-de-la-region-de-los-lagos-ganan-en-xv-encuentro-nacional-de-explora-conicyt","status":"publish","type":"post","link":"https:\/\/dev.explora.cl\/lagos\/proyectos-de-la-region-de-los-lagos-ganan-en-xv-encuentro-nacional-de-explora-conicyt\/","title":{"rendered":"Proyectos de la Regi\u00f3n de Los Lagos ganan en XV Encuentro Nacional de EXPLORA CONICYT"},"content":{"rendered":"<p><img loading=\"lazy\" decoding=\"async\" class=\" size-full wp-image-7620\" src=\"http:\/\/ec2-34-218-253-251.us-west-2.compute.amazonaws.com\/wp-content\/uploads\/2014\/11\/f7be59fe3d7f657e0155734831cd8c56.jpg\" alt=\"\" width=\"1134\" height=\"837\" \/><\/p>\n<p style=\"text-align: justify\">Una destacada participaci\u00f3n tuvieron los proyectos de la Regi\u00f3n de Los Lagos que participaron en el XV Congreso Nacional de Ciencia y Tecnolog\u00eda EXPLORA CONICYT 2014, el m\u00e1s importante encuentro de este tipo que se desarrolla a nivel pa\u00eds, y que este a\u00f1o reuni\u00f3 a 46 proyectos en Categor\u00eda Ense\u00f1anza B\u00e1sica y Media.<\/p>\n<p>A esta instancia, desarrollada en la Plaza de la Constituci\u00f3n de Santiago y en el ex Congreso Nacional entre el 26, 27 y 28 de noviembre, llegaron los equipos ganadores de los encuentros Regionales de Ciencia y Tecnolog\u00eda EXPLORA CONICYT, el que forma parte de las actividades del PAR EXPLORA Los Lagos, coordinado por la Universidad de Los Lagos.<\/p>\n<p>El proyecto \u00abEfecto del abono de tecas de Pyura chilensis sobre el crecimiento de Lactuca sativa\u00bb de la Escuela Francisco Cort\u00e9s Ojeda de Carelmapu, de la comuna de Maull\u00edn, gan\u00f3 en Categor\u00eda Ciencias Ense\u00f1anza B\u00e1sica, y estuvo integrado por las alumnas Sof\u00eda Ser\u00f3n (5\u00ba B\u00e1sico) y Millaray Salinas (6\u00ba B\u00e1sico), junto a su profesora Ida Chaura. Ellas ganaron una pasant\u00eda en el Instituto Ant\u00e1rtico Chileno (INACH) en Punta Arenas.<\/p>\n<p><img decoding=\"async\" class=\" alignleft size-full wp-image-7621\" src=\"http:\/\/ec2-34-218-253-251.us-west-2.compute.amazonaws.com\/wp-content\/uploads\/2014\/11\/Diego-Ampuero-Antonio-Cid-y-Sergio-Schmeisser.JPG\" border=\"0\" width=\"300\" style=\"float: left;margin: 5px 10px\" \/>En tanto, el proyecto tecnol\u00f3gico \u00abGenerador de Hidr\u00f3geno\u00bb del Colegio Salesiano Padre Jos\u00e9 Fern\u00e1ndez P\u00e9rez de Puerto Montt se impuso como Mejor Presentaci\u00f3n Oral Ense\u00f1anza Media. Este equipo estuvo integrado por los alumnos de 3\u00ba Medio de la Especialidad Mec\u00e1nica Automotriz Diego Ampuero y Sergio Schmeisser, junto al profesor Antonio Cid.<\/p>\n<p>Tambi\u00e9n particip\u00f3 en el XV Congreso el proyecto \u00abF\u00f3siles marinos en el sector R\u00edo Azul de Futaleuf\u00fa\u00bb de la Escuela Futaleuf\u00fa.<br \/>El Congreso Nacional considera la evaluaci\u00f3n de los trabajos escritos, el stand y posters cient\u00edfico y presentaciones orales frente a paneles evaluadores integrados por cient\u00edficos e investigadores nacionales.<\/p>\n<p>Es una instancia de sana competencia donde las y los estudiantes tienen la posibilidad de compartir con otros, participar en conversaciones con destacados cient\u00edficos y disfrutar de actividades recreativas. De esta forma se busca incentivar y socializar las investigaciones cient\u00edficas y tecnol\u00f3gicas escolares, fomentando la cultura cient\u00edfica y la apropiaci\u00f3n de los beneficios de la Ciencia, Tecnolog\u00eda e Innovaci\u00f3n, por parte de ni\u00f1os, ni\u00f1as y j\u00f3venes.<\/p>\n<p><strong>Los ganadores<\/strong><br \/>Millaray Salinas dijo estar emocionada, \u00absomos de lejos y nunca hab\u00edamos participado en un congreso as\u00ed\u00bb. En tanto, Sof\u00eda Ser\u00f3n destac\u00f3 que \u00ablo que m\u00e1s me gust\u00f3 fue conocer nuevos proyectos y amigos\u00bb.<\/p>\n<p>La profesora Ida Chaura se\u00f1al\u00f3 que \u00abcomparto este inmenso logro con los colegas de la Escuela Francisco Cort\u00e9s Ojeda, y con la comunidad de Carelmapu, que trabaja en la realidad que las alumnas investigaron\u00bb.<\/p>\n<p>En tanto, el profesor Antonio Cid dijo que \u00abpara nosotros es un orgullo estar representando al Colegio Salesianos, nos sentimos muy felices por el logro obtenido. Pienso que hoy la ciencia y la tecnolog\u00eda est\u00e1 teniendo un contexto como siempre debi\u00f3 haberlo tenido\u00bb.<\/p>\n<p><img decoding=\"async\" class=\" alignright size-full wp-image-7622\" src=\"http:\/\/ec2-34-218-253-251.us-west-2.compute.amazonaws.com\/wp-content\/uploads\/2014\/11\/Equipos-Congreso.jpg\" border=\"0\" width=\"330\" style=\"float: right;margin: 5px 10px\" \/>Sergio Shmeisser destac\u00f3 que \u00abpienso que lo que m\u00e1s gust\u00f3 al Comit\u00e9 Evaluador fue el aporte en el ahorro de combustible de nuestro generador de hidr\u00f3geno, adem\u00e1s de haber demostrado nuestro objetivo de reducir los gases contaminantes del veh\u00edculo\u00bb.<\/p>\n<p>Marcos Hern\u00e1ndez, Director del PAR EXPLORA Los Lagos, destac\u00f3 el alto nivel de los proyectos participantes en este Congreso, indicando que \u00abesto fortalece a\u00fan m\u00e1s el logro alcanzado por los equipos regionales, quienes supieron llevar adelante un trabajo de investigaci\u00f3n y exponerlo frente a sus pares y evaluadores\u00bb.<\/p>\n<p><\/p>\n","protected":false},"excerpt":{"rendered":"<p>Una destacada participaci\u00f3n tuvieron los proyectos de la Regi\u00f3n de Los Lagos que participaron en el XV Congreso Nacional de Ciencia y Tecnolog\u00eda EXPLORA CONICYT 2014, el m\u00e1s importante encuentro de este tipo que se desarrolla a nivel pa\u00eds, y que este a\u00f1o reuni\u00f3 a 46 proyectos en Categor\u00eda Ense\u00f1anza B\u00e1sica y Media. A esta [&hellip;]<\/p>\n","protected":false},"author":2,"featured_media":1224,"comment_status":"open","ping_status":"open","sticky":false,"template":"","format":"standard","meta":{"_acf_changed":false,"_exactmetrics_skip_tracking":false,"_exactmetrics_sitenote_active":false,"_exactmetrics_sitenote_note":"","_exactmetrics_sitenote_category":0,"footnotes":"","_links_to":"","_links_to_target":""},"categories":[4],"tags":[],"class_list":["post-1222","post","type-post","status-publish","format-standard","has-post-thumbnail","hentry","category-noticias"],"acf":[],"yoast_head":"<!-- This site is optimized with the Yoast SEO plugin v26.7 - https:\/\/yoast.com\/wordpress\/plugins\/seo\/ -->\n<title>Proyectos de la Regi\u00f3n de Los Lagos ganan en XV Encuentro Nacional de EXPLORA CONICYT - Los Lagos<\/title>\n<meta name=\"robots\" content=\"index, follow, max-snippet:-1, max-image-preview:large, max-video-preview:-1\" \/>\n<link rel=\"canonical\" href=\"https:\/\/dev.explora.cl\/lagos\/proyectos-de-la-region-de-los-lagos-ganan-en-xv-encuentro-nacional-de-explora-conicyt\/\" class=\"yoast-seo-meta-tag\" \/>\n<meta property=\"og:locale\" content=\"es_ES\" class=\"yoast-seo-meta-tag\" \/>\n<meta property=\"og:type\" content=\"article\" class=\"yoast-seo-meta-tag\" \/>\n<meta property=\"og:title\" content=\"Proyectos de la Regi\u00f3n de Los Lagos ganan en XV Encuentro Nacional de EXPLORA CONICYT - Los Lagos\" class=\"yoast-seo-meta-tag\" \/>\n<meta property=\"og:description\" content=\"Una destacada participaci\u00f3n tuvieron los proyectos de la Regi\u00f3n de Los Lagos que participaron en el XV Congreso Nacional de Ciencia y Tecnolog\u00eda EXPLORA CONICYT 2014, el m\u00e1s importante encuentro de este tipo que se desarrolla a nivel pa\u00eds, y que este a\u00f1o reuni\u00f3 a 46 proyectos en Categor\u00eda Ense\u00f1anza B\u00e1sica y Media. A esta [&hellip;]\" class=\"yoast-seo-meta-tag\" \/>\n<meta property=\"og:url\" content=\"https:\/\/dev.explora.cl\/lagos\/proyectos-de-la-region-de-los-lagos-ganan-en-xv-encuentro-nacional-de-explora-conicyt\/\" class=\"yoast-seo-meta-tag\" \/>\n<meta property=\"og:site_name\" content=\"Los Lagos\" class=\"yoast-seo-meta-tag\" \/>\n<meta property=\"article:published_time\" content=\"2014-11-28T04:00:00+00:00\" class=\"yoast-seo-meta-tag\" \/>\n<meta property=\"article:modified_time\" content=\"2019-05-20T19:48:30+00:00\" class=\"yoast-seo-meta-tag\" \/>\n<meta property=\"og:image\" content=\"https:\/\/dev.explora.cl\/lagos\/wp-content\/uploads\/sites\/17\/2018\/06\/Diego-Ampuero-Antonio-Cid-y-Sergio-Schmeisser.jpg\" class=\"yoast-seo-meta-tag\" \/>\n\t<meta property=\"og:image:width\" content=\"1134\" class=\"yoast-seo-meta-tag\" \/>\n\t<meta property=\"og:image:height\" content=\"927\" class=\"yoast-seo-meta-tag\" \/>\n\t<meta property=\"og:image:type\" content=\"image\/jpeg\" class=\"yoast-seo-meta-tag\" \/>\n<meta name=\"author\" content=\"webman\" class=\"yoast-seo-meta-tag\" \/>\n<meta name=\"twitter:card\" content=\"summary_large_image\" class=\"yoast-seo-meta-tag\" \/>\n<meta name=\"twitter:label1\" content=\"Escrito por\" class=\"yoast-seo-meta-tag\" \/>\n\t<meta name=\"twitter:data1\" content=\"webman\" class=\"yoast-seo-meta-tag\" \/>\n\t<meta name=\"twitter:label2\" content=\"Tiempo de lectura\" class=\"yoast-seo-meta-tag\" \/>\n\t<meta name=\"twitter:data2\" content=\"3 minutos\" class=\"yoast-seo-meta-tag\" \/>\n<script type=\"application\/ld+json\" class=\"yoast-schema-graph\">{\"@context\":\"https:\/\/schema.org\",\"@graph\":[{\"@type\":\"Article\",\"@id\":\"https:\/\/dev.explora.cl\/lagos\/proyectos-de-la-region-de-los-lagos-ganan-en-xv-encuentro-nacional-de-explora-conicyt\/#article\",\"isPartOf\":{\"@id\":\"https:\/\/dev.explora.cl\/lagos\/proyectos-de-la-region-de-los-lagos-ganan-en-xv-encuentro-nacional-de-explora-conicyt\/\"},\"author\":{\"name\":\"webman\",\"@id\":\"https:\/\/dev.explora.cl\/lagos\/#\/schema\/person\/cb8349c13ea2d324080adf8480d7ba5d\"},\"headline\":\"Proyectos de la Regi\u00f3n de Los Lagos ganan en XV Encuentro Nacional de EXPLORA CONICYT\",\"datePublished\":\"2014-11-28T04:00:00+00:00\",\"dateModified\":\"2019-05-20T19:48:30+00:00\",\"mainEntityOfPage\":{\"@id\":\"https:\/\/dev.explora.cl\/lagos\/proyectos-de-la-region-de-los-lagos-ganan-en-xv-encuentro-nacional-de-explora-conicyt\/\"},\"wordCount\":614,\"commentCount\":0,\"image\":{\"@id\":\"https:\/\/dev.explora.cl\/lagos\/proyectos-de-la-region-de-los-lagos-ganan-en-xv-encuentro-nacional-de-explora-conicyt\/#primaryimage\"},\"thumbnailUrl\":\"https:\/\/dev.explora.cl\/lagos\/wp-content\/uploads\/sites\/17\/2018\/06\/Diego-Ampuero-Antonio-Cid-y-Sergio-Schmeisser.jpg\",\"articleSection\":[\"Noticias\"],\"inLanguage\":\"es\",\"potentialAction\":[{\"@type\":\"CommentAction\",\"name\":\"Comment\",\"target\":[\"https:\/\/dev.explora.cl\/lagos\/proyectos-de-la-region-de-los-lagos-ganan-en-xv-encuentro-nacional-de-explora-conicyt\/#respond\"]}]},{\"@type\":\"WebPage\",\"@id\":\"https:\/\/dev.explora.cl\/lagos\/proyectos-de-la-region-de-los-lagos-ganan-en-xv-encuentro-nacional-de-explora-conicyt\/\",\"url\":\"https:\/\/dev.explora.cl\/lagos\/proyectos-de-la-region-de-los-lagos-ganan-en-xv-encuentro-nacional-de-explora-conicyt\/\",\"name\":\"Proyectos de la Regi\u00f3n de Los Lagos ganan en XV Encuentro Nacional de EXPLORA CONICYT - Los Lagos\",\"isPartOf\":{\"@id\":\"https:\/\/dev.explora.cl\/lagos\/#website\"},\"primaryImageOfPage\":{\"@id\":\"https:\/\/dev.explora.cl\/lagos\/proyectos-de-la-region-de-los-lagos-ganan-en-xv-encuentro-nacional-de-explora-conicyt\/#primaryimage\"},\"image\":{\"@id\":\"https:\/\/dev.explora.cl\/lagos\/proyectos-de-la-region-de-los-lagos-ganan-en-xv-encuentro-nacional-de-explora-conicyt\/#primaryimage\"},\"thumbnailUrl\":\"https:\/\/dev.explora.cl\/lagos\/wp-content\/uploads\/sites\/17\/2018\/06\/Diego-Ampuero-Antonio-Cid-y-Sergio-Schmeisser.jpg\",\"datePublished\":\"2014-11-28T04:00:00+00:00\",\"dateModified\":\"2019-05-20T19:48:30+00:00\",\"author\":{\"@id\":\"https:\/\/dev.explora.cl\/lagos\/#\/schema\/person\/cb8349c13ea2d324080adf8480d7ba5d\"},\"breadcrumb\":{\"@id\":\"https:\/\/dev.explora.cl\/lagos\/proyectos-de-la-region-de-los-lagos-ganan-en-xv-encuentro-nacional-de-explora-conicyt\/#breadcrumb\"},\"inLanguage\":\"es\",\"potentialAction\":[{\"@type\":\"ReadAction\",\"target\":[\"https:\/\/dev.explora.cl\/lagos\/proyectos-de-la-region-de-los-lagos-ganan-en-xv-encuentro-nacional-de-explora-conicyt\/\"]}]},{\"@type\":\"ImageObject\",\"inLanguage\":\"es\",\"@id\":\"https:\/\/dev.explora.cl\/lagos\/proyectos-de-la-region-de-los-lagos-ganan-en-xv-encuentro-nacional-de-explora-conicyt\/#primaryimage\",\"url\":\"https:\/\/dev.explora.cl\/lagos\/wp-content\/uploads\/sites\/17\/2018\/06\/Diego-Ampuero-Antonio-Cid-y-Sergio-Schmeisser.jpg\",\"contentUrl\":\"https:\/\/dev.explora.cl\/lagos\/wp-content\/uploads\/sites\/17\/2018\/06\/Diego-Ampuero-Antonio-Cid-y-Sergio-Schmeisser.jpg\",\"width\":1134,\"height\":927},{\"@type\":\"BreadcrumbList\",\"@id\":\"https:\/\/dev.explora.cl\/lagos\/proyectos-de-la-region-de-los-lagos-ganan-en-xv-encuentro-nacional-de-explora-conicyt\/#breadcrumb\",\"itemListElement\":[{\"@type\":\"ListItem\",\"position\":1,\"name\":\"Portada\",\"item\":\"https:\/\/dev.explora.cl\/lagos\/\"},{\"@type\":\"ListItem\",\"position\":2,\"name\":\"Proyectos de la Regi\u00f3n de Los Lagos ganan en XV Encuentro Nacional de EXPLORA CONICYT\"}]},{\"@type\":\"WebSite\",\"@id\":\"https:\/\/dev.explora.cl\/lagos\/#website\",\"url\":\"https:\/\/dev.explora.cl\/lagos\/\",\"name\":\"Los Lagos\",\"description\":\"Otro sitio m\u00e1s de dev.explora.cl\",\"potentialAction\":[{\"@type\":\"SearchAction\",\"target\":{\"@type\":\"EntryPoint\",\"urlTemplate\":\"https:\/\/dev.explora.cl\/lagos\/?s={search_term_string}\"},\"query-input\":{\"@type\":\"PropertyValueSpecification\",\"valueRequired\":true,\"valueName\":\"search_term_string\"}}],\"inLanguage\":\"es\"},{\"@type\":\"Person\",\"@id\":\"https:\/\/dev.explora.cl\/lagos\/#\/schema\/person\/cb8349c13ea2d324080adf8480d7ba5d\",\"name\":\"webman\",\"image\":{\"@type\":\"ImageObject\",\"inLanguage\":\"es\",\"@id\":\"https:\/\/dev.explora.cl\/lagos\/#\/schema\/person\/image\/\",\"url\":\"https:\/\/secure.gravatar.com\/avatar\/eeff3c82f2c02f7177d13663b7e6f890e9a6a0647ce9bb29cae02dcb094c7312?s=96&d=mm&r=g\",\"contentUrl\":\"https:\/\/secure.gravatar.com\/avatar\/eeff3c82f2c02f7177d13663b7e6f890e9a6a0647ce9bb29cae02dcb094c7312?s=96&d=mm&r=g\",\"caption\":\"webman\"},\"url\":\"https:\/\/dev.explora.cl\/lagos\/author\/webman\/\"}]}<\/script>\n<!-- \/ Yoast SEO plugin. -->","yoast_head_json":{"title":"Proyectos de la Regi\u00f3n de Los Lagos ganan en XV Encuentro Nacional de EXPLORA CONICYT - Los Lagos","robots":{"index":"index","follow":"follow","max-snippet":"max-snippet:-1","max-image-preview":"max-image-preview:large","max-video-preview":"max-video-preview:-1"},"canonical":"https:\/\/dev.explora.cl\/lagos\/proyectos-de-la-region-de-los-lagos-ganan-en-xv-encuentro-nacional-de-explora-conicyt\/","og_locale":"es_ES","og_type":"article","og_title":"Proyectos de la Regi\u00f3n de Los Lagos ganan en XV Encuentro Nacional de EXPLORA CONICYT - Los Lagos","og_description":"Una destacada participaci\u00f3n tuvieron los proyectos de la Regi\u00f3n de Los Lagos que participaron en el XV Congreso Nacional de Ciencia y Tecnolog\u00eda EXPLORA CONICYT 2014, el m\u00e1s importante encuentro de este tipo que se desarrolla a nivel pa\u00eds, y que este a\u00f1o reuni\u00f3 a 46 proyectos en Categor\u00eda Ense\u00f1anza B\u00e1sica y Media. A esta [&hellip;]","og_url":"https:\/\/dev.explora.cl\/lagos\/proyectos-de-la-region-de-los-lagos-ganan-en-xv-encuentro-nacional-de-explora-conicyt\/","og_site_name":"Los Lagos","article_published_time":"2014-11-28T04:00:00+00:00","article_modified_time":"2019-05-20T19:48:30+00:00","og_image":[{"width":1134,"height":927,"url":"https:\/\/dev.explora.cl\/lagos\/wp-content\/uploads\/sites\/17\/2018\/06\/Diego-Ampuero-Antonio-Cid-y-Sergio-Schmeisser.jpg","type":"image\/jpeg"}],"author":"webman","twitter_card":"summary_large_image","twitter_misc":{"Escrito por":"webman","Tiempo de lectura":"3 minutos"},"schema":{"@context":"https:\/\/schema.org","@graph":[{"@type":"Article","@id":"https:\/\/dev.explora.cl\/lagos\/proyectos-de-la-region-de-los-lagos-ganan-en-xv-encuentro-nacional-de-explora-conicyt\/#article","isPartOf":{"@id":"https:\/\/dev.explora.cl\/lagos\/proyectos-de-la-region-de-los-lagos-ganan-en-xv-encuentro-nacional-de-explora-conicyt\/"},"author":{"name":"webman","@id":"https:\/\/dev.explora.cl\/lagos\/#\/schema\/person\/cb8349c13ea2d324080adf8480d7ba5d"},"headline":"Proyectos de la Regi\u00f3n de Los Lagos ganan en XV Encuentro Nacional de EXPLORA CONICYT","datePublished":"2014-11-28T04:00:00+00:00","dateModified":"2019-05-20T19:48:30+00:00","mainEntityOfPage":{"@id":"https:\/\/dev.explora.cl\/lagos\/proyectos-de-la-region-de-los-lagos-ganan-en-xv-encuentro-nacional-de-explora-conicyt\/"},"wordCount":614,"commentCount":0,"image":{"@id":"https:\/\/dev.explora.cl\/lagos\/proyectos-de-la-region-de-los-lagos-ganan-en-xv-encuentro-nacional-de-explora-conicyt\/#primaryimage"},"thumbnailUrl":"https:\/\/dev.explora.cl\/lagos\/wp-content\/uploads\/sites\/17\/2018\/06\/Diego-Ampuero-Antonio-Cid-y-Sergio-Schmeisser.jpg","articleSection":["Noticias"],"inLanguage":"es","potentialAction":[{"@type":"CommentAction","name":"Comment","target":["https:\/\/dev.explora.cl\/lagos\/proyectos-de-la-region-de-los-lagos-ganan-en-xv-encuentro-nacional-de-explora-conicyt\/#respond"]}]},{"@type":"WebPage","@id":"https:\/\/dev.explora.cl\/lagos\/proyectos-de-la-region-de-los-lagos-ganan-en-xv-encuentro-nacional-de-explora-conicyt\/","url":"https:\/\/dev.explora.cl\/lagos\/proyectos-de-la-region-de-los-lagos-ganan-en-xv-encuentro-nacional-de-explora-conicyt\/","name":"Proyectos de la Regi\u00f3n de Los Lagos ganan en XV Encuentro Nacional de EXPLORA CONICYT - Los Lagos","isPartOf":{"@id":"https:\/\/dev.explora.cl\/lagos\/#website"},"primaryImageOfPage":{"@id":"https:\/\/dev.explora.cl\/lagos\/proyectos-de-la-region-de-los-lagos-ganan-en-xv-encuentro-nacional-de-explora-conicyt\/#primaryimage"},"image":{"@id":"https:\/\/dev.explora.cl\/lagos\/proyectos-de-la-region-de-los-lagos-ganan-en-xv-encuentro-nacional-de-explora-conicyt\/#primaryimage"},"thumbnailUrl":"https:\/\/dev.explora.cl\/lagos\/wp-content\/uploads\/sites\/17\/2018\/06\/Diego-Ampuero-Antonio-Cid-y-Sergio-Schmeisser.jpg","datePublished":"2014-11-28T04:00:00+00:00","dateModified":"2019-05-20T19:48:30+00:00","author":{"@id":"https:\/\/dev.explora.cl\/lagos\/#\/schema\/person\/cb8349c13ea2d324080adf8480d7ba5d"},"breadcrumb":{"@id":"https:\/\/dev.explora.cl\/lagos\/proyectos-de-la-region-de-los-lagos-ganan-en-xv-encuentro-nacional-de-explora-conicyt\/#breadcrumb"},"inLanguage":"es","potentialAction":[{"@type":"ReadAction","target":["https:\/\/dev.explora.cl\/lagos\/proyectos-de-la-region-de-los-lagos-ganan-en-xv-encuentro-nacional-de-explora-conicyt\/"]}]},{"@type":"ImageObject","inLanguage":"es","@id":"https:\/\/dev.explora.cl\/lagos\/proyectos-de-la-region-de-los-lagos-ganan-en-xv-encuentro-nacional-de-explora-conicyt\/#primaryimage","url":"https:\/\/dev.explora.cl\/lagos\/wp-content\/uploads\/sites\/17\/2018\/06\/Diego-Ampuero-Antonio-Cid-y-Sergio-Schmeisser.jpg","contentUrl":"https:\/\/dev.explora.cl\/lagos\/wp-content\/uploads\/sites\/17\/2018\/06\/Diego-Ampuero-Antonio-Cid-y-Sergio-Schmeisser.jpg","width":1134,"height":927},{"@type":"BreadcrumbList","@id":"https:\/\/dev.explora.cl\/lagos\/proyectos-de-la-region-de-los-lagos-ganan-en-xv-encuentro-nacional-de-explora-conicyt\/#breadcrumb","itemListElement":[{"@type":"ListItem","position":1,"name":"Portada","item":"https:\/\/dev.explora.cl\/lagos\/"},{"@type":"ListItem","position":2,"name":"Proyectos de la Regi\u00f3n de Los Lagos ganan en XV Encuentro Nacional de EXPLORA CONICYT"}]},{"@type":"WebSite","@id":"https:\/\/dev.explora.cl\/lagos\/#website","url":"https:\/\/dev.explora.cl\/lagos\/","name":"Los Lagos","description":"Otro sitio m\u00e1s de dev.explora.cl","potentialAction":[{"@type":"SearchAction","target":{"@type":"EntryPoint","urlTemplate":"https:\/\/dev.explora.cl\/lagos\/?s={search_term_string}"},"query-input":{"@type":"PropertyValueSpecification","valueRequired":true,"valueName":"search_term_string"}}],"inLanguage":"es"},{"@type":"Person","@id":"https:\/\/dev.explora.cl\/lagos\/#\/schema\/person\/cb8349c13ea2d324080adf8480d7ba5d","name":"webman","image":{"@type":"ImageObject","inLanguage":"es","@id":"https:\/\/dev.explora.cl\/lagos\/#\/schema\/person\/image\/","url":"https:\/\/secure.gravatar.com\/avatar\/eeff3c82f2c02f7177d13663b7e6f890e9a6a0647ce9bb29cae02dcb094c7312?s=96&d=mm&r=g","contentUrl":"https:\/\/secure.gravatar.com\/avatar\/eeff3c82f2c02f7177d13663b7e6f890e9a6a0647ce9bb29cae02dcb094c7312?s=96&d=mm&r=g","caption":"webman"},"url":"https:\/\/dev.explora.cl\/lagos\/author\/webman\/"}]}},"_links":{"self":[{"href":"https:\/\/dev.explora.cl\/lagos\/wp-json\/wp\/v2\/posts\/1222","targetHints":{"allow":["GET"]}}],"collection":[{"href":"https:\/\/dev.explora.cl\/lagos\/wp-json\/wp\/v2\/posts"}],"about":[{"href":"https:\/\/dev.explora.cl\/lagos\/wp-json\/wp\/v2\/types\/post"}],"author":[{"embeddable":true,"href":"https:\/\/dev.explora.cl\/lagos\/wp-json\/wp\/v2\/users\/2"}],"replies":[{"embeddable":true,"href":"https:\/\/dev.explora.cl\/lagos\/wp-json\/wp\/v2\/comments?post=1222"}],"version-history":[{"count":1,"href":"https:\/\/dev.explora.cl\/lagos\/wp-json\/wp\/v2\/posts\/1222\/revisions"}],"predecessor-version":[{"id":38262,"href":"https:\/\/dev.explora.cl\/lagos\/wp-json\/wp\/v2\/posts\/1222\/revisions\/38262"}],"wp:featuredmedia":[{"embeddable":true,"href":"https:\/\/dev.explora.cl\/lagos\/wp-json\/wp\/v2\/media\/1224"}],"wp:attachment":[{"href":"https:\/\/dev.explora.cl\/lagos\/wp-json\/wp\/v2\/media?parent=1222"}],"wp:term":[{"taxonomy":"category","embeddable":true,"href":"https:\/\/dev.explora.cl\/lagos\/wp-json\/wp\/v2\/categories?post=1222"},{"taxonomy":"post_tag","embeddable":true,"href":"https:\/\/dev.explora.cl\/lagos\/wp-json\/wp\/v2\/tags?post=1222"}],"curies":[{"name":"wp","href":"https:\/\/api.w.org\/{rel}","templated":true}]}}