{"id":1219,"date":"2014-11-26T00:00:00","date_gmt":"2014-11-26T04:00:00","guid":{"rendered":"http:\/\/ec2-34-219-152-79.us-west-2.compute.amazonaws.com\/lagos\/blog\/2014\/11\/26\/robot-bender-se-presentara-en-mall-paseo-costanera\/"},"modified":"2019-05-20T19:48:30","modified_gmt":"2019-05-20T19:48:30","slug":"robot-bender-se-presentara-en-mall-paseo-costanera","status":"publish","type":"post","link":"https:\/\/dev.explora.cl\/lagos\/robot-bender-se-presentara-en-mall-paseo-costanera\/","title":{"rendered":"Robot \u201cBender\u201d se presentar\u00e1 en Mall Paseo Costanera"},"content":{"rendered":"<p><img loading=\"lazy\" decoding=\"async\" class=\" size-full wp-image-7562\" src=\"http:\/\/ec2-34-218-253-251.us-west-2.compute.amazonaws.com\/wp-content\/uploads\/2014\/11\/d32f39e6421886abfda6502d48443eb2.jpg\" alt=\"\" width=\"2362\" height=\"1671\" \/><\/p>\n<p style=\"text-align: justify\">Este s\u00e1bado 29 de noviembre se desarrollar\u00e1 una muestra de rob\u00f3tica en el primer piso del Mall Paseo Costanera de Puerto Montt. La iniciativa, se efectuar\u00e1 desde las 15:00 horas y contar\u00e1 con la participaci\u00f3n de equipos de las universidades Austral de Chile, De Los Lagos y De Chile.<\/p>\n<p style=\"text-align: justify\">La actividad est\u00e1 enmarcada en el 6to Encuentro Regional de Rob\u00f3tica Educativa 2014, impulsado por la Coordinaci\u00f3n de Educaci\u00f3n Extraescolar perteneciente a la Direcci\u00f3n de Educaci\u00f3n de la Ilustre Municipalidad de Puerto Montt, en conjunto con la Universidad Austral de Chile, Sede Puerto Montt, la <a href=\"http:\/\/www.ulagos.cl\/\">Universidad de Los Lagos<\/a> y el <a href=\"lagos\">PAR EXPLORA Los Lagos.<\/a><\/p>\n<p style=\"text-align: justify\"><img decoding=\"async\" class=\" alignleft size-full wp-image-7563\" src=\"http:\/\/ec2-34-218-253-251.us-west-2.compute.amazonaws.com\/wp-content\/uploads\/2014\/11\/bender.png\" border=\"0\" width=\"200\" style=\"float: left;margin: 5px 10px\" \/><br \/>En la oportunidad, se presentar\u00e1n diversos proyectos de rob\u00f3tica de las tres casas de estudio y el equipo ganador del 6to Encuentro Regional de Rob\u00f3tica Educativa, adem\u00e1s de \u00abBender\u00bb, un Robot de Servicio que destaca por sus funciones de detecci\u00f3n y reconocimiento de personas, manipulaci\u00f3n, seguimiento y navegaci\u00f3n.<\/p>\n<p style=\"text-align: justify\">\u00abBender\u00bb estar\u00e1 manejado por el equipo \u00abHomeBreakers\u00bb de la Facultad de Ciencias F\u00edsicas y Matem\u00e1ticas (FCFM) de la Universidad de Chile, integrado por Diego Ba\u00f1o, Gonzalo Olave, y Mat\u00edas Pav\u00e9z, a cargo de su capitana Luz Mart\u00ednez, quienes habitualmente compiten en el campeonato mundial RoboCup.<\/p>\n<p style=\"text-align: justify\">El Laboratorio de Rob\u00f3tica de la Universidad de Chile desarrolla actividades de investigaci\u00f3n en rob\u00f3tica m\u00f3vil y visi\u00f3n computacional. Trabaja principalmente en aspectos de percepci\u00f3n, auto-localizaci\u00f3n, navegaci\u00f3n, manipulaci\u00f3n, control en tiempo real de movimientos, aprendizaje, simulaci\u00f3n de robots m\u00f3viles, detecci\u00f3n y reconocimiento de rostros.<\/p>\n","protected":false},"excerpt":{"rendered":"<p>Este s\u00e1bado 29 de noviembre se desarrollar\u00e1 una muestra de rob\u00f3tica en el primer piso del Mall Paseo Costanera de Puerto Montt. La iniciativa, se efectuar\u00e1 desde las 15:00 horas y contar\u00e1 con la participaci\u00f3n de equipos de las universidades Austral de Chile, De Los Lagos y De Chile. La actividad est\u00e1 enmarcada en el [&hellip;]<\/p>\n","protected":false},"author":2,"featured_media":1220,"comment_status":"open","ping_status":"open","sticky":false,"template":"","format":"standard","meta":{"_acf_changed":false,"_exactmetrics_skip_tracking":false,"_exactmetrics_sitenote_active":false,"_exactmetrics_sitenote_note":"","_exactmetrics_sitenote_category":0,"footnotes":"","_links_to":"","_links_to_target":""},"categories":[4],"tags":[],"class_list":["post-1219","post","type-post","status-publish","format-standard","has-post-thumbnail","hentry","category-noticias"],"acf":[],"yoast_head":"<!-- This site is optimized with the Yoast SEO plugin v26.7 - https:\/\/yoast.com\/wordpress\/plugins\/seo\/ -->\n<title>Robot \u201cBender\u201d se presentar\u00e1 en Mall Paseo Costanera - Los Lagos<\/title>\n<meta name=\"robots\" content=\"index, follow, max-snippet:-1, max-image-preview:large, max-video-preview:-1\" \/>\n<link rel=\"canonical\" href=\"https:\/\/dev.explora.cl\/lagos\/robot-bender-se-presentara-en-mall-paseo-costanera\/\" class=\"yoast-seo-meta-tag\" \/>\n<meta property=\"og:locale\" content=\"es_ES\" class=\"yoast-seo-meta-tag\" \/>\n<meta property=\"og:type\" content=\"article\" class=\"yoast-seo-meta-tag\" \/>\n<meta property=\"og:title\" content=\"Robot \u201cBender\u201d se presentar\u00e1 en Mall Paseo Costanera - Los Lagos\" class=\"yoast-seo-meta-tag\" \/>\n<meta property=\"og:description\" content=\"Este s\u00e1bado 29 de noviembre se desarrollar\u00e1 una muestra de rob\u00f3tica en el primer piso del Mall Paseo Costanera de Puerto Montt. La iniciativa, se efectuar\u00e1 desde las 15:00 horas y contar\u00e1 con la participaci\u00f3n de equipos de las universidades Austral de Chile, De Los Lagos y De Chile. La actividad est\u00e1 enmarcada en el [&hellip;]\" class=\"yoast-seo-meta-tag\" \/>\n<meta property=\"og:url\" content=\"https:\/\/dev.explora.cl\/lagos\/robot-bender-se-presentara-en-mall-paseo-costanera\/\" class=\"yoast-seo-meta-tag\" \/>\n<meta property=\"og:site_name\" content=\"Los Lagos\" class=\"yoast-seo-meta-tag\" \/>\n<meta property=\"article:published_time\" content=\"2014-11-26T04:00:00+00:00\" class=\"yoast-seo-meta-tag\" \/>\n<meta property=\"article:modified_time\" content=\"2019-05-20T19:48:30+00:00\" class=\"yoast-seo-meta-tag\" \/>\n<meta property=\"og:image\" content=\"https:\/\/dev.explora.cl\/lagos\/wp-content\/uploads\/sites\/17\/2018\/06\/d32f39e6421886abfda6502d48443eb2-1024x724.jpg\" class=\"yoast-seo-meta-tag\" \/>\n\t<meta property=\"og:image:width\" content=\"1024\" class=\"yoast-seo-meta-tag\" \/>\n\t<meta property=\"og:image:height\" content=\"724\" class=\"yoast-seo-meta-tag\" \/>\n\t<meta property=\"og:image:type\" content=\"image\/jpeg\" class=\"yoast-seo-meta-tag\" \/>\n<meta name=\"author\" content=\"webman\" class=\"yoast-seo-meta-tag\" \/>\n<meta name=\"twitter:card\" content=\"summary_large_image\" class=\"yoast-seo-meta-tag\" \/>\n<meta name=\"twitter:label1\" content=\"Escrito por\" class=\"yoast-seo-meta-tag\" \/>\n\t<meta name=\"twitter:data1\" content=\"webman\" class=\"yoast-seo-meta-tag\" \/>\n\t<meta name=\"twitter:label2\" content=\"Tiempo de lectura\" class=\"yoast-seo-meta-tag\" \/>\n\t<meta name=\"twitter:data2\" content=\"1 minuto\" class=\"yoast-seo-meta-tag\" \/>\n<script type=\"application\/ld+json\" class=\"yoast-schema-graph\">{\"@context\":\"https:\/\/schema.org\",\"@graph\":[{\"@type\":\"Article\",\"@id\":\"https:\/\/dev.explora.cl\/lagos\/robot-bender-se-presentara-en-mall-paseo-costanera\/#article\",\"isPartOf\":{\"@id\":\"https:\/\/dev.explora.cl\/lagos\/robot-bender-se-presentara-en-mall-paseo-costanera\/\"},\"author\":{\"name\":\"webman\",\"@id\":\"https:\/\/dev.explora.cl\/lagos\/#\/schema\/person\/cb8349c13ea2d324080adf8480d7ba5d\"},\"headline\":\"Robot \u201cBender\u201d se presentar\u00e1 en Mall Paseo Costanera\",\"datePublished\":\"2014-11-26T04:00:00+00:00\",\"dateModified\":\"2019-05-20T19:48:30+00:00\",\"mainEntityOfPage\":{\"@id\":\"https:\/\/dev.explora.cl\/lagos\/robot-bender-se-presentara-en-mall-paseo-costanera\/\"},\"wordCount\":279,\"commentCount\":0,\"image\":{\"@id\":\"https:\/\/dev.explora.cl\/lagos\/robot-bender-se-presentara-en-mall-paseo-costanera\/#primaryimage\"},\"thumbnailUrl\":\"https:\/\/dev.explora.cl\/lagos\/wp-content\/uploads\/sites\/17\/2018\/06\/d32f39e6421886abfda6502d48443eb2.jpg\",\"articleSection\":[\"Noticias\"],\"inLanguage\":\"es\",\"potentialAction\":[{\"@type\":\"CommentAction\",\"name\":\"Comment\",\"target\":[\"https:\/\/dev.explora.cl\/lagos\/robot-bender-se-presentara-en-mall-paseo-costanera\/#respond\"]}]},{\"@type\":\"WebPage\",\"@id\":\"https:\/\/dev.explora.cl\/lagos\/robot-bender-se-presentara-en-mall-paseo-costanera\/\",\"url\":\"https:\/\/dev.explora.cl\/lagos\/robot-bender-se-presentara-en-mall-paseo-costanera\/\",\"name\":\"Robot \u201cBender\u201d se presentar\u00e1 en Mall Paseo Costanera - Los Lagos\",\"isPartOf\":{\"@id\":\"https:\/\/dev.explora.cl\/lagos\/#website\"},\"primaryImageOfPage\":{\"@id\":\"https:\/\/dev.explora.cl\/lagos\/robot-bender-se-presentara-en-mall-paseo-costanera\/#primaryimage\"},\"image\":{\"@id\":\"https:\/\/dev.explora.cl\/lagos\/robot-bender-se-presentara-en-mall-paseo-costanera\/#primaryimage\"},\"thumbnailUrl\":\"https:\/\/dev.explora.cl\/lagos\/wp-content\/uploads\/sites\/17\/2018\/06\/d32f39e6421886abfda6502d48443eb2.jpg\",\"datePublished\":\"2014-11-26T04:00:00+00:00\",\"dateModified\":\"2019-05-20T19:48:30+00:00\",\"author\":{\"@id\":\"https:\/\/dev.explora.cl\/lagos\/#\/schema\/person\/cb8349c13ea2d324080adf8480d7ba5d\"},\"breadcrumb\":{\"@id\":\"https:\/\/dev.explora.cl\/lagos\/robot-bender-se-presentara-en-mall-paseo-costanera\/#breadcrumb\"},\"inLanguage\":\"es\",\"potentialAction\":[{\"@type\":\"ReadAction\",\"target\":[\"https:\/\/dev.explora.cl\/lagos\/robot-bender-se-presentara-en-mall-paseo-costanera\/\"]}]},{\"@type\":\"ImageObject\",\"inLanguage\":\"es\",\"@id\":\"https:\/\/dev.explora.cl\/lagos\/robot-bender-se-presentara-en-mall-paseo-costanera\/#primaryimage\",\"url\":\"https:\/\/dev.explora.cl\/lagos\/wp-content\/uploads\/sites\/17\/2018\/06\/d32f39e6421886abfda6502d48443eb2.jpg\",\"contentUrl\":\"https:\/\/dev.explora.cl\/lagos\/wp-content\/uploads\/sites\/17\/2018\/06\/d32f39e6421886abfda6502d48443eb2.jpg\",\"width\":2362,\"height\":1671},{\"@type\":\"BreadcrumbList\",\"@id\":\"https:\/\/dev.explora.cl\/lagos\/robot-bender-se-presentara-en-mall-paseo-costanera\/#breadcrumb\",\"itemListElement\":[{\"@type\":\"ListItem\",\"position\":1,\"name\":\"Portada\",\"item\":\"https:\/\/dev.explora.cl\/lagos\/\"},{\"@type\":\"ListItem\",\"position\":2,\"name\":\"Robot \u201cBender\u201d se presentar\u00e1 en Mall Paseo Costanera\"}]},{\"@type\":\"WebSite\",\"@id\":\"https:\/\/dev.explora.cl\/lagos\/#website\",\"url\":\"https:\/\/dev.explora.cl\/lagos\/\",\"name\":\"Los Lagos\",\"description\":\"Otro sitio m\u00e1s de dev.explora.cl\",\"potentialAction\":[{\"@type\":\"SearchAction\",\"target\":{\"@type\":\"EntryPoint\",\"urlTemplate\":\"https:\/\/dev.explora.cl\/lagos\/?s={search_term_string}\"},\"query-input\":{\"@type\":\"PropertyValueSpecification\",\"valueRequired\":true,\"valueName\":\"search_term_string\"}}],\"inLanguage\":\"es\"},{\"@type\":\"Person\",\"@id\":\"https:\/\/dev.explora.cl\/lagos\/#\/schema\/person\/cb8349c13ea2d324080adf8480d7ba5d\",\"name\":\"webman\",\"image\":{\"@type\":\"ImageObject\",\"inLanguage\":\"es\",\"@id\":\"https:\/\/dev.explora.cl\/lagos\/#\/schema\/person\/image\/\",\"url\":\"https:\/\/secure.gravatar.com\/avatar\/eeff3c82f2c02f7177d13663b7e6f890e9a6a0647ce9bb29cae02dcb094c7312?s=96&d=mm&r=g\",\"contentUrl\":\"https:\/\/secure.gravatar.com\/avatar\/eeff3c82f2c02f7177d13663b7e6f890e9a6a0647ce9bb29cae02dcb094c7312?s=96&d=mm&r=g\",\"caption\":\"webman\"},\"url\":\"https:\/\/dev.explora.cl\/lagos\/author\/webman\/\"}]}<\/script>\n<!-- \/ Yoast SEO plugin. -->","yoast_head_json":{"title":"Robot \u201cBender\u201d se presentar\u00e1 en Mall Paseo Costanera - Los Lagos","robots":{"index":"index","follow":"follow","max-snippet":"max-snippet:-1","max-image-preview":"max-image-preview:large","max-video-preview":"max-video-preview:-1"},"canonical":"https:\/\/dev.explora.cl\/lagos\/robot-bender-se-presentara-en-mall-paseo-costanera\/","og_locale":"es_ES","og_type":"article","og_title":"Robot \u201cBender\u201d se presentar\u00e1 en Mall Paseo Costanera - Los Lagos","og_description":"Este s\u00e1bado 29 de noviembre se desarrollar\u00e1 una muestra de rob\u00f3tica en el primer piso del Mall Paseo Costanera de Puerto Montt. La iniciativa, se efectuar\u00e1 desde las 15:00 horas y contar\u00e1 con la participaci\u00f3n de equipos de las universidades Austral de Chile, De Los Lagos y De Chile. La actividad est\u00e1 enmarcada en el [&hellip;]","og_url":"https:\/\/dev.explora.cl\/lagos\/robot-bender-se-presentara-en-mall-paseo-costanera\/","og_site_name":"Los Lagos","article_published_time":"2014-11-26T04:00:00+00:00","article_modified_time":"2019-05-20T19:48:30+00:00","og_image":[{"width":1024,"height":724,"url":"https:\/\/dev.explora.cl\/lagos\/wp-content\/uploads\/sites\/17\/2018\/06\/d32f39e6421886abfda6502d48443eb2-1024x724.jpg","type":"image\/jpeg"}],"author":"webman","twitter_card":"summary_large_image","twitter_misc":{"Escrito por":"webman","Tiempo de lectura":"1 minuto"},"schema":{"@context":"https:\/\/schema.org","@graph":[{"@type":"Article","@id":"https:\/\/dev.explora.cl\/lagos\/robot-bender-se-presentara-en-mall-paseo-costanera\/#article","isPartOf":{"@id":"https:\/\/dev.explora.cl\/lagos\/robot-bender-se-presentara-en-mall-paseo-costanera\/"},"author":{"name":"webman","@id":"https:\/\/dev.explora.cl\/lagos\/#\/schema\/person\/cb8349c13ea2d324080adf8480d7ba5d"},"headline":"Robot \u201cBender\u201d se presentar\u00e1 en Mall Paseo Costanera","datePublished":"2014-11-26T04:00:00+00:00","dateModified":"2019-05-20T19:48:30+00:00","mainEntityOfPage":{"@id":"https:\/\/dev.explora.cl\/lagos\/robot-bender-se-presentara-en-mall-paseo-costanera\/"},"wordCount":279,"commentCount":0,"image":{"@id":"https:\/\/dev.explora.cl\/lagos\/robot-bender-se-presentara-en-mall-paseo-costanera\/#primaryimage"},"thumbnailUrl":"https:\/\/dev.explora.cl\/lagos\/wp-content\/uploads\/sites\/17\/2018\/06\/d32f39e6421886abfda6502d48443eb2.jpg","articleSection":["Noticias"],"inLanguage":"es","potentialAction":[{"@type":"CommentAction","name":"Comment","target":["https:\/\/dev.explora.cl\/lagos\/robot-bender-se-presentara-en-mall-paseo-costanera\/#respond"]}]},{"@type":"WebPage","@id":"https:\/\/dev.explora.cl\/lagos\/robot-bender-se-presentara-en-mall-paseo-costanera\/","url":"https:\/\/dev.explora.cl\/lagos\/robot-bender-se-presentara-en-mall-paseo-costanera\/","name":"Robot \u201cBender\u201d se presentar\u00e1 en Mall Paseo Costanera - Los Lagos","isPartOf":{"@id":"https:\/\/dev.explora.cl\/lagos\/#website"},"primaryImageOfPage":{"@id":"https:\/\/dev.explora.cl\/lagos\/robot-bender-se-presentara-en-mall-paseo-costanera\/#primaryimage"},"image":{"@id":"https:\/\/dev.explora.cl\/lagos\/robot-bender-se-presentara-en-mall-paseo-costanera\/#primaryimage"},"thumbnailUrl":"https:\/\/dev.explora.cl\/lagos\/wp-content\/uploads\/sites\/17\/2018\/06\/d32f39e6421886abfda6502d48443eb2.jpg","datePublished":"2014-11-26T04:00:00+00:00","dateModified":"2019-05-20T19:48:30+00:00","author":{"@id":"https:\/\/dev.explora.cl\/lagos\/#\/schema\/person\/cb8349c13ea2d324080adf8480d7ba5d"},"breadcrumb":{"@id":"https:\/\/dev.explora.cl\/lagos\/robot-bender-se-presentara-en-mall-paseo-costanera\/#breadcrumb"},"inLanguage":"es","potentialAction":[{"@type":"ReadAction","target":["https:\/\/dev.explora.cl\/lagos\/robot-bender-se-presentara-en-mall-paseo-costanera\/"]}]},{"@type":"ImageObject","inLanguage":"es","@id":"https:\/\/dev.explora.cl\/lagos\/robot-bender-se-presentara-en-mall-paseo-costanera\/#primaryimage","url":"https:\/\/dev.explora.cl\/lagos\/wp-content\/uploads\/sites\/17\/2018\/06\/d32f39e6421886abfda6502d48443eb2.jpg","contentUrl":"https:\/\/dev.explora.cl\/lagos\/wp-content\/uploads\/sites\/17\/2018\/06\/d32f39e6421886abfda6502d48443eb2.jpg","width":2362,"height":1671},{"@type":"BreadcrumbList","@id":"https:\/\/dev.explora.cl\/lagos\/robot-bender-se-presentara-en-mall-paseo-costanera\/#breadcrumb","itemListElement":[{"@type":"ListItem","position":1,"name":"Portada","item":"https:\/\/dev.explora.cl\/lagos\/"},{"@type":"ListItem","position":2,"name":"Robot \u201cBender\u201d se presentar\u00e1 en Mall Paseo Costanera"}]},{"@type":"WebSite","@id":"https:\/\/dev.explora.cl\/lagos\/#website","url":"https:\/\/dev.explora.cl\/lagos\/","name":"Los Lagos","description":"Otro sitio m\u00e1s de dev.explora.cl","potentialAction":[{"@type":"SearchAction","target":{"@type":"EntryPoint","urlTemplate":"https:\/\/dev.explora.cl\/lagos\/?s={search_term_string}"},"query-input":{"@type":"PropertyValueSpecification","valueRequired":true,"valueName":"search_term_string"}}],"inLanguage":"es"},{"@type":"Person","@id":"https:\/\/dev.explora.cl\/lagos\/#\/schema\/person\/cb8349c13ea2d324080adf8480d7ba5d","name":"webman","image":{"@type":"ImageObject","inLanguage":"es","@id":"https:\/\/dev.explora.cl\/lagos\/#\/schema\/person\/image\/","url":"https:\/\/secure.gravatar.com\/avatar\/eeff3c82f2c02f7177d13663b7e6f890e9a6a0647ce9bb29cae02dcb094c7312?s=96&d=mm&r=g","contentUrl":"https:\/\/secure.gravatar.com\/avatar\/eeff3c82f2c02f7177d13663b7e6f890e9a6a0647ce9bb29cae02dcb094c7312?s=96&d=mm&r=g","caption":"webman"},"url":"https:\/\/dev.explora.cl\/lagos\/author\/webman\/"}]}},"_links":{"self":[{"href":"https:\/\/dev.explora.cl\/lagos\/wp-json\/wp\/v2\/posts\/1219","targetHints":{"allow":["GET"]}}],"collection":[{"href":"https:\/\/dev.explora.cl\/lagos\/wp-json\/wp\/v2\/posts"}],"about":[{"href":"https:\/\/dev.explora.cl\/lagos\/wp-json\/wp\/v2\/types\/post"}],"author":[{"embeddable":true,"href":"https:\/\/dev.explora.cl\/lagos\/wp-json\/wp\/v2\/users\/2"}],"replies":[{"embeddable":true,"href":"https:\/\/dev.explora.cl\/lagos\/wp-json\/wp\/v2\/comments?post=1219"}],"version-history":[{"count":1,"href":"https:\/\/dev.explora.cl\/lagos\/wp-json\/wp\/v2\/posts\/1219\/revisions"}],"predecessor-version":[{"id":38263,"href":"https:\/\/dev.explora.cl\/lagos\/wp-json\/wp\/v2\/posts\/1219\/revisions\/38263"}],"wp:featuredmedia":[{"embeddable":true,"href":"https:\/\/dev.explora.cl\/lagos\/wp-json\/wp\/v2\/media\/1220"}],"wp:attachment":[{"href":"https:\/\/dev.explora.cl\/lagos\/wp-json\/wp\/v2\/media?parent=1219"}],"wp:term":[{"taxonomy":"category","embeddable":true,"href":"https:\/\/dev.explora.cl\/lagos\/wp-json\/wp\/v2\/categories?post=1219"},{"taxonomy":"post_tag","embeddable":true,"href":"https:\/\/dev.explora.cl\/lagos\/wp-json\/wp\/v2\/tags?post=1219"}],"curies":[{"name":"wp","href":"https:\/\/api.w.org\/{rel}","templated":true}]}}