{"id":1215,"date":"2014-11-25T00:00:00","date_gmt":"2014-11-25T04:00:00","guid":{"rendered":"http:\/\/ec2-34-219-152-79.us-west-2.compute.amazonaws.com\/lagos\/blog\/2014\/11\/25\/las-algas-protagonizan-nuevo-capitulo-de-pura-ciencia\/"},"modified":"2019-05-20T19:48:31","modified_gmt":"2019-05-20T19:48:31","slug":"las-algas-protagonizan-nuevo-capitulo-de-pura-ciencia","status":"publish","type":"post","link":"https:\/\/dev.explora.cl\/lagos\/las-algas-protagonizan-nuevo-capitulo-de-pura-ciencia\/","title":{"rendered":"Las algas protagonizan nuevo Cap\u00edtulo de PURA CIENCIA"},"content":{"rendered":"<p><img loading=\"lazy\" decoding=\"async\" class=\" size-full wp-image-7552\" src=\"http:\/\/ec2-34-218-253-251.us-west-2.compute.amazonaws.com\/wp-content\/uploads\/2014\/11\/057272e2810262d00907e67c90d36dab.jpg\" alt=\"\" width=\"1366\" height=\"768\" \/><\/p>\n<p style=\"text-align: justify\">El interesante mundo de \u00abLas Algas\u00bb aborda el <a href=\"https:\/\/www.youtube.com\/watch?v=RqY0xuQZke8&amp;index=1&amp;list=PLZ3fFM8tmRxmuY-7vZU0a9j0T2SWQALE-\">cuarto cap\u00edtulo de la nueva temporada del programa de Televisi\u00f3n PURA CIENCIA<\/a>, del PAR EXPLORA Los Lagos, coordinado por la ULagos, y transmitido por el Canal de YouTube del Proyecto.<\/p>\n<p style=\"text-align: justify\">En este cap\u00edtulo, la Directora del Instituto de Ciencia y Tecnolog\u00eda de la Universidad Arturo Prat sede Puerto Montt, Marcela \u00c1vila, explica el rol clave que las algas cumplen en el ecosistema marino.<\/p>\n<p><\/p>\n<p style=\"text-align: justify\"><a href=\"https:\/\/www.youtube.com\/watch?v=RqY0xuQZke8&amp;index=1&amp;list=PLZ3fFM8tmRxmuY-7vZU0a9j0T2SWQALE-\"><img decoding=\"async\" class=\" alignleft size-full wp-image-7553\" src=\"http:\/\/ec2-34-218-253-251.us-west-2.compute.amazonaws.com\/wp-content\/uploads\/2014\/11\/Pura-Ciencia-4_2.jpg\" border=\"0\" width=\"350\" style=\"float: left;margin: 5px 10px\" \/><\/a>Adem\u00e1s, el Club de Apoyo a la Investigaci\u00f3n Cient\u00edfica Escolar (CAICE) \u00abExploradores del R\u00edo\u00bb de la Escuela Dorila \u00c1guila Aguilar, muestra su trabajo de investigaci\u00f3n con poliquetos del R\u00edo Maull\u00edn en el sector de La Pasada.<\/p>\n<p style=\"text-align: justify\">PURA CIENCIA, desarrollado por la productora local \u00abCasa Tortuga\u00bb, cuenta con la participaci\u00f3n del t\u00edtere \u00abCitrola\u00bb que representa a una curiosa ni\u00f1a que recorre y conoce junto a su primo la ciencia y la tecnolog\u00eda que se desarrolla en nuestra Regi\u00f3n.<\/p>\n<p style=\"text-align: justify\"><a href=\"https:\/\/www.youtube.com\/watch?v=RqY0xuQZke8&amp;index=1&amp;list=PLZ3fFM8tmRxmuY-7vZU0a9j0T2SWQALE-\"><img decoding=\"async\" class=\" alignright size-full wp-image-7554\" src=\"http:\/\/ec2-34-218-253-251.us-west-2.compute.amazonaws.com\/wp-content\/uploads\/2014\/11\/Pura-Ciencia-4_3.jpg\" border=\"0\" width=\"350\" style=\"float: right;margin: 5px 10px\" \/><\/a>Esta <a href=\"https:\/\/www.youtube.com\/playlist?list=PLZ3fFM8tmRxmuY-7vZU0a9j0T2SWQALE-\">segunda temporada de PURA CIENCIA<\/a> est\u00e1 compuesta por ocho cap\u00edtulos y nos mostrar\u00e1 diferentes tem\u00e1ticas, desarrolladas por investigadores locales y escolares de diversas comunas de la Regi\u00f3n de Los Lagos.<\/p>\n<p><span style=\"line-height: 1.3em\"><br \/>Revisa los cap\u00edtulos disponibles de PURA CIENCIA <a href=\"https:\/\/www.youtube.com\/watch?v=ZbZtviA_tuY&amp;index=4&amp;list=PLZ3fFM8tmRxmuY-7vZU0a9j0T2SWQALE-\">\u00abGeolog\u00eda y Paleontolog\u00eda\u00bb<\/a>, <a href=\"https:\/\/www.youtube.com\/watch?v=Anj1UeCHZXM&amp;index=3&amp;list=PLZ3fFM8tmRxmuY-7vZU0a9j0T2SWQALE-\">\u00abEl Mar\u00bb<\/a>, <a href=\"https:\/\/www.youtube.com\/watch?v=W17KQQsu3yM&amp;index=2&amp;list=PLZ3fFM8tmRxmuY-7vZU0a9j0T2SWQALE-\">\u00abSector Agropecuario\u00bb<\/a> y <a href=\"https:\/\/www.youtube.com\/watch?v=RqY0xuQZke8&amp;list=PLZ3fFM8tmRxmuY-7vZU0a9j0T2SWQALE-&amp;index=1\">\u00abLas Algas\u00bb<\/a> en el canal de YouTube <a href=\"https:\/\/www.youtube.com\/user\/ExploraLosLagos2013\">PAR EXPLORA Los Lagos<\/a>. Accede directamente al cuarto cap\u00edtulo de la nueva temporada de PURA CIENCIA <\/span><a href=\"https:\/\/www.youtube.com\/watch?v=RqY0xuQZke8&amp;index=1&amp;list=PLZ3fFM8tmRxmuY-7vZU0a9j0T2SWQALE-\" style=\"line-height: 1.3em\">haciendo click aqu\u00ed.<\/a><\/p>\n","protected":false},"excerpt":{"rendered":"<p>El interesante mundo de \u00abLas Algas\u00bb aborda el cuarto cap\u00edtulo de la nueva temporada del programa de Televisi\u00f3n PURA CIENCIA, del PAR EXPLORA Los Lagos, coordinado por la ULagos, y transmitido por el Canal de YouTube del Proyecto. En este cap\u00edtulo, la Directora del Instituto de Ciencia y Tecnolog\u00eda de la Universidad Arturo Prat sede [&hellip;]<\/p>\n","protected":false},"author":2,"featured_media":37867,"comment_status":"open","ping_status":"open","sticky":false,"template":"","format":"standard","meta":{"_acf_changed":false,"_exactmetrics_skip_tracking":false,"_exactmetrics_sitenote_active":false,"_exactmetrics_sitenote_note":"","_exactmetrics_sitenote_category":0,"footnotes":"","_links_to":"","_links_to_target":""},"categories":[4],"tags":[],"class_list":["post-1215","post","type-post","status-publish","format-standard","has-post-thumbnail","hentry","category-noticias"],"acf":[],"yoast_head":"<!-- This site is optimized with the Yoast SEO plugin v26.7 - https:\/\/yoast.com\/wordpress\/plugins\/seo\/ -->\n<title>Las algas protagonizan nuevo Cap\u00edtulo de PURA CIENCIA - Los Lagos<\/title>\n<meta name=\"robots\" content=\"index, follow, max-snippet:-1, max-image-preview:large, max-video-preview:-1\" \/>\n<link rel=\"canonical\" href=\"https:\/\/dev.explora.cl\/lagos\/las-algas-protagonizan-nuevo-capitulo-de-pura-ciencia\/\" class=\"yoast-seo-meta-tag\" \/>\n<meta property=\"og:locale\" content=\"es_ES\" class=\"yoast-seo-meta-tag\" \/>\n<meta property=\"og:type\" content=\"article\" class=\"yoast-seo-meta-tag\" \/>\n<meta property=\"og:title\" content=\"Las algas protagonizan nuevo Cap\u00edtulo de PURA CIENCIA - Los Lagos\" class=\"yoast-seo-meta-tag\" \/>\n<meta property=\"og:description\" content=\"El interesante mundo de \u00abLas Algas\u00bb aborda el cuarto cap\u00edtulo de la nueva temporada del programa de Televisi\u00f3n PURA CIENCIA, del PAR EXPLORA Los Lagos, coordinado por la ULagos, y transmitido por el Canal de YouTube del Proyecto. En este cap\u00edtulo, la Directora del Instituto de Ciencia y Tecnolog\u00eda de la Universidad Arturo Prat sede [&hellip;]\" class=\"yoast-seo-meta-tag\" \/>\n<meta property=\"og:url\" content=\"https:\/\/dev.explora.cl\/lagos\/las-algas-protagonizan-nuevo-capitulo-de-pura-ciencia\/\" class=\"yoast-seo-meta-tag\" \/>\n<meta property=\"og:site_name\" content=\"Los Lagos\" class=\"yoast-seo-meta-tag\" \/>\n<meta property=\"article:published_time\" content=\"2014-11-25T04:00:00+00:00\" class=\"yoast-seo-meta-tag\" \/>\n<meta property=\"article:modified_time\" content=\"2019-05-20T19:48:31+00:00\" class=\"yoast-seo-meta-tag\" \/>\n<meta property=\"og:image\" content=\"https:\/\/dev.explora.cl\/lagos\/wp-content\/uploads\/sites\/17\/2014\/11\/RqY0xuQZke8.jpg\" class=\"yoast-seo-meta-tag\" \/>\n\t<meta property=\"og:image:width\" content=\"1280\" class=\"yoast-seo-meta-tag\" \/>\n\t<meta property=\"og:image:height\" content=\"720\" class=\"yoast-seo-meta-tag\" \/>\n\t<meta property=\"og:image:type\" content=\"image\/jpeg\" class=\"yoast-seo-meta-tag\" \/>\n<meta name=\"author\" content=\"webman\" class=\"yoast-seo-meta-tag\" \/>\n<meta name=\"twitter:card\" content=\"summary_large_image\" class=\"yoast-seo-meta-tag\" \/>\n<meta name=\"twitter:label1\" content=\"Escrito por\" class=\"yoast-seo-meta-tag\" \/>\n\t<meta name=\"twitter:data1\" content=\"webman\" class=\"yoast-seo-meta-tag\" \/>\n\t<meta name=\"twitter:label2\" content=\"Tiempo de lectura\" class=\"yoast-seo-meta-tag\" \/>\n\t<meta name=\"twitter:data2\" content=\"1 minuto\" class=\"yoast-seo-meta-tag\" \/>\n<script type=\"application\/ld+json\" class=\"yoast-schema-graph\">{\"@context\":\"https:\/\/schema.org\",\"@graph\":[{\"@type\":\"Article\",\"@id\":\"https:\/\/dev.explora.cl\/lagos\/las-algas-protagonizan-nuevo-capitulo-de-pura-ciencia\/#article\",\"isPartOf\":{\"@id\":\"https:\/\/dev.explora.cl\/lagos\/las-algas-protagonizan-nuevo-capitulo-de-pura-ciencia\/\"},\"author\":{\"name\":\"webman\",\"@id\":\"https:\/\/dev.explora.cl\/lagos\/#\/schema\/person\/cb8349c13ea2d324080adf8480d7ba5d\"},\"headline\":\"Las algas protagonizan nuevo Cap\u00edtulo de PURA CIENCIA\",\"datePublished\":\"2014-11-25T04:00:00+00:00\",\"dateModified\":\"2019-05-20T19:48:31+00:00\",\"mainEntityOfPage\":{\"@id\":\"https:\/\/dev.explora.cl\/lagos\/las-algas-protagonizan-nuevo-capitulo-de-pura-ciencia\/\"},\"wordCount\":252,\"commentCount\":0,\"image\":{\"@id\":\"https:\/\/dev.explora.cl\/lagos\/las-algas-protagonizan-nuevo-capitulo-de-pura-ciencia\/#primaryimage\"},\"thumbnailUrl\":\"https:\/\/dev.explora.cl\/lagos\/wp-content\/uploads\/sites\/17\/2014\/11\/RqY0xuQZke8.jpg\",\"articleSection\":[\"Noticias\"],\"inLanguage\":\"es\",\"potentialAction\":[{\"@type\":\"CommentAction\",\"name\":\"Comment\",\"target\":[\"https:\/\/dev.explora.cl\/lagos\/las-algas-protagonizan-nuevo-capitulo-de-pura-ciencia\/#respond\"]}]},{\"@type\":\"WebPage\",\"@id\":\"https:\/\/dev.explora.cl\/lagos\/las-algas-protagonizan-nuevo-capitulo-de-pura-ciencia\/\",\"url\":\"https:\/\/dev.explora.cl\/lagos\/las-algas-protagonizan-nuevo-capitulo-de-pura-ciencia\/\",\"name\":\"Las algas protagonizan nuevo Cap\u00edtulo de PURA CIENCIA - Los Lagos\",\"isPartOf\":{\"@id\":\"https:\/\/dev.explora.cl\/lagos\/#website\"},\"primaryImageOfPage\":{\"@id\":\"https:\/\/dev.explora.cl\/lagos\/las-algas-protagonizan-nuevo-capitulo-de-pura-ciencia\/#primaryimage\"},\"image\":{\"@id\":\"https:\/\/dev.explora.cl\/lagos\/las-algas-protagonizan-nuevo-capitulo-de-pura-ciencia\/#primaryimage\"},\"thumbnailUrl\":\"https:\/\/dev.explora.cl\/lagos\/wp-content\/uploads\/sites\/17\/2014\/11\/RqY0xuQZke8.jpg\",\"datePublished\":\"2014-11-25T04:00:00+00:00\",\"dateModified\":\"2019-05-20T19:48:31+00:00\",\"author\":{\"@id\":\"https:\/\/dev.explora.cl\/lagos\/#\/schema\/person\/cb8349c13ea2d324080adf8480d7ba5d\"},\"breadcrumb\":{\"@id\":\"https:\/\/dev.explora.cl\/lagos\/las-algas-protagonizan-nuevo-capitulo-de-pura-ciencia\/#breadcrumb\"},\"inLanguage\":\"es\",\"potentialAction\":[{\"@type\":\"ReadAction\",\"target\":[\"https:\/\/dev.explora.cl\/lagos\/las-algas-protagonizan-nuevo-capitulo-de-pura-ciencia\/\"]}]},{\"@type\":\"ImageObject\",\"inLanguage\":\"es\",\"@id\":\"https:\/\/dev.explora.cl\/lagos\/las-algas-protagonizan-nuevo-capitulo-de-pura-ciencia\/#primaryimage\",\"url\":\"https:\/\/dev.explora.cl\/lagos\/wp-content\/uploads\/sites\/17\/2014\/11\/RqY0xuQZke8.jpg\",\"contentUrl\":\"https:\/\/dev.explora.cl\/lagos\/wp-content\/uploads\/sites\/17\/2014\/11\/RqY0xuQZke8.jpg\",\"width\":1280,\"height\":720},{\"@type\":\"BreadcrumbList\",\"@id\":\"https:\/\/dev.explora.cl\/lagos\/las-algas-protagonizan-nuevo-capitulo-de-pura-ciencia\/#breadcrumb\",\"itemListElement\":[{\"@type\":\"ListItem\",\"position\":1,\"name\":\"Portada\",\"item\":\"https:\/\/dev.explora.cl\/lagos\/\"},{\"@type\":\"ListItem\",\"position\":2,\"name\":\"Las algas protagonizan nuevo Cap\u00edtulo de PURA CIENCIA\"}]},{\"@type\":\"WebSite\",\"@id\":\"https:\/\/dev.explora.cl\/lagos\/#website\",\"url\":\"https:\/\/dev.explora.cl\/lagos\/\",\"name\":\"Los Lagos\",\"description\":\"Otro sitio m\u00e1s de dev.explora.cl\",\"potentialAction\":[{\"@type\":\"SearchAction\",\"target\":{\"@type\":\"EntryPoint\",\"urlTemplate\":\"https:\/\/dev.explora.cl\/lagos\/?s={search_term_string}\"},\"query-input\":{\"@type\":\"PropertyValueSpecification\",\"valueRequired\":true,\"valueName\":\"search_term_string\"}}],\"inLanguage\":\"es\"},{\"@type\":\"Person\",\"@id\":\"https:\/\/dev.explora.cl\/lagos\/#\/schema\/person\/cb8349c13ea2d324080adf8480d7ba5d\",\"name\":\"webman\",\"image\":{\"@type\":\"ImageObject\",\"inLanguage\":\"es\",\"@id\":\"https:\/\/dev.explora.cl\/lagos\/#\/schema\/person\/image\/\",\"url\":\"https:\/\/secure.gravatar.com\/avatar\/eeff3c82f2c02f7177d13663b7e6f890e9a6a0647ce9bb29cae02dcb094c7312?s=96&d=mm&r=g\",\"contentUrl\":\"https:\/\/secure.gravatar.com\/avatar\/eeff3c82f2c02f7177d13663b7e6f890e9a6a0647ce9bb29cae02dcb094c7312?s=96&d=mm&r=g\",\"caption\":\"webman\"},\"url\":\"https:\/\/dev.explora.cl\/lagos\/author\/webman\/\"}]}<\/script>\n<!-- \/ Yoast SEO plugin. -->","yoast_head_json":{"title":"Las algas protagonizan nuevo Cap\u00edtulo de PURA CIENCIA - Los Lagos","robots":{"index":"index","follow":"follow","max-snippet":"max-snippet:-1","max-image-preview":"max-image-preview:large","max-video-preview":"max-video-preview:-1"},"canonical":"https:\/\/dev.explora.cl\/lagos\/las-algas-protagonizan-nuevo-capitulo-de-pura-ciencia\/","og_locale":"es_ES","og_type":"article","og_title":"Las algas protagonizan nuevo Cap\u00edtulo de PURA CIENCIA - Los Lagos","og_description":"El interesante mundo de \u00abLas Algas\u00bb aborda el cuarto cap\u00edtulo de la nueva temporada del programa de Televisi\u00f3n PURA CIENCIA, del PAR EXPLORA Los Lagos, coordinado por la ULagos, y transmitido por el Canal de YouTube del Proyecto. En este cap\u00edtulo, la Directora del Instituto de Ciencia y Tecnolog\u00eda de la Universidad Arturo Prat sede [&hellip;]","og_url":"https:\/\/dev.explora.cl\/lagos\/las-algas-protagonizan-nuevo-capitulo-de-pura-ciencia\/","og_site_name":"Los Lagos","article_published_time":"2014-11-25T04:00:00+00:00","article_modified_time":"2019-05-20T19:48:31+00:00","og_image":[{"width":1280,"height":720,"url":"https:\/\/dev.explora.cl\/lagos\/wp-content\/uploads\/sites\/17\/2014\/11\/RqY0xuQZke8.jpg","type":"image\/jpeg"}],"author":"webman","twitter_card":"summary_large_image","twitter_misc":{"Escrito por":"webman","Tiempo de lectura":"1 minuto"},"schema":{"@context":"https:\/\/schema.org","@graph":[{"@type":"Article","@id":"https:\/\/dev.explora.cl\/lagos\/las-algas-protagonizan-nuevo-capitulo-de-pura-ciencia\/#article","isPartOf":{"@id":"https:\/\/dev.explora.cl\/lagos\/las-algas-protagonizan-nuevo-capitulo-de-pura-ciencia\/"},"author":{"name":"webman","@id":"https:\/\/dev.explora.cl\/lagos\/#\/schema\/person\/cb8349c13ea2d324080adf8480d7ba5d"},"headline":"Las algas protagonizan nuevo Cap\u00edtulo de PURA CIENCIA","datePublished":"2014-11-25T04:00:00+00:00","dateModified":"2019-05-20T19:48:31+00:00","mainEntityOfPage":{"@id":"https:\/\/dev.explora.cl\/lagos\/las-algas-protagonizan-nuevo-capitulo-de-pura-ciencia\/"},"wordCount":252,"commentCount":0,"image":{"@id":"https:\/\/dev.explora.cl\/lagos\/las-algas-protagonizan-nuevo-capitulo-de-pura-ciencia\/#primaryimage"},"thumbnailUrl":"https:\/\/dev.explora.cl\/lagos\/wp-content\/uploads\/sites\/17\/2014\/11\/RqY0xuQZke8.jpg","articleSection":["Noticias"],"inLanguage":"es","potentialAction":[{"@type":"CommentAction","name":"Comment","target":["https:\/\/dev.explora.cl\/lagos\/las-algas-protagonizan-nuevo-capitulo-de-pura-ciencia\/#respond"]}]},{"@type":"WebPage","@id":"https:\/\/dev.explora.cl\/lagos\/las-algas-protagonizan-nuevo-capitulo-de-pura-ciencia\/","url":"https:\/\/dev.explora.cl\/lagos\/las-algas-protagonizan-nuevo-capitulo-de-pura-ciencia\/","name":"Las algas protagonizan nuevo Cap\u00edtulo de PURA CIENCIA - Los Lagos","isPartOf":{"@id":"https:\/\/dev.explora.cl\/lagos\/#website"},"primaryImageOfPage":{"@id":"https:\/\/dev.explora.cl\/lagos\/las-algas-protagonizan-nuevo-capitulo-de-pura-ciencia\/#primaryimage"},"image":{"@id":"https:\/\/dev.explora.cl\/lagos\/las-algas-protagonizan-nuevo-capitulo-de-pura-ciencia\/#primaryimage"},"thumbnailUrl":"https:\/\/dev.explora.cl\/lagos\/wp-content\/uploads\/sites\/17\/2014\/11\/RqY0xuQZke8.jpg","datePublished":"2014-11-25T04:00:00+00:00","dateModified":"2019-05-20T19:48:31+00:00","author":{"@id":"https:\/\/dev.explora.cl\/lagos\/#\/schema\/person\/cb8349c13ea2d324080adf8480d7ba5d"},"breadcrumb":{"@id":"https:\/\/dev.explora.cl\/lagos\/las-algas-protagonizan-nuevo-capitulo-de-pura-ciencia\/#breadcrumb"},"inLanguage":"es","potentialAction":[{"@type":"ReadAction","target":["https:\/\/dev.explora.cl\/lagos\/las-algas-protagonizan-nuevo-capitulo-de-pura-ciencia\/"]}]},{"@type":"ImageObject","inLanguage":"es","@id":"https:\/\/dev.explora.cl\/lagos\/las-algas-protagonizan-nuevo-capitulo-de-pura-ciencia\/#primaryimage","url":"https:\/\/dev.explora.cl\/lagos\/wp-content\/uploads\/sites\/17\/2014\/11\/RqY0xuQZke8.jpg","contentUrl":"https:\/\/dev.explora.cl\/lagos\/wp-content\/uploads\/sites\/17\/2014\/11\/RqY0xuQZke8.jpg","width":1280,"height":720},{"@type":"BreadcrumbList","@id":"https:\/\/dev.explora.cl\/lagos\/las-algas-protagonizan-nuevo-capitulo-de-pura-ciencia\/#breadcrumb","itemListElement":[{"@type":"ListItem","position":1,"name":"Portada","item":"https:\/\/dev.explora.cl\/lagos\/"},{"@type":"ListItem","position":2,"name":"Las algas protagonizan nuevo Cap\u00edtulo de PURA CIENCIA"}]},{"@type":"WebSite","@id":"https:\/\/dev.explora.cl\/lagos\/#website","url":"https:\/\/dev.explora.cl\/lagos\/","name":"Los Lagos","description":"Otro sitio m\u00e1s de dev.explora.cl","potentialAction":[{"@type":"SearchAction","target":{"@type":"EntryPoint","urlTemplate":"https:\/\/dev.explora.cl\/lagos\/?s={search_term_string}"},"query-input":{"@type":"PropertyValueSpecification","valueRequired":true,"valueName":"search_term_string"}}],"inLanguage":"es"},{"@type":"Person","@id":"https:\/\/dev.explora.cl\/lagos\/#\/schema\/person\/cb8349c13ea2d324080adf8480d7ba5d","name":"webman","image":{"@type":"ImageObject","inLanguage":"es","@id":"https:\/\/dev.explora.cl\/lagos\/#\/schema\/person\/image\/","url":"https:\/\/secure.gravatar.com\/avatar\/eeff3c82f2c02f7177d13663b7e6f890e9a6a0647ce9bb29cae02dcb094c7312?s=96&d=mm&r=g","contentUrl":"https:\/\/secure.gravatar.com\/avatar\/eeff3c82f2c02f7177d13663b7e6f890e9a6a0647ce9bb29cae02dcb094c7312?s=96&d=mm&r=g","caption":"webman"},"url":"https:\/\/dev.explora.cl\/lagos\/author\/webman\/"}]}},"_links":{"self":[{"href":"https:\/\/dev.explora.cl\/lagos\/wp-json\/wp\/v2\/posts\/1215","targetHints":{"allow":["GET"]}}],"collection":[{"href":"https:\/\/dev.explora.cl\/lagos\/wp-json\/wp\/v2\/posts"}],"about":[{"href":"https:\/\/dev.explora.cl\/lagos\/wp-json\/wp\/v2\/types\/post"}],"author":[{"embeddable":true,"href":"https:\/\/dev.explora.cl\/lagos\/wp-json\/wp\/v2\/users\/2"}],"replies":[{"embeddable":true,"href":"https:\/\/dev.explora.cl\/lagos\/wp-json\/wp\/v2\/comments?post=1215"}],"version-history":[{"count":1,"href":"https:\/\/dev.explora.cl\/lagos\/wp-json\/wp\/v2\/posts\/1215\/revisions"}],"predecessor-version":[{"id":38265,"href":"https:\/\/dev.explora.cl\/lagos\/wp-json\/wp\/v2\/posts\/1215\/revisions\/38265"}],"wp:featuredmedia":[{"embeddable":true,"href":"https:\/\/dev.explora.cl\/lagos\/wp-json\/wp\/v2\/media\/37867"}],"wp:attachment":[{"href":"https:\/\/dev.explora.cl\/lagos\/wp-json\/wp\/v2\/media?parent=1215"}],"wp:term":[{"taxonomy":"category","embeddable":true,"href":"https:\/\/dev.explora.cl\/lagos\/wp-json\/wp\/v2\/categories?post=1215"},{"taxonomy":"post_tag","embeddable":true,"href":"https:\/\/dev.explora.cl\/lagos\/wp-json\/wp\/v2\/tags?post=1215"}],"curies":[{"name":"wp","href":"https:\/\/api.w.org\/{rel}","templated":true}]}}