{"id":1213,"date":"2014-11-25T00:00:00","date_gmt":"2014-11-25T04:00:00","guid":{"rendered":"http:\/\/ec2-34-219-152-79.us-west-2.compute.amazonaws.com\/lagos\/blog\/2014\/11\/25\/con-charla-sobre-el-patrimonio-arquitectonico-de-puerto-montt-finaliza-bibliociencia-del-par-explora-los-lagos\/"},"modified":"2019-05-20T19:48:31","modified_gmt":"2019-05-20T19:48:31","slug":"con-charla-sobre-el-patrimonio-arquitectonico-de-puerto-montt-finaliza-bibliociencia-del-par-explora-los-lagos","status":"publish","type":"post","link":"https:\/\/dev.explora.cl\/lagos\/con-charla-sobre-el-patrimonio-arquitectonico-de-puerto-montt-finaliza-bibliociencia-del-par-explora-los-lagos\/","title":{"rendered":"Con charla sobre el Patrimonio Arquitect\u00f3nico de Puerto Montt finaliza \u201cBibliociencia\u201d del PAR EXPLORA Los Lagos"},"content":{"rendered":"<p><img loading=\"lazy\" decoding=\"async\" class=\" size-full wp-image-7524\" src=\"http:\/\/ec2-34-218-253-251.us-west-2.compute.amazonaws.com\/wp-content\/uploads\/2014\/11\/fce954322fa92f3392ceef82384ee0e7.jpg\" alt=\"\" width=\"3543\" height=\"2347\" \/><\/p>\n<p style=\"text-align: justify\">Este jueves 27 de noviembre a las 19:00 horas finaliza el ciclo de charlas \u00abBibliociencia\u00bb, iniciativa del PAR EXPLORA Los Lagos, coordinado por la ULagos, que ha sido ejecutada en alianza con la Biblioteca P\u00fablica Regional de Puerto Montt.<\/p>\n<p style=\"text-align: justify\">El ciclo, completamente gratuito y orientado al p\u00fablico general, se ha desarrollado desde agosto a la fecha, contando con la participaci\u00f3n de investigadores y cient\u00edficos locales y nacionales, abordando diversas tem\u00e1ticas regionales.<\/p>\n<p style=\"text-align: justify\">Este jueves, en el segundo piso de la Biblioteca P\u00fablica Regional, es el turno de la charla \u00abConservaci\u00f3n y restauraci\u00f3n del patrimonio arquitect\u00f3nico\u00bb, la que ser\u00e1 impartida por Fernando Arenas, arquitecto de la Oficina Municipal del Patrimonio Cultural (OMPC) de Puerto Montt, quien se referir\u00e1 al trabajo que esta oficina viene realizando en diferentes barrios de la ciudad.<\/p>\n<p style=\"text-align: justify\">Durante agosto se present\u00f3 la charla \u00abMemoria viva del camino real de la Regi\u00f3n de Los Lagos\u00bb, dictada por el reconocido historiador local, Pablo F\u00e1brega. En septiembre la Doctora Andrea Leyton de la Universidad Austral de Chile, present\u00f3 la charla \u00abNarrativas de vanguardia en Latinoam\u00e9rica\u00bb. Posteriormente, en octubre la Doctora Carolina Le\u00f3n, investigadora de la Universidad Bernardo O&#8217;Higgins, expuso respecto de \u00abLas turberas y el pomp\u00f3n\u00bb.<\/p>\n","protected":false},"excerpt":{"rendered":"<p>Este jueves 27 de noviembre a las 19:00 horas finaliza el ciclo de charlas \u00abBibliociencia\u00bb, iniciativa del PAR EXPLORA Los Lagos, coordinado por la ULagos, que ha sido ejecutada en alianza con la Biblioteca P\u00fablica Regional de Puerto Montt. El ciclo, completamente gratuito y orientado al p\u00fablico general, se ha desarrollado desde agosto a la [&hellip;]<\/p>\n","protected":false},"author":2,"featured_media":1214,"comment_status":"open","ping_status":"open","sticky":false,"template":"","format":"standard","meta":{"_acf_changed":false,"_exactmetrics_skip_tracking":false,"_exactmetrics_sitenote_active":false,"_exactmetrics_sitenote_note":"","_exactmetrics_sitenote_category":0,"footnotes":"","_links_to":"","_links_to_target":""},"categories":[4],"tags":[],"class_list":["post-1213","post","type-post","status-publish","format-standard","has-post-thumbnail","hentry","category-noticias"],"acf":[],"yoast_head":"<!-- This site is optimized with the Yoast SEO plugin v26.7 - https:\/\/yoast.com\/wordpress\/plugins\/seo\/ -->\n<title>Con charla sobre el Patrimonio Arquitect\u00f3nico de Puerto Montt finaliza \u201cBibliociencia\u201d del PAR EXPLORA Los Lagos - Los Lagos<\/title>\n<meta name=\"robots\" content=\"index, follow, max-snippet:-1, max-image-preview:large, max-video-preview:-1\" \/>\n<link rel=\"canonical\" href=\"https:\/\/dev.explora.cl\/lagos\/con-charla-sobre-el-patrimonio-arquitectonico-de-puerto-montt-finaliza-bibliociencia-del-par-explora-los-lagos\/\" class=\"yoast-seo-meta-tag\" \/>\n<meta property=\"og:locale\" content=\"es_ES\" class=\"yoast-seo-meta-tag\" \/>\n<meta property=\"og:type\" content=\"article\" class=\"yoast-seo-meta-tag\" \/>\n<meta property=\"og:title\" content=\"Con charla sobre el Patrimonio Arquitect\u00f3nico de Puerto Montt finaliza \u201cBibliociencia\u201d del PAR EXPLORA Los Lagos - Los Lagos\" class=\"yoast-seo-meta-tag\" \/>\n<meta property=\"og:description\" content=\"Este jueves 27 de noviembre a las 19:00 horas finaliza el ciclo de charlas \u00abBibliociencia\u00bb, iniciativa del PAR EXPLORA Los Lagos, coordinado por la ULagos, que ha sido ejecutada en alianza con la Biblioteca P\u00fablica Regional de Puerto Montt. El ciclo, completamente gratuito y orientado al p\u00fablico general, se ha desarrollado desde agosto a la [&hellip;]\" class=\"yoast-seo-meta-tag\" \/>\n<meta property=\"og:url\" content=\"https:\/\/dev.explora.cl\/lagos\/con-charla-sobre-el-patrimonio-arquitectonico-de-puerto-montt-finaliza-bibliociencia-del-par-explora-los-lagos\/\" class=\"yoast-seo-meta-tag\" \/>\n<meta property=\"og:site_name\" content=\"Los Lagos\" class=\"yoast-seo-meta-tag\" \/>\n<meta property=\"article:published_time\" content=\"2014-11-25T04:00:00+00:00\" class=\"yoast-seo-meta-tag\" \/>\n<meta property=\"article:modified_time\" content=\"2019-05-20T19:48:31+00:00\" class=\"yoast-seo-meta-tag\" \/>\n<meta property=\"og:image\" content=\"https:\/\/dev.explora.cl\/lagos\/wp-content\/uploads\/sites\/17\/2018\/06\/fce954322fa92f3392ceef82384ee0e7-1024x678.jpg\" class=\"yoast-seo-meta-tag\" \/>\n\t<meta property=\"og:image:width\" content=\"1024\" class=\"yoast-seo-meta-tag\" \/>\n\t<meta property=\"og:image:height\" content=\"678\" class=\"yoast-seo-meta-tag\" \/>\n\t<meta property=\"og:image:type\" content=\"image\/jpeg\" class=\"yoast-seo-meta-tag\" \/>\n<meta name=\"author\" content=\"webman\" class=\"yoast-seo-meta-tag\" \/>\n<meta name=\"twitter:card\" content=\"summary_large_image\" class=\"yoast-seo-meta-tag\" \/>\n<meta name=\"twitter:label1\" content=\"Escrito por\" class=\"yoast-seo-meta-tag\" \/>\n\t<meta name=\"twitter:data1\" content=\"webman\" class=\"yoast-seo-meta-tag\" \/>\n\t<meta name=\"twitter:label2\" content=\"Tiempo de lectura\" class=\"yoast-seo-meta-tag\" \/>\n\t<meta name=\"twitter:data2\" content=\"1 minuto\" class=\"yoast-seo-meta-tag\" \/>\n<script type=\"application\/ld+json\" class=\"yoast-schema-graph\">{\"@context\":\"https:\/\/schema.org\",\"@graph\":[{\"@type\":\"Article\",\"@id\":\"https:\/\/dev.explora.cl\/lagos\/con-charla-sobre-el-patrimonio-arquitectonico-de-puerto-montt-finaliza-bibliociencia-del-par-explora-los-lagos\/#article\",\"isPartOf\":{\"@id\":\"https:\/\/dev.explora.cl\/lagos\/con-charla-sobre-el-patrimonio-arquitectonico-de-puerto-montt-finaliza-bibliociencia-del-par-explora-los-lagos\/\"},\"author\":{\"name\":\"webman\",\"@id\":\"https:\/\/dev.explora.cl\/lagos\/#\/schema\/person\/cb8349c13ea2d324080adf8480d7ba5d\"},\"headline\":\"Con charla sobre el Patrimonio Arquitect\u00f3nico de Puerto Montt finaliza \u201cBibliociencia\u201d del PAR EXPLORA Los Lagos\",\"datePublished\":\"2014-11-25T04:00:00+00:00\",\"dateModified\":\"2019-05-20T19:48:31+00:00\",\"mainEntityOfPage\":{\"@id\":\"https:\/\/dev.explora.cl\/lagos\/con-charla-sobre-el-patrimonio-arquitectonico-de-puerto-montt-finaliza-bibliociencia-del-par-explora-los-lagos\/\"},\"wordCount\":225,\"commentCount\":0,\"image\":{\"@id\":\"https:\/\/dev.explora.cl\/lagos\/con-charla-sobre-el-patrimonio-arquitectonico-de-puerto-montt-finaliza-bibliociencia-del-par-explora-los-lagos\/#primaryimage\"},\"thumbnailUrl\":\"https:\/\/dev.explora.cl\/lagos\/wp-content\/uploads\/sites\/17\/2018\/06\/fce954322fa92f3392ceef82384ee0e7.jpg\",\"articleSection\":[\"Noticias\"],\"inLanguage\":\"es\",\"potentialAction\":[{\"@type\":\"CommentAction\",\"name\":\"Comment\",\"target\":[\"https:\/\/dev.explora.cl\/lagos\/con-charla-sobre-el-patrimonio-arquitectonico-de-puerto-montt-finaliza-bibliociencia-del-par-explora-los-lagos\/#respond\"]}]},{\"@type\":\"WebPage\",\"@id\":\"https:\/\/dev.explora.cl\/lagos\/con-charla-sobre-el-patrimonio-arquitectonico-de-puerto-montt-finaliza-bibliociencia-del-par-explora-los-lagos\/\",\"url\":\"https:\/\/dev.explora.cl\/lagos\/con-charla-sobre-el-patrimonio-arquitectonico-de-puerto-montt-finaliza-bibliociencia-del-par-explora-los-lagos\/\",\"name\":\"Con charla sobre el Patrimonio Arquitect\u00f3nico de Puerto Montt finaliza \u201cBibliociencia\u201d del PAR EXPLORA Los Lagos - Los Lagos\",\"isPartOf\":{\"@id\":\"https:\/\/dev.explora.cl\/lagos\/#website\"},\"primaryImageOfPage\":{\"@id\":\"https:\/\/dev.explora.cl\/lagos\/con-charla-sobre-el-patrimonio-arquitectonico-de-puerto-montt-finaliza-bibliociencia-del-par-explora-los-lagos\/#primaryimage\"},\"image\":{\"@id\":\"https:\/\/dev.explora.cl\/lagos\/con-charla-sobre-el-patrimonio-arquitectonico-de-puerto-montt-finaliza-bibliociencia-del-par-explora-los-lagos\/#primaryimage\"},\"thumbnailUrl\":\"https:\/\/dev.explora.cl\/lagos\/wp-content\/uploads\/sites\/17\/2018\/06\/fce954322fa92f3392ceef82384ee0e7.jpg\",\"datePublished\":\"2014-11-25T04:00:00+00:00\",\"dateModified\":\"2019-05-20T19:48:31+00:00\",\"author\":{\"@id\":\"https:\/\/dev.explora.cl\/lagos\/#\/schema\/person\/cb8349c13ea2d324080adf8480d7ba5d\"},\"breadcrumb\":{\"@id\":\"https:\/\/dev.explora.cl\/lagos\/con-charla-sobre-el-patrimonio-arquitectonico-de-puerto-montt-finaliza-bibliociencia-del-par-explora-los-lagos\/#breadcrumb\"},\"inLanguage\":\"es\",\"potentialAction\":[{\"@type\":\"ReadAction\",\"target\":[\"https:\/\/dev.explora.cl\/lagos\/con-charla-sobre-el-patrimonio-arquitectonico-de-puerto-montt-finaliza-bibliociencia-del-par-explora-los-lagos\/\"]}]},{\"@type\":\"ImageObject\",\"inLanguage\":\"es\",\"@id\":\"https:\/\/dev.explora.cl\/lagos\/con-charla-sobre-el-patrimonio-arquitectonico-de-puerto-montt-finaliza-bibliociencia-del-par-explora-los-lagos\/#primaryimage\",\"url\":\"https:\/\/dev.explora.cl\/lagos\/wp-content\/uploads\/sites\/17\/2018\/06\/fce954322fa92f3392ceef82384ee0e7.jpg\",\"contentUrl\":\"https:\/\/dev.explora.cl\/lagos\/wp-content\/uploads\/sites\/17\/2018\/06\/fce954322fa92f3392ceef82384ee0e7.jpg\",\"width\":3543,\"height\":2347},{\"@type\":\"BreadcrumbList\",\"@id\":\"https:\/\/dev.explora.cl\/lagos\/con-charla-sobre-el-patrimonio-arquitectonico-de-puerto-montt-finaliza-bibliociencia-del-par-explora-los-lagos\/#breadcrumb\",\"itemListElement\":[{\"@type\":\"ListItem\",\"position\":1,\"name\":\"Portada\",\"item\":\"https:\/\/dev.explora.cl\/lagos\/\"},{\"@type\":\"ListItem\",\"position\":2,\"name\":\"Con charla sobre el Patrimonio Arquitect\u00f3nico de Puerto Montt finaliza \u201cBibliociencia\u201d del PAR EXPLORA Los Lagos\"}]},{\"@type\":\"WebSite\",\"@id\":\"https:\/\/dev.explora.cl\/lagos\/#website\",\"url\":\"https:\/\/dev.explora.cl\/lagos\/\",\"name\":\"Los Lagos\",\"description\":\"Otro sitio m\u00e1s de dev.explora.cl\",\"potentialAction\":[{\"@type\":\"SearchAction\",\"target\":{\"@type\":\"EntryPoint\",\"urlTemplate\":\"https:\/\/dev.explora.cl\/lagos\/?s={search_term_string}\"},\"query-input\":{\"@type\":\"PropertyValueSpecification\",\"valueRequired\":true,\"valueName\":\"search_term_string\"}}],\"inLanguage\":\"es\"},{\"@type\":\"Person\",\"@id\":\"https:\/\/dev.explora.cl\/lagos\/#\/schema\/person\/cb8349c13ea2d324080adf8480d7ba5d\",\"name\":\"webman\",\"image\":{\"@type\":\"ImageObject\",\"inLanguage\":\"es\",\"@id\":\"https:\/\/dev.explora.cl\/lagos\/#\/schema\/person\/image\/\",\"url\":\"https:\/\/secure.gravatar.com\/avatar\/eeff3c82f2c02f7177d13663b7e6f890e9a6a0647ce9bb29cae02dcb094c7312?s=96&d=mm&r=g\",\"contentUrl\":\"https:\/\/secure.gravatar.com\/avatar\/eeff3c82f2c02f7177d13663b7e6f890e9a6a0647ce9bb29cae02dcb094c7312?s=96&d=mm&r=g\",\"caption\":\"webman\"},\"url\":\"https:\/\/dev.explora.cl\/lagos\/author\/webman\/\"}]}<\/script>\n<!-- \/ Yoast SEO plugin. -->","yoast_head_json":{"title":"Con charla sobre el Patrimonio Arquitect\u00f3nico de Puerto Montt finaliza \u201cBibliociencia\u201d del PAR EXPLORA Los Lagos - Los Lagos","robots":{"index":"index","follow":"follow","max-snippet":"max-snippet:-1","max-image-preview":"max-image-preview:large","max-video-preview":"max-video-preview:-1"},"canonical":"https:\/\/dev.explora.cl\/lagos\/con-charla-sobre-el-patrimonio-arquitectonico-de-puerto-montt-finaliza-bibliociencia-del-par-explora-los-lagos\/","og_locale":"es_ES","og_type":"article","og_title":"Con charla sobre el Patrimonio Arquitect\u00f3nico de Puerto Montt finaliza \u201cBibliociencia\u201d del PAR EXPLORA Los Lagos - Los Lagos","og_description":"Este jueves 27 de noviembre a las 19:00 horas finaliza el ciclo de charlas \u00abBibliociencia\u00bb, iniciativa del PAR EXPLORA Los Lagos, coordinado por la ULagos, que ha sido ejecutada en alianza con la Biblioteca P\u00fablica Regional de Puerto Montt. El ciclo, completamente gratuito y orientado al p\u00fablico general, se ha desarrollado desde agosto a la [&hellip;]","og_url":"https:\/\/dev.explora.cl\/lagos\/con-charla-sobre-el-patrimonio-arquitectonico-de-puerto-montt-finaliza-bibliociencia-del-par-explora-los-lagos\/","og_site_name":"Los Lagos","article_published_time":"2014-11-25T04:00:00+00:00","article_modified_time":"2019-05-20T19:48:31+00:00","og_image":[{"width":1024,"height":678,"url":"https:\/\/dev.explora.cl\/lagos\/wp-content\/uploads\/sites\/17\/2018\/06\/fce954322fa92f3392ceef82384ee0e7-1024x678.jpg","type":"image\/jpeg"}],"author":"webman","twitter_card":"summary_large_image","twitter_misc":{"Escrito por":"webman","Tiempo de lectura":"1 minuto"},"schema":{"@context":"https:\/\/schema.org","@graph":[{"@type":"Article","@id":"https:\/\/dev.explora.cl\/lagos\/con-charla-sobre-el-patrimonio-arquitectonico-de-puerto-montt-finaliza-bibliociencia-del-par-explora-los-lagos\/#article","isPartOf":{"@id":"https:\/\/dev.explora.cl\/lagos\/con-charla-sobre-el-patrimonio-arquitectonico-de-puerto-montt-finaliza-bibliociencia-del-par-explora-los-lagos\/"},"author":{"name":"webman","@id":"https:\/\/dev.explora.cl\/lagos\/#\/schema\/person\/cb8349c13ea2d324080adf8480d7ba5d"},"headline":"Con charla sobre el Patrimonio Arquitect\u00f3nico de Puerto Montt finaliza \u201cBibliociencia\u201d del PAR EXPLORA Los Lagos","datePublished":"2014-11-25T04:00:00+00:00","dateModified":"2019-05-20T19:48:31+00:00","mainEntityOfPage":{"@id":"https:\/\/dev.explora.cl\/lagos\/con-charla-sobre-el-patrimonio-arquitectonico-de-puerto-montt-finaliza-bibliociencia-del-par-explora-los-lagos\/"},"wordCount":225,"commentCount":0,"image":{"@id":"https:\/\/dev.explora.cl\/lagos\/con-charla-sobre-el-patrimonio-arquitectonico-de-puerto-montt-finaliza-bibliociencia-del-par-explora-los-lagos\/#primaryimage"},"thumbnailUrl":"https:\/\/dev.explora.cl\/lagos\/wp-content\/uploads\/sites\/17\/2018\/06\/fce954322fa92f3392ceef82384ee0e7.jpg","articleSection":["Noticias"],"inLanguage":"es","potentialAction":[{"@type":"CommentAction","name":"Comment","target":["https:\/\/dev.explora.cl\/lagos\/con-charla-sobre-el-patrimonio-arquitectonico-de-puerto-montt-finaliza-bibliociencia-del-par-explora-los-lagos\/#respond"]}]},{"@type":"WebPage","@id":"https:\/\/dev.explora.cl\/lagos\/con-charla-sobre-el-patrimonio-arquitectonico-de-puerto-montt-finaliza-bibliociencia-del-par-explora-los-lagos\/","url":"https:\/\/dev.explora.cl\/lagos\/con-charla-sobre-el-patrimonio-arquitectonico-de-puerto-montt-finaliza-bibliociencia-del-par-explora-los-lagos\/","name":"Con charla sobre el Patrimonio Arquitect\u00f3nico de Puerto Montt finaliza \u201cBibliociencia\u201d del PAR EXPLORA Los Lagos - Los Lagos","isPartOf":{"@id":"https:\/\/dev.explora.cl\/lagos\/#website"},"primaryImageOfPage":{"@id":"https:\/\/dev.explora.cl\/lagos\/con-charla-sobre-el-patrimonio-arquitectonico-de-puerto-montt-finaliza-bibliociencia-del-par-explora-los-lagos\/#primaryimage"},"image":{"@id":"https:\/\/dev.explora.cl\/lagos\/con-charla-sobre-el-patrimonio-arquitectonico-de-puerto-montt-finaliza-bibliociencia-del-par-explora-los-lagos\/#primaryimage"},"thumbnailUrl":"https:\/\/dev.explora.cl\/lagos\/wp-content\/uploads\/sites\/17\/2018\/06\/fce954322fa92f3392ceef82384ee0e7.jpg","datePublished":"2014-11-25T04:00:00+00:00","dateModified":"2019-05-20T19:48:31+00:00","author":{"@id":"https:\/\/dev.explora.cl\/lagos\/#\/schema\/person\/cb8349c13ea2d324080adf8480d7ba5d"},"breadcrumb":{"@id":"https:\/\/dev.explora.cl\/lagos\/con-charla-sobre-el-patrimonio-arquitectonico-de-puerto-montt-finaliza-bibliociencia-del-par-explora-los-lagos\/#breadcrumb"},"inLanguage":"es","potentialAction":[{"@type":"ReadAction","target":["https:\/\/dev.explora.cl\/lagos\/con-charla-sobre-el-patrimonio-arquitectonico-de-puerto-montt-finaliza-bibliociencia-del-par-explora-los-lagos\/"]}]},{"@type":"ImageObject","inLanguage":"es","@id":"https:\/\/dev.explora.cl\/lagos\/con-charla-sobre-el-patrimonio-arquitectonico-de-puerto-montt-finaliza-bibliociencia-del-par-explora-los-lagos\/#primaryimage","url":"https:\/\/dev.explora.cl\/lagos\/wp-content\/uploads\/sites\/17\/2018\/06\/fce954322fa92f3392ceef82384ee0e7.jpg","contentUrl":"https:\/\/dev.explora.cl\/lagos\/wp-content\/uploads\/sites\/17\/2018\/06\/fce954322fa92f3392ceef82384ee0e7.jpg","width":3543,"height":2347},{"@type":"BreadcrumbList","@id":"https:\/\/dev.explora.cl\/lagos\/con-charla-sobre-el-patrimonio-arquitectonico-de-puerto-montt-finaliza-bibliociencia-del-par-explora-los-lagos\/#breadcrumb","itemListElement":[{"@type":"ListItem","position":1,"name":"Portada","item":"https:\/\/dev.explora.cl\/lagos\/"},{"@type":"ListItem","position":2,"name":"Con charla sobre el Patrimonio Arquitect\u00f3nico de Puerto Montt finaliza \u201cBibliociencia\u201d del PAR EXPLORA Los Lagos"}]},{"@type":"WebSite","@id":"https:\/\/dev.explora.cl\/lagos\/#website","url":"https:\/\/dev.explora.cl\/lagos\/","name":"Los Lagos","description":"Otro sitio m\u00e1s de dev.explora.cl","potentialAction":[{"@type":"SearchAction","target":{"@type":"EntryPoint","urlTemplate":"https:\/\/dev.explora.cl\/lagos\/?s={search_term_string}"},"query-input":{"@type":"PropertyValueSpecification","valueRequired":true,"valueName":"search_term_string"}}],"inLanguage":"es"},{"@type":"Person","@id":"https:\/\/dev.explora.cl\/lagos\/#\/schema\/person\/cb8349c13ea2d324080adf8480d7ba5d","name":"webman","image":{"@type":"ImageObject","inLanguage":"es","@id":"https:\/\/dev.explora.cl\/lagos\/#\/schema\/person\/image\/","url":"https:\/\/secure.gravatar.com\/avatar\/eeff3c82f2c02f7177d13663b7e6f890e9a6a0647ce9bb29cae02dcb094c7312?s=96&d=mm&r=g","contentUrl":"https:\/\/secure.gravatar.com\/avatar\/eeff3c82f2c02f7177d13663b7e6f890e9a6a0647ce9bb29cae02dcb094c7312?s=96&d=mm&r=g","caption":"webman"},"url":"https:\/\/dev.explora.cl\/lagos\/author\/webman\/"}]}},"_links":{"self":[{"href":"https:\/\/dev.explora.cl\/lagos\/wp-json\/wp\/v2\/posts\/1213","targetHints":{"allow":["GET"]}}],"collection":[{"href":"https:\/\/dev.explora.cl\/lagos\/wp-json\/wp\/v2\/posts"}],"about":[{"href":"https:\/\/dev.explora.cl\/lagos\/wp-json\/wp\/v2\/types\/post"}],"author":[{"embeddable":true,"href":"https:\/\/dev.explora.cl\/lagos\/wp-json\/wp\/v2\/users\/2"}],"replies":[{"embeddable":true,"href":"https:\/\/dev.explora.cl\/lagos\/wp-json\/wp\/v2\/comments?post=1213"}],"version-history":[{"count":1,"href":"https:\/\/dev.explora.cl\/lagos\/wp-json\/wp\/v2\/posts\/1213\/revisions"}],"predecessor-version":[{"id":38264,"href":"https:\/\/dev.explora.cl\/lagos\/wp-json\/wp\/v2\/posts\/1213\/revisions\/38264"}],"wp:featuredmedia":[{"embeddable":true,"href":"https:\/\/dev.explora.cl\/lagos\/wp-json\/wp\/v2\/media\/1214"}],"wp:attachment":[{"href":"https:\/\/dev.explora.cl\/lagos\/wp-json\/wp\/v2\/media?parent=1213"}],"wp:term":[{"taxonomy":"category","embeddable":true,"href":"https:\/\/dev.explora.cl\/lagos\/wp-json\/wp\/v2\/categories?post=1213"},{"taxonomy":"post_tag","embeddable":true,"href":"https:\/\/dev.explora.cl\/lagos\/wp-json\/wp\/v2\/tags?post=1213"}],"curies":[{"name":"wp","href":"https:\/\/api.w.org\/{rel}","templated":true}]}}