{"id":1210,"date":"2014-11-24T00:00:00","date_gmt":"2014-11-24T04:00:00","guid":{"rendered":"http:\/\/ec2-34-219-152-79.us-west-2.compute.amazonaws.com\/lagos\/blog\/2014\/11\/24\/en-palena-se-realizara-ciclo-de-charlas-y-talleres-del-par-explora-los-lagos\/"},"modified":"2019-05-20T19:48:32","modified_gmt":"2019-05-20T19:48:32","slug":"en-palena-se-realizara-ciclo-de-charlas-y-talleres-del-par-explora-los-lagos","status":"publish","type":"post","link":"https:\/\/dev.explora.cl\/lagos\/en-palena-se-realizara-ciclo-de-charlas-y-talleres-del-par-explora-los-lagos\/","title":{"rendered":"En Palena se realizar\u00e1 ciclo de charlas y talleres del PAR EXPLORA Los Lagos"},"content":{"rendered":"<p><img loading=\"lazy\" decoding=\"async\" class=\" size-full wp-image-7484\" src=\"http:\/\/ec2-34-218-253-251.us-west-2.compute.amazonaws.com\/wp-content\/uploads\/2014\/11\/bd7f0e9239ee23b936271d792790b48d.jpg\" alt=\"\" width=\"1024\" height=\"678\" \/><\/p>\n<p style=\"text-align: justify\">El PAR EXPLORA Los Lagos, coordinado por la Universidad de Los Lagos, realizar\u00e1 un ciclo de charlas cient\u00edficas y talleres en la Provincia de Palena. Ambas actividades est\u00e1n orientadas a escolares de s\u00e9ptimo b\u00e1sico a cuarto medio y su objetivo es abordar diversas tem\u00e1ticas cient\u00edficas, dando cuenta de su importancia en nuestra vida cotidiana.<\/p>\n<p style=\"text-align: justify\">La iniciativa contar\u00e1 con la participaci\u00f3n de dos investigadores de la Universidad de Los Lagos. En esta oportunidad, Esteban Caama\u00f1o, Bi\u00f3logo e Investigador del Laboratorio de Gen\u00e9tica, Acuicultura y Biodiversidad de la Universidad de Los Lagos, presentar\u00e1 la charla \u00abEl mundo de las Ciencias Biol\u00f3gicas y sus aplicaciones\u00bb. Asimismo, Yasna Soto, Tesista del Laboratorio de Microbiolog\u00eda y Extrem\u00f3filos de la Universidad de Los Lagos, Sede Osorno, realizar\u00e1 el taller \u00abLas bacterias y sus colores\u00bb.<\/p>\n<p style=\"text-align: justify\"><img decoding=\"async\" class=\" alignleft size-full wp-image-7485\" src=\"http:\/\/ec2-34-218-253-251.us-west-2.compute.amazonaws.com\/wp-content\/uploads\/2014\/11\/charlas-Palena.jpg\" border=\"0\" width=\"400\" style=\"float: left;margin: 5px 10px\" \/>El d\u00eda martes 25 de noviembre a las 11: 00 horas se efectuar\u00e1 la charla \u00abEl mundo de las Ciencias Biol\u00f3gicas y sus aplicaciones\u00bb y posteriormente a las 12:00 horas se realizar\u00e1 el taller \u00abLas bacterias y sus colores\u00bb. Ambas actividades se llevar\u00e1n a cabo en la Escuela Almirante Juan Jos\u00e9 Latorre de Chait\u00e9n.<\/p>\n<p style=\"text-align: justify\">El 26 de noviembre, en los mismos horarios, las actividades se desarrollar\u00e1n en la Escuela Futaleuf\u00fa. Finalmente, el d\u00eda jueves 27, la charla y el taller se realizar\u00e1n en la Escuela Roberto White de Palena.<\/p>\n<p style=\"text-align: justify\">El PAR EXPLORA Los Lagos desarrolla ciclos de charlas y talleres en todas las provincias de la Regi\u00f3n de Los Lagos, iniciativas que permiten acercar a los escolares y comunidad en general a tem\u00e1ticas cient\u00edficas y tecnol\u00f3gicas propias de la Regi\u00f3n de Los Lagos.<\/p>\n","protected":false},"excerpt":{"rendered":"<p>El PAR EXPLORA Los Lagos, coordinado por la Universidad de Los Lagos, realizar\u00e1 un ciclo de charlas cient\u00edficas y talleres en la Provincia de Palena. Ambas actividades est\u00e1n orientadas a escolares de s\u00e9ptimo b\u00e1sico a cuarto medio y su objetivo es abordar diversas tem\u00e1ticas cient\u00edficas, dando cuenta de su importancia en nuestra vida cotidiana. La [&hellip;]<\/p>\n","protected":false},"author":2,"featured_media":1211,"comment_status":"open","ping_status":"open","sticky":false,"template":"","format":"standard","meta":{"_acf_changed":false,"_exactmetrics_skip_tracking":false,"_exactmetrics_sitenote_active":false,"_exactmetrics_sitenote_note":"","_exactmetrics_sitenote_category":0,"footnotes":"","_links_to":"","_links_to_target":""},"categories":[4],"tags":[],"class_list":["post-1210","post","type-post","status-publish","format-standard","has-post-thumbnail","hentry","category-noticias"],"acf":[],"yoast_head":"<!-- This site is optimized with the Yoast SEO plugin v26.7 - https:\/\/yoast.com\/wordpress\/plugins\/seo\/ -->\n<title>En Palena se realizar\u00e1 ciclo de charlas y talleres del PAR EXPLORA Los Lagos - Los Lagos<\/title>\n<meta name=\"robots\" content=\"index, follow, max-snippet:-1, max-image-preview:large, max-video-preview:-1\" \/>\n<link rel=\"canonical\" href=\"https:\/\/dev.explora.cl\/lagos\/en-palena-se-realizara-ciclo-de-charlas-y-talleres-del-par-explora-los-lagos\/\" class=\"yoast-seo-meta-tag\" \/>\n<meta property=\"og:locale\" content=\"es_ES\" class=\"yoast-seo-meta-tag\" \/>\n<meta property=\"og:type\" content=\"article\" class=\"yoast-seo-meta-tag\" \/>\n<meta property=\"og:title\" content=\"En Palena se realizar\u00e1 ciclo de charlas y talleres del PAR EXPLORA Los Lagos - Los Lagos\" class=\"yoast-seo-meta-tag\" \/>\n<meta property=\"og:description\" content=\"El PAR EXPLORA Los Lagos, coordinado por la Universidad de Los Lagos, realizar\u00e1 un ciclo de charlas cient\u00edficas y talleres en la Provincia de Palena. Ambas actividades est\u00e1n orientadas a escolares de s\u00e9ptimo b\u00e1sico a cuarto medio y su objetivo es abordar diversas tem\u00e1ticas cient\u00edficas, dando cuenta de su importancia en nuestra vida cotidiana. La [&hellip;]\" class=\"yoast-seo-meta-tag\" \/>\n<meta property=\"og:url\" content=\"https:\/\/dev.explora.cl\/lagos\/en-palena-se-realizara-ciclo-de-charlas-y-talleres-del-par-explora-los-lagos\/\" class=\"yoast-seo-meta-tag\" \/>\n<meta property=\"og:site_name\" content=\"Los Lagos\" class=\"yoast-seo-meta-tag\" \/>\n<meta property=\"article:published_time\" content=\"2014-11-24T04:00:00+00:00\" class=\"yoast-seo-meta-tag\" \/>\n<meta property=\"article:modified_time\" content=\"2019-05-20T19:48:32+00:00\" class=\"yoast-seo-meta-tag\" \/>\n<meta property=\"og:image\" content=\"https:\/\/dev.explora.cl\/lagos\/wp-content\/uploads\/sites\/17\/2018\/06\/bd7f0e9239ee23b936271d792790b48d.jpg\" class=\"yoast-seo-meta-tag\" \/>\n\t<meta property=\"og:image:width\" content=\"1024\" class=\"yoast-seo-meta-tag\" \/>\n\t<meta property=\"og:image:height\" content=\"678\" class=\"yoast-seo-meta-tag\" \/>\n\t<meta property=\"og:image:type\" content=\"image\/jpeg\" class=\"yoast-seo-meta-tag\" \/>\n<meta name=\"author\" content=\"webman\" class=\"yoast-seo-meta-tag\" \/>\n<meta name=\"twitter:card\" content=\"summary_large_image\" class=\"yoast-seo-meta-tag\" \/>\n<meta name=\"twitter:label1\" content=\"Escrito por\" class=\"yoast-seo-meta-tag\" \/>\n\t<meta name=\"twitter:data1\" content=\"webman\" class=\"yoast-seo-meta-tag\" \/>\n\t<meta name=\"twitter:label2\" content=\"Tiempo de lectura\" class=\"yoast-seo-meta-tag\" \/>\n\t<meta name=\"twitter:data2\" content=\"1 minuto\" class=\"yoast-seo-meta-tag\" \/>\n<script type=\"application\/ld+json\" class=\"yoast-schema-graph\">{\"@context\":\"https:\/\/schema.org\",\"@graph\":[{\"@type\":\"Article\",\"@id\":\"https:\/\/dev.explora.cl\/lagos\/en-palena-se-realizara-ciclo-de-charlas-y-talleres-del-par-explora-los-lagos\/#article\",\"isPartOf\":{\"@id\":\"https:\/\/dev.explora.cl\/lagos\/en-palena-se-realizara-ciclo-de-charlas-y-talleres-del-par-explora-los-lagos\/\"},\"author\":{\"name\":\"webman\",\"@id\":\"https:\/\/dev.explora.cl\/lagos\/#\/schema\/person\/cb8349c13ea2d324080adf8480d7ba5d\"},\"headline\":\"En Palena se realizar\u00e1 ciclo de charlas y talleres del PAR EXPLORA Los Lagos\",\"datePublished\":\"2014-11-24T04:00:00+00:00\",\"dateModified\":\"2019-05-20T19:48:32+00:00\",\"mainEntityOfPage\":{\"@id\":\"https:\/\/dev.explora.cl\/lagos\/en-palena-se-realizara-ciclo-de-charlas-y-talleres-del-par-explora-los-lagos\/\"},\"wordCount\":294,\"commentCount\":0,\"image\":{\"@id\":\"https:\/\/dev.explora.cl\/lagos\/en-palena-se-realizara-ciclo-de-charlas-y-talleres-del-par-explora-los-lagos\/#primaryimage\"},\"thumbnailUrl\":\"https:\/\/dev.explora.cl\/lagos\/wp-content\/uploads\/sites\/17\/2018\/06\/bd7f0e9239ee23b936271d792790b48d.jpg\",\"articleSection\":[\"Noticias\"],\"inLanguage\":\"es\",\"potentialAction\":[{\"@type\":\"CommentAction\",\"name\":\"Comment\",\"target\":[\"https:\/\/dev.explora.cl\/lagos\/en-palena-se-realizara-ciclo-de-charlas-y-talleres-del-par-explora-los-lagos\/#respond\"]}]},{\"@type\":\"WebPage\",\"@id\":\"https:\/\/dev.explora.cl\/lagos\/en-palena-se-realizara-ciclo-de-charlas-y-talleres-del-par-explora-los-lagos\/\",\"url\":\"https:\/\/dev.explora.cl\/lagos\/en-palena-se-realizara-ciclo-de-charlas-y-talleres-del-par-explora-los-lagos\/\",\"name\":\"En Palena se realizar\u00e1 ciclo de charlas y talleres del PAR EXPLORA Los Lagos - Los Lagos\",\"isPartOf\":{\"@id\":\"https:\/\/dev.explora.cl\/lagos\/#website\"},\"primaryImageOfPage\":{\"@id\":\"https:\/\/dev.explora.cl\/lagos\/en-palena-se-realizara-ciclo-de-charlas-y-talleres-del-par-explora-los-lagos\/#primaryimage\"},\"image\":{\"@id\":\"https:\/\/dev.explora.cl\/lagos\/en-palena-se-realizara-ciclo-de-charlas-y-talleres-del-par-explora-los-lagos\/#primaryimage\"},\"thumbnailUrl\":\"https:\/\/dev.explora.cl\/lagos\/wp-content\/uploads\/sites\/17\/2018\/06\/bd7f0e9239ee23b936271d792790b48d.jpg\",\"datePublished\":\"2014-11-24T04:00:00+00:00\",\"dateModified\":\"2019-05-20T19:48:32+00:00\",\"author\":{\"@id\":\"https:\/\/dev.explora.cl\/lagos\/#\/schema\/person\/cb8349c13ea2d324080adf8480d7ba5d\"},\"breadcrumb\":{\"@id\":\"https:\/\/dev.explora.cl\/lagos\/en-palena-se-realizara-ciclo-de-charlas-y-talleres-del-par-explora-los-lagos\/#breadcrumb\"},\"inLanguage\":\"es\",\"potentialAction\":[{\"@type\":\"ReadAction\",\"target\":[\"https:\/\/dev.explora.cl\/lagos\/en-palena-se-realizara-ciclo-de-charlas-y-talleres-del-par-explora-los-lagos\/\"]}]},{\"@type\":\"ImageObject\",\"inLanguage\":\"es\",\"@id\":\"https:\/\/dev.explora.cl\/lagos\/en-palena-se-realizara-ciclo-de-charlas-y-talleres-del-par-explora-los-lagos\/#primaryimage\",\"url\":\"https:\/\/dev.explora.cl\/lagos\/wp-content\/uploads\/sites\/17\/2018\/06\/bd7f0e9239ee23b936271d792790b48d.jpg\",\"contentUrl\":\"https:\/\/dev.explora.cl\/lagos\/wp-content\/uploads\/sites\/17\/2018\/06\/bd7f0e9239ee23b936271d792790b48d.jpg\",\"width\":1024,\"height\":678},{\"@type\":\"BreadcrumbList\",\"@id\":\"https:\/\/dev.explora.cl\/lagos\/en-palena-se-realizara-ciclo-de-charlas-y-talleres-del-par-explora-los-lagos\/#breadcrumb\",\"itemListElement\":[{\"@type\":\"ListItem\",\"position\":1,\"name\":\"Portada\",\"item\":\"https:\/\/dev.explora.cl\/lagos\/\"},{\"@type\":\"ListItem\",\"position\":2,\"name\":\"En Palena se realizar\u00e1 ciclo de charlas y talleres del PAR EXPLORA Los Lagos\"}]},{\"@type\":\"WebSite\",\"@id\":\"https:\/\/dev.explora.cl\/lagos\/#website\",\"url\":\"https:\/\/dev.explora.cl\/lagos\/\",\"name\":\"Los Lagos\",\"description\":\"Otro sitio m\u00e1s de dev.explora.cl\",\"potentialAction\":[{\"@type\":\"SearchAction\",\"target\":{\"@type\":\"EntryPoint\",\"urlTemplate\":\"https:\/\/dev.explora.cl\/lagos\/?s={search_term_string}\"},\"query-input\":{\"@type\":\"PropertyValueSpecification\",\"valueRequired\":true,\"valueName\":\"search_term_string\"}}],\"inLanguage\":\"es\"},{\"@type\":\"Person\",\"@id\":\"https:\/\/dev.explora.cl\/lagos\/#\/schema\/person\/cb8349c13ea2d324080adf8480d7ba5d\",\"name\":\"webman\",\"image\":{\"@type\":\"ImageObject\",\"inLanguage\":\"es\",\"@id\":\"https:\/\/dev.explora.cl\/lagos\/#\/schema\/person\/image\/\",\"url\":\"https:\/\/secure.gravatar.com\/avatar\/eeff3c82f2c02f7177d13663b7e6f890e9a6a0647ce9bb29cae02dcb094c7312?s=96&d=mm&r=g\",\"contentUrl\":\"https:\/\/secure.gravatar.com\/avatar\/eeff3c82f2c02f7177d13663b7e6f890e9a6a0647ce9bb29cae02dcb094c7312?s=96&d=mm&r=g\",\"caption\":\"webman\"},\"url\":\"https:\/\/dev.explora.cl\/lagos\/author\/webman\/\"}]}<\/script>\n<!-- \/ Yoast SEO plugin. -->","yoast_head_json":{"title":"En Palena se realizar\u00e1 ciclo de charlas y talleres del PAR EXPLORA Los Lagos - Los Lagos","robots":{"index":"index","follow":"follow","max-snippet":"max-snippet:-1","max-image-preview":"max-image-preview:large","max-video-preview":"max-video-preview:-1"},"canonical":"https:\/\/dev.explora.cl\/lagos\/en-palena-se-realizara-ciclo-de-charlas-y-talleres-del-par-explora-los-lagos\/","og_locale":"es_ES","og_type":"article","og_title":"En Palena se realizar\u00e1 ciclo de charlas y talleres del PAR EXPLORA Los Lagos - Los Lagos","og_description":"El PAR EXPLORA Los Lagos, coordinado por la Universidad de Los Lagos, realizar\u00e1 un ciclo de charlas cient\u00edficas y talleres en la Provincia de Palena. Ambas actividades est\u00e1n orientadas a escolares de s\u00e9ptimo b\u00e1sico a cuarto medio y su objetivo es abordar diversas tem\u00e1ticas cient\u00edficas, dando cuenta de su importancia en nuestra vida cotidiana. La [&hellip;]","og_url":"https:\/\/dev.explora.cl\/lagos\/en-palena-se-realizara-ciclo-de-charlas-y-talleres-del-par-explora-los-lagos\/","og_site_name":"Los Lagos","article_published_time":"2014-11-24T04:00:00+00:00","article_modified_time":"2019-05-20T19:48:32+00:00","og_image":[{"width":1024,"height":678,"url":"https:\/\/dev.explora.cl\/lagos\/wp-content\/uploads\/sites\/17\/2018\/06\/bd7f0e9239ee23b936271d792790b48d.jpg","type":"image\/jpeg"}],"author":"webman","twitter_card":"summary_large_image","twitter_misc":{"Escrito por":"webman","Tiempo de lectura":"1 minuto"},"schema":{"@context":"https:\/\/schema.org","@graph":[{"@type":"Article","@id":"https:\/\/dev.explora.cl\/lagos\/en-palena-se-realizara-ciclo-de-charlas-y-talleres-del-par-explora-los-lagos\/#article","isPartOf":{"@id":"https:\/\/dev.explora.cl\/lagos\/en-palena-se-realizara-ciclo-de-charlas-y-talleres-del-par-explora-los-lagos\/"},"author":{"name":"webman","@id":"https:\/\/dev.explora.cl\/lagos\/#\/schema\/person\/cb8349c13ea2d324080adf8480d7ba5d"},"headline":"En Palena se realizar\u00e1 ciclo de charlas y talleres del PAR EXPLORA Los Lagos","datePublished":"2014-11-24T04:00:00+00:00","dateModified":"2019-05-20T19:48:32+00:00","mainEntityOfPage":{"@id":"https:\/\/dev.explora.cl\/lagos\/en-palena-se-realizara-ciclo-de-charlas-y-talleres-del-par-explora-los-lagos\/"},"wordCount":294,"commentCount":0,"image":{"@id":"https:\/\/dev.explora.cl\/lagos\/en-palena-se-realizara-ciclo-de-charlas-y-talleres-del-par-explora-los-lagos\/#primaryimage"},"thumbnailUrl":"https:\/\/dev.explora.cl\/lagos\/wp-content\/uploads\/sites\/17\/2018\/06\/bd7f0e9239ee23b936271d792790b48d.jpg","articleSection":["Noticias"],"inLanguage":"es","potentialAction":[{"@type":"CommentAction","name":"Comment","target":["https:\/\/dev.explora.cl\/lagos\/en-palena-se-realizara-ciclo-de-charlas-y-talleres-del-par-explora-los-lagos\/#respond"]}]},{"@type":"WebPage","@id":"https:\/\/dev.explora.cl\/lagos\/en-palena-se-realizara-ciclo-de-charlas-y-talleres-del-par-explora-los-lagos\/","url":"https:\/\/dev.explora.cl\/lagos\/en-palena-se-realizara-ciclo-de-charlas-y-talleres-del-par-explora-los-lagos\/","name":"En Palena se realizar\u00e1 ciclo de charlas y talleres del PAR EXPLORA Los Lagos - Los Lagos","isPartOf":{"@id":"https:\/\/dev.explora.cl\/lagos\/#website"},"primaryImageOfPage":{"@id":"https:\/\/dev.explora.cl\/lagos\/en-palena-se-realizara-ciclo-de-charlas-y-talleres-del-par-explora-los-lagos\/#primaryimage"},"image":{"@id":"https:\/\/dev.explora.cl\/lagos\/en-palena-se-realizara-ciclo-de-charlas-y-talleres-del-par-explora-los-lagos\/#primaryimage"},"thumbnailUrl":"https:\/\/dev.explora.cl\/lagos\/wp-content\/uploads\/sites\/17\/2018\/06\/bd7f0e9239ee23b936271d792790b48d.jpg","datePublished":"2014-11-24T04:00:00+00:00","dateModified":"2019-05-20T19:48:32+00:00","author":{"@id":"https:\/\/dev.explora.cl\/lagos\/#\/schema\/person\/cb8349c13ea2d324080adf8480d7ba5d"},"breadcrumb":{"@id":"https:\/\/dev.explora.cl\/lagos\/en-palena-se-realizara-ciclo-de-charlas-y-talleres-del-par-explora-los-lagos\/#breadcrumb"},"inLanguage":"es","potentialAction":[{"@type":"ReadAction","target":["https:\/\/dev.explora.cl\/lagos\/en-palena-se-realizara-ciclo-de-charlas-y-talleres-del-par-explora-los-lagos\/"]}]},{"@type":"ImageObject","inLanguage":"es","@id":"https:\/\/dev.explora.cl\/lagos\/en-palena-se-realizara-ciclo-de-charlas-y-talleres-del-par-explora-los-lagos\/#primaryimage","url":"https:\/\/dev.explora.cl\/lagos\/wp-content\/uploads\/sites\/17\/2018\/06\/bd7f0e9239ee23b936271d792790b48d.jpg","contentUrl":"https:\/\/dev.explora.cl\/lagos\/wp-content\/uploads\/sites\/17\/2018\/06\/bd7f0e9239ee23b936271d792790b48d.jpg","width":1024,"height":678},{"@type":"BreadcrumbList","@id":"https:\/\/dev.explora.cl\/lagos\/en-palena-se-realizara-ciclo-de-charlas-y-talleres-del-par-explora-los-lagos\/#breadcrumb","itemListElement":[{"@type":"ListItem","position":1,"name":"Portada","item":"https:\/\/dev.explora.cl\/lagos\/"},{"@type":"ListItem","position":2,"name":"En Palena se realizar\u00e1 ciclo de charlas y talleres del PAR EXPLORA Los Lagos"}]},{"@type":"WebSite","@id":"https:\/\/dev.explora.cl\/lagos\/#website","url":"https:\/\/dev.explora.cl\/lagos\/","name":"Los Lagos","description":"Otro sitio m\u00e1s de dev.explora.cl","potentialAction":[{"@type":"SearchAction","target":{"@type":"EntryPoint","urlTemplate":"https:\/\/dev.explora.cl\/lagos\/?s={search_term_string}"},"query-input":{"@type":"PropertyValueSpecification","valueRequired":true,"valueName":"search_term_string"}}],"inLanguage":"es"},{"@type":"Person","@id":"https:\/\/dev.explora.cl\/lagos\/#\/schema\/person\/cb8349c13ea2d324080adf8480d7ba5d","name":"webman","image":{"@type":"ImageObject","inLanguage":"es","@id":"https:\/\/dev.explora.cl\/lagos\/#\/schema\/person\/image\/","url":"https:\/\/secure.gravatar.com\/avatar\/eeff3c82f2c02f7177d13663b7e6f890e9a6a0647ce9bb29cae02dcb094c7312?s=96&d=mm&r=g","contentUrl":"https:\/\/secure.gravatar.com\/avatar\/eeff3c82f2c02f7177d13663b7e6f890e9a6a0647ce9bb29cae02dcb094c7312?s=96&d=mm&r=g","caption":"webman"},"url":"https:\/\/dev.explora.cl\/lagos\/author\/webman\/"}]}},"_links":{"self":[{"href":"https:\/\/dev.explora.cl\/lagos\/wp-json\/wp\/v2\/posts\/1210","targetHints":{"allow":["GET"]}}],"collection":[{"href":"https:\/\/dev.explora.cl\/lagos\/wp-json\/wp\/v2\/posts"}],"about":[{"href":"https:\/\/dev.explora.cl\/lagos\/wp-json\/wp\/v2\/types\/post"}],"author":[{"embeddable":true,"href":"https:\/\/dev.explora.cl\/lagos\/wp-json\/wp\/v2\/users\/2"}],"replies":[{"embeddable":true,"href":"https:\/\/dev.explora.cl\/lagos\/wp-json\/wp\/v2\/comments?post=1210"}],"version-history":[{"count":1,"href":"https:\/\/dev.explora.cl\/lagos\/wp-json\/wp\/v2\/posts\/1210\/revisions"}],"predecessor-version":[{"id":38266,"href":"https:\/\/dev.explora.cl\/lagos\/wp-json\/wp\/v2\/posts\/1210\/revisions\/38266"}],"wp:featuredmedia":[{"embeddable":true,"href":"https:\/\/dev.explora.cl\/lagos\/wp-json\/wp\/v2\/media\/1211"}],"wp:attachment":[{"href":"https:\/\/dev.explora.cl\/lagos\/wp-json\/wp\/v2\/media?parent=1210"}],"wp:term":[{"taxonomy":"category","embeddable":true,"href":"https:\/\/dev.explora.cl\/lagos\/wp-json\/wp\/v2\/categories?post=1210"},{"taxonomy":"post_tag","embeddable":true,"href":"https:\/\/dev.explora.cl\/lagos\/wp-json\/wp\/v2\/tags?post=1210"}],"curies":[{"name":"wp","href":"https:\/\/api.w.org\/{rel}","templated":true}]}}