{"id":1203,"date":"2014-11-21T00:00:00","date_gmt":"2014-11-21T04:00:00","guid":{"rendered":"http:\/\/ec2-34-219-152-79.us-west-2.compute.amazonaws.com\/lagos\/blog\/2014\/11\/21\/20-equipos-de-la-region-participaran-en-encuentro-de-robotica-escolar-2014\/"},"modified":"2019-05-20T19:48:33","modified_gmt":"2019-05-20T19:48:33","slug":"20-equipos-de-la-region-participaran-en-encuentro-de-robotica-escolar-2014","status":"publish","type":"post","link":"https:\/\/dev.explora.cl\/lagos\/20-equipos-de-la-region-participaran-en-encuentro-de-robotica-escolar-2014\/","title":{"rendered":"20 Equipos de la Regi\u00f3n participar\u00e1n en Encuentro de Rob\u00f3tica Escolar 2014"},"content":{"rendered":"<p><img loading=\"lazy\" decoding=\"async\" class=\" size-full wp-image-7444\" src=\"http:\/\/ec2-34-218-253-251.us-west-2.compute.amazonaws.com\/wp-content\/uploads\/2014\/11\/16268da44f149e859e5069f5fcdbf9fb.jpg\" alt=\"\" width=\"3696\" height=\"2448\" \/><\/p>\n<p style=\"text-align: justify\">Este viernes 28 se realizar\u00e1 el 6to Encuentro Regional de Rob\u00f3tica Educativa 2014: \u00abRob\u00f3tica y Matem\u00e1ticas al Servicio de la Sociedad\u00bb. La actividad es impulsada por la Coordinaci\u00f3n de Educaci\u00f3n Extraescolar perteneciente a la Direcci\u00f3n de Educaci\u00f3n de la Ilustre Municipalidad de Puerto Montt, en conjunto con la Universidad Austral de Chile, Sede Puerto Montt, la Universidad de Los Lagos y el PAR EXPLORA Los Lagos.<\/p>\n<p style=\"text-align: justify\">La iniciativa, en la que participar\u00e1n 138 alumnos pertenecientes a 20 equipos de rob\u00f3tica de las cuatro provincias de la Regi\u00f3n de Los Lagos, se llevar\u00e1 a cabo el d\u00eda viernes 28 de noviembre a contar de las 09:00 horas, en el Gimnasio de la UACh, Sede Puerto Montt, ubicado en Los Pinos S\/N, Balneario Pelluco.<\/p>\n<p style=\"text-align: justify\">Asimismo, el s\u00e1bado 29 de noviembre, desde las 15 horas, se desarrollar\u00e1 una intervenci\u00f3n urbana, en la que se montar\u00e1 una muestra de rob\u00f3tica en el primer piso del mall Paseo Costanera de Puerto Montt, a la que est\u00e1n invitados los equipos de estudiantes inscritos, adem\u00e1s de toda la comunidad puertomontina.<\/p>\n<p style=\"text-align: justify\"><strong>Equipo de Rob\u00f3tica U de Chile<\/strong><\/p>\n<p style=\"text-align: justify\"><img decoding=\"async\" class=\" alignleft size-full wp-image-7445\" src=\"http:\/\/ec2-34-218-253-251.us-west-2.compute.amazonaws.com\/wp-content\/uploads\/2014\/11\/Encuentro-Robtica.JPG\" border=\"0\" width=\"200\" style=\"float: left;margin: 5px 10px\" \/>Este a\u00f1o, tanto el Encuentro Regional, como la muestra urbana, contar\u00e1 con la participaci\u00f3n de un equipo de rob\u00f3tica perteneciente a la Facultad de Ciencias F\u00edsicas y Matem\u00e1ticas (FCFM) de la Universidad de Chile, integrado por Diego Ba\u00f1o, Gonzalo Olave, y Mat\u00edas Pav\u00e9z, a cargo de su capitana Luz Mart\u00ednez. El equipo habitualmente compite en el campeonato mundial RoboCup.<\/p>\n<p style=\"text-align: justify\">En las actividades, se presentar\u00e1 \u00abBender\u00bb, un Robot de Servicio que destaca por sus funciones de detecci\u00f3n y reconocimiento de personas, manipulaci\u00f3n, seguimiento y navegaci\u00f3n.<\/p>\n<p><img decoding=\"async\" class=\" size-full wp-image-7446\" src=\"http:\/\/ec2-34-218-253-251.us-west-2.compute.amazonaws.com\/wp-content\/uploads\/2014\/11\/lista_participantes.jpg\" border=\"0\" width=\"950\" \/><\/p>\n","protected":false},"excerpt":{"rendered":"<p>Este viernes 28 se realizar\u00e1 el 6to Encuentro Regional de Rob\u00f3tica Educativa 2014: \u00abRob\u00f3tica y Matem\u00e1ticas al Servicio de la Sociedad\u00bb. La actividad es impulsada por la Coordinaci\u00f3n de Educaci\u00f3n Extraescolar perteneciente a la Direcci\u00f3n de Educaci\u00f3n de la Ilustre Municipalidad de Puerto Montt, en conjunto con la Universidad Austral de Chile, Sede Puerto Montt, [&hellip;]<\/p>\n","protected":false},"author":2,"featured_media":1204,"comment_status":"open","ping_status":"open","sticky":false,"template":"","format":"standard","meta":{"_acf_changed":false,"_exactmetrics_skip_tracking":false,"_exactmetrics_sitenote_active":false,"_exactmetrics_sitenote_note":"","_exactmetrics_sitenote_category":0,"footnotes":"","_links_to":"","_links_to_target":""},"categories":[4],"tags":[],"class_list":["post-1203","post","type-post","status-publish","format-standard","has-post-thumbnail","hentry","category-noticias"],"acf":[],"yoast_head":"<!-- This site is optimized with the Yoast SEO plugin v26.7 - https:\/\/yoast.com\/wordpress\/plugins\/seo\/ -->\n<title>20 Equipos de la Regi\u00f3n participar\u00e1n en Encuentro de Rob\u00f3tica Escolar 2014 - Los Lagos<\/title>\n<meta name=\"robots\" content=\"index, follow, max-snippet:-1, max-image-preview:large, max-video-preview:-1\" \/>\n<link rel=\"canonical\" href=\"https:\/\/dev.explora.cl\/lagos\/20-equipos-de-la-region-participaran-en-encuentro-de-robotica-escolar-2014\/\" class=\"yoast-seo-meta-tag\" \/>\n<meta property=\"og:locale\" content=\"es_ES\" class=\"yoast-seo-meta-tag\" \/>\n<meta property=\"og:type\" content=\"article\" class=\"yoast-seo-meta-tag\" \/>\n<meta property=\"og:title\" content=\"20 Equipos de la Regi\u00f3n participar\u00e1n en Encuentro de Rob\u00f3tica Escolar 2014 - Los Lagos\" class=\"yoast-seo-meta-tag\" \/>\n<meta property=\"og:description\" content=\"Este viernes 28 se realizar\u00e1 el 6to Encuentro Regional de Rob\u00f3tica Educativa 2014: \u00abRob\u00f3tica y Matem\u00e1ticas al Servicio de la Sociedad\u00bb. La actividad es impulsada por la Coordinaci\u00f3n de Educaci\u00f3n Extraescolar perteneciente a la Direcci\u00f3n de Educaci\u00f3n de la Ilustre Municipalidad de Puerto Montt, en conjunto con la Universidad Austral de Chile, Sede Puerto Montt, [&hellip;]\" class=\"yoast-seo-meta-tag\" \/>\n<meta property=\"og:url\" content=\"https:\/\/dev.explora.cl\/lagos\/20-equipos-de-la-region-participaran-en-encuentro-de-robotica-escolar-2014\/\" class=\"yoast-seo-meta-tag\" \/>\n<meta property=\"og:site_name\" content=\"Los Lagos\" class=\"yoast-seo-meta-tag\" \/>\n<meta property=\"article:published_time\" content=\"2014-11-21T04:00:00+00:00\" class=\"yoast-seo-meta-tag\" \/>\n<meta property=\"article:modified_time\" content=\"2019-05-20T19:48:33+00:00\" class=\"yoast-seo-meta-tag\" \/>\n<meta property=\"og:image\" content=\"https:\/\/dev.explora.cl\/lagos\/wp-content\/uploads\/sites\/17\/2018\/06\/16268da44f149e859e5069f5fcdbf9fb-1024x678.jpg\" class=\"yoast-seo-meta-tag\" \/>\n\t<meta property=\"og:image:width\" content=\"1024\" class=\"yoast-seo-meta-tag\" \/>\n\t<meta property=\"og:image:height\" content=\"678\" class=\"yoast-seo-meta-tag\" \/>\n\t<meta property=\"og:image:type\" content=\"image\/jpeg\" class=\"yoast-seo-meta-tag\" \/>\n<meta name=\"author\" content=\"webman\" class=\"yoast-seo-meta-tag\" \/>\n<meta name=\"twitter:card\" content=\"summary_large_image\" class=\"yoast-seo-meta-tag\" \/>\n<meta name=\"twitter:label1\" content=\"Escrito por\" class=\"yoast-seo-meta-tag\" \/>\n\t<meta name=\"twitter:data1\" content=\"webman\" class=\"yoast-seo-meta-tag\" \/>\n\t<meta name=\"twitter:label2\" content=\"Tiempo de lectura\" class=\"yoast-seo-meta-tag\" \/>\n\t<meta name=\"twitter:data2\" content=\"1 minuto\" class=\"yoast-seo-meta-tag\" \/>\n<script type=\"application\/ld+json\" class=\"yoast-schema-graph\">{\"@context\":\"https:\/\/schema.org\",\"@graph\":[{\"@type\":\"Article\",\"@id\":\"https:\/\/dev.explora.cl\/lagos\/20-equipos-de-la-region-participaran-en-encuentro-de-robotica-escolar-2014\/#article\",\"isPartOf\":{\"@id\":\"https:\/\/dev.explora.cl\/lagos\/20-equipos-de-la-region-participaran-en-encuentro-de-robotica-escolar-2014\/\"},\"author\":{\"name\":\"webman\",\"@id\":\"https:\/\/dev.explora.cl\/lagos\/#\/schema\/person\/cb8349c13ea2d324080adf8480d7ba5d\"},\"headline\":\"20 Equipos de la Regi\u00f3n participar\u00e1n en Encuentro de Rob\u00f3tica Escolar 2014\",\"datePublished\":\"2014-11-21T04:00:00+00:00\",\"dateModified\":\"2019-05-20T19:48:33+00:00\",\"mainEntityOfPage\":{\"@id\":\"https:\/\/dev.explora.cl\/lagos\/20-equipos-de-la-region-participaran-en-encuentro-de-robotica-escolar-2014\/\"},\"wordCount\":298,\"commentCount\":0,\"image\":{\"@id\":\"https:\/\/dev.explora.cl\/lagos\/20-equipos-de-la-region-participaran-en-encuentro-de-robotica-escolar-2014\/#primaryimage\"},\"thumbnailUrl\":\"https:\/\/dev.explora.cl\/lagos\/wp-content\/uploads\/sites\/17\/2018\/06\/16268da44f149e859e5069f5fcdbf9fb.jpg\",\"articleSection\":[\"Noticias\"],\"inLanguage\":\"es\",\"potentialAction\":[{\"@type\":\"CommentAction\",\"name\":\"Comment\",\"target\":[\"https:\/\/dev.explora.cl\/lagos\/20-equipos-de-la-region-participaran-en-encuentro-de-robotica-escolar-2014\/#respond\"]}]},{\"@type\":\"WebPage\",\"@id\":\"https:\/\/dev.explora.cl\/lagos\/20-equipos-de-la-region-participaran-en-encuentro-de-robotica-escolar-2014\/\",\"url\":\"https:\/\/dev.explora.cl\/lagos\/20-equipos-de-la-region-participaran-en-encuentro-de-robotica-escolar-2014\/\",\"name\":\"20 Equipos de la Regi\u00f3n participar\u00e1n en Encuentro de Rob\u00f3tica Escolar 2014 - Los Lagos\",\"isPartOf\":{\"@id\":\"https:\/\/dev.explora.cl\/lagos\/#website\"},\"primaryImageOfPage\":{\"@id\":\"https:\/\/dev.explora.cl\/lagos\/20-equipos-de-la-region-participaran-en-encuentro-de-robotica-escolar-2014\/#primaryimage\"},\"image\":{\"@id\":\"https:\/\/dev.explora.cl\/lagos\/20-equipos-de-la-region-participaran-en-encuentro-de-robotica-escolar-2014\/#primaryimage\"},\"thumbnailUrl\":\"https:\/\/dev.explora.cl\/lagos\/wp-content\/uploads\/sites\/17\/2018\/06\/16268da44f149e859e5069f5fcdbf9fb.jpg\",\"datePublished\":\"2014-11-21T04:00:00+00:00\",\"dateModified\":\"2019-05-20T19:48:33+00:00\",\"author\":{\"@id\":\"https:\/\/dev.explora.cl\/lagos\/#\/schema\/person\/cb8349c13ea2d324080adf8480d7ba5d\"},\"breadcrumb\":{\"@id\":\"https:\/\/dev.explora.cl\/lagos\/20-equipos-de-la-region-participaran-en-encuentro-de-robotica-escolar-2014\/#breadcrumb\"},\"inLanguage\":\"es\",\"potentialAction\":[{\"@type\":\"ReadAction\",\"target\":[\"https:\/\/dev.explora.cl\/lagos\/20-equipos-de-la-region-participaran-en-encuentro-de-robotica-escolar-2014\/\"]}]},{\"@type\":\"ImageObject\",\"inLanguage\":\"es\",\"@id\":\"https:\/\/dev.explora.cl\/lagos\/20-equipos-de-la-region-participaran-en-encuentro-de-robotica-escolar-2014\/#primaryimage\",\"url\":\"https:\/\/dev.explora.cl\/lagos\/wp-content\/uploads\/sites\/17\/2018\/06\/16268da44f149e859e5069f5fcdbf9fb.jpg\",\"contentUrl\":\"https:\/\/dev.explora.cl\/lagos\/wp-content\/uploads\/sites\/17\/2018\/06\/16268da44f149e859e5069f5fcdbf9fb.jpg\",\"width\":3696,\"height\":2448},{\"@type\":\"BreadcrumbList\",\"@id\":\"https:\/\/dev.explora.cl\/lagos\/20-equipos-de-la-region-participaran-en-encuentro-de-robotica-escolar-2014\/#breadcrumb\",\"itemListElement\":[{\"@type\":\"ListItem\",\"position\":1,\"name\":\"Portada\",\"item\":\"https:\/\/dev.explora.cl\/lagos\/\"},{\"@type\":\"ListItem\",\"position\":2,\"name\":\"20 Equipos de la Regi\u00f3n participar\u00e1n en Encuentro de Rob\u00f3tica Escolar 2014\"}]},{\"@type\":\"WebSite\",\"@id\":\"https:\/\/dev.explora.cl\/lagos\/#website\",\"url\":\"https:\/\/dev.explora.cl\/lagos\/\",\"name\":\"Los Lagos\",\"description\":\"Otro sitio m\u00e1s de dev.explora.cl\",\"potentialAction\":[{\"@type\":\"SearchAction\",\"target\":{\"@type\":\"EntryPoint\",\"urlTemplate\":\"https:\/\/dev.explora.cl\/lagos\/?s={search_term_string}\"},\"query-input\":{\"@type\":\"PropertyValueSpecification\",\"valueRequired\":true,\"valueName\":\"search_term_string\"}}],\"inLanguage\":\"es\"},{\"@type\":\"Person\",\"@id\":\"https:\/\/dev.explora.cl\/lagos\/#\/schema\/person\/cb8349c13ea2d324080adf8480d7ba5d\",\"name\":\"webman\",\"image\":{\"@type\":\"ImageObject\",\"inLanguage\":\"es\",\"@id\":\"https:\/\/dev.explora.cl\/lagos\/#\/schema\/person\/image\/\",\"url\":\"https:\/\/secure.gravatar.com\/avatar\/eeff3c82f2c02f7177d13663b7e6f890e9a6a0647ce9bb29cae02dcb094c7312?s=96&d=mm&r=g\",\"contentUrl\":\"https:\/\/secure.gravatar.com\/avatar\/eeff3c82f2c02f7177d13663b7e6f890e9a6a0647ce9bb29cae02dcb094c7312?s=96&d=mm&r=g\",\"caption\":\"webman\"},\"url\":\"https:\/\/dev.explora.cl\/lagos\/author\/webman\/\"}]}<\/script>\n<!-- \/ Yoast SEO plugin. -->","yoast_head_json":{"title":"20 Equipos de la Regi\u00f3n participar\u00e1n en Encuentro de Rob\u00f3tica Escolar 2014 - Los Lagos","robots":{"index":"index","follow":"follow","max-snippet":"max-snippet:-1","max-image-preview":"max-image-preview:large","max-video-preview":"max-video-preview:-1"},"canonical":"https:\/\/dev.explora.cl\/lagos\/20-equipos-de-la-region-participaran-en-encuentro-de-robotica-escolar-2014\/","og_locale":"es_ES","og_type":"article","og_title":"20 Equipos de la Regi\u00f3n participar\u00e1n en Encuentro de Rob\u00f3tica Escolar 2014 - Los Lagos","og_description":"Este viernes 28 se realizar\u00e1 el 6to Encuentro Regional de Rob\u00f3tica Educativa 2014: \u00abRob\u00f3tica y Matem\u00e1ticas al Servicio de la Sociedad\u00bb. La actividad es impulsada por la Coordinaci\u00f3n de Educaci\u00f3n Extraescolar perteneciente a la Direcci\u00f3n de Educaci\u00f3n de la Ilustre Municipalidad de Puerto Montt, en conjunto con la Universidad Austral de Chile, Sede Puerto Montt, [&hellip;]","og_url":"https:\/\/dev.explora.cl\/lagos\/20-equipos-de-la-region-participaran-en-encuentro-de-robotica-escolar-2014\/","og_site_name":"Los Lagos","article_published_time":"2014-11-21T04:00:00+00:00","article_modified_time":"2019-05-20T19:48:33+00:00","og_image":[{"width":1024,"height":678,"url":"https:\/\/dev.explora.cl\/lagos\/wp-content\/uploads\/sites\/17\/2018\/06\/16268da44f149e859e5069f5fcdbf9fb-1024x678.jpg","type":"image\/jpeg"}],"author":"webman","twitter_card":"summary_large_image","twitter_misc":{"Escrito por":"webman","Tiempo de lectura":"1 minuto"},"schema":{"@context":"https:\/\/schema.org","@graph":[{"@type":"Article","@id":"https:\/\/dev.explora.cl\/lagos\/20-equipos-de-la-region-participaran-en-encuentro-de-robotica-escolar-2014\/#article","isPartOf":{"@id":"https:\/\/dev.explora.cl\/lagos\/20-equipos-de-la-region-participaran-en-encuentro-de-robotica-escolar-2014\/"},"author":{"name":"webman","@id":"https:\/\/dev.explora.cl\/lagos\/#\/schema\/person\/cb8349c13ea2d324080adf8480d7ba5d"},"headline":"20 Equipos de la Regi\u00f3n participar\u00e1n en Encuentro de Rob\u00f3tica Escolar 2014","datePublished":"2014-11-21T04:00:00+00:00","dateModified":"2019-05-20T19:48:33+00:00","mainEntityOfPage":{"@id":"https:\/\/dev.explora.cl\/lagos\/20-equipos-de-la-region-participaran-en-encuentro-de-robotica-escolar-2014\/"},"wordCount":298,"commentCount":0,"image":{"@id":"https:\/\/dev.explora.cl\/lagos\/20-equipos-de-la-region-participaran-en-encuentro-de-robotica-escolar-2014\/#primaryimage"},"thumbnailUrl":"https:\/\/dev.explora.cl\/lagos\/wp-content\/uploads\/sites\/17\/2018\/06\/16268da44f149e859e5069f5fcdbf9fb.jpg","articleSection":["Noticias"],"inLanguage":"es","potentialAction":[{"@type":"CommentAction","name":"Comment","target":["https:\/\/dev.explora.cl\/lagos\/20-equipos-de-la-region-participaran-en-encuentro-de-robotica-escolar-2014\/#respond"]}]},{"@type":"WebPage","@id":"https:\/\/dev.explora.cl\/lagos\/20-equipos-de-la-region-participaran-en-encuentro-de-robotica-escolar-2014\/","url":"https:\/\/dev.explora.cl\/lagos\/20-equipos-de-la-region-participaran-en-encuentro-de-robotica-escolar-2014\/","name":"20 Equipos de la Regi\u00f3n participar\u00e1n en Encuentro de Rob\u00f3tica Escolar 2014 - Los Lagos","isPartOf":{"@id":"https:\/\/dev.explora.cl\/lagos\/#website"},"primaryImageOfPage":{"@id":"https:\/\/dev.explora.cl\/lagos\/20-equipos-de-la-region-participaran-en-encuentro-de-robotica-escolar-2014\/#primaryimage"},"image":{"@id":"https:\/\/dev.explora.cl\/lagos\/20-equipos-de-la-region-participaran-en-encuentro-de-robotica-escolar-2014\/#primaryimage"},"thumbnailUrl":"https:\/\/dev.explora.cl\/lagos\/wp-content\/uploads\/sites\/17\/2018\/06\/16268da44f149e859e5069f5fcdbf9fb.jpg","datePublished":"2014-11-21T04:00:00+00:00","dateModified":"2019-05-20T19:48:33+00:00","author":{"@id":"https:\/\/dev.explora.cl\/lagos\/#\/schema\/person\/cb8349c13ea2d324080adf8480d7ba5d"},"breadcrumb":{"@id":"https:\/\/dev.explora.cl\/lagos\/20-equipos-de-la-region-participaran-en-encuentro-de-robotica-escolar-2014\/#breadcrumb"},"inLanguage":"es","potentialAction":[{"@type":"ReadAction","target":["https:\/\/dev.explora.cl\/lagos\/20-equipos-de-la-region-participaran-en-encuentro-de-robotica-escolar-2014\/"]}]},{"@type":"ImageObject","inLanguage":"es","@id":"https:\/\/dev.explora.cl\/lagos\/20-equipos-de-la-region-participaran-en-encuentro-de-robotica-escolar-2014\/#primaryimage","url":"https:\/\/dev.explora.cl\/lagos\/wp-content\/uploads\/sites\/17\/2018\/06\/16268da44f149e859e5069f5fcdbf9fb.jpg","contentUrl":"https:\/\/dev.explora.cl\/lagos\/wp-content\/uploads\/sites\/17\/2018\/06\/16268da44f149e859e5069f5fcdbf9fb.jpg","width":3696,"height":2448},{"@type":"BreadcrumbList","@id":"https:\/\/dev.explora.cl\/lagos\/20-equipos-de-la-region-participaran-en-encuentro-de-robotica-escolar-2014\/#breadcrumb","itemListElement":[{"@type":"ListItem","position":1,"name":"Portada","item":"https:\/\/dev.explora.cl\/lagos\/"},{"@type":"ListItem","position":2,"name":"20 Equipos de la Regi\u00f3n participar\u00e1n en Encuentro de Rob\u00f3tica Escolar 2014"}]},{"@type":"WebSite","@id":"https:\/\/dev.explora.cl\/lagos\/#website","url":"https:\/\/dev.explora.cl\/lagos\/","name":"Los Lagos","description":"Otro sitio m\u00e1s de dev.explora.cl","potentialAction":[{"@type":"SearchAction","target":{"@type":"EntryPoint","urlTemplate":"https:\/\/dev.explora.cl\/lagos\/?s={search_term_string}"},"query-input":{"@type":"PropertyValueSpecification","valueRequired":true,"valueName":"search_term_string"}}],"inLanguage":"es"},{"@type":"Person","@id":"https:\/\/dev.explora.cl\/lagos\/#\/schema\/person\/cb8349c13ea2d324080adf8480d7ba5d","name":"webman","image":{"@type":"ImageObject","inLanguage":"es","@id":"https:\/\/dev.explora.cl\/lagos\/#\/schema\/person\/image\/","url":"https:\/\/secure.gravatar.com\/avatar\/eeff3c82f2c02f7177d13663b7e6f890e9a6a0647ce9bb29cae02dcb094c7312?s=96&d=mm&r=g","contentUrl":"https:\/\/secure.gravatar.com\/avatar\/eeff3c82f2c02f7177d13663b7e6f890e9a6a0647ce9bb29cae02dcb094c7312?s=96&d=mm&r=g","caption":"webman"},"url":"https:\/\/dev.explora.cl\/lagos\/author\/webman\/"}]}},"_links":{"self":[{"href":"https:\/\/dev.explora.cl\/lagos\/wp-json\/wp\/v2\/posts\/1203","targetHints":{"allow":["GET"]}}],"collection":[{"href":"https:\/\/dev.explora.cl\/lagos\/wp-json\/wp\/v2\/posts"}],"about":[{"href":"https:\/\/dev.explora.cl\/lagos\/wp-json\/wp\/v2\/types\/post"}],"author":[{"embeddable":true,"href":"https:\/\/dev.explora.cl\/lagos\/wp-json\/wp\/v2\/users\/2"}],"replies":[{"embeddable":true,"href":"https:\/\/dev.explora.cl\/lagos\/wp-json\/wp\/v2\/comments?post=1203"}],"version-history":[{"count":1,"href":"https:\/\/dev.explora.cl\/lagos\/wp-json\/wp\/v2\/posts\/1203\/revisions"}],"predecessor-version":[{"id":38268,"href":"https:\/\/dev.explora.cl\/lagos\/wp-json\/wp\/v2\/posts\/1203\/revisions\/38268"}],"wp:featuredmedia":[{"embeddable":true,"href":"https:\/\/dev.explora.cl\/lagos\/wp-json\/wp\/v2\/media\/1204"}],"wp:attachment":[{"href":"https:\/\/dev.explora.cl\/lagos\/wp-json\/wp\/v2\/media?parent=1203"}],"wp:term":[{"taxonomy":"category","embeddable":true,"href":"https:\/\/dev.explora.cl\/lagos\/wp-json\/wp\/v2\/categories?post=1203"},{"taxonomy":"post_tag","embeddable":true,"href":"https:\/\/dev.explora.cl\/lagos\/wp-json\/wp\/v2\/tags?post=1203"}],"curies":[{"name":"wp","href":"https:\/\/api.w.org\/{rel}","templated":true}]}}