{"id":1196,"date":"2014-11-19T00:00:00","date_gmt":"2014-11-19T04:00:00","guid":{"rendered":"http:\/\/ec2-34-219-152-79.us-west-2.compute.amazonaws.com\/lagos\/blog\/2014\/11\/19\/alumnos-de-ancud-participaron-en-taller-aves-de-caulin\/"},"modified":"2019-05-20T19:48:35","modified_gmt":"2019-05-20T19:48:35","slug":"alumnos-de-ancud-participaron-en-taller-aves-de-caulin","status":"publish","type":"post","link":"https:\/\/dev.explora.cl\/lagos\/alumnos-de-ancud-participaron-en-taller-aves-de-caulin\/","title":{"rendered":"Alumnos de Ancud participaron en Taller \u201cAves de Caul\u00edn\u201d"},"content":{"rendered":"<p><img loading=\"lazy\" decoding=\"async\" class=\" size-full wp-image-7394\" src=\"http:\/\/ec2-34-218-253-251.us-west-2.compute.amazonaws.com\/wp-content\/uploads\/2014\/11\/e21b2626f11dbd7c071c1bdc38aee1f6.jpg\" alt=\"\" width=\"1024\" height=\"613\" \/><\/p>\n<p style=\"text-align: justify\">El PAR EXPLORA Los Lagos, coordinado por la ULagos, llev\u00f3 a cabo el Taller \u00abAves de Caul\u00edn\u00bb, actividad en la que participaron estudiantes del Liceo Comercial \u00abEl Pilar\u00bb de Ancud, a cargo de su profesora Sandra Hern\u00e1ndez.<\/p>\n<p style=\"text-align: justify\">La iniciativa, dirigida por el Coordinador Provincial de Osorno del PAR EXPLORA Los Lagos y Bi\u00f3logo Marino de la Universidad Santo Tom\u00e1s, Claudio Tobar, se centr\u00f3 en la observaci\u00f3n de aves acu\u00e1ticas cuyo h\u00e1bitat es la bah\u00eda de Caul\u00edn.<\/p>\n<p><span style=\"line-height: 1.3em\">Asimismo, Javiera Abarz\u00faa, estudiante de Biolog\u00eda Marina del Centro I-mar de la ULagos y los investigadores del laboratorio de Ecolog\u00eda de la Universidad de Los Lagos, Jaime Cursach y Jonnathan Vilugr\u00f3n, fueron parte del equipo que asesor\u00f3 la actividad en terreno.<\/span><\/p>\n<p style=\"text-align: justify\"><a href=\"lagos\/noticias-los-lagos\/2637-explora-abre-postulaciones-para-clubes-de-apoyo-a-la-investigacion-cientifica-escolar\"><img decoding=\"async\" class=\" alignleft size-full wp-image-7395\" src=\"http:\/\/ec2-34-218-253-251.us-west-2.compute.amazonaws.com\/wp-content\/uploads\/2014\/11\/IMG_7495.JPG\" border=\"0\" width=\"350\" style=\"float: left;margin: 5px 10px\" \/><\/a>Uno de los objetivos centrales de este tipo de iniciativas, es generar nexos con establecimientos educacionales para futuros Clubes de Apoyo a la Investigaci\u00f3n Cient\u00edfica Escolar (CAICE) EXPLORA 2015 en Chilo\u00e9.<\/p>\n<p style=\"text-align: justify\">Para los establecimientos que postulen y se adjudiquen la categor\u00eda de CAICE, tanto a nivel inicial como avanzado, existir\u00e1 financiamiento proporcionado por el PAR EXPLORA Los Lagos para desarrollar las investigaciones. <a href=\"lagos\/noticias-los-lagos\/2637-explora-abre-postulaciones-para-clubes-de-apoyo-a-la-investigacion-cientifica-escolar\">Las Bases Concursables y el Formulario de Inscripci\u00f3n<\/a>, para los centros educativos interesados en postular, se encuentran disponibles hasta el 2 de diciembre en <a href=\"lagos\">dev.explora.cl\/lagos<\/a><\/p>\n","protected":false},"excerpt":{"rendered":"<p>El PAR EXPLORA Los Lagos, coordinado por la ULagos, llev\u00f3 a cabo el Taller \u00abAves de Caul\u00edn\u00bb, actividad en la que participaron estudiantes del Liceo Comercial \u00abEl Pilar\u00bb de Ancud, a cargo de su profesora Sandra Hern\u00e1ndez. La iniciativa, dirigida por el Coordinador Provincial de Osorno del PAR EXPLORA Los Lagos y Bi\u00f3logo Marino de [&hellip;]<\/p>\n","protected":false},"author":2,"featured_media":1197,"comment_status":"open","ping_status":"open","sticky":false,"template":"","format":"standard","meta":{"_acf_changed":false,"_exactmetrics_skip_tracking":false,"_exactmetrics_sitenote_active":false,"_exactmetrics_sitenote_note":"","_exactmetrics_sitenote_category":0,"footnotes":"","_links_to":"","_links_to_target":""},"categories":[4],"tags":[],"class_list":["post-1196","post","type-post","status-publish","format-standard","has-post-thumbnail","hentry","category-noticias"],"acf":[],"yoast_head":"<!-- This site is optimized with the Yoast SEO plugin v26.7 - https:\/\/yoast.com\/wordpress\/plugins\/seo\/ -->\n<title>Alumnos de Ancud participaron en Taller \u201cAves de Caul\u00edn\u201d - Los Lagos<\/title>\n<meta name=\"robots\" content=\"index, follow, max-snippet:-1, max-image-preview:large, max-video-preview:-1\" \/>\n<link rel=\"canonical\" href=\"https:\/\/dev.explora.cl\/lagos\/alumnos-de-ancud-participaron-en-taller-aves-de-caulin\/\" class=\"yoast-seo-meta-tag\" \/>\n<meta property=\"og:locale\" content=\"es_ES\" class=\"yoast-seo-meta-tag\" \/>\n<meta property=\"og:type\" content=\"article\" class=\"yoast-seo-meta-tag\" \/>\n<meta property=\"og:title\" content=\"Alumnos de Ancud participaron en Taller \u201cAves de Caul\u00edn\u201d - Los Lagos\" class=\"yoast-seo-meta-tag\" \/>\n<meta property=\"og:description\" content=\"El PAR EXPLORA Los Lagos, coordinado por la ULagos, llev\u00f3 a cabo el Taller \u00abAves de Caul\u00edn\u00bb, actividad en la que participaron estudiantes del Liceo Comercial \u00abEl Pilar\u00bb de Ancud, a cargo de su profesora Sandra Hern\u00e1ndez. La iniciativa, dirigida por el Coordinador Provincial de Osorno del PAR EXPLORA Los Lagos y Bi\u00f3logo Marino de [&hellip;]\" class=\"yoast-seo-meta-tag\" \/>\n<meta property=\"og:url\" content=\"https:\/\/dev.explora.cl\/lagos\/alumnos-de-ancud-participaron-en-taller-aves-de-caulin\/\" class=\"yoast-seo-meta-tag\" \/>\n<meta property=\"og:site_name\" content=\"Los Lagos\" class=\"yoast-seo-meta-tag\" \/>\n<meta property=\"article:published_time\" content=\"2014-11-19T04:00:00+00:00\" class=\"yoast-seo-meta-tag\" \/>\n<meta property=\"article:modified_time\" content=\"2019-05-20T19:48:35+00:00\" class=\"yoast-seo-meta-tag\" \/>\n<meta property=\"og:image\" content=\"https:\/\/dev.explora.cl\/lagos\/wp-content\/uploads\/sites\/17\/2018\/06\/e21b2626f11dbd7c071c1bdc38aee1f6.jpg\" class=\"yoast-seo-meta-tag\" \/>\n\t<meta property=\"og:image:width\" content=\"1024\" class=\"yoast-seo-meta-tag\" \/>\n\t<meta property=\"og:image:height\" content=\"613\" class=\"yoast-seo-meta-tag\" \/>\n\t<meta property=\"og:image:type\" content=\"image\/jpeg\" class=\"yoast-seo-meta-tag\" \/>\n<meta name=\"author\" content=\"webman\" class=\"yoast-seo-meta-tag\" \/>\n<meta name=\"twitter:card\" content=\"summary_large_image\" class=\"yoast-seo-meta-tag\" \/>\n<meta name=\"twitter:label1\" content=\"Escrito por\" class=\"yoast-seo-meta-tag\" \/>\n\t<meta name=\"twitter:data1\" content=\"webman\" class=\"yoast-seo-meta-tag\" \/>\n\t<meta name=\"twitter:label2\" content=\"Tiempo de lectura\" class=\"yoast-seo-meta-tag\" \/>\n\t<meta name=\"twitter:data2\" content=\"1 minuto\" class=\"yoast-seo-meta-tag\" \/>\n<script type=\"application\/ld+json\" class=\"yoast-schema-graph\">{\"@context\":\"https:\/\/schema.org\",\"@graph\":[{\"@type\":\"Article\",\"@id\":\"https:\/\/dev.explora.cl\/lagos\/alumnos-de-ancud-participaron-en-taller-aves-de-caulin\/#article\",\"isPartOf\":{\"@id\":\"https:\/\/dev.explora.cl\/lagos\/alumnos-de-ancud-participaron-en-taller-aves-de-caulin\/\"},\"author\":{\"name\":\"webman\",\"@id\":\"https:\/\/dev.explora.cl\/lagos\/#\/schema\/person\/cb8349c13ea2d324080adf8480d7ba5d\"},\"headline\":\"Alumnos de Ancud participaron en Taller \u201cAves de Caul\u00edn\u201d\",\"datePublished\":\"2014-11-19T04:00:00+00:00\",\"dateModified\":\"2019-05-20T19:48:35+00:00\",\"mainEntityOfPage\":{\"@id\":\"https:\/\/dev.explora.cl\/lagos\/alumnos-de-ancud-participaron-en-taller-aves-de-caulin\/\"},\"wordCount\":232,\"commentCount\":0,\"image\":{\"@id\":\"https:\/\/dev.explora.cl\/lagos\/alumnos-de-ancud-participaron-en-taller-aves-de-caulin\/#primaryimage\"},\"thumbnailUrl\":\"https:\/\/dev.explora.cl\/lagos\/wp-content\/uploads\/sites\/17\/2018\/06\/e21b2626f11dbd7c071c1bdc38aee1f6.jpg\",\"articleSection\":[\"Noticias\"],\"inLanguage\":\"es\",\"potentialAction\":[{\"@type\":\"CommentAction\",\"name\":\"Comment\",\"target\":[\"https:\/\/dev.explora.cl\/lagos\/alumnos-de-ancud-participaron-en-taller-aves-de-caulin\/#respond\"]}]},{\"@type\":\"WebPage\",\"@id\":\"https:\/\/dev.explora.cl\/lagos\/alumnos-de-ancud-participaron-en-taller-aves-de-caulin\/\",\"url\":\"https:\/\/dev.explora.cl\/lagos\/alumnos-de-ancud-participaron-en-taller-aves-de-caulin\/\",\"name\":\"Alumnos de Ancud participaron en Taller \u201cAves de Caul\u00edn\u201d - Los Lagos\",\"isPartOf\":{\"@id\":\"https:\/\/dev.explora.cl\/lagos\/#website\"},\"primaryImageOfPage\":{\"@id\":\"https:\/\/dev.explora.cl\/lagos\/alumnos-de-ancud-participaron-en-taller-aves-de-caulin\/#primaryimage\"},\"image\":{\"@id\":\"https:\/\/dev.explora.cl\/lagos\/alumnos-de-ancud-participaron-en-taller-aves-de-caulin\/#primaryimage\"},\"thumbnailUrl\":\"https:\/\/dev.explora.cl\/lagos\/wp-content\/uploads\/sites\/17\/2018\/06\/e21b2626f11dbd7c071c1bdc38aee1f6.jpg\",\"datePublished\":\"2014-11-19T04:00:00+00:00\",\"dateModified\":\"2019-05-20T19:48:35+00:00\",\"author\":{\"@id\":\"https:\/\/dev.explora.cl\/lagos\/#\/schema\/person\/cb8349c13ea2d324080adf8480d7ba5d\"},\"breadcrumb\":{\"@id\":\"https:\/\/dev.explora.cl\/lagos\/alumnos-de-ancud-participaron-en-taller-aves-de-caulin\/#breadcrumb\"},\"inLanguage\":\"es\",\"potentialAction\":[{\"@type\":\"ReadAction\",\"target\":[\"https:\/\/dev.explora.cl\/lagos\/alumnos-de-ancud-participaron-en-taller-aves-de-caulin\/\"]}]},{\"@type\":\"ImageObject\",\"inLanguage\":\"es\",\"@id\":\"https:\/\/dev.explora.cl\/lagos\/alumnos-de-ancud-participaron-en-taller-aves-de-caulin\/#primaryimage\",\"url\":\"https:\/\/dev.explora.cl\/lagos\/wp-content\/uploads\/sites\/17\/2018\/06\/e21b2626f11dbd7c071c1bdc38aee1f6.jpg\",\"contentUrl\":\"https:\/\/dev.explora.cl\/lagos\/wp-content\/uploads\/sites\/17\/2018\/06\/e21b2626f11dbd7c071c1bdc38aee1f6.jpg\",\"width\":1024,\"height\":613},{\"@type\":\"BreadcrumbList\",\"@id\":\"https:\/\/dev.explora.cl\/lagos\/alumnos-de-ancud-participaron-en-taller-aves-de-caulin\/#breadcrumb\",\"itemListElement\":[{\"@type\":\"ListItem\",\"position\":1,\"name\":\"Portada\",\"item\":\"https:\/\/dev.explora.cl\/lagos\/\"},{\"@type\":\"ListItem\",\"position\":2,\"name\":\"Alumnos de Ancud participaron en Taller \u201cAves de Caul\u00edn\u201d\"}]},{\"@type\":\"WebSite\",\"@id\":\"https:\/\/dev.explora.cl\/lagos\/#website\",\"url\":\"https:\/\/dev.explora.cl\/lagos\/\",\"name\":\"Los Lagos\",\"description\":\"Otro sitio m\u00e1s de dev.explora.cl\",\"potentialAction\":[{\"@type\":\"SearchAction\",\"target\":{\"@type\":\"EntryPoint\",\"urlTemplate\":\"https:\/\/dev.explora.cl\/lagos\/?s={search_term_string}\"},\"query-input\":{\"@type\":\"PropertyValueSpecification\",\"valueRequired\":true,\"valueName\":\"search_term_string\"}}],\"inLanguage\":\"es\"},{\"@type\":\"Person\",\"@id\":\"https:\/\/dev.explora.cl\/lagos\/#\/schema\/person\/cb8349c13ea2d324080adf8480d7ba5d\",\"name\":\"webman\",\"image\":{\"@type\":\"ImageObject\",\"inLanguage\":\"es\",\"@id\":\"https:\/\/dev.explora.cl\/lagos\/#\/schema\/person\/image\/\",\"url\":\"https:\/\/secure.gravatar.com\/avatar\/eeff3c82f2c02f7177d13663b7e6f890e9a6a0647ce9bb29cae02dcb094c7312?s=96&d=mm&r=g\",\"contentUrl\":\"https:\/\/secure.gravatar.com\/avatar\/eeff3c82f2c02f7177d13663b7e6f890e9a6a0647ce9bb29cae02dcb094c7312?s=96&d=mm&r=g\",\"caption\":\"webman\"},\"url\":\"https:\/\/dev.explora.cl\/lagos\/author\/webman\/\"}]}<\/script>\n<!-- \/ Yoast SEO plugin. -->","yoast_head_json":{"title":"Alumnos de Ancud participaron en Taller \u201cAves de Caul\u00edn\u201d - Los Lagos","robots":{"index":"index","follow":"follow","max-snippet":"max-snippet:-1","max-image-preview":"max-image-preview:large","max-video-preview":"max-video-preview:-1"},"canonical":"https:\/\/dev.explora.cl\/lagos\/alumnos-de-ancud-participaron-en-taller-aves-de-caulin\/","og_locale":"es_ES","og_type":"article","og_title":"Alumnos de Ancud participaron en Taller \u201cAves de Caul\u00edn\u201d - Los Lagos","og_description":"El PAR EXPLORA Los Lagos, coordinado por la ULagos, llev\u00f3 a cabo el Taller \u00abAves de Caul\u00edn\u00bb, actividad en la que participaron estudiantes del Liceo Comercial \u00abEl Pilar\u00bb de Ancud, a cargo de su profesora Sandra Hern\u00e1ndez. La iniciativa, dirigida por el Coordinador Provincial de Osorno del PAR EXPLORA Los Lagos y Bi\u00f3logo Marino de [&hellip;]","og_url":"https:\/\/dev.explora.cl\/lagos\/alumnos-de-ancud-participaron-en-taller-aves-de-caulin\/","og_site_name":"Los Lagos","article_published_time":"2014-11-19T04:00:00+00:00","article_modified_time":"2019-05-20T19:48:35+00:00","og_image":[{"width":1024,"height":613,"url":"https:\/\/dev.explora.cl\/lagos\/wp-content\/uploads\/sites\/17\/2018\/06\/e21b2626f11dbd7c071c1bdc38aee1f6.jpg","type":"image\/jpeg"}],"author":"webman","twitter_card":"summary_large_image","twitter_misc":{"Escrito por":"webman","Tiempo de lectura":"1 minuto"},"schema":{"@context":"https:\/\/schema.org","@graph":[{"@type":"Article","@id":"https:\/\/dev.explora.cl\/lagos\/alumnos-de-ancud-participaron-en-taller-aves-de-caulin\/#article","isPartOf":{"@id":"https:\/\/dev.explora.cl\/lagos\/alumnos-de-ancud-participaron-en-taller-aves-de-caulin\/"},"author":{"name":"webman","@id":"https:\/\/dev.explora.cl\/lagos\/#\/schema\/person\/cb8349c13ea2d324080adf8480d7ba5d"},"headline":"Alumnos de Ancud participaron en Taller \u201cAves de Caul\u00edn\u201d","datePublished":"2014-11-19T04:00:00+00:00","dateModified":"2019-05-20T19:48:35+00:00","mainEntityOfPage":{"@id":"https:\/\/dev.explora.cl\/lagos\/alumnos-de-ancud-participaron-en-taller-aves-de-caulin\/"},"wordCount":232,"commentCount":0,"image":{"@id":"https:\/\/dev.explora.cl\/lagos\/alumnos-de-ancud-participaron-en-taller-aves-de-caulin\/#primaryimage"},"thumbnailUrl":"https:\/\/dev.explora.cl\/lagos\/wp-content\/uploads\/sites\/17\/2018\/06\/e21b2626f11dbd7c071c1bdc38aee1f6.jpg","articleSection":["Noticias"],"inLanguage":"es","potentialAction":[{"@type":"CommentAction","name":"Comment","target":["https:\/\/dev.explora.cl\/lagos\/alumnos-de-ancud-participaron-en-taller-aves-de-caulin\/#respond"]}]},{"@type":"WebPage","@id":"https:\/\/dev.explora.cl\/lagos\/alumnos-de-ancud-participaron-en-taller-aves-de-caulin\/","url":"https:\/\/dev.explora.cl\/lagos\/alumnos-de-ancud-participaron-en-taller-aves-de-caulin\/","name":"Alumnos de Ancud participaron en Taller \u201cAves de Caul\u00edn\u201d - Los Lagos","isPartOf":{"@id":"https:\/\/dev.explora.cl\/lagos\/#website"},"primaryImageOfPage":{"@id":"https:\/\/dev.explora.cl\/lagos\/alumnos-de-ancud-participaron-en-taller-aves-de-caulin\/#primaryimage"},"image":{"@id":"https:\/\/dev.explora.cl\/lagos\/alumnos-de-ancud-participaron-en-taller-aves-de-caulin\/#primaryimage"},"thumbnailUrl":"https:\/\/dev.explora.cl\/lagos\/wp-content\/uploads\/sites\/17\/2018\/06\/e21b2626f11dbd7c071c1bdc38aee1f6.jpg","datePublished":"2014-11-19T04:00:00+00:00","dateModified":"2019-05-20T19:48:35+00:00","author":{"@id":"https:\/\/dev.explora.cl\/lagos\/#\/schema\/person\/cb8349c13ea2d324080adf8480d7ba5d"},"breadcrumb":{"@id":"https:\/\/dev.explora.cl\/lagos\/alumnos-de-ancud-participaron-en-taller-aves-de-caulin\/#breadcrumb"},"inLanguage":"es","potentialAction":[{"@type":"ReadAction","target":["https:\/\/dev.explora.cl\/lagos\/alumnos-de-ancud-participaron-en-taller-aves-de-caulin\/"]}]},{"@type":"ImageObject","inLanguage":"es","@id":"https:\/\/dev.explora.cl\/lagos\/alumnos-de-ancud-participaron-en-taller-aves-de-caulin\/#primaryimage","url":"https:\/\/dev.explora.cl\/lagos\/wp-content\/uploads\/sites\/17\/2018\/06\/e21b2626f11dbd7c071c1bdc38aee1f6.jpg","contentUrl":"https:\/\/dev.explora.cl\/lagos\/wp-content\/uploads\/sites\/17\/2018\/06\/e21b2626f11dbd7c071c1bdc38aee1f6.jpg","width":1024,"height":613},{"@type":"BreadcrumbList","@id":"https:\/\/dev.explora.cl\/lagos\/alumnos-de-ancud-participaron-en-taller-aves-de-caulin\/#breadcrumb","itemListElement":[{"@type":"ListItem","position":1,"name":"Portada","item":"https:\/\/dev.explora.cl\/lagos\/"},{"@type":"ListItem","position":2,"name":"Alumnos de Ancud participaron en Taller \u201cAves de Caul\u00edn\u201d"}]},{"@type":"WebSite","@id":"https:\/\/dev.explora.cl\/lagos\/#website","url":"https:\/\/dev.explora.cl\/lagos\/","name":"Los Lagos","description":"Otro sitio m\u00e1s de dev.explora.cl","potentialAction":[{"@type":"SearchAction","target":{"@type":"EntryPoint","urlTemplate":"https:\/\/dev.explora.cl\/lagos\/?s={search_term_string}"},"query-input":{"@type":"PropertyValueSpecification","valueRequired":true,"valueName":"search_term_string"}}],"inLanguage":"es"},{"@type":"Person","@id":"https:\/\/dev.explora.cl\/lagos\/#\/schema\/person\/cb8349c13ea2d324080adf8480d7ba5d","name":"webman","image":{"@type":"ImageObject","inLanguage":"es","@id":"https:\/\/dev.explora.cl\/lagos\/#\/schema\/person\/image\/","url":"https:\/\/secure.gravatar.com\/avatar\/eeff3c82f2c02f7177d13663b7e6f890e9a6a0647ce9bb29cae02dcb094c7312?s=96&d=mm&r=g","contentUrl":"https:\/\/secure.gravatar.com\/avatar\/eeff3c82f2c02f7177d13663b7e6f890e9a6a0647ce9bb29cae02dcb094c7312?s=96&d=mm&r=g","caption":"webman"},"url":"https:\/\/dev.explora.cl\/lagos\/author\/webman\/"}]}},"_links":{"self":[{"href":"https:\/\/dev.explora.cl\/lagos\/wp-json\/wp\/v2\/posts\/1196","targetHints":{"allow":["GET"]}}],"collection":[{"href":"https:\/\/dev.explora.cl\/lagos\/wp-json\/wp\/v2\/posts"}],"about":[{"href":"https:\/\/dev.explora.cl\/lagos\/wp-json\/wp\/v2\/types\/post"}],"author":[{"embeddable":true,"href":"https:\/\/dev.explora.cl\/lagos\/wp-json\/wp\/v2\/users\/2"}],"replies":[{"embeddable":true,"href":"https:\/\/dev.explora.cl\/lagos\/wp-json\/wp\/v2\/comments?post=1196"}],"version-history":[{"count":1,"href":"https:\/\/dev.explora.cl\/lagos\/wp-json\/wp\/v2\/posts\/1196\/revisions"}],"predecessor-version":[{"id":38270,"href":"https:\/\/dev.explora.cl\/lagos\/wp-json\/wp\/v2\/posts\/1196\/revisions\/38270"}],"wp:featuredmedia":[{"embeddable":true,"href":"https:\/\/dev.explora.cl\/lagos\/wp-json\/wp\/v2\/media\/1197"}],"wp:attachment":[{"href":"https:\/\/dev.explora.cl\/lagos\/wp-json\/wp\/v2\/media?parent=1196"}],"wp:term":[{"taxonomy":"category","embeddable":true,"href":"https:\/\/dev.explora.cl\/lagos\/wp-json\/wp\/v2\/categories?post=1196"},{"taxonomy":"post_tag","embeddable":true,"href":"https:\/\/dev.explora.cl\/lagos\/wp-json\/wp\/v2\/tags?post=1196"}],"curies":[{"name":"wp","href":"https:\/\/api.w.org\/{rel}","templated":true}]}}