{"id":1194,"date":"2014-11-18T00:00:00","date_gmt":"2014-11-18T04:00:00","guid":{"rendered":"http:\/\/ec2-34-219-152-79.us-west-2.compute.amazonaws.com\/lagos\/blog\/2014\/11\/18\/par-explora-los-lagos-presenta-segundo-capitulo-de-la-nueva-temporada-de-pura-ciencia\/"},"modified":"2019-05-20T19:48:35","modified_gmt":"2019-05-20T19:48:35","slug":"par-explora-los-lagos-presenta-segundo-capitulo-de-la-nueva-temporada-de-pura-ciencia","status":"publish","type":"post","link":"https:\/\/dev.explora.cl\/lagos\/par-explora-los-lagos-presenta-segundo-capitulo-de-la-nueva-temporada-de-pura-ciencia\/","title":{"rendered":"PAR EXPLORA Los Lagos presenta segundo cap\u00edtulo de la nueva temporada de PURA CIENCIA"},"content":{"rendered":"<p><img loading=\"lazy\" decoding=\"async\" class=\" size-full wp-image-7377\" src=\"http:\/\/ec2-34-218-253-251.us-west-2.compute.amazonaws.com\/wp-content\/uploads\/2014\/11\/69525150ee69f19c29b21d7f5dabfc82.jpg\" alt=\"\" width=\"1280\" height=\"720\" \/><\/p>\n<p style=\"text-align: justify\">\u00abEl Mar\u00bb es el tema central del segundo cap\u00edtulo de la nueva temporada del programa de Televisi\u00f3n PURA CIENCIA, del PAR EXPLORA Los Lagos, coordinado por la ULagos, y transmitido por el <a href=\"https:\/\/www.youtube.com\/user\/ExploraLosLagos2013\">Canal de YouTube <\/a>del Proyecto.<\/p>\n<p style=\"text-align: justify\">En este segundo cap\u00edtulo, el Bi\u00f3logo Marino y Director de la Escuela de Ciencias B\u00e1sicas de la Universidad Santo Tom\u00e1s, sede Osorno, Alexis Santib\u00e1\u00f1ez, se refiere al tipo de fauna marina presente en las costas del sur de Chile. Tambi\u00e9n se conoce la historia de los restos \u00f3seos de la ballena que se encuentra en el Museo Regional de Ancud.<\/p>\n<p style=\"text-align: justify\"><a href=\"https:\/\/www.youtube.com\/watch?v=Anj1UeCHZXM&amp;list=PLZ3fFM8tmRxmuY-7vZU0a9j0T2SWQALE-\"><img decoding=\"async\" class=\" alignleft size-full wp-image-7378\" src=\"http:\/\/ec2-34-218-253-251.us-west-2.compute.amazonaws.com\/wp-content\/uploads\/2014\/11\/nios_todosMAR.jpg\" border=\"0\" width=\"370\" style=\"float: left;margin: 5px 10px\" \/><\/a>Adem\u00e1s, se aborda el proyecto de investigaci\u00f3n \u00abEfecto del abono de tecas de <em>Pyura chilensis<\/em> sobre el crecimiento de <em>Lactuca sativa<\/em>\u00ab, desarrollado por los alumnos de la Escuela Francisco Cort\u00e9s Ojeda de Carelmapu. Esta investigaci\u00f3n participar\u00e1 en el Congreso Nacional Explora CONICYT 2014 en representaci\u00f3n de la Regi\u00f3n de Los Lagos.<\/p>\n<p style=\"text-align: justify\">PURA CIENCIA, desarrollado por la productora local \u00abCasa Tortuga\u00bb, cuenta con la participaci\u00f3n del t\u00edtere \u00abCitrola\u00bb que representa a una curiosa ni\u00f1a que recorre y conoce junto a su primo la ciencia y la tecnolog\u00eda presente en nuestra Regi\u00f3n.<\/p>\n<p style=\"text-align: justify\"><a href=\"https:\/\/www.youtube.com\/watch?v=Anj1UeCHZXM&amp;list=PLZ3fFM8tmRxmuY-7vZU0a9j0T2SWQALE-\"><img decoding=\"async\" class=\" alignright size-full wp-image-7379\" src=\"http:\/\/ec2-34-218-253-251.us-west-2.compute.amazonaws.com\/wp-content\/uploads\/2014\/11\/citrola_mar.jpg\" border=\"0\" width=\"370\" style=\"float: right;margin: 5px 10px\" \/><\/a>Esta segunda temporada de PURA CIENCIA est\u00e1 compuesta por ocho cap\u00edtulos y nos mostrar\u00e1 diferentes tem\u00e1ticas, desarrolladas por investigadores locales y escolares de diversas comunas de la Regi\u00f3n de Los Lagos. Es el caso de las Algas, Agricultura, Biocombustibles, Ciencias Sociales, Geolog\u00eda, Matem\u00e1ticas y Paleontolog\u00eda.<\/p>\n<p style=\"text-align: justify\">Para revisar el segundo cap\u00edtulo de PURA CIENCIA invitamos a toda la comunidad a visitar el <a href=\"https:\/\/www.youtube.com\/user\/ExploraLosLagos2013\">canal de YouTube PAR EXPLORA Los Lagos.<\/a> <\/p>\n<p>Accede directamente al <a href=\"https:\/\/www.youtube.com\/watch?v=Anj1UeCHZXM&amp;list=PLZ3fFM8tmRxmuY-7vZU0a9j0T2SWQALE-\">segundo cap\u00edtulo de la nueva temporada de PURA CIENCIA.<\/a><\/p>\n","protected":false},"excerpt":{"rendered":"<p>\u00abEl Mar\u00bb es el tema central del segundo cap\u00edtulo de la nueva temporada del programa de Televisi\u00f3n PURA CIENCIA, del PAR EXPLORA Los Lagos, coordinado por la ULagos, y transmitido por el Canal de YouTube del Proyecto. En este segundo cap\u00edtulo, el Bi\u00f3logo Marino y Director de la Escuela de Ciencias B\u00e1sicas de la Universidad [&hellip;]<\/p>\n","protected":false},"author":2,"featured_media":1195,"comment_status":"open","ping_status":"open","sticky":false,"template":"","format":"standard","meta":{"_acf_changed":false,"_exactmetrics_skip_tracking":false,"_exactmetrics_sitenote_active":false,"_exactmetrics_sitenote_note":"","_exactmetrics_sitenote_category":0,"footnotes":"","_links_to":"","_links_to_target":""},"categories":[4],"tags":[],"class_list":["post-1194","post","type-post","status-publish","format-standard","has-post-thumbnail","hentry","category-noticias"],"acf":[],"yoast_head":"<!-- This site is optimized with the Yoast SEO plugin v26.7 - https:\/\/yoast.com\/wordpress\/plugins\/seo\/ -->\n<title>PAR EXPLORA Los Lagos presenta segundo cap\u00edtulo de la nueva temporada de PURA CIENCIA - Los Lagos<\/title>\n<meta name=\"robots\" content=\"index, follow, max-snippet:-1, max-image-preview:large, max-video-preview:-1\" \/>\n<link rel=\"canonical\" href=\"https:\/\/dev.explora.cl\/lagos\/par-explora-los-lagos-presenta-segundo-capitulo-de-la-nueva-temporada-de-pura-ciencia\/\" class=\"yoast-seo-meta-tag\" \/>\n<meta property=\"og:locale\" content=\"es_ES\" class=\"yoast-seo-meta-tag\" \/>\n<meta property=\"og:type\" content=\"article\" class=\"yoast-seo-meta-tag\" \/>\n<meta property=\"og:title\" content=\"PAR EXPLORA Los Lagos presenta segundo cap\u00edtulo de la nueva temporada de PURA CIENCIA - Los Lagos\" class=\"yoast-seo-meta-tag\" \/>\n<meta property=\"og:description\" content=\"\u00abEl Mar\u00bb es el tema central del segundo cap\u00edtulo de la nueva temporada del programa de Televisi\u00f3n PURA CIENCIA, del PAR EXPLORA Los Lagos, coordinado por la ULagos, y transmitido por el Canal de YouTube del Proyecto. En este segundo cap\u00edtulo, el Bi\u00f3logo Marino y Director de la Escuela de Ciencias B\u00e1sicas de la Universidad [&hellip;]\" class=\"yoast-seo-meta-tag\" \/>\n<meta property=\"og:url\" content=\"https:\/\/dev.explora.cl\/lagos\/par-explora-los-lagos-presenta-segundo-capitulo-de-la-nueva-temporada-de-pura-ciencia\/\" class=\"yoast-seo-meta-tag\" \/>\n<meta property=\"og:site_name\" content=\"Los Lagos\" class=\"yoast-seo-meta-tag\" \/>\n<meta property=\"article:published_time\" content=\"2014-11-18T04:00:00+00:00\" class=\"yoast-seo-meta-tag\" \/>\n<meta property=\"article:modified_time\" content=\"2019-05-20T19:48:35+00:00\" class=\"yoast-seo-meta-tag\" \/>\n<meta property=\"og:image\" content=\"https:\/\/dev.explora.cl\/lagos\/wp-content\/uploads\/sites\/17\/2018\/06\/69525150ee69f19c29b21d7f5dabfc82.jpg\" class=\"yoast-seo-meta-tag\" \/>\n\t<meta property=\"og:image:width\" content=\"1280\" class=\"yoast-seo-meta-tag\" \/>\n\t<meta property=\"og:image:height\" content=\"720\" class=\"yoast-seo-meta-tag\" \/>\n\t<meta property=\"og:image:type\" content=\"image\/jpeg\" class=\"yoast-seo-meta-tag\" \/>\n<meta name=\"author\" content=\"webman\" class=\"yoast-seo-meta-tag\" \/>\n<meta name=\"twitter:card\" content=\"summary_large_image\" class=\"yoast-seo-meta-tag\" \/>\n<meta name=\"twitter:label1\" content=\"Escrito por\" class=\"yoast-seo-meta-tag\" \/>\n\t<meta name=\"twitter:data1\" content=\"webman\" class=\"yoast-seo-meta-tag\" \/>\n\t<meta name=\"twitter:label2\" content=\"Tiempo de lectura\" class=\"yoast-seo-meta-tag\" \/>\n\t<meta name=\"twitter:data2\" content=\"1 minuto\" class=\"yoast-seo-meta-tag\" \/>\n<script type=\"application\/ld+json\" class=\"yoast-schema-graph\">{\"@context\":\"https:\/\/schema.org\",\"@graph\":[{\"@type\":\"Article\",\"@id\":\"https:\/\/dev.explora.cl\/lagos\/par-explora-los-lagos-presenta-segundo-capitulo-de-la-nueva-temporada-de-pura-ciencia\/#article\",\"isPartOf\":{\"@id\":\"https:\/\/dev.explora.cl\/lagos\/par-explora-los-lagos-presenta-segundo-capitulo-de-la-nueva-temporada-de-pura-ciencia\/\"},\"author\":{\"name\":\"webman\",\"@id\":\"https:\/\/dev.explora.cl\/lagos\/#\/schema\/person\/cb8349c13ea2d324080adf8480d7ba5d\"},\"headline\":\"PAR EXPLORA Los Lagos presenta segundo cap\u00edtulo de la nueva temporada de PURA CIENCIA\",\"datePublished\":\"2014-11-18T04:00:00+00:00\",\"dateModified\":\"2019-05-20T19:48:35+00:00\",\"mainEntityOfPage\":{\"@id\":\"https:\/\/dev.explora.cl\/lagos\/par-explora-los-lagos-presenta-segundo-capitulo-de-la-nueva-temporada-de-pura-ciencia\/\"},\"wordCount\":308,\"commentCount\":0,\"image\":{\"@id\":\"https:\/\/dev.explora.cl\/lagos\/par-explora-los-lagos-presenta-segundo-capitulo-de-la-nueva-temporada-de-pura-ciencia\/#primaryimage\"},\"thumbnailUrl\":\"https:\/\/dev.explora.cl\/lagos\/wp-content\/uploads\/sites\/17\/2018\/06\/69525150ee69f19c29b21d7f5dabfc82.jpg\",\"articleSection\":[\"Noticias\"],\"inLanguage\":\"es\",\"potentialAction\":[{\"@type\":\"CommentAction\",\"name\":\"Comment\",\"target\":[\"https:\/\/dev.explora.cl\/lagos\/par-explora-los-lagos-presenta-segundo-capitulo-de-la-nueva-temporada-de-pura-ciencia\/#respond\"]}]},{\"@type\":\"WebPage\",\"@id\":\"https:\/\/dev.explora.cl\/lagos\/par-explora-los-lagos-presenta-segundo-capitulo-de-la-nueva-temporada-de-pura-ciencia\/\",\"url\":\"https:\/\/dev.explora.cl\/lagos\/par-explora-los-lagos-presenta-segundo-capitulo-de-la-nueva-temporada-de-pura-ciencia\/\",\"name\":\"PAR EXPLORA Los Lagos presenta segundo cap\u00edtulo de la nueva temporada de PURA CIENCIA - Los Lagos\",\"isPartOf\":{\"@id\":\"https:\/\/dev.explora.cl\/lagos\/#website\"},\"primaryImageOfPage\":{\"@id\":\"https:\/\/dev.explora.cl\/lagos\/par-explora-los-lagos-presenta-segundo-capitulo-de-la-nueva-temporada-de-pura-ciencia\/#primaryimage\"},\"image\":{\"@id\":\"https:\/\/dev.explora.cl\/lagos\/par-explora-los-lagos-presenta-segundo-capitulo-de-la-nueva-temporada-de-pura-ciencia\/#primaryimage\"},\"thumbnailUrl\":\"https:\/\/dev.explora.cl\/lagos\/wp-content\/uploads\/sites\/17\/2018\/06\/69525150ee69f19c29b21d7f5dabfc82.jpg\",\"datePublished\":\"2014-11-18T04:00:00+00:00\",\"dateModified\":\"2019-05-20T19:48:35+00:00\",\"author\":{\"@id\":\"https:\/\/dev.explora.cl\/lagos\/#\/schema\/person\/cb8349c13ea2d324080adf8480d7ba5d\"},\"breadcrumb\":{\"@id\":\"https:\/\/dev.explora.cl\/lagos\/par-explora-los-lagos-presenta-segundo-capitulo-de-la-nueva-temporada-de-pura-ciencia\/#breadcrumb\"},\"inLanguage\":\"es\",\"potentialAction\":[{\"@type\":\"ReadAction\",\"target\":[\"https:\/\/dev.explora.cl\/lagos\/par-explora-los-lagos-presenta-segundo-capitulo-de-la-nueva-temporada-de-pura-ciencia\/\"]}]},{\"@type\":\"ImageObject\",\"inLanguage\":\"es\",\"@id\":\"https:\/\/dev.explora.cl\/lagos\/par-explora-los-lagos-presenta-segundo-capitulo-de-la-nueva-temporada-de-pura-ciencia\/#primaryimage\",\"url\":\"https:\/\/dev.explora.cl\/lagos\/wp-content\/uploads\/sites\/17\/2018\/06\/69525150ee69f19c29b21d7f5dabfc82.jpg\",\"contentUrl\":\"https:\/\/dev.explora.cl\/lagos\/wp-content\/uploads\/sites\/17\/2018\/06\/69525150ee69f19c29b21d7f5dabfc82.jpg\",\"width\":1280,\"height\":720},{\"@type\":\"BreadcrumbList\",\"@id\":\"https:\/\/dev.explora.cl\/lagos\/par-explora-los-lagos-presenta-segundo-capitulo-de-la-nueva-temporada-de-pura-ciencia\/#breadcrumb\",\"itemListElement\":[{\"@type\":\"ListItem\",\"position\":1,\"name\":\"Portada\",\"item\":\"https:\/\/dev.explora.cl\/lagos\/\"},{\"@type\":\"ListItem\",\"position\":2,\"name\":\"PAR EXPLORA Los Lagos presenta segundo cap\u00edtulo de la nueva temporada de PURA CIENCIA\"}]},{\"@type\":\"WebSite\",\"@id\":\"https:\/\/dev.explora.cl\/lagos\/#website\",\"url\":\"https:\/\/dev.explora.cl\/lagos\/\",\"name\":\"Los Lagos\",\"description\":\"Otro sitio m\u00e1s de dev.explora.cl\",\"potentialAction\":[{\"@type\":\"SearchAction\",\"target\":{\"@type\":\"EntryPoint\",\"urlTemplate\":\"https:\/\/dev.explora.cl\/lagos\/?s={search_term_string}\"},\"query-input\":{\"@type\":\"PropertyValueSpecification\",\"valueRequired\":true,\"valueName\":\"search_term_string\"}}],\"inLanguage\":\"es\"},{\"@type\":\"Person\",\"@id\":\"https:\/\/dev.explora.cl\/lagos\/#\/schema\/person\/cb8349c13ea2d324080adf8480d7ba5d\",\"name\":\"webman\",\"image\":{\"@type\":\"ImageObject\",\"inLanguage\":\"es\",\"@id\":\"https:\/\/dev.explora.cl\/lagos\/#\/schema\/person\/image\/\",\"url\":\"https:\/\/secure.gravatar.com\/avatar\/eeff3c82f2c02f7177d13663b7e6f890e9a6a0647ce9bb29cae02dcb094c7312?s=96&d=mm&r=g\",\"contentUrl\":\"https:\/\/secure.gravatar.com\/avatar\/eeff3c82f2c02f7177d13663b7e6f890e9a6a0647ce9bb29cae02dcb094c7312?s=96&d=mm&r=g\",\"caption\":\"webman\"},\"url\":\"https:\/\/dev.explora.cl\/lagos\/author\/webman\/\"}]}<\/script>\n<!-- \/ Yoast SEO plugin. -->","yoast_head_json":{"title":"PAR EXPLORA Los Lagos presenta segundo cap\u00edtulo de la nueva temporada de PURA CIENCIA - Los Lagos","robots":{"index":"index","follow":"follow","max-snippet":"max-snippet:-1","max-image-preview":"max-image-preview:large","max-video-preview":"max-video-preview:-1"},"canonical":"https:\/\/dev.explora.cl\/lagos\/par-explora-los-lagos-presenta-segundo-capitulo-de-la-nueva-temporada-de-pura-ciencia\/","og_locale":"es_ES","og_type":"article","og_title":"PAR EXPLORA Los Lagos presenta segundo cap\u00edtulo de la nueva temporada de PURA CIENCIA - Los Lagos","og_description":"\u00abEl Mar\u00bb es el tema central del segundo cap\u00edtulo de la nueva temporada del programa de Televisi\u00f3n PURA CIENCIA, del PAR EXPLORA Los Lagos, coordinado por la ULagos, y transmitido por el Canal de YouTube del Proyecto. En este segundo cap\u00edtulo, el Bi\u00f3logo Marino y Director de la Escuela de Ciencias B\u00e1sicas de la Universidad [&hellip;]","og_url":"https:\/\/dev.explora.cl\/lagos\/par-explora-los-lagos-presenta-segundo-capitulo-de-la-nueva-temporada-de-pura-ciencia\/","og_site_name":"Los Lagos","article_published_time":"2014-11-18T04:00:00+00:00","article_modified_time":"2019-05-20T19:48:35+00:00","og_image":[{"width":1280,"height":720,"url":"https:\/\/dev.explora.cl\/lagos\/wp-content\/uploads\/sites\/17\/2018\/06\/69525150ee69f19c29b21d7f5dabfc82.jpg","type":"image\/jpeg"}],"author":"webman","twitter_card":"summary_large_image","twitter_misc":{"Escrito por":"webman","Tiempo de lectura":"1 minuto"},"schema":{"@context":"https:\/\/schema.org","@graph":[{"@type":"Article","@id":"https:\/\/dev.explora.cl\/lagos\/par-explora-los-lagos-presenta-segundo-capitulo-de-la-nueva-temporada-de-pura-ciencia\/#article","isPartOf":{"@id":"https:\/\/dev.explora.cl\/lagos\/par-explora-los-lagos-presenta-segundo-capitulo-de-la-nueva-temporada-de-pura-ciencia\/"},"author":{"name":"webman","@id":"https:\/\/dev.explora.cl\/lagos\/#\/schema\/person\/cb8349c13ea2d324080adf8480d7ba5d"},"headline":"PAR EXPLORA Los Lagos presenta segundo cap\u00edtulo de la nueva temporada de PURA CIENCIA","datePublished":"2014-11-18T04:00:00+00:00","dateModified":"2019-05-20T19:48:35+00:00","mainEntityOfPage":{"@id":"https:\/\/dev.explora.cl\/lagos\/par-explora-los-lagos-presenta-segundo-capitulo-de-la-nueva-temporada-de-pura-ciencia\/"},"wordCount":308,"commentCount":0,"image":{"@id":"https:\/\/dev.explora.cl\/lagos\/par-explora-los-lagos-presenta-segundo-capitulo-de-la-nueva-temporada-de-pura-ciencia\/#primaryimage"},"thumbnailUrl":"https:\/\/dev.explora.cl\/lagos\/wp-content\/uploads\/sites\/17\/2018\/06\/69525150ee69f19c29b21d7f5dabfc82.jpg","articleSection":["Noticias"],"inLanguage":"es","potentialAction":[{"@type":"CommentAction","name":"Comment","target":["https:\/\/dev.explora.cl\/lagos\/par-explora-los-lagos-presenta-segundo-capitulo-de-la-nueva-temporada-de-pura-ciencia\/#respond"]}]},{"@type":"WebPage","@id":"https:\/\/dev.explora.cl\/lagos\/par-explora-los-lagos-presenta-segundo-capitulo-de-la-nueva-temporada-de-pura-ciencia\/","url":"https:\/\/dev.explora.cl\/lagos\/par-explora-los-lagos-presenta-segundo-capitulo-de-la-nueva-temporada-de-pura-ciencia\/","name":"PAR EXPLORA Los Lagos presenta segundo cap\u00edtulo de la nueva temporada de PURA CIENCIA - Los Lagos","isPartOf":{"@id":"https:\/\/dev.explora.cl\/lagos\/#website"},"primaryImageOfPage":{"@id":"https:\/\/dev.explora.cl\/lagos\/par-explora-los-lagos-presenta-segundo-capitulo-de-la-nueva-temporada-de-pura-ciencia\/#primaryimage"},"image":{"@id":"https:\/\/dev.explora.cl\/lagos\/par-explora-los-lagos-presenta-segundo-capitulo-de-la-nueva-temporada-de-pura-ciencia\/#primaryimage"},"thumbnailUrl":"https:\/\/dev.explora.cl\/lagos\/wp-content\/uploads\/sites\/17\/2018\/06\/69525150ee69f19c29b21d7f5dabfc82.jpg","datePublished":"2014-11-18T04:00:00+00:00","dateModified":"2019-05-20T19:48:35+00:00","author":{"@id":"https:\/\/dev.explora.cl\/lagos\/#\/schema\/person\/cb8349c13ea2d324080adf8480d7ba5d"},"breadcrumb":{"@id":"https:\/\/dev.explora.cl\/lagos\/par-explora-los-lagos-presenta-segundo-capitulo-de-la-nueva-temporada-de-pura-ciencia\/#breadcrumb"},"inLanguage":"es","potentialAction":[{"@type":"ReadAction","target":["https:\/\/dev.explora.cl\/lagos\/par-explora-los-lagos-presenta-segundo-capitulo-de-la-nueva-temporada-de-pura-ciencia\/"]}]},{"@type":"ImageObject","inLanguage":"es","@id":"https:\/\/dev.explora.cl\/lagos\/par-explora-los-lagos-presenta-segundo-capitulo-de-la-nueva-temporada-de-pura-ciencia\/#primaryimage","url":"https:\/\/dev.explora.cl\/lagos\/wp-content\/uploads\/sites\/17\/2018\/06\/69525150ee69f19c29b21d7f5dabfc82.jpg","contentUrl":"https:\/\/dev.explora.cl\/lagos\/wp-content\/uploads\/sites\/17\/2018\/06\/69525150ee69f19c29b21d7f5dabfc82.jpg","width":1280,"height":720},{"@type":"BreadcrumbList","@id":"https:\/\/dev.explora.cl\/lagos\/par-explora-los-lagos-presenta-segundo-capitulo-de-la-nueva-temporada-de-pura-ciencia\/#breadcrumb","itemListElement":[{"@type":"ListItem","position":1,"name":"Portada","item":"https:\/\/dev.explora.cl\/lagos\/"},{"@type":"ListItem","position":2,"name":"PAR EXPLORA Los Lagos presenta segundo cap\u00edtulo de la nueva temporada de PURA CIENCIA"}]},{"@type":"WebSite","@id":"https:\/\/dev.explora.cl\/lagos\/#website","url":"https:\/\/dev.explora.cl\/lagos\/","name":"Los Lagos","description":"Otro sitio m\u00e1s de dev.explora.cl","potentialAction":[{"@type":"SearchAction","target":{"@type":"EntryPoint","urlTemplate":"https:\/\/dev.explora.cl\/lagos\/?s={search_term_string}"},"query-input":{"@type":"PropertyValueSpecification","valueRequired":true,"valueName":"search_term_string"}}],"inLanguage":"es"},{"@type":"Person","@id":"https:\/\/dev.explora.cl\/lagos\/#\/schema\/person\/cb8349c13ea2d324080adf8480d7ba5d","name":"webman","image":{"@type":"ImageObject","inLanguage":"es","@id":"https:\/\/dev.explora.cl\/lagos\/#\/schema\/person\/image\/","url":"https:\/\/secure.gravatar.com\/avatar\/eeff3c82f2c02f7177d13663b7e6f890e9a6a0647ce9bb29cae02dcb094c7312?s=96&d=mm&r=g","contentUrl":"https:\/\/secure.gravatar.com\/avatar\/eeff3c82f2c02f7177d13663b7e6f890e9a6a0647ce9bb29cae02dcb094c7312?s=96&d=mm&r=g","caption":"webman"},"url":"https:\/\/dev.explora.cl\/lagos\/author\/webman\/"}]}},"_links":{"self":[{"href":"https:\/\/dev.explora.cl\/lagos\/wp-json\/wp\/v2\/posts\/1194","targetHints":{"allow":["GET"]}}],"collection":[{"href":"https:\/\/dev.explora.cl\/lagos\/wp-json\/wp\/v2\/posts"}],"about":[{"href":"https:\/\/dev.explora.cl\/lagos\/wp-json\/wp\/v2\/types\/post"}],"author":[{"embeddable":true,"href":"https:\/\/dev.explora.cl\/lagos\/wp-json\/wp\/v2\/users\/2"}],"replies":[{"embeddable":true,"href":"https:\/\/dev.explora.cl\/lagos\/wp-json\/wp\/v2\/comments?post=1194"}],"version-history":[{"count":1,"href":"https:\/\/dev.explora.cl\/lagos\/wp-json\/wp\/v2\/posts\/1194\/revisions"}],"predecessor-version":[{"id":38271,"href":"https:\/\/dev.explora.cl\/lagos\/wp-json\/wp\/v2\/posts\/1194\/revisions\/38271"}],"wp:featuredmedia":[{"embeddable":true,"href":"https:\/\/dev.explora.cl\/lagos\/wp-json\/wp\/v2\/media\/1195"}],"wp:attachment":[{"href":"https:\/\/dev.explora.cl\/lagos\/wp-json\/wp\/v2\/media?parent=1194"}],"wp:term":[{"taxonomy":"category","embeddable":true,"href":"https:\/\/dev.explora.cl\/lagos\/wp-json\/wp\/v2\/categories?post=1194"},{"taxonomy":"post_tag","embeddable":true,"href":"https:\/\/dev.explora.cl\/lagos\/wp-json\/wp\/v2\/tags?post=1194"}],"curies":[{"name":"wp","href":"https:\/\/api.w.org\/{rel}","templated":true}]}}