{"id":1191,"date":"2014-11-13T00:00:00","date_gmt":"2014-11-13T04:00:00","guid":{"rendered":"http:\/\/ec2-34-219-152-79.us-west-2.compute.amazonaws.com\/lagos\/blog\/2014\/11\/13\/par-explora-los-lagos-presenta-segunda-temporada-de-pura-ciencia\/"},"modified":"2019-05-20T19:48:36","modified_gmt":"2019-05-20T19:48:36","slug":"par-explora-los-lagos-presenta-segunda-temporada-de-pura-ciencia","status":"publish","type":"post","link":"https:\/\/dev.explora.cl\/lagos\/par-explora-los-lagos-presenta-segunda-temporada-de-pura-ciencia\/","title":{"rendered":"PAR EXPLORA Los Lagos presenta segunda temporada de PURA CIENCIA"},"content":{"rendered":"<p><img loading=\"lazy\" decoding=\"async\" class=\" size-full wp-image-7204\" src=\"http:\/\/ec2-34-218-253-251.us-west-2.compute.amazonaws.com\/wp-content\/uploads\/2014\/11\/2c3b54c343fb0e46b77fe1723e89ccb5.jpg\" alt=\"\" width=\"4000\" height=\"2250\" \/><\/p>\n<p style=\"text-align: justify\">El PAR EXPLORA Los Lagos, coordinado por la ULagos, estren\u00f3 la segunda temporada de su programa de Televisi\u00f3n PURA CIENCIA, transmitido por su Canal de Youtube. La presentaci\u00f3n se realiz\u00f3 en el contexto de la Feria Comunal de Ciencias de la comuna de Hualaihu\u00e9, realizada en la Escuela Rural Aulen.<\/p>\n<p style=\"text-align: justify\">PURA CIENCIA, desarrollado por la productora local \u00abCasa Tortuga\u00bb, cuenta con la participaci\u00f3n del t\u00edtere \u00abCitrola\u00bb que representa a una curiosa ni\u00f1a que recorre y conoce junto a su primo la ciencia y la tecnolog\u00eda presente en nuestra Regi\u00f3n.<\/p>\n<p style=\"text-align: justify\">El primer cap\u00edtulo de PURA CIENCIA, se denomina \u00abGeolog\u00eda y Paleontolog\u00eda\u00bb y aborda la experiencia de los estudiantes de la Escuela de Futaleuf\u00fa, quienes a trav\u00e9s de un Club de Apoyo a la Investigaci\u00f3n Cient\u00edfica Escolar (CAICE) de EXPLORA Los Lagos, investigan los f\u00f3siles encontrados en el R\u00edo Azul de Futaleuf\u00fa.<\/p>\n<p style=\"text-align: justify\"><a href=\"https:\/\/www.youtube.com\/watch?v=ZbZtviA_tuY\"><img decoding=\"async\" class=\" alignleft size-full wp-image-7205\" src=\"http:\/\/ec2-34-218-253-251.us-west-2.compute.amazonaws.com\/wp-content\/uploads\/2014\/11\/pura_ciencia2-01.jpg\" border=\"0\" width=\"300\" style=\"float: left;margin: 5px 10px\" \/><\/a>En este proceso los acompa\u00f1a el Profesor de Ciencias del establecimiento, Jonathan Rojas, y el Paleont\u00f3logo de la Universidad Austral de Chile, Sven Nielsen.<\/p>\n<p style=\"text-align: justify\">Esta segunda temporada estar\u00e1 compuesta por ocho cap\u00edtulos y nos mostrar\u00e1 diferentes tem\u00e1ticas, desarrolladas por investigadores locales y escolares de diversas comunas de la Regi\u00f3n de Los Lagos. Es el caso de las Algas, Agricultura, Biocombustibles, Ciencias Sociales, Geolog\u00eda, Matem\u00e1ticas, Mar y Paleontolog\u00eda.<\/p>\n<p style=\"text-align: justify\">Para revisar el primer cap\u00edtulo de PURA CIENCIA te invitamos a visitar el <a href=\"https:\/\/www.youtube.com\/user\/ExploraLosLagos2013\">Canal de Youtube PAR EXPLORA Los Lagos.<br \/><\/a><a href=\"https:\/\/www.youtube.com\/watch?v=ZbZtviA_tuY\">Accede directamente al Cap\u00edtulo <span>\u00abGeolog\u00eda y Paleontolog\u00eda\u00bb.<\/span>\u00a0<\/a><\/p>\n","protected":false},"excerpt":{"rendered":"<p>El PAR EXPLORA Los Lagos, coordinado por la ULagos, estren\u00f3 la segunda temporada de su programa de Televisi\u00f3n PURA CIENCIA, transmitido por su Canal de Youtube. La presentaci\u00f3n se realiz\u00f3 en el contexto de la Feria Comunal de Ciencias de la comuna de Hualaihu\u00e9, realizada en la Escuela Rural Aulen. PURA CIENCIA, desarrollado por la [&hellip;]<\/p>\n","protected":false},"author":2,"featured_media":1192,"comment_status":"open","ping_status":"open","sticky":false,"template":"","format":"standard","meta":{"_acf_changed":false,"_exactmetrics_skip_tracking":false,"_exactmetrics_sitenote_active":false,"_exactmetrics_sitenote_note":"","_exactmetrics_sitenote_category":0,"footnotes":"","_links_to":"","_links_to_target":""},"categories":[4],"tags":[],"class_list":["post-1191","post","type-post","status-publish","format-standard","has-post-thumbnail","hentry","category-noticias"],"acf":[],"yoast_head":"<!-- This site is optimized with the Yoast SEO plugin v26.7 - https:\/\/yoast.com\/wordpress\/plugins\/seo\/ -->\n<title>PAR EXPLORA Los Lagos presenta segunda temporada de PURA CIENCIA - Los Lagos<\/title>\n<meta name=\"robots\" content=\"index, follow, max-snippet:-1, max-image-preview:large, max-video-preview:-1\" \/>\n<link rel=\"canonical\" href=\"https:\/\/dev.explora.cl\/lagos\/par-explora-los-lagos-presenta-segunda-temporada-de-pura-ciencia\/\" class=\"yoast-seo-meta-tag\" \/>\n<meta property=\"og:locale\" content=\"es_ES\" class=\"yoast-seo-meta-tag\" \/>\n<meta property=\"og:type\" content=\"article\" class=\"yoast-seo-meta-tag\" \/>\n<meta property=\"og:title\" content=\"PAR EXPLORA Los Lagos presenta segunda temporada de PURA CIENCIA - Los Lagos\" class=\"yoast-seo-meta-tag\" \/>\n<meta property=\"og:description\" content=\"El PAR EXPLORA Los Lagos, coordinado por la ULagos, estren\u00f3 la segunda temporada de su programa de Televisi\u00f3n PURA CIENCIA, transmitido por su Canal de Youtube. La presentaci\u00f3n se realiz\u00f3 en el contexto de la Feria Comunal de Ciencias de la comuna de Hualaihu\u00e9, realizada en la Escuela Rural Aulen. PURA CIENCIA, desarrollado por la [&hellip;]\" class=\"yoast-seo-meta-tag\" \/>\n<meta property=\"og:url\" content=\"https:\/\/dev.explora.cl\/lagos\/par-explora-los-lagos-presenta-segunda-temporada-de-pura-ciencia\/\" class=\"yoast-seo-meta-tag\" \/>\n<meta property=\"og:site_name\" content=\"Los Lagos\" class=\"yoast-seo-meta-tag\" \/>\n<meta property=\"article:published_time\" content=\"2014-11-13T04:00:00+00:00\" class=\"yoast-seo-meta-tag\" \/>\n<meta property=\"article:modified_time\" content=\"2019-05-20T19:48:36+00:00\" class=\"yoast-seo-meta-tag\" \/>\n<meta property=\"og:image\" content=\"https:\/\/dev.explora.cl\/lagos\/wp-content\/uploads\/sites\/17\/2018\/06\/2c3b54c343fb0e46b77fe1723e89ccb5-1024x576.jpg\" class=\"yoast-seo-meta-tag\" \/>\n\t<meta property=\"og:image:width\" content=\"1024\" class=\"yoast-seo-meta-tag\" \/>\n\t<meta property=\"og:image:height\" content=\"576\" class=\"yoast-seo-meta-tag\" \/>\n\t<meta property=\"og:image:type\" content=\"image\/jpeg\" class=\"yoast-seo-meta-tag\" \/>\n<meta name=\"author\" content=\"webman\" class=\"yoast-seo-meta-tag\" \/>\n<meta name=\"twitter:card\" content=\"summary_large_image\" class=\"yoast-seo-meta-tag\" \/>\n<meta name=\"twitter:label1\" content=\"Escrito por\" class=\"yoast-seo-meta-tag\" \/>\n\t<meta name=\"twitter:data1\" content=\"webman\" class=\"yoast-seo-meta-tag\" \/>\n\t<meta name=\"twitter:label2\" content=\"Tiempo de lectura\" class=\"yoast-seo-meta-tag\" \/>\n\t<meta name=\"twitter:data2\" content=\"1 minuto\" class=\"yoast-seo-meta-tag\" \/>\n<script type=\"application\/ld+json\" class=\"yoast-schema-graph\">{\"@context\":\"https:\/\/schema.org\",\"@graph\":[{\"@type\":\"Article\",\"@id\":\"https:\/\/dev.explora.cl\/lagos\/par-explora-los-lagos-presenta-segunda-temporada-de-pura-ciencia\/#article\",\"isPartOf\":{\"@id\":\"https:\/\/dev.explora.cl\/lagos\/par-explora-los-lagos-presenta-segunda-temporada-de-pura-ciencia\/\"},\"author\":{\"name\":\"webman\",\"@id\":\"https:\/\/dev.explora.cl\/lagos\/#\/schema\/person\/cb8349c13ea2d324080adf8480d7ba5d\"},\"headline\":\"PAR EXPLORA Los Lagos presenta segunda temporada de PURA CIENCIA\",\"datePublished\":\"2014-11-13T04:00:00+00:00\",\"dateModified\":\"2019-05-20T19:48:36+00:00\",\"mainEntityOfPage\":{\"@id\":\"https:\/\/dev.explora.cl\/lagos\/par-explora-los-lagos-presenta-segunda-temporada-de-pura-ciencia\/\"},\"wordCount\":271,\"commentCount\":0,\"image\":{\"@id\":\"https:\/\/dev.explora.cl\/lagos\/par-explora-los-lagos-presenta-segunda-temporada-de-pura-ciencia\/#primaryimage\"},\"thumbnailUrl\":\"https:\/\/dev.explora.cl\/lagos\/wp-content\/uploads\/sites\/17\/2018\/06\/2c3b54c343fb0e46b77fe1723e89ccb5.jpg\",\"articleSection\":[\"Noticias\"],\"inLanguage\":\"es\",\"potentialAction\":[{\"@type\":\"CommentAction\",\"name\":\"Comment\",\"target\":[\"https:\/\/dev.explora.cl\/lagos\/par-explora-los-lagos-presenta-segunda-temporada-de-pura-ciencia\/#respond\"]}]},{\"@type\":\"WebPage\",\"@id\":\"https:\/\/dev.explora.cl\/lagos\/par-explora-los-lagos-presenta-segunda-temporada-de-pura-ciencia\/\",\"url\":\"https:\/\/dev.explora.cl\/lagos\/par-explora-los-lagos-presenta-segunda-temporada-de-pura-ciencia\/\",\"name\":\"PAR EXPLORA Los Lagos presenta segunda temporada de PURA CIENCIA - Los Lagos\",\"isPartOf\":{\"@id\":\"https:\/\/dev.explora.cl\/lagos\/#website\"},\"primaryImageOfPage\":{\"@id\":\"https:\/\/dev.explora.cl\/lagos\/par-explora-los-lagos-presenta-segunda-temporada-de-pura-ciencia\/#primaryimage\"},\"image\":{\"@id\":\"https:\/\/dev.explora.cl\/lagos\/par-explora-los-lagos-presenta-segunda-temporada-de-pura-ciencia\/#primaryimage\"},\"thumbnailUrl\":\"https:\/\/dev.explora.cl\/lagos\/wp-content\/uploads\/sites\/17\/2018\/06\/2c3b54c343fb0e46b77fe1723e89ccb5.jpg\",\"datePublished\":\"2014-11-13T04:00:00+00:00\",\"dateModified\":\"2019-05-20T19:48:36+00:00\",\"author\":{\"@id\":\"https:\/\/dev.explora.cl\/lagos\/#\/schema\/person\/cb8349c13ea2d324080adf8480d7ba5d\"},\"breadcrumb\":{\"@id\":\"https:\/\/dev.explora.cl\/lagos\/par-explora-los-lagos-presenta-segunda-temporada-de-pura-ciencia\/#breadcrumb\"},\"inLanguage\":\"es\",\"potentialAction\":[{\"@type\":\"ReadAction\",\"target\":[\"https:\/\/dev.explora.cl\/lagos\/par-explora-los-lagos-presenta-segunda-temporada-de-pura-ciencia\/\"]}]},{\"@type\":\"ImageObject\",\"inLanguage\":\"es\",\"@id\":\"https:\/\/dev.explora.cl\/lagos\/par-explora-los-lagos-presenta-segunda-temporada-de-pura-ciencia\/#primaryimage\",\"url\":\"https:\/\/dev.explora.cl\/lagos\/wp-content\/uploads\/sites\/17\/2018\/06\/2c3b54c343fb0e46b77fe1723e89ccb5.jpg\",\"contentUrl\":\"https:\/\/dev.explora.cl\/lagos\/wp-content\/uploads\/sites\/17\/2018\/06\/2c3b54c343fb0e46b77fe1723e89ccb5.jpg\",\"width\":4000,\"height\":2250},{\"@type\":\"BreadcrumbList\",\"@id\":\"https:\/\/dev.explora.cl\/lagos\/par-explora-los-lagos-presenta-segunda-temporada-de-pura-ciencia\/#breadcrumb\",\"itemListElement\":[{\"@type\":\"ListItem\",\"position\":1,\"name\":\"Portada\",\"item\":\"https:\/\/dev.explora.cl\/lagos\/\"},{\"@type\":\"ListItem\",\"position\":2,\"name\":\"PAR EXPLORA Los Lagos presenta segunda temporada de PURA CIENCIA\"}]},{\"@type\":\"WebSite\",\"@id\":\"https:\/\/dev.explora.cl\/lagos\/#website\",\"url\":\"https:\/\/dev.explora.cl\/lagos\/\",\"name\":\"Los Lagos\",\"description\":\"Otro sitio m\u00e1s de dev.explora.cl\",\"potentialAction\":[{\"@type\":\"SearchAction\",\"target\":{\"@type\":\"EntryPoint\",\"urlTemplate\":\"https:\/\/dev.explora.cl\/lagos\/?s={search_term_string}\"},\"query-input\":{\"@type\":\"PropertyValueSpecification\",\"valueRequired\":true,\"valueName\":\"search_term_string\"}}],\"inLanguage\":\"es\"},{\"@type\":\"Person\",\"@id\":\"https:\/\/dev.explora.cl\/lagos\/#\/schema\/person\/cb8349c13ea2d324080adf8480d7ba5d\",\"name\":\"webman\",\"image\":{\"@type\":\"ImageObject\",\"inLanguage\":\"es\",\"@id\":\"https:\/\/dev.explora.cl\/lagos\/#\/schema\/person\/image\/\",\"url\":\"https:\/\/secure.gravatar.com\/avatar\/eeff3c82f2c02f7177d13663b7e6f890e9a6a0647ce9bb29cae02dcb094c7312?s=96&d=mm&r=g\",\"contentUrl\":\"https:\/\/secure.gravatar.com\/avatar\/eeff3c82f2c02f7177d13663b7e6f890e9a6a0647ce9bb29cae02dcb094c7312?s=96&d=mm&r=g\",\"caption\":\"webman\"},\"url\":\"https:\/\/dev.explora.cl\/lagos\/author\/webman\/\"}]}<\/script>\n<!-- \/ Yoast SEO plugin. -->","yoast_head_json":{"title":"PAR EXPLORA Los Lagos presenta segunda temporada de PURA CIENCIA - Los Lagos","robots":{"index":"index","follow":"follow","max-snippet":"max-snippet:-1","max-image-preview":"max-image-preview:large","max-video-preview":"max-video-preview:-1"},"canonical":"https:\/\/dev.explora.cl\/lagos\/par-explora-los-lagos-presenta-segunda-temporada-de-pura-ciencia\/","og_locale":"es_ES","og_type":"article","og_title":"PAR EXPLORA Los Lagos presenta segunda temporada de PURA CIENCIA - Los Lagos","og_description":"El PAR EXPLORA Los Lagos, coordinado por la ULagos, estren\u00f3 la segunda temporada de su programa de Televisi\u00f3n PURA CIENCIA, transmitido por su Canal de Youtube. La presentaci\u00f3n se realiz\u00f3 en el contexto de la Feria Comunal de Ciencias de la comuna de Hualaihu\u00e9, realizada en la Escuela Rural Aulen. PURA CIENCIA, desarrollado por la [&hellip;]","og_url":"https:\/\/dev.explora.cl\/lagos\/par-explora-los-lagos-presenta-segunda-temporada-de-pura-ciencia\/","og_site_name":"Los Lagos","article_published_time":"2014-11-13T04:00:00+00:00","article_modified_time":"2019-05-20T19:48:36+00:00","og_image":[{"width":1024,"height":576,"url":"https:\/\/dev.explora.cl\/lagos\/wp-content\/uploads\/sites\/17\/2018\/06\/2c3b54c343fb0e46b77fe1723e89ccb5-1024x576.jpg","type":"image\/jpeg"}],"author":"webman","twitter_card":"summary_large_image","twitter_misc":{"Escrito por":"webman","Tiempo de lectura":"1 minuto"},"schema":{"@context":"https:\/\/schema.org","@graph":[{"@type":"Article","@id":"https:\/\/dev.explora.cl\/lagos\/par-explora-los-lagos-presenta-segunda-temporada-de-pura-ciencia\/#article","isPartOf":{"@id":"https:\/\/dev.explora.cl\/lagos\/par-explora-los-lagos-presenta-segunda-temporada-de-pura-ciencia\/"},"author":{"name":"webman","@id":"https:\/\/dev.explora.cl\/lagos\/#\/schema\/person\/cb8349c13ea2d324080adf8480d7ba5d"},"headline":"PAR EXPLORA Los Lagos presenta segunda temporada de PURA CIENCIA","datePublished":"2014-11-13T04:00:00+00:00","dateModified":"2019-05-20T19:48:36+00:00","mainEntityOfPage":{"@id":"https:\/\/dev.explora.cl\/lagos\/par-explora-los-lagos-presenta-segunda-temporada-de-pura-ciencia\/"},"wordCount":271,"commentCount":0,"image":{"@id":"https:\/\/dev.explora.cl\/lagos\/par-explora-los-lagos-presenta-segunda-temporada-de-pura-ciencia\/#primaryimage"},"thumbnailUrl":"https:\/\/dev.explora.cl\/lagos\/wp-content\/uploads\/sites\/17\/2018\/06\/2c3b54c343fb0e46b77fe1723e89ccb5.jpg","articleSection":["Noticias"],"inLanguage":"es","potentialAction":[{"@type":"CommentAction","name":"Comment","target":["https:\/\/dev.explora.cl\/lagos\/par-explora-los-lagos-presenta-segunda-temporada-de-pura-ciencia\/#respond"]}]},{"@type":"WebPage","@id":"https:\/\/dev.explora.cl\/lagos\/par-explora-los-lagos-presenta-segunda-temporada-de-pura-ciencia\/","url":"https:\/\/dev.explora.cl\/lagos\/par-explora-los-lagos-presenta-segunda-temporada-de-pura-ciencia\/","name":"PAR EXPLORA Los Lagos presenta segunda temporada de PURA CIENCIA - Los Lagos","isPartOf":{"@id":"https:\/\/dev.explora.cl\/lagos\/#website"},"primaryImageOfPage":{"@id":"https:\/\/dev.explora.cl\/lagos\/par-explora-los-lagos-presenta-segunda-temporada-de-pura-ciencia\/#primaryimage"},"image":{"@id":"https:\/\/dev.explora.cl\/lagos\/par-explora-los-lagos-presenta-segunda-temporada-de-pura-ciencia\/#primaryimage"},"thumbnailUrl":"https:\/\/dev.explora.cl\/lagos\/wp-content\/uploads\/sites\/17\/2018\/06\/2c3b54c343fb0e46b77fe1723e89ccb5.jpg","datePublished":"2014-11-13T04:00:00+00:00","dateModified":"2019-05-20T19:48:36+00:00","author":{"@id":"https:\/\/dev.explora.cl\/lagos\/#\/schema\/person\/cb8349c13ea2d324080adf8480d7ba5d"},"breadcrumb":{"@id":"https:\/\/dev.explora.cl\/lagos\/par-explora-los-lagos-presenta-segunda-temporada-de-pura-ciencia\/#breadcrumb"},"inLanguage":"es","potentialAction":[{"@type":"ReadAction","target":["https:\/\/dev.explora.cl\/lagos\/par-explora-los-lagos-presenta-segunda-temporada-de-pura-ciencia\/"]}]},{"@type":"ImageObject","inLanguage":"es","@id":"https:\/\/dev.explora.cl\/lagos\/par-explora-los-lagos-presenta-segunda-temporada-de-pura-ciencia\/#primaryimage","url":"https:\/\/dev.explora.cl\/lagos\/wp-content\/uploads\/sites\/17\/2018\/06\/2c3b54c343fb0e46b77fe1723e89ccb5.jpg","contentUrl":"https:\/\/dev.explora.cl\/lagos\/wp-content\/uploads\/sites\/17\/2018\/06\/2c3b54c343fb0e46b77fe1723e89ccb5.jpg","width":4000,"height":2250},{"@type":"BreadcrumbList","@id":"https:\/\/dev.explora.cl\/lagos\/par-explora-los-lagos-presenta-segunda-temporada-de-pura-ciencia\/#breadcrumb","itemListElement":[{"@type":"ListItem","position":1,"name":"Portada","item":"https:\/\/dev.explora.cl\/lagos\/"},{"@type":"ListItem","position":2,"name":"PAR EXPLORA Los Lagos presenta segunda temporada de PURA CIENCIA"}]},{"@type":"WebSite","@id":"https:\/\/dev.explora.cl\/lagos\/#website","url":"https:\/\/dev.explora.cl\/lagos\/","name":"Los Lagos","description":"Otro sitio m\u00e1s de dev.explora.cl","potentialAction":[{"@type":"SearchAction","target":{"@type":"EntryPoint","urlTemplate":"https:\/\/dev.explora.cl\/lagos\/?s={search_term_string}"},"query-input":{"@type":"PropertyValueSpecification","valueRequired":true,"valueName":"search_term_string"}}],"inLanguage":"es"},{"@type":"Person","@id":"https:\/\/dev.explora.cl\/lagos\/#\/schema\/person\/cb8349c13ea2d324080adf8480d7ba5d","name":"webman","image":{"@type":"ImageObject","inLanguage":"es","@id":"https:\/\/dev.explora.cl\/lagos\/#\/schema\/person\/image\/","url":"https:\/\/secure.gravatar.com\/avatar\/eeff3c82f2c02f7177d13663b7e6f890e9a6a0647ce9bb29cae02dcb094c7312?s=96&d=mm&r=g","contentUrl":"https:\/\/secure.gravatar.com\/avatar\/eeff3c82f2c02f7177d13663b7e6f890e9a6a0647ce9bb29cae02dcb094c7312?s=96&d=mm&r=g","caption":"webman"},"url":"https:\/\/dev.explora.cl\/lagos\/author\/webman\/"}]}},"_links":{"self":[{"href":"https:\/\/dev.explora.cl\/lagos\/wp-json\/wp\/v2\/posts\/1191","targetHints":{"allow":["GET"]}}],"collection":[{"href":"https:\/\/dev.explora.cl\/lagos\/wp-json\/wp\/v2\/posts"}],"about":[{"href":"https:\/\/dev.explora.cl\/lagos\/wp-json\/wp\/v2\/types\/post"}],"author":[{"embeddable":true,"href":"https:\/\/dev.explora.cl\/lagos\/wp-json\/wp\/v2\/users\/2"}],"replies":[{"embeddable":true,"href":"https:\/\/dev.explora.cl\/lagos\/wp-json\/wp\/v2\/comments?post=1191"}],"version-history":[{"count":1,"href":"https:\/\/dev.explora.cl\/lagos\/wp-json\/wp\/v2\/posts\/1191\/revisions"}],"predecessor-version":[{"id":38272,"href":"https:\/\/dev.explora.cl\/lagos\/wp-json\/wp\/v2\/posts\/1191\/revisions\/38272"}],"wp:featuredmedia":[{"embeddable":true,"href":"https:\/\/dev.explora.cl\/lagos\/wp-json\/wp\/v2\/media\/1192"}],"wp:attachment":[{"href":"https:\/\/dev.explora.cl\/lagos\/wp-json\/wp\/v2\/media?parent=1191"}],"wp:term":[{"taxonomy":"category","embeddable":true,"href":"https:\/\/dev.explora.cl\/lagos\/wp-json\/wp\/v2\/categories?post=1191"},{"taxonomy":"post_tag","embeddable":true,"href":"https:\/\/dev.explora.cl\/lagos\/wp-json\/wp\/v2\/tags?post=1191"}],"curies":[{"name":"wp","href":"https:\/\/api.w.org\/{rel}","templated":true}]}}