{"id":1187,"date":"2014-11-12T00:00:00","date_gmt":"2014-11-12T04:00:00","guid":{"rendered":"http:\/\/ec2-34-219-152-79.us-west-2.compute.amazonaws.com\/lagos\/blog\/2014\/11\/12\/muestras-tematicas-del-par-explora-los-lagos-recorrieron-san-juan-de-la-costa\/"},"modified":"2019-05-20T19:48:36","modified_gmt":"2019-05-20T19:48:36","slug":"muestras-tematicas-del-par-explora-los-lagos-recorrieron-san-juan-de-la-costa","status":"publish","type":"post","link":"https:\/\/dev.explora.cl\/lagos\/muestras-tematicas-del-par-explora-los-lagos-recorrieron-san-juan-de-la-costa\/","title":{"rendered":"Muestras tem\u00e1ticas del PAR EXPLORA Los Lagos recorren San Juan de la Costa"},"content":{"rendered":"<p><img loading=\"lazy\" decoding=\"async\" class=\" size-full wp-image-7172\" src=\"http:\/\/ec2-34-218-253-251.us-west-2.compute.amazonaws.com\/wp-content\/uploads\/2014\/11\/672afa8031e8618a8e9b5df0ce808169.jpg\" alt=\"\" width=\"1742\" height=\"1144\" \/><\/p>\n<p style=\"text-align: justify\">Diversas muestras itinerantes del PAR EXPLORA Los Lagos, coordinado por la ULagos, recorren la localidad de Puaucho, en la comuna de San Juan de la Costa. El objetivo es acercar tem\u00e1ticas cient\u00edficas regionales a la comunidad escolar y p\u00fablico general.<\/p>\n<p style=\"text-align: justify\">En el Centro de Salud Familiar (CESFAM) Puaucho, se encuentra el panel informativo sobre \u00abBiog\u00e1s\u00bb el que muestra mediante una infograf\u00eda el ciclo relativo a la producci\u00f3n de Biog\u00e1s, el que fue desarrollado con la asesor\u00eda cient\u00edfica del INIA Remehue.<\/p>\n<p style=\"text-align: justify\">Tambi\u00e9n es posible visitar dos muestras compuestas por una serie de pendones, cuyo contenido aborda conceptos educativos e interesantes temas desarrollados de manera gr\u00e1fica para alumnos de todas las edades y p\u00fablico en general.<\/p>\n<p style=\"text-align: justify\"><img decoding=\"async\" class=\" alignleft size-full wp-image-7173\" src=\"http:\/\/ec2-34-218-253-251.us-west-2.compute.amazonaws.com\/wp-content\/uploads\/2014\/11\/La-Tierra-est-viva.jpg\" border=\"0\" width=\"350\" style=\"float: left;margin: 5px 10px\" \/>En la Escuela Rural Puaucho est\u00e1 la muestra \u00abCasas Patrimoniales de Osorno\u00bb, asesorada cient\u00edficamente por el historiador Pablo F\u00e1brega, y que releva inmuebles con car\u00e1cter patrimonial de la ciudad de Osorno. Por su parte, en el Liceo Antu Lafken se encuentra la muestra \u00abLa Tierra est\u00e1 viva\u00bb, que contiene infograf\u00edas respecto a cadenas monta\u00f1osas, volcanes, la costa y archipi\u00e9lagos existentes en el pa\u00eds.<\/p>\n<p style=\"text-align: justify\">El PAR EXPLORA Los Lagos invita a los establecimientos educacionales que deseen contar con alguna de las muestras itinerantes de forma gratuita, contactarse al correo electr\u00f3nico <a href=\"mailto:valoracionexplora@ulagos.cl\">valoracionexplora@ulagos.cl<\/a><\/p>\n<p style=\"text-align: justify\">Algunas de las muestras disponibles en la Provincia de Osorno son: \u00abCasas patrimoniales de Osorno\u00bb; \u00abAnt\u00e1rtica bajo cero\u00bb; \u00abLa Tierra est\u00e1 Viva\u00bb; \u00abPatrimonio de la Regi\u00f3n de Los Lagos\u00bb y \u00abBiog\u00e1s\u00bb.<\/p>\n<p>Conoce nuestras <a href=\"lagos\/noticias-los-lagos\/2235-muestras-tematicas-se-encuentran-a-disposicion-de-establecimientos-educacionales\">Muestras Tem\u00e1ticas disponibles<\/a><\/p>\n","protected":false},"excerpt":{"rendered":"<p>Diversas muestras itinerantes del PAR EXPLORA Los Lagos, coordinado por la ULagos, recorren la localidad de Puaucho, en la comuna de San Juan de la Costa. El objetivo es acercar tem\u00e1ticas cient\u00edficas regionales a la comunidad escolar y p\u00fablico general. En el Centro de Salud Familiar (CESFAM) Puaucho, se encuentra el panel informativo sobre \u00abBiog\u00e1s\u00bb [&hellip;]<\/p>\n","protected":false},"author":2,"featured_media":1188,"comment_status":"open","ping_status":"open","sticky":false,"template":"","format":"standard","meta":{"_acf_changed":false,"_exactmetrics_skip_tracking":false,"_exactmetrics_sitenote_active":false,"_exactmetrics_sitenote_note":"","_exactmetrics_sitenote_category":0,"footnotes":"","_links_to":"","_links_to_target":""},"categories":[4],"tags":[],"class_list":["post-1187","post","type-post","status-publish","format-standard","has-post-thumbnail","hentry","category-noticias"],"acf":[],"yoast_head":"<!-- This site is optimized with the Yoast SEO plugin v26.7 - https:\/\/yoast.com\/wordpress\/plugins\/seo\/ -->\n<title>Muestras tem\u00e1ticas del PAR EXPLORA Los Lagos recorren San Juan de la Costa - Los Lagos<\/title>\n<meta name=\"robots\" content=\"index, follow, max-snippet:-1, max-image-preview:large, max-video-preview:-1\" \/>\n<link rel=\"canonical\" href=\"https:\/\/dev.explora.cl\/lagos\/muestras-tematicas-del-par-explora-los-lagos-recorrieron-san-juan-de-la-costa\/\" class=\"yoast-seo-meta-tag\" \/>\n<meta property=\"og:locale\" content=\"es_ES\" class=\"yoast-seo-meta-tag\" \/>\n<meta property=\"og:type\" content=\"article\" class=\"yoast-seo-meta-tag\" \/>\n<meta property=\"og:title\" content=\"Muestras tem\u00e1ticas del PAR EXPLORA Los Lagos recorren San Juan de la Costa - Los Lagos\" class=\"yoast-seo-meta-tag\" \/>\n<meta property=\"og:description\" content=\"Diversas muestras itinerantes del PAR EXPLORA Los Lagos, coordinado por la ULagos, recorren la localidad de Puaucho, en la comuna de San Juan de la Costa. El objetivo es acercar tem\u00e1ticas cient\u00edficas regionales a la comunidad escolar y p\u00fablico general. En el Centro de Salud Familiar (CESFAM) Puaucho, se encuentra el panel informativo sobre \u00abBiog\u00e1s\u00bb [&hellip;]\" class=\"yoast-seo-meta-tag\" \/>\n<meta property=\"og:url\" content=\"https:\/\/dev.explora.cl\/lagos\/muestras-tematicas-del-par-explora-los-lagos-recorrieron-san-juan-de-la-costa\/\" class=\"yoast-seo-meta-tag\" \/>\n<meta property=\"og:site_name\" content=\"Los Lagos\" class=\"yoast-seo-meta-tag\" \/>\n<meta property=\"article:published_time\" content=\"2014-11-12T04:00:00+00:00\" class=\"yoast-seo-meta-tag\" \/>\n<meta property=\"article:modified_time\" content=\"2019-05-20T19:48:36+00:00\" class=\"yoast-seo-meta-tag\" \/>\n<meta property=\"og:image\" content=\"https:\/\/dev.explora.cl\/lagos\/wp-content\/uploads\/sites\/17\/2018\/06\/672afa8031e8618a8e9b5df0ce808169.jpg\" class=\"yoast-seo-meta-tag\" \/>\n\t<meta property=\"og:image:width\" content=\"1742\" class=\"yoast-seo-meta-tag\" \/>\n\t<meta property=\"og:image:height\" content=\"1144\" class=\"yoast-seo-meta-tag\" \/>\n\t<meta property=\"og:image:type\" content=\"image\/jpeg\" class=\"yoast-seo-meta-tag\" \/>\n<meta name=\"author\" content=\"webman\" class=\"yoast-seo-meta-tag\" \/>\n<meta name=\"twitter:card\" content=\"summary_large_image\" class=\"yoast-seo-meta-tag\" \/>\n<meta name=\"twitter:label1\" content=\"Escrito por\" class=\"yoast-seo-meta-tag\" \/>\n\t<meta name=\"twitter:data1\" content=\"webman\" class=\"yoast-seo-meta-tag\" \/>\n\t<meta name=\"twitter:label2\" content=\"Tiempo de lectura\" class=\"yoast-seo-meta-tag\" \/>\n\t<meta name=\"twitter:data2\" content=\"1 minuto\" class=\"yoast-seo-meta-tag\" \/>\n<script type=\"application\/ld+json\" class=\"yoast-schema-graph\">{\"@context\":\"https:\/\/schema.org\",\"@graph\":[{\"@type\":\"Article\",\"@id\":\"https:\/\/dev.explora.cl\/lagos\/muestras-tematicas-del-par-explora-los-lagos-recorrieron-san-juan-de-la-costa\/#article\",\"isPartOf\":{\"@id\":\"https:\/\/dev.explora.cl\/lagos\/muestras-tematicas-del-par-explora-los-lagos-recorrieron-san-juan-de-la-costa\/\"},\"author\":{\"name\":\"webman\",\"@id\":\"https:\/\/dev.explora.cl\/lagos\/#\/schema\/person\/cb8349c13ea2d324080adf8480d7ba5d\"},\"headline\":\"Muestras tem\u00e1ticas del PAR EXPLORA Los Lagos recorren San Juan de la Costa\",\"datePublished\":\"2014-11-12T04:00:00+00:00\",\"dateModified\":\"2019-05-20T19:48:36+00:00\",\"mainEntityOfPage\":{\"@id\":\"https:\/\/dev.explora.cl\/lagos\/muestras-tematicas-del-par-explora-los-lagos-recorrieron-san-juan-de-la-costa\/\"},\"wordCount\":280,\"commentCount\":0,\"image\":{\"@id\":\"https:\/\/dev.explora.cl\/lagos\/muestras-tematicas-del-par-explora-los-lagos-recorrieron-san-juan-de-la-costa\/#primaryimage\"},\"thumbnailUrl\":\"https:\/\/dev.explora.cl\/lagos\/wp-content\/uploads\/sites\/17\/2018\/06\/672afa8031e8618a8e9b5df0ce808169.jpg\",\"articleSection\":[\"Noticias\"],\"inLanguage\":\"es\",\"potentialAction\":[{\"@type\":\"CommentAction\",\"name\":\"Comment\",\"target\":[\"https:\/\/dev.explora.cl\/lagos\/muestras-tematicas-del-par-explora-los-lagos-recorrieron-san-juan-de-la-costa\/#respond\"]}]},{\"@type\":\"WebPage\",\"@id\":\"https:\/\/dev.explora.cl\/lagos\/muestras-tematicas-del-par-explora-los-lagos-recorrieron-san-juan-de-la-costa\/\",\"url\":\"https:\/\/dev.explora.cl\/lagos\/muestras-tematicas-del-par-explora-los-lagos-recorrieron-san-juan-de-la-costa\/\",\"name\":\"Muestras tem\u00e1ticas del PAR EXPLORA Los Lagos recorren San Juan de la Costa - Los Lagos\",\"isPartOf\":{\"@id\":\"https:\/\/dev.explora.cl\/lagos\/#website\"},\"primaryImageOfPage\":{\"@id\":\"https:\/\/dev.explora.cl\/lagos\/muestras-tematicas-del-par-explora-los-lagos-recorrieron-san-juan-de-la-costa\/#primaryimage\"},\"image\":{\"@id\":\"https:\/\/dev.explora.cl\/lagos\/muestras-tematicas-del-par-explora-los-lagos-recorrieron-san-juan-de-la-costa\/#primaryimage\"},\"thumbnailUrl\":\"https:\/\/dev.explora.cl\/lagos\/wp-content\/uploads\/sites\/17\/2018\/06\/672afa8031e8618a8e9b5df0ce808169.jpg\",\"datePublished\":\"2014-11-12T04:00:00+00:00\",\"dateModified\":\"2019-05-20T19:48:36+00:00\",\"author\":{\"@id\":\"https:\/\/dev.explora.cl\/lagos\/#\/schema\/person\/cb8349c13ea2d324080adf8480d7ba5d\"},\"breadcrumb\":{\"@id\":\"https:\/\/dev.explora.cl\/lagos\/muestras-tematicas-del-par-explora-los-lagos-recorrieron-san-juan-de-la-costa\/#breadcrumb\"},\"inLanguage\":\"es\",\"potentialAction\":[{\"@type\":\"ReadAction\",\"target\":[\"https:\/\/dev.explora.cl\/lagos\/muestras-tematicas-del-par-explora-los-lagos-recorrieron-san-juan-de-la-costa\/\"]}]},{\"@type\":\"ImageObject\",\"inLanguage\":\"es\",\"@id\":\"https:\/\/dev.explora.cl\/lagos\/muestras-tematicas-del-par-explora-los-lagos-recorrieron-san-juan-de-la-costa\/#primaryimage\",\"url\":\"https:\/\/dev.explora.cl\/lagos\/wp-content\/uploads\/sites\/17\/2018\/06\/672afa8031e8618a8e9b5df0ce808169.jpg\",\"contentUrl\":\"https:\/\/dev.explora.cl\/lagos\/wp-content\/uploads\/sites\/17\/2018\/06\/672afa8031e8618a8e9b5df0ce808169.jpg\",\"width\":1742,\"height\":1144},{\"@type\":\"BreadcrumbList\",\"@id\":\"https:\/\/dev.explora.cl\/lagos\/muestras-tematicas-del-par-explora-los-lagos-recorrieron-san-juan-de-la-costa\/#breadcrumb\",\"itemListElement\":[{\"@type\":\"ListItem\",\"position\":1,\"name\":\"Portada\",\"item\":\"https:\/\/dev.explora.cl\/lagos\/\"},{\"@type\":\"ListItem\",\"position\":2,\"name\":\"Muestras tem\u00e1ticas del PAR EXPLORA Los Lagos recorren San Juan de la Costa\"}]},{\"@type\":\"WebSite\",\"@id\":\"https:\/\/dev.explora.cl\/lagos\/#website\",\"url\":\"https:\/\/dev.explora.cl\/lagos\/\",\"name\":\"Los Lagos\",\"description\":\"Otro sitio m\u00e1s de dev.explora.cl\",\"potentialAction\":[{\"@type\":\"SearchAction\",\"target\":{\"@type\":\"EntryPoint\",\"urlTemplate\":\"https:\/\/dev.explora.cl\/lagos\/?s={search_term_string}\"},\"query-input\":{\"@type\":\"PropertyValueSpecification\",\"valueRequired\":true,\"valueName\":\"search_term_string\"}}],\"inLanguage\":\"es\"},{\"@type\":\"Person\",\"@id\":\"https:\/\/dev.explora.cl\/lagos\/#\/schema\/person\/cb8349c13ea2d324080adf8480d7ba5d\",\"name\":\"webman\",\"image\":{\"@type\":\"ImageObject\",\"inLanguage\":\"es\",\"@id\":\"https:\/\/dev.explora.cl\/lagos\/#\/schema\/person\/image\/\",\"url\":\"https:\/\/secure.gravatar.com\/avatar\/eeff3c82f2c02f7177d13663b7e6f890e9a6a0647ce9bb29cae02dcb094c7312?s=96&d=mm&r=g\",\"contentUrl\":\"https:\/\/secure.gravatar.com\/avatar\/eeff3c82f2c02f7177d13663b7e6f890e9a6a0647ce9bb29cae02dcb094c7312?s=96&d=mm&r=g\",\"caption\":\"webman\"},\"url\":\"https:\/\/dev.explora.cl\/lagos\/author\/webman\/\"}]}<\/script>\n<!-- \/ Yoast SEO plugin. -->","yoast_head_json":{"title":"Muestras tem\u00e1ticas del PAR EXPLORA Los Lagos recorren San Juan de la Costa - Los Lagos","robots":{"index":"index","follow":"follow","max-snippet":"max-snippet:-1","max-image-preview":"max-image-preview:large","max-video-preview":"max-video-preview:-1"},"canonical":"https:\/\/dev.explora.cl\/lagos\/muestras-tematicas-del-par-explora-los-lagos-recorrieron-san-juan-de-la-costa\/","og_locale":"es_ES","og_type":"article","og_title":"Muestras tem\u00e1ticas del PAR EXPLORA Los Lagos recorren San Juan de la Costa - Los Lagos","og_description":"Diversas muestras itinerantes del PAR EXPLORA Los Lagos, coordinado por la ULagos, recorren la localidad de Puaucho, en la comuna de San Juan de la Costa. El objetivo es acercar tem\u00e1ticas cient\u00edficas regionales a la comunidad escolar y p\u00fablico general. En el Centro de Salud Familiar (CESFAM) Puaucho, se encuentra el panel informativo sobre \u00abBiog\u00e1s\u00bb [&hellip;]","og_url":"https:\/\/dev.explora.cl\/lagos\/muestras-tematicas-del-par-explora-los-lagos-recorrieron-san-juan-de-la-costa\/","og_site_name":"Los Lagos","article_published_time":"2014-11-12T04:00:00+00:00","article_modified_time":"2019-05-20T19:48:36+00:00","og_image":[{"width":1742,"height":1144,"url":"https:\/\/dev.explora.cl\/lagos\/wp-content\/uploads\/sites\/17\/2018\/06\/672afa8031e8618a8e9b5df0ce808169.jpg","type":"image\/jpeg"}],"author":"webman","twitter_card":"summary_large_image","twitter_misc":{"Escrito por":"webman","Tiempo de lectura":"1 minuto"},"schema":{"@context":"https:\/\/schema.org","@graph":[{"@type":"Article","@id":"https:\/\/dev.explora.cl\/lagos\/muestras-tematicas-del-par-explora-los-lagos-recorrieron-san-juan-de-la-costa\/#article","isPartOf":{"@id":"https:\/\/dev.explora.cl\/lagos\/muestras-tematicas-del-par-explora-los-lagos-recorrieron-san-juan-de-la-costa\/"},"author":{"name":"webman","@id":"https:\/\/dev.explora.cl\/lagos\/#\/schema\/person\/cb8349c13ea2d324080adf8480d7ba5d"},"headline":"Muestras tem\u00e1ticas del PAR EXPLORA Los Lagos recorren San Juan de la Costa","datePublished":"2014-11-12T04:00:00+00:00","dateModified":"2019-05-20T19:48:36+00:00","mainEntityOfPage":{"@id":"https:\/\/dev.explora.cl\/lagos\/muestras-tematicas-del-par-explora-los-lagos-recorrieron-san-juan-de-la-costa\/"},"wordCount":280,"commentCount":0,"image":{"@id":"https:\/\/dev.explora.cl\/lagos\/muestras-tematicas-del-par-explora-los-lagos-recorrieron-san-juan-de-la-costa\/#primaryimage"},"thumbnailUrl":"https:\/\/dev.explora.cl\/lagos\/wp-content\/uploads\/sites\/17\/2018\/06\/672afa8031e8618a8e9b5df0ce808169.jpg","articleSection":["Noticias"],"inLanguage":"es","potentialAction":[{"@type":"CommentAction","name":"Comment","target":["https:\/\/dev.explora.cl\/lagos\/muestras-tematicas-del-par-explora-los-lagos-recorrieron-san-juan-de-la-costa\/#respond"]}]},{"@type":"WebPage","@id":"https:\/\/dev.explora.cl\/lagos\/muestras-tematicas-del-par-explora-los-lagos-recorrieron-san-juan-de-la-costa\/","url":"https:\/\/dev.explora.cl\/lagos\/muestras-tematicas-del-par-explora-los-lagos-recorrieron-san-juan-de-la-costa\/","name":"Muestras tem\u00e1ticas del PAR EXPLORA Los Lagos recorren San Juan de la Costa - Los Lagos","isPartOf":{"@id":"https:\/\/dev.explora.cl\/lagos\/#website"},"primaryImageOfPage":{"@id":"https:\/\/dev.explora.cl\/lagos\/muestras-tematicas-del-par-explora-los-lagos-recorrieron-san-juan-de-la-costa\/#primaryimage"},"image":{"@id":"https:\/\/dev.explora.cl\/lagos\/muestras-tematicas-del-par-explora-los-lagos-recorrieron-san-juan-de-la-costa\/#primaryimage"},"thumbnailUrl":"https:\/\/dev.explora.cl\/lagos\/wp-content\/uploads\/sites\/17\/2018\/06\/672afa8031e8618a8e9b5df0ce808169.jpg","datePublished":"2014-11-12T04:00:00+00:00","dateModified":"2019-05-20T19:48:36+00:00","author":{"@id":"https:\/\/dev.explora.cl\/lagos\/#\/schema\/person\/cb8349c13ea2d324080adf8480d7ba5d"},"breadcrumb":{"@id":"https:\/\/dev.explora.cl\/lagos\/muestras-tematicas-del-par-explora-los-lagos-recorrieron-san-juan-de-la-costa\/#breadcrumb"},"inLanguage":"es","potentialAction":[{"@type":"ReadAction","target":["https:\/\/dev.explora.cl\/lagos\/muestras-tematicas-del-par-explora-los-lagos-recorrieron-san-juan-de-la-costa\/"]}]},{"@type":"ImageObject","inLanguage":"es","@id":"https:\/\/dev.explora.cl\/lagos\/muestras-tematicas-del-par-explora-los-lagos-recorrieron-san-juan-de-la-costa\/#primaryimage","url":"https:\/\/dev.explora.cl\/lagos\/wp-content\/uploads\/sites\/17\/2018\/06\/672afa8031e8618a8e9b5df0ce808169.jpg","contentUrl":"https:\/\/dev.explora.cl\/lagos\/wp-content\/uploads\/sites\/17\/2018\/06\/672afa8031e8618a8e9b5df0ce808169.jpg","width":1742,"height":1144},{"@type":"BreadcrumbList","@id":"https:\/\/dev.explora.cl\/lagos\/muestras-tematicas-del-par-explora-los-lagos-recorrieron-san-juan-de-la-costa\/#breadcrumb","itemListElement":[{"@type":"ListItem","position":1,"name":"Portada","item":"https:\/\/dev.explora.cl\/lagos\/"},{"@type":"ListItem","position":2,"name":"Muestras tem\u00e1ticas del PAR EXPLORA Los Lagos recorren San Juan de la Costa"}]},{"@type":"WebSite","@id":"https:\/\/dev.explora.cl\/lagos\/#website","url":"https:\/\/dev.explora.cl\/lagos\/","name":"Los Lagos","description":"Otro sitio m\u00e1s de dev.explora.cl","potentialAction":[{"@type":"SearchAction","target":{"@type":"EntryPoint","urlTemplate":"https:\/\/dev.explora.cl\/lagos\/?s={search_term_string}"},"query-input":{"@type":"PropertyValueSpecification","valueRequired":true,"valueName":"search_term_string"}}],"inLanguage":"es"},{"@type":"Person","@id":"https:\/\/dev.explora.cl\/lagos\/#\/schema\/person\/cb8349c13ea2d324080adf8480d7ba5d","name":"webman","image":{"@type":"ImageObject","inLanguage":"es","@id":"https:\/\/dev.explora.cl\/lagos\/#\/schema\/person\/image\/","url":"https:\/\/secure.gravatar.com\/avatar\/eeff3c82f2c02f7177d13663b7e6f890e9a6a0647ce9bb29cae02dcb094c7312?s=96&d=mm&r=g","contentUrl":"https:\/\/secure.gravatar.com\/avatar\/eeff3c82f2c02f7177d13663b7e6f890e9a6a0647ce9bb29cae02dcb094c7312?s=96&d=mm&r=g","caption":"webman"},"url":"https:\/\/dev.explora.cl\/lagos\/author\/webman\/"}]}},"_links":{"self":[{"href":"https:\/\/dev.explora.cl\/lagos\/wp-json\/wp\/v2\/posts\/1187","targetHints":{"allow":["GET"]}}],"collection":[{"href":"https:\/\/dev.explora.cl\/lagos\/wp-json\/wp\/v2\/posts"}],"about":[{"href":"https:\/\/dev.explora.cl\/lagos\/wp-json\/wp\/v2\/types\/post"}],"author":[{"embeddable":true,"href":"https:\/\/dev.explora.cl\/lagos\/wp-json\/wp\/v2\/users\/2"}],"replies":[{"embeddable":true,"href":"https:\/\/dev.explora.cl\/lagos\/wp-json\/wp\/v2\/comments?post=1187"}],"version-history":[{"count":1,"href":"https:\/\/dev.explora.cl\/lagos\/wp-json\/wp\/v2\/posts\/1187\/revisions"}],"predecessor-version":[{"id":38273,"href":"https:\/\/dev.explora.cl\/lagos\/wp-json\/wp\/v2\/posts\/1187\/revisions\/38273"}],"wp:featuredmedia":[{"embeddable":true,"href":"https:\/\/dev.explora.cl\/lagos\/wp-json\/wp\/v2\/media\/1188"}],"wp:attachment":[{"href":"https:\/\/dev.explora.cl\/lagos\/wp-json\/wp\/v2\/media?parent=1187"}],"wp:term":[{"taxonomy":"category","embeddable":true,"href":"https:\/\/dev.explora.cl\/lagos\/wp-json\/wp\/v2\/categories?post=1187"},{"taxonomy":"post_tag","embeddable":true,"href":"https:\/\/dev.explora.cl\/lagos\/wp-json\/wp\/v2\/tags?post=1187"}],"curies":[{"name":"wp","href":"https:\/\/api.w.org\/{rel}","templated":true}]}}