{"id":1184,"date":"2014-11-10T00:00:00","date_gmt":"2014-11-10T04:00:00","guid":{"rendered":"http:\/\/ec2-34-219-152-79.us-west-2.compute.amazonaws.com\/lagos\/blog\/2014\/11\/10\/este-jueves-comienza-segunda-temporada-de-pura-ciencia-programa-de-tv-del-par-explora-los-lagos\/"},"modified":"2019-05-20T19:48:37","modified_gmt":"2019-05-20T19:48:37","slug":"este-jueves-comienza-segunda-temporada-de-pura-ciencia-programa-de-tv-del-par-explora-los-lagos","status":"publish","type":"post","link":"https:\/\/dev.explora.cl\/lagos\/este-jueves-comienza-segunda-temporada-de-pura-ciencia-programa-de-tv-del-par-explora-los-lagos\/","title":{"rendered":"Este jueves comienza segunda temporada de \u201cPura Ciencia\u201d, programa de TV del PAR EXPLORA Los Lagos"},"content":{"rendered":"<p><img loading=\"lazy\" decoding=\"async\" class=\" size-full wp-image-7029\" src=\"http:\/\/ec2-34-218-253-251.us-west-2.compute.amazonaws.com\/wp-content\/uploads\/2014\/11\/5bc809922b62b92fb0594be109b18fc9.jpg\" alt=\"\" width=\"1920\" height=\"1080\" \/><\/p>\n<p style=\"text-align: justify\">Este jueves 13 de noviembre el PAR EXPLORA Los Lagos, coordinado por la Universidad de Los Lagos, lanza oficialmente la segunda temporada de su programa de Televisi\u00f3n \u00abPura Ciencia\u00bb, transmitido por su Canal de Youtube.<\/p>\n<p style=\"text-align: justify\">Esta segunda temporada estar\u00e1 compuesta por ocho cap\u00edtulos y nos mostrar\u00e1 diferentes tem\u00e1ticas, desarrolladas por investigadores locales y escolares de diversas comunas de la Regi\u00f3n de Los Lagos. Es el caso de las Algas, Agricultura, Biocombustibles, Ciencias Sociales, Geolog\u00eda, Matem\u00e1ticas, Mar y Paleontolog\u00eda.<\/p>\n<p style=\"text-align: justify\"><a href=\"https:\/\/www.youtube.com\/watch?v=lmtmHHS_EX8&amp;list=UUKDHtPMGwFV0nabrOTAhGxg\"><img decoding=\"async\" class=\" alignleft size-full wp-image-7030\" src=\"http:\/\/ec2-34-218-253-251.us-west-2.compute.amazonaws.com\/wp-content\/uploads\/2014\/11\/campaa_puraciencia-03-05.jpg\" border=\"0\" width=\"350\" style=\"float: left;margin: 5px 10px\" \/><\/a>La iniciativa, desarrollada por la productora local \u00abCasa Tortuga\u00bb, cuenta con la participaci\u00f3n del t\u00edtere \u00abCitrola\u00bb que representa a una curiosa ni\u00f1a que recorre y conoce junto a su primo el desarrollo cient\u00edfico y tecnol\u00f3gico presente en la Regi\u00f3n.<\/p>\n<p style=\"text-align: justify\">El primer cap\u00edtulo de \u00abPura Ciencia\u00bb, que abordar\u00e1 la Paleontolog\u00eda y los testimonios de profesores y alumnos de la Escuela Futaleuf\u00fa, se encontrar\u00e1 disponible a contar de este jueves en el <a href=\"https:\/\/www.youtube.com\/user\/ExploraLosLagos2013\">Canal de Youtube PAR EXPLORA Los Lagos.<\/a><\/p>\n<p>Revisa el adelanto de la nueva temporada de <a href=\"https:\/\/www.youtube.com\/watch?v=lmtmHHS_EX8&amp;list=UUKDHtPMGwFV0nabrOTAhGxg\">Pura Ciencia<\/a><\/p>\n","protected":false},"excerpt":{"rendered":"<p>Este jueves 13 de noviembre el PAR EXPLORA Los Lagos, coordinado por la Universidad de Los Lagos, lanza oficialmente la segunda temporada de su programa de Televisi\u00f3n \u00abPura Ciencia\u00bb, transmitido por su Canal de Youtube. Esta segunda temporada estar\u00e1 compuesta por ocho cap\u00edtulos y nos mostrar\u00e1 diferentes tem\u00e1ticas, desarrolladas por investigadores locales y escolares de [&hellip;]<\/p>\n","protected":false},"author":2,"featured_media":1185,"comment_status":"open","ping_status":"open","sticky":false,"template":"","format":"standard","meta":{"_acf_changed":false,"_exactmetrics_skip_tracking":false,"_exactmetrics_sitenote_active":false,"_exactmetrics_sitenote_note":"","_exactmetrics_sitenote_category":0,"footnotes":"","_links_to":"","_links_to_target":""},"categories":[4],"tags":[],"class_list":["post-1184","post","type-post","status-publish","format-standard","has-post-thumbnail","hentry","category-noticias"],"acf":[],"yoast_head":"<!-- This site is optimized with the Yoast SEO plugin v26.7 - https:\/\/yoast.com\/wordpress\/plugins\/seo\/ -->\n<title>Este jueves comienza segunda temporada de \u201cPura Ciencia\u201d, programa de TV del PAR EXPLORA Los Lagos - Los Lagos<\/title>\n<meta name=\"robots\" content=\"index, follow, max-snippet:-1, max-image-preview:large, max-video-preview:-1\" \/>\n<link rel=\"canonical\" href=\"https:\/\/dev.explora.cl\/lagos\/este-jueves-comienza-segunda-temporada-de-pura-ciencia-programa-de-tv-del-par-explora-los-lagos\/\" class=\"yoast-seo-meta-tag\" \/>\n<meta property=\"og:locale\" content=\"es_ES\" class=\"yoast-seo-meta-tag\" \/>\n<meta property=\"og:type\" content=\"article\" class=\"yoast-seo-meta-tag\" \/>\n<meta property=\"og:title\" content=\"Este jueves comienza segunda temporada de \u201cPura Ciencia\u201d, programa de TV del PAR EXPLORA Los Lagos - Los Lagos\" class=\"yoast-seo-meta-tag\" \/>\n<meta property=\"og:description\" content=\"Este jueves 13 de noviembre el PAR EXPLORA Los Lagos, coordinado por la Universidad de Los Lagos, lanza oficialmente la segunda temporada de su programa de Televisi\u00f3n \u00abPura Ciencia\u00bb, transmitido por su Canal de Youtube. Esta segunda temporada estar\u00e1 compuesta por ocho cap\u00edtulos y nos mostrar\u00e1 diferentes tem\u00e1ticas, desarrolladas por investigadores locales y escolares de [&hellip;]\" class=\"yoast-seo-meta-tag\" \/>\n<meta property=\"og:url\" content=\"https:\/\/dev.explora.cl\/lagos\/este-jueves-comienza-segunda-temporada-de-pura-ciencia-programa-de-tv-del-par-explora-los-lagos\/\" class=\"yoast-seo-meta-tag\" \/>\n<meta property=\"og:site_name\" content=\"Los Lagos\" class=\"yoast-seo-meta-tag\" \/>\n<meta property=\"article:published_time\" content=\"2014-11-10T04:00:00+00:00\" class=\"yoast-seo-meta-tag\" \/>\n<meta property=\"article:modified_time\" content=\"2019-05-20T19:48:37+00:00\" class=\"yoast-seo-meta-tag\" \/>\n<meta property=\"og:image\" content=\"https:\/\/dev.explora.cl\/lagos\/wp-content\/uploads\/sites\/17\/2018\/06\/5bc809922b62b92fb0594be109b18fc9.jpg\" class=\"yoast-seo-meta-tag\" \/>\n\t<meta property=\"og:image:width\" content=\"1920\" class=\"yoast-seo-meta-tag\" \/>\n\t<meta property=\"og:image:height\" content=\"1080\" class=\"yoast-seo-meta-tag\" \/>\n\t<meta property=\"og:image:type\" content=\"image\/jpeg\" class=\"yoast-seo-meta-tag\" \/>\n<meta name=\"author\" content=\"webman\" class=\"yoast-seo-meta-tag\" \/>\n<meta name=\"twitter:card\" content=\"summary_large_image\" class=\"yoast-seo-meta-tag\" \/>\n<meta name=\"twitter:label1\" content=\"Escrito por\" class=\"yoast-seo-meta-tag\" \/>\n\t<meta name=\"twitter:data1\" content=\"webman\" class=\"yoast-seo-meta-tag\" \/>\n\t<meta name=\"twitter:label2\" content=\"Tiempo de lectura\" class=\"yoast-seo-meta-tag\" \/>\n\t<meta name=\"twitter:data2\" content=\"1 minuto\" class=\"yoast-seo-meta-tag\" \/>\n<script type=\"application\/ld+json\" class=\"yoast-schema-graph\">{\"@context\":\"https:\/\/schema.org\",\"@graph\":[{\"@type\":\"Article\",\"@id\":\"https:\/\/dev.explora.cl\/lagos\/este-jueves-comienza-segunda-temporada-de-pura-ciencia-programa-de-tv-del-par-explora-los-lagos\/#article\",\"isPartOf\":{\"@id\":\"https:\/\/dev.explora.cl\/lagos\/este-jueves-comienza-segunda-temporada-de-pura-ciencia-programa-de-tv-del-par-explora-los-lagos\/\"},\"author\":{\"name\":\"webman\",\"@id\":\"https:\/\/dev.explora.cl\/lagos\/#\/schema\/person\/cb8349c13ea2d324080adf8480d7ba5d\"},\"headline\":\"Este jueves comienza segunda temporada de \u201cPura Ciencia\u201d, programa de TV del PAR EXPLORA Los Lagos\",\"datePublished\":\"2014-11-10T04:00:00+00:00\",\"dateModified\":\"2019-05-20T19:48:37+00:00\",\"mainEntityOfPage\":{\"@id\":\"https:\/\/dev.explora.cl\/lagos\/este-jueves-comienza-segunda-temporada-de-pura-ciencia-programa-de-tv-del-par-explora-los-lagos\/\"},\"wordCount\":195,\"commentCount\":0,\"image\":{\"@id\":\"https:\/\/dev.explora.cl\/lagos\/este-jueves-comienza-segunda-temporada-de-pura-ciencia-programa-de-tv-del-par-explora-los-lagos\/#primaryimage\"},\"thumbnailUrl\":\"https:\/\/dev.explora.cl\/lagos\/wp-content\/uploads\/sites\/17\/2018\/06\/5bc809922b62b92fb0594be109b18fc9.jpg\",\"articleSection\":[\"Noticias\"],\"inLanguage\":\"es\",\"potentialAction\":[{\"@type\":\"CommentAction\",\"name\":\"Comment\",\"target\":[\"https:\/\/dev.explora.cl\/lagos\/este-jueves-comienza-segunda-temporada-de-pura-ciencia-programa-de-tv-del-par-explora-los-lagos\/#respond\"]}]},{\"@type\":\"WebPage\",\"@id\":\"https:\/\/dev.explora.cl\/lagos\/este-jueves-comienza-segunda-temporada-de-pura-ciencia-programa-de-tv-del-par-explora-los-lagos\/\",\"url\":\"https:\/\/dev.explora.cl\/lagos\/este-jueves-comienza-segunda-temporada-de-pura-ciencia-programa-de-tv-del-par-explora-los-lagos\/\",\"name\":\"Este jueves comienza segunda temporada de \u201cPura Ciencia\u201d, programa de TV del PAR EXPLORA Los Lagos - Los Lagos\",\"isPartOf\":{\"@id\":\"https:\/\/dev.explora.cl\/lagos\/#website\"},\"primaryImageOfPage\":{\"@id\":\"https:\/\/dev.explora.cl\/lagos\/este-jueves-comienza-segunda-temporada-de-pura-ciencia-programa-de-tv-del-par-explora-los-lagos\/#primaryimage\"},\"image\":{\"@id\":\"https:\/\/dev.explora.cl\/lagos\/este-jueves-comienza-segunda-temporada-de-pura-ciencia-programa-de-tv-del-par-explora-los-lagos\/#primaryimage\"},\"thumbnailUrl\":\"https:\/\/dev.explora.cl\/lagos\/wp-content\/uploads\/sites\/17\/2018\/06\/5bc809922b62b92fb0594be109b18fc9.jpg\",\"datePublished\":\"2014-11-10T04:00:00+00:00\",\"dateModified\":\"2019-05-20T19:48:37+00:00\",\"author\":{\"@id\":\"https:\/\/dev.explora.cl\/lagos\/#\/schema\/person\/cb8349c13ea2d324080adf8480d7ba5d\"},\"breadcrumb\":{\"@id\":\"https:\/\/dev.explora.cl\/lagos\/este-jueves-comienza-segunda-temporada-de-pura-ciencia-programa-de-tv-del-par-explora-los-lagos\/#breadcrumb\"},\"inLanguage\":\"es\",\"potentialAction\":[{\"@type\":\"ReadAction\",\"target\":[\"https:\/\/dev.explora.cl\/lagos\/este-jueves-comienza-segunda-temporada-de-pura-ciencia-programa-de-tv-del-par-explora-los-lagos\/\"]}]},{\"@type\":\"ImageObject\",\"inLanguage\":\"es\",\"@id\":\"https:\/\/dev.explora.cl\/lagos\/este-jueves-comienza-segunda-temporada-de-pura-ciencia-programa-de-tv-del-par-explora-los-lagos\/#primaryimage\",\"url\":\"https:\/\/dev.explora.cl\/lagos\/wp-content\/uploads\/sites\/17\/2018\/06\/5bc809922b62b92fb0594be109b18fc9.jpg\",\"contentUrl\":\"https:\/\/dev.explora.cl\/lagos\/wp-content\/uploads\/sites\/17\/2018\/06\/5bc809922b62b92fb0594be109b18fc9.jpg\",\"width\":1920,\"height\":1080},{\"@type\":\"BreadcrumbList\",\"@id\":\"https:\/\/dev.explora.cl\/lagos\/este-jueves-comienza-segunda-temporada-de-pura-ciencia-programa-de-tv-del-par-explora-los-lagos\/#breadcrumb\",\"itemListElement\":[{\"@type\":\"ListItem\",\"position\":1,\"name\":\"Portada\",\"item\":\"https:\/\/dev.explora.cl\/lagos\/\"},{\"@type\":\"ListItem\",\"position\":2,\"name\":\"Este jueves comienza segunda temporada de \u201cPura Ciencia\u201d, programa de TV del PAR EXPLORA Los Lagos\"}]},{\"@type\":\"WebSite\",\"@id\":\"https:\/\/dev.explora.cl\/lagos\/#website\",\"url\":\"https:\/\/dev.explora.cl\/lagos\/\",\"name\":\"Los Lagos\",\"description\":\"Otro sitio m\u00e1s de dev.explora.cl\",\"potentialAction\":[{\"@type\":\"SearchAction\",\"target\":{\"@type\":\"EntryPoint\",\"urlTemplate\":\"https:\/\/dev.explora.cl\/lagos\/?s={search_term_string}\"},\"query-input\":{\"@type\":\"PropertyValueSpecification\",\"valueRequired\":true,\"valueName\":\"search_term_string\"}}],\"inLanguage\":\"es\"},{\"@type\":\"Person\",\"@id\":\"https:\/\/dev.explora.cl\/lagos\/#\/schema\/person\/cb8349c13ea2d324080adf8480d7ba5d\",\"name\":\"webman\",\"image\":{\"@type\":\"ImageObject\",\"inLanguage\":\"es\",\"@id\":\"https:\/\/dev.explora.cl\/lagos\/#\/schema\/person\/image\/\",\"url\":\"https:\/\/secure.gravatar.com\/avatar\/eeff3c82f2c02f7177d13663b7e6f890e9a6a0647ce9bb29cae02dcb094c7312?s=96&d=mm&r=g\",\"contentUrl\":\"https:\/\/secure.gravatar.com\/avatar\/eeff3c82f2c02f7177d13663b7e6f890e9a6a0647ce9bb29cae02dcb094c7312?s=96&d=mm&r=g\",\"caption\":\"webman\"},\"url\":\"https:\/\/dev.explora.cl\/lagos\/author\/webman\/\"}]}<\/script>\n<!-- \/ Yoast SEO plugin. -->","yoast_head_json":{"title":"Este jueves comienza segunda temporada de \u201cPura Ciencia\u201d, programa de TV del PAR EXPLORA Los Lagos - Los Lagos","robots":{"index":"index","follow":"follow","max-snippet":"max-snippet:-1","max-image-preview":"max-image-preview:large","max-video-preview":"max-video-preview:-1"},"canonical":"https:\/\/dev.explora.cl\/lagos\/este-jueves-comienza-segunda-temporada-de-pura-ciencia-programa-de-tv-del-par-explora-los-lagos\/","og_locale":"es_ES","og_type":"article","og_title":"Este jueves comienza segunda temporada de \u201cPura Ciencia\u201d, programa de TV del PAR EXPLORA Los Lagos - Los Lagos","og_description":"Este jueves 13 de noviembre el PAR EXPLORA Los Lagos, coordinado por la Universidad de Los Lagos, lanza oficialmente la segunda temporada de su programa de Televisi\u00f3n \u00abPura Ciencia\u00bb, transmitido por su Canal de Youtube. Esta segunda temporada estar\u00e1 compuesta por ocho cap\u00edtulos y nos mostrar\u00e1 diferentes tem\u00e1ticas, desarrolladas por investigadores locales y escolares de [&hellip;]","og_url":"https:\/\/dev.explora.cl\/lagos\/este-jueves-comienza-segunda-temporada-de-pura-ciencia-programa-de-tv-del-par-explora-los-lagos\/","og_site_name":"Los Lagos","article_published_time":"2014-11-10T04:00:00+00:00","article_modified_time":"2019-05-20T19:48:37+00:00","og_image":[{"width":1920,"height":1080,"url":"https:\/\/dev.explora.cl\/lagos\/wp-content\/uploads\/sites\/17\/2018\/06\/5bc809922b62b92fb0594be109b18fc9.jpg","type":"image\/jpeg"}],"author":"webman","twitter_card":"summary_large_image","twitter_misc":{"Escrito por":"webman","Tiempo de lectura":"1 minuto"},"schema":{"@context":"https:\/\/schema.org","@graph":[{"@type":"Article","@id":"https:\/\/dev.explora.cl\/lagos\/este-jueves-comienza-segunda-temporada-de-pura-ciencia-programa-de-tv-del-par-explora-los-lagos\/#article","isPartOf":{"@id":"https:\/\/dev.explora.cl\/lagos\/este-jueves-comienza-segunda-temporada-de-pura-ciencia-programa-de-tv-del-par-explora-los-lagos\/"},"author":{"name":"webman","@id":"https:\/\/dev.explora.cl\/lagos\/#\/schema\/person\/cb8349c13ea2d324080adf8480d7ba5d"},"headline":"Este jueves comienza segunda temporada de \u201cPura Ciencia\u201d, programa de TV del PAR EXPLORA Los Lagos","datePublished":"2014-11-10T04:00:00+00:00","dateModified":"2019-05-20T19:48:37+00:00","mainEntityOfPage":{"@id":"https:\/\/dev.explora.cl\/lagos\/este-jueves-comienza-segunda-temporada-de-pura-ciencia-programa-de-tv-del-par-explora-los-lagos\/"},"wordCount":195,"commentCount":0,"image":{"@id":"https:\/\/dev.explora.cl\/lagos\/este-jueves-comienza-segunda-temporada-de-pura-ciencia-programa-de-tv-del-par-explora-los-lagos\/#primaryimage"},"thumbnailUrl":"https:\/\/dev.explora.cl\/lagos\/wp-content\/uploads\/sites\/17\/2018\/06\/5bc809922b62b92fb0594be109b18fc9.jpg","articleSection":["Noticias"],"inLanguage":"es","potentialAction":[{"@type":"CommentAction","name":"Comment","target":["https:\/\/dev.explora.cl\/lagos\/este-jueves-comienza-segunda-temporada-de-pura-ciencia-programa-de-tv-del-par-explora-los-lagos\/#respond"]}]},{"@type":"WebPage","@id":"https:\/\/dev.explora.cl\/lagos\/este-jueves-comienza-segunda-temporada-de-pura-ciencia-programa-de-tv-del-par-explora-los-lagos\/","url":"https:\/\/dev.explora.cl\/lagos\/este-jueves-comienza-segunda-temporada-de-pura-ciencia-programa-de-tv-del-par-explora-los-lagos\/","name":"Este jueves comienza segunda temporada de \u201cPura Ciencia\u201d, programa de TV del PAR EXPLORA Los Lagos - Los Lagos","isPartOf":{"@id":"https:\/\/dev.explora.cl\/lagos\/#website"},"primaryImageOfPage":{"@id":"https:\/\/dev.explora.cl\/lagos\/este-jueves-comienza-segunda-temporada-de-pura-ciencia-programa-de-tv-del-par-explora-los-lagos\/#primaryimage"},"image":{"@id":"https:\/\/dev.explora.cl\/lagos\/este-jueves-comienza-segunda-temporada-de-pura-ciencia-programa-de-tv-del-par-explora-los-lagos\/#primaryimage"},"thumbnailUrl":"https:\/\/dev.explora.cl\/lagos\/wp-content\/uploads\/sites\/17\/2018\/06\/5bc809922b62b92fb0594be109b18fc9.jpg","datePublished":"2014-11-10T04:00:00+00:00","dateModified":"2019-05-20T19:48:37+00:00","author":{"@id":"https:\/\/dev.explora.cl\/lagos\/#\/schema\/person\/cb8349c13ea2d324080adf8480d7ba5d"},"breadcrumb":{"@id":"https:\/\/dev.explora.cl\/lagos\/este-jueves-comienza-segunda-temporada-de-pura-ciencia-programa-de-tv-del-par-explora-los-lagos\/#breadcrumb"},"inLanguage":"es","potentialAction":[{"@type":"ReadAction","target":["https:\/\/dev.explora.cl\/lagos\/este-jueves-comienza-segunda-temporada-de-pura-ciencia-programa-de-tv-del-par-explora-los-lagos\/"]}]},{"@type":"ImageObject","inLanguage":"es","@id":"https:\/\/dev.explora.cl\/lagos\/este-jueves-comienza-segunda-temporada-de-pura-ciencia-programa-de-tv-del-par-explora-los-lagos\/#primaryimage","url":"https:\/\/dev.explora.cl\/lagos\/wp-content\/uploads\/sites\/17\/2018\/06\/5bc809922b62b92fb0594be109b18fc9.jpg","contentUrl":"https:\/\/dev.explora.cl\/lagos\/wp-content\/uploads\/sites\/17\/2018\/06\/5bc809922b62b92fb0594be109b18fc9.jpg","width":1920,"height":1080},{"@type":"BreadcrumbList","@id":"https:\/\/dev.explora.cl\/lagos\/este-jueves-comienza-segunda-temporada-de-pura-ciencia-programa-de-tv-del-par-explora-los-lagos\/#breadcrumb","itemListElement":[{"@type":"ListItem","position":1,"name":"Portada","item":"https:\/\/dev.explora.cl\/lagos\/"},{"@type":"ListItem","position":2,"name":"Este jueves comienza segunda temporada de \u201cPura Ciencia\u201d, programa de TV del PAR EXPLORA Los Lagos"}]},{"@type":"WebSite","@id":"https:\/\/dev.explora.cl\/lagos\/#website","url":"https:\/\/dev.explora.cl\/lagos\/","name":"Los Lagos","description":"Otro sitio m\u00e1s de dev.explora.cl","potentialAction":[{"@type":"SearchAction","target":{"@type":"EntryPoint","urlTemplate":"https:\/\/dev.explora.cl\/lagos\/?s={search_term_string}"},"query-input":{"@type":"PropertyValueSpecification","valueRequired":true,"valueName":"search_term_string"}}],"inLanguage":"es"},{"@type":"Person","@id":"https:\/\/dev.explora.cl\/lagos\/#\/schema\/person\/cb8349c13ea2d324080adf8480d7ba5d","name":"webman","image":{"@type":"ImageObject","inLanguage":"es","@id":"https:\/\/dev.explora.cl\/lagos\/#\/schema\/person\/image\/","url":"https:\/\/secure.gravatar.com\/avatar\/eeff3c82f2c02f7177d13663b7e6f890e9a6a0647ce9bb29cae02dcb094c7312?s=96&d=mm&r=g","contentUrl":"https:\/\/secure.gravatar.com\/avatar\/eeff3c82f2c02f7177d13663b7e6f890e9a6a0647ce9bb29cae02dcb094c7312?s=96&d=mm&r=g","caption":"webman"},"url":"https:\/\/dev.explora.cl\/lagos\/author\/webman\/"}]}},"_links":{"self":[{"href":"https:\/\/dev.explora.cl\/lagos\/wp-json\/wp\/v2\/posts\/1184","targetHints":{"allow":["GET"]}}],"collection":[{"href":"https:\/\/dev.explora.cl\/lagos\/wp-json\/wp\/v2\/posts"}],"about":[{"href":"https:\/\/dev.explora.cl\/lagos\/wp-json\/wp\/v2\/types\/post"}],"author":[{"embeddable":true,"href":"https:\/\/dev.explora.cl\/lagos\/wp-json\/wp\/v2\/users\/2"}],"replies":[{"embeddable":true,"href":"https:\/\/dev.explora.cl\/lagos\/wp-json\/wp\/v2\/comments?post=1184"}],"version-history":[{"count":1,"href":"https:\/\/dev.explora.cl\/lagos\/wp-json\/wp\/v2\/posts\/1184\/revisions"}],"predecessor-version":[{"id":38274,"href":"https:\/\/dev.explora.cl\/lagos\/wp-json\/wp\/v2\/posts\/1184\/revisions\/38274"}],"wp:featuredmedia":[{"embeddable":true,"href":"https:\/\/dev.explora.cl\/lagos\/wp-json\/wp\/v2\/media\/1185"}],"wp:attachment":[{"href":"https:\/\/dev.explora.cl\/lagos\/wp-json\/wp\/v2\/media?parent=1184"}],"wp:term":[{"taxonomy":"category","embeddable":true,"href":"https:\/\/dev.explora.cl\/lagos\/wp-json\/wp\/v2\/categories?post=1184"},{"taxonomy":"post_tag","embeddable":true,"href":"https:\/\/dev.explora.cl\/lagos\/wp-json\/wp\/v2\/tags?post=1184"}],"curies":[{"name":"wp","href":"https:\/\/api.w.org\/{rel}","templated":true}]}}