{"id":1180,"date":"2014-11-06T00:00:00","date_gmt":"2014-11-06T04:00:00","guid":{"rendered":"http:\/\/ec2-34-219-152-79.us-west-2.compute.amazonaws.com\/lagos\/blog\/2014\/11\/06\/show-de-la-ciencia-del-par-explora-los-lagos-llega-a-purranque\/"},"modified":"2019-05-20T19:48:38","modified_gmt":"2019-05-20T19:48:38","slug":"show-de-la-ciencia-del-par-explora-los-lagos-llega-a-purranque","status":"publish","type":"post","link":"https:\/\/dev.explora.cl\/lagos\/show-de-la-ciencia-del-par-explora-los-lagos-llega-a-purranque\/","title":{"rendered":"\u201cShow de la Ciencia\u201d del PAR EXPLORA Los Lagos llega a Purranque"},"content":{"rendered":"<p><img loading=\"lazy\" decoding=\"async\" class=\" size-full wp-image-6951\" src=\"http:\/\/ec2-34-218-253-251.us-west-2.compute.amazonaws.com\/wp-content\/uploads\/2014\/11\/7e3325c91ea1a0daabc290ad6e9314ff.jpg\" alt=\"\" width=\"2953\" height=\"1833\" \/><\/p>\n<p style=\"text-align: justify\">El PAR EXPLORA Los Lagos, coordinado por la ULagos, invita a todos los establecimientos de Purranque a participar del \u00abShow de la Ciencia\u00bb, iniciativa que por primera vez se presenta en la comuna y que tiene por finalidad acercar de forma l\u00fadica la ciencia a escolares de ense\u00f1anza b\u00e1sica.<\/p>\n<p style=\"text-align: justify\">La actividad se desarrollar\u00e1 este jueves 13 de noviembre a las 10 horas en el Gimnasio Municipal de Purranque, y est\u00e1n invitados a participar profesores y alumnos de tercero a sexto b\u00e1sico pertenecientes a establecimientos educacionales municipales, subvencionados y particulares de la comuna.<\/p>\n<p style=\"text-align: justify\"><img decoding=\"async\" class=\" alignleft size-full wp-image-5783\" src=\"http:\/\/ec2-34-218-253-251.us-west-2.compute.amazonaws.com\/wp-content\/uploads\/2014\/10\/DSC_0280.JPG\" border=\"0\" width=\"450\" style=\"float: left;margin: 5px 10px\" \/>La actividad, completamente gratuita, incluir\u00e1 \u00abtrivias\u00bb basadas en los cuentos <a href=\"lagos\/noticias-los-lagos\/2851-huapi-el-chungungo-heroe-es-el-nuevo-cuento-de-explora-los-lagos\">\u00abHuapi, el chungungo h\u00e9roe\u00bb<\/a> y <a href=\"lagos\/noticias-los-lagos\/2925-explora-los-lagos-presenta-su-nuevo-cuento-cientifico-descubriendo-un-nuevo-mundo\">\u00abDescubriendo un nuevo mundo\u00bb<\/a>, elaborados \u00edntegramente por el equipo del PAR EXPLORA Los Lagos y descargables en <a href=\"lagos\">dev.explora.cl\/lagos<\/a><\/p>\n<p style=\"text-align: justify\">Adem\u00e1s, los ni\u00f1os podr\u00e1n participar de los concursos \u00abMatem\u00e1gico\u00bb y \u00abEquilibrio Precario\u00bb. En la actividad se contar\u00e1 con la participaci\u00f3n del conocido grupo de Breakdance, Nebuloso Style.<\/p>\n<p style=\"text-align: justify\">Este tipo de acciones cumple con el objetivo de acercar la ciencia y tecnolog\u00eda a los estudiantes de la Regi\u00f3n de manera entretenida, con el prop\u00f3sito de fortalecer las capacidades de los ni\u00f1os y j\u00f3venes de la zona.<\/p>\n<p>Inscripciones de establecimientos en <a href=\"mailto:valoracionexplora@ulagos.cl\">valoracionexplora@ulagos.cl<\/a><br \/>Descarga los cuentos. \u00a1Participa en las trivias y gana premios EXPLORA!<\/p>\n<p>\u00a0 \u00a0 \u00a0<a href=\"lagos\/noticias-los-lagos\/2851-huapi-el-chungungo-heroe-es-el-nuevo-cuento-de-explora-los-lagos\"><img decoding=\"async\" class=\" size-full wp-image-4677\" src=\"http:\/\/ec2-34-218-253-251.us-west-2.compute.amazonaws.com\/wp-content\/uploads\/2014\/08\/IMAGEN-CHUNGUNGO.jpg\" border=\"0\" width=\"100\" \/><\/a>\u00a0 \u00a0\u00a0<a href=\"lagos\/noticias-los-lagos\/2925-explora-los-lagos-presenta-su-nuevo-cuento-cientifico-descubriendo-un-nuevo-mundo\"><img decoding=\"async\" class=\" size-full wp-image-4679\" src=\"http:\/\/ec2-34-218-253-251.us-west-2.compute.amazonaws.com\/wp-content\/uploads\/2014\/08\/IMAGEN_ALGAS-47-1.jpg\" border=\"0\" width=\"100\" \/><\/a><a href=\"lagos\/noticias-los-lagos\/2925-explora-los-lagos-presenta-su-nuevo-cuento-cientifico-descubriendo-un-nuevo-mundo\"><br \/><\/a><\/p>\n","protected":false},"excerpt":{"rendered":"<p>El PAR EXPLORA Los Lagos, coordinado por la ULagos, invita a todos los establecimientos de Purranque a participar del \u00abShow de la Ciencia\u00bb, iniciativa que por primera vez se presenta en la comuna y que tiene por finalidad acercar de forma l\u00fadica la ciencia a escolares de ense\u00f1anza b\u00e1sica. La actividad se desarrollar\u00e1 este jueves [&hellip;]<\/p>\n","protected":false},"author":2,"featured_media":1181,"comment_status":"open","ping_status":"open","sticky":false,"template":"","format":"standard","meta":{"_acf_changed":false,"_exactmetrics_skip_tracking":false,"_exactmetrics_sitenote_active":false,"_exactmetrics_sitenote_note":"","_exactmetrics_sitenote_category":0,"footnotes":"","_links_to":"","_links_to_target":""},"categories":[4],"tags":[],"class_list":["post-1180","post","type-post","status-publish","format-standard","has-post-thumbnail","hentry","category-noticias"],"acf":[],"yoast_head":"<!-- This site is optimized with the Yoast SEO plugin v26.7 - https:\/\/yoast.com\/wordpress\/plugins\/seo\/ -->\n<title>\u201cShow de la Ciencia\u201d del PAR EXPLORA Los Lagos llega a Purranque - Los Lagos<\/title>\n<meta name=\"robots\" content=\"index, follow, max-snippet:-1, max-image-preview:large, max-video-preview:-1\" \/>\n<link rel=\"canonical\" href=\"https:\/\/dev.explora.cl\/lagos\/show-de-la-ciencia-del-par-explora-los-lagos-llega-a-purranque\/\" class=\"yoast-seo-meta-tag\" \/>\n<meta property=\"og:locale\" content=\"es_ES\" class=\"yoast-seo-meta-tag\" \/>\n<meta property=\"og:type\" content=\"article\" class=\"yoast-seo-meta-tag\" \/>\n<meta property=\"og:title\" content=\"\u201cShow de la Ciencia\u201d del PAR EXPLORA Los Lagos llega a Purranque - Los Lagos\" class=\"yoast-seo-meta-tag\" \/>\n<meta property=\"og:description\" content=\"El PAR EXPLORA Los Lagos, coordinado por la ULagos, invita a todos los establecimientos de Purranque a participar del \u00abShow de la Ciencia\u00bb, iniciativa que por primera vez se presenta en la comuna y que tiene por finalidad acercar de forma l\u00fadica la ciencia a escolares de ense\u00f1anza b\u00e1sica. La actividad se desarrollar\u00e1 este jueves [&hellip;]\" class=\"yoast-seo-meta-tag\" \/>\n<meta property=\"og:url\" content=\"https:\/\/dev.explora.cl\/lagos\/show-de-la-ciencia-del-par-explora-los-lagos-llega-a-purranque\/\" class=\"yoast-seo-meta-tag\" \/>\n<meta property=\"og:site_name\" content=\"Los Lagos\" class=\"yoast-seo-meta-tag\" \/>\n<meta property=\"article:published_time\" content=\"2014-11-06T04:00:00+00:00\" class=\"yoast-seo-meta-tag\" \/>\n<meta property=\"article:modified_time\" content=\"2019-05-20T19:48:38+00:00\" class=\"yoast-seo-meta-tag\" \/>\n<meta property=\"og:image\" content=\"https:\/\/dev.explora.cl\/lagos\/wp-content\/uploads\/sites\/17\/2018\/06\/7e3325c91ea1a0daabc290ad6e9314ff-1024x636.jpg\" class=\"yoast-seo-meta-tag\" \/>\n\t<meta property=\"og:image:width\" content=\"1024\" class=\"yoast-seo-meta-tag\" \/>\n\t<meta property=\"og:image:height\" content=\"636\" class=\"yoast-seo-meta-tag\" \/>\n\t<meta property=\"og:image:type\" content=\"image\/jpeg\" class=\"yoast-seo-meta-tag\" \/>\n<meta name=\"author\" content=\"webman\" class=\"yoast-seo-meta-tag\" \/>\n<meta name=\"twitter:card\" content=\"summary_large_image\" class=\"yoast-seo-meta-tag\" \/>\n<meta name=\"twitter:label1\" content=\"Escrito por\" class=\"yoast-seo-meta-tag\" \/>\n\t<meta name=\"twitter:data1\" content=\"webman\" class=\"yoast-seo-meta-tag\" \/>\n\t<meta name=\"twitter:label2\" content=\"Tiempo de lectura\" class=\"yoast-seo-meta-tag\" \/>\n\t<meta name=\"twitter:data2\" content=\"1 minuto\" class=\"yoast-seo-meta-tag\" \/>\n<script type=\"application\/ld+json\" class=\"yoast-schema-graph\">{\"@context\":\"https:\/\/schema.org\",\"@graph\":[{\"@type\":\"Article\",\"@id\":\"https:\/\/dev.explora.cl\/lagos\/show-de-la-ciencia-del-par-explora-los-lagos-llega-a-purranque\/#article\",\"isPartOf\":{\"@id\":\"https:\/\/dev.explora.cl\/lagos\/show-de-la-ciencia-del-par-explora-los-lagos-llega-a-purranque\/\"},\"author\":{\"name\":\"webman\",\"@id\":\"https:\/\/dev.explora.cl\/lagos\/#\/schema\/person\/cb8349c13ea2d324080adf8480d7ba5d\"},\"headline\":\"\u201cShow de la Ciencia\u201d del PAR EXPLORA Los Lagos llega a Purranque\",\"datePublished\":\"2014-11-06T04:00:00+00:00\",\"dateModified\":\"2019-05-20T19:48:38+00:00\",\"mainEntityOfPage\":{\"@id\":\"https:\/\/dev.explora.cl\/lagos\/show-de-la-ciencia-del-par-explora-los-lagos-llega-a-purranque\/\"},\"wordCount\":237,\"commentCount\":0,\"image\":{\"@id\":\"https:\/\/dev.explora.cl\/lagos\/show-de-la-ciencia-del-par-explora-los-lagos-llega-a-purranque\/#primaryimage\"},\"thumbnailUrl\":\"https:\/\/dev.explora.cl\/lagos\/wp-content\/uploads\/sites\/17\/2018\/06\/7e3325c91ea1a0daabc290ad6e9314ff.jpg\",\"articleSection\":[\"Noticias\"],\"inLanguage\":\"es\",\"potentialAction\":[{\"@type\":\"CommentAction\",\"name\":\"Comment\",\"target\":[\"https:\/\/dev.explora.cl\/lagos\/show-de-la-ciencia-del-par-explora-los-lagos-llega-a-purranque\/#respond\"]}]},{\"@type\":\"WebPage\",\"@id\":\"https:\/\/dev.explora.cl\/lagos\/show-de-la-ciencia-del-par-explora-los-lagos-llega-a-purranque\/\",\"url\":\"https:\/\/dev.explora.cl\/lagos\/show-de-la-ciencia-del-par-explora-los-lagos-llega-a-purranque\/\",\"name\":\"\u201cShow de la Ciencia\u201d del PAR EXPLORA Los Lagos llega a Purranque - Los Lagos\",\"isPartOf\":{\"@id\":\"https:\/\/dev.explora.cl\/lagos\/#website\"},\"primaryImageOfPage\":{\"@id\":\"https:\/\/dev.explora.cl\/lagos\/show-de-la-ciencia-del-par-explora-los-lagos-llega-a-purranque\/#primaryimage\"},\"image\":{\"@id\":\"https:\/\/dev.explora.cl\/lagos\/show-de-la-ciencia-del-par-explora-los-lagos-llega-a-purranque\/#primaryimage\"},\"thumbnailUrl\":\"https:\/\/dev.explora.cl\/lagos\/wp-content\/uploads\/sites\/17\/2018\/06\/7e3325c91ea1a0daabc290ad6e9314ff.jpg\",\"datePublished\":\"2014-11-06T04:00:00+00:00\",\"dateModified\":\"2019-05-20T19:48:38+00:00\",\"author\":{\"@id\":\"https:\/\/dev.explora.cl\/lagos\/#\/schema\/person\/cb8349c13ea2d324080adf8480d7ba5d\"},\"breadcrumb\":{\"@id\":\"https:\/\/dev.explora.cl\/lagos\/show-de-la-ciencia-del-par-explora-los-lagos-llega-a-purranque\/#breadcrumb\"},\"inLanguage\":\"es\",\"potentialAction\":[{\"@type\":\"ReadAction\",\"target\":[\"https:\/\/dev.explora.cl\/lagos\/show-de-la-ciencia-del-par-explora-los-lagos-llega-a-purranque\/\"]}]},{\"@type\":\"ImageObject\",\"inLanguage\":\"es\",\"@id\":\"https:\/\/dev.explora.cl\/lagos\/show-de-la-ciencia-del-par-explora-los-lagos-llega-a-purranque\/#primaryimage\",\"url\":\"https:\/\/dev.explora.cl\/lagos\/wp-content\/uploads\/sites\/17\/2018\/06\/7e3325c91ea1a0daabc290ad6e9314ff.jpg\",\"contentUrl\":\"https:\/\/dev.explora.cl\/lagos\/wp-content\/uploads\/sites\/17\/2018\/06\/7e3325c91ea1a0daabc290ad6e9314ff.jpg\",\"width\":2953,\"height\":1833},{\"@type\":\"BreadcrumbList\",\"@id\":\"https:\/\/dev.explora.cl\/lagos\/show-de-la-ciencia-del-par-explora-los-lagos-llega-a-purranque\/#breadcrumb\",\"itemListElement\":[{\"@type\":\"ListItem\",\"position\":1,\"name\":\"Portada\",\"item\":\"https:\/\/dev.explora.cl\/lagos\/\"},{\"@type\":\"ListItem\",\"position\":2,\"name\":\"\u201cShow de la Ciencia\u201d del PAR EXPLORA Los Lagos llega a Purranque\"}]},{\"@type\":\"WebSite\",\"@id\":\"https:\/\/dev.explora.cl\/lagos\/#website\",\"url\":\"https:\/\/dev.explora.cl\/lagos\/\",\"name\":\"Los Lagos\",\"description\":\"Otro sitio m\u00e1s de dev.explora.cl\",\"potentialAction\":[{\"@type\":\"SearchAction\",\"target\":{\"@type\":\"EntryPoint\",\"urlTemplate\":\"https:\/\/dev.explora.cl\/lagos\/?s={search_term_string}\"},\"query-input\":{\"@type\":\"PropertyValueSpecification\",\"valueRequired\":true,\"valueName\":\"search_term_string\"}}],\"inLanguage\":\"es\"},{\"@type\":\"Person\",\"@id\":\"https:\/\/dev.explora.cl\/lagos\/#\/schema\/person\/cb8349c13ea2d324080adf8480d7ba5d\",\"name\":\"webman\",\"image\":{\"@type\":\"ImageObject\",\"inLanguage\":\"es\",\"@id\":\"https:\/\/dev.explora.cl\/lagos\/#\/schema\/person\/image\/\",\"url\":\"https:\/\/secure.gravatar.com\/avatar\/eeff3c82f2c02f7177d13663b7e6f890e9a6a0647ce9bb29cae02dcb094c7312?s=96&d=mm&r=g\",\"contentUrl\":\"https:\/\/secure.gravatar.com\/avatar\/eeff3c82f2c02f7177d13663b7e6f890e9a6a0647ce9bb29cae02dcb094c7312?s=96&d=mm&r=g\",\"caption\":\"webman\"},\"url\":\"https:\/\/dev.explora.cl\/lagos\/author\/webman\/\"}]}<\/script>\n<!-- \/ Yoast SEO plugin. -->","yoast_head_json":{"title":"\u201cShow de la Ciencia\u201d del PAR EXPLORA Los Lagos llega a Purranque - Los Lagos","robots":{"index":"index","follow":"follow","max-snippet":"max-snippet:-1","max-image-preview":"max-image-preview:large","max-video-preview":"max-video-preview:-1"},"canonical":"https:\/\/dev.explora.cl\/lagos\/show-de-la-ciencia-del-par-explora-los-lagos-llega-a-purranque\/","og_locale":"es_ES","og_type":"article","og_title":"\u201cShow de la Ciencia\u201d del PAR EXPLORA Los Lagos llega a Purranque - Los Lagos","og_description":"El PAR EXPLORA Los Lagos, coordinado por la ULagos, invita a todos los establecimientos de Purranque a participar del \u00abShow de la Ciencia\u00bb, iniciativa que por primera vez se presenta en la comuna y que tiene por finalidad acercar de forma l\u00fadica la ciencia a escolares de ense\u00f1anza b\u00e1sica. La actividad se desarrollar\u00e1 este jueves [&hellip;]","og_url":"https:\/\/dev.explora.cl\/lagos\/show-de-la-ciencia-del-par-explora-los-lagos-llega-a-purranque\/","og_site_name":"Los Lagos","article_published_time":"2014-11-06T04:00:00+00:00","article_modified_time":"2019-05-20T19:48:38+00:00","og_image":[{"width":1024,"height":636,"url":"https:\/\/dev.explora.cl\/lagos\/wp-content\/uploads\/sites\/17\/2018\/06\/7e3325c91ea1a0daabc290ad6e9314ff-1024x636.jpg","type":"image\/jpeg"}],"author":"webman","twitter_card":"summary_large_image","twitter_misc":{"Escrito por":"webman","Tiempo de lectura":"1 minuto"},"schema":{"@context":"https:\/\/schema.org","@graph":[{"@type":"Article","@id":"https:\/\/dev.explora.cl\/lagos\/show-de-la-ciencia-del-par-explora-los-lagos-llega-a-purranque\/#article","isPartOf":{"@id":"https:\/\/dev.explora.cl\/lagos\/show-de-la-ciencia-del-par-explora-los-lagos-llega-a-purranque\/"},"author":{"name":"webman","@id":"https:\/\/dev.explora.cl\/lagos\/#\/schema\/person\/cb8349c13ea2d324080adf8480d7ba5d"},"headline":"\u201cShow de la Ciencia\u201d del PAR EXPLORA Los Lagos llega a Purranque","datePublished":"2014-11-06T04:00:00+00:00","dateModified":"2019-05-20T19:48:38+00:00","mainEntityOfPage":{"@id":"https:\/\/dev.explora.cl\/lagos\/show-de-la-ciencia-del-par-explora-los-lagos-llega-a-purranque\/"},"wordCount":237,"commentCount":0,"image":{"@id":"https:\/\/dev.explora.cl\/lagos\/show-de-la-ciencia-del-par-explora-los-lagos-llega-a-purranque\/#primaryimage"},"thumbnailUrl":"https:\/\/dev.explora.cl\/lagos\/wp-content\/uploads\/sites\/17\/2018\/06\/7e3325c91ea1a0daabc290ad6e9314ff.jpg","articleSection":["Noticias"],"inLanguage":"es","potentialAction":[{"@type":"CommentAction","name":"Comment","target":["https:\/\/dev.explora.cl\/lagos\/show-de-la-ciencia-del-par-explora-los-lagos-llega-a-purranque\/#respond"]}]},{"@type":"WebPage","@id":"https:\/\/dev.explora.cl\/lagos\/show-de-la-ciencia-del-par-explora-los-lagos-llega-a-purranque\/","url":"https:\/\/dev.explora.cl\/lagos\/show-de-la-ciencia-del-par-explora-los-lagos-llega-a-purranque\/","name":"\u201cShow de la Ciencia\u201d del PAR EXPLORA Los Lagos llega a Purranque - Los Lagos","isPartOf":{"@id":"https:\/\/dev.explora.cl\/lagos\/#website"},"primaryImageOfPage":{"@id":"https:\/\/dev.explora.cl\/lagos\/show-de-la-ciencia-del-par-explora-los-lagos-llega-a-purranque\/#primaryimage"},"image":{"@id":"https:\/\/dev.explora.cl\/lagos\/show-de-la-ciencia-del-par-explora-los-lagos-llega-a-purranque\/#primaryimage"},"thumbnailUrl":"https:\/\/dev.explora.cl\/lagos\/wp-content\/uploads\/sites\/17\/2018\/06\/7e3325c91ea1a0daabc290ad6e9314ff.jpg","datePublished":"2014-11-06T04:00:00+00:00","dateModified":"2019-05-20T19:48:38+00:00","author":{"@id":"https:\/\/dev.explora.cl\/lagos\/#\/schema\/person\/cb8349c13ea2d324080adf8480d7ba5d"},"breadcrumb":{"@id":"https:\/\/dev.explora.cl\/lagos\/show-de-la-ciencia-del-par-explora-los-lagos-llega-a-purranque\/#breadcrumb"},"inLanguage":"es","potentialAction":[{"@type":"ReadAction","target":["https:\/\/dev.explora.cl\/lagos\/show-de-la-ciencia-del-par-explora-los-lagos-llega-a-purranque\/"]}]},{"@type":"ImageObject","inLanguage":"es","@id":"https:\/\/dev.explora.cl\/lagos\/show-de-la-ciencia-del-par-explora-los-lagos-llega-a-purranque\/#primaryimage","url":"https:\/\/dev.explora.cl\/lagos\/wp-content\/uploads\/sites\/17\/2018\/06\/7e3325c91ea1a0daabc290ad6e9314ff.jpg","contentUrl":"https:\/\/dev.explora.cl\/lagos\/wp-content\/uploads\/sites\/17\/2018\/06\/7e3325c91ea1a0daabc290ad6e9314ff.jpg","width":2953,"height":1833},{"@type":"BreadcrumbList","@id":"https:\/\/dev.explora.cl\/lagos\/show-de-la-ciencia-del-par-explora-los-lagos-llega-a-purranque\/#breadcrumb","itemListElement":[{"@type":"ListItem","position":1,"name":"Portada","item":"https:\/\/dev.explora.cl\/lagos\/"},{"@type":"ListItem","position":2,"name":"\u201cShow de la Ciencia\u201d del PAR EXPLORA Los Lagos llega a Purranque"}]},{"@type":"WebSite","@id":"https:\/\/dev.explora.cl\/lagos\/#website","url":"https:\/\/dev.explora.cl\/lagos\/","name":"Los Lagos","description":"Otro sitio m\u00e1s de dev.explora.cl","potentialAction":[{"@type":"SearchAction","target":{"@type":"EntryPoint","urlTemplate":"https:\/\/dev.explora.cl\/lagos\/?s={search_term_string}"},"query-input":{"@type":"PropertyValueSpecification","valueRequired":true,"valueName":"search_term_string"}}],"inLanguage":"es"},{"@type":"Person","@id":"https:\/\/dev.explora.cl\/lagos\/#\/schema\/person\/cb8349c13ea2d324080adf8480d7ba5d","name":"webman","image":{"@type":"ImageObject","inLanguage":"es","@id":"https:\/\/dev.explora.cl\/lagos\/#\/schema\/person\/image\/","url":"https:\/\/secure.gravatar.com\/avatar\/eeff3c82f2c02f7177d13663b7e6f890e9a6a0647ce9bb29cae02dcb094c7312?s=96&d=mm&r=g","contentUrl":"https:\/\/secure.gravatar.com\/avatar\/eeff3c82f2c02f7177d13663b7e6f890e9a6a0647ce9bb29cae02dcb094c7312?s=96&d=mm&r=g","caption":"webman"},"url":"https:\/\/dev.explora.cl\/lagos\/author\/webman\/"}]}},"_links":{"self":[{"href":"https:\/\/dev.explora.cl\/lagos\/wp-json\/wp\/v2\/posts\/1180","targetHints":{"allow":["GET"]}}],"collection":[{"href":"https:\/\/dev.explora.cl\/lagos\/wp-json\/wp\/v2\/posts"}],"about":[{"href":"https:\/\/dev.explora.cl\/lagos\/wp-json\/wp\/v2\/types\/post"}],"author":[{"embeddable":true,"href":"https:\/\/dev.explora.cl\/lagos\/wp-json\/wp\/v2\/users\/2"}],"replies":[{"embeddable":true,"href":"https:\/\/dev.explora.cl\/lagos\/wp-json\/wp\/v2\/comments?post=1180"}],"version-history":[{"count":1,"href":"https:\/\/dev.explora.cl\/lagos\/wp-json\/wp\/v2\/posts\/1180\/revisions"}],"predecessor-version":[{"id":38275,"href":"https:\/\/dev.explora.cl\/lagos\/wp-json\/wp\/v2\/posts\/1180\/revisions\/38275"}],"wp:featuredmedia":[{"embeddable":true,"href":"https:\/\/dev.explora.cl\/lagos\/wp-json\/wp\/v2\/media\/1181"}],"wp:attachment":[{"href":"https:\/\/dev.explora.cl\/lagos\/wp-json\/wp\/v2\/media?parent=1180"}],"wp:term":[{"taxonomy":"category","embeddable":true,"href":"https:\/\/dev.explora.cl\/lagos\/wp-json\/wp\/v2\/categories?post=1180"},{"taxonomy":"post_tag","embeddable":true,"href":"https:\/\/dev.explora.cl\/lagos\/wp-json\/wp\/v2\/tags?post=1180"}],"curies":[{"name":"wp","href":"https:\/\/api.w.org\/{rel}","templated":true}]}}