{"id":1165,"date":"2014-10-30T00:00:00","date_gmt":"2014-10-30T04:00:00","guid":{"rendered":"http:\/\/ec2-34-219-152-79.us-west-2.compute.amazonaws.com\/lagos\/blog\/2014\/10\/30\/establecimientos-de-maullin-futaleufu-y-puerto-montt-ganaron-el-xi-congreso-regional-de-ciencia-y-tecnologia\/"},"modified":"2019-05-20T19:48:39","modified_gmt":"2019-05-20T19:48:39","slug":"establecimientos-de-maullin-futaleufu-y-puerto-montt-ganaron-el-xi-congreso-regional-de-ciencia-y-tecnologia","status":"publish","type":"post","link":"https:\/\/dev.explora.cl\/lagos\/establecimientos-de-maullin-futaleufu-y-puerto-montt-ganaron-el-xi-congreso-regional-de-ciencia-y-tecnologia\/","title":{"rendered":"Establecimientos de Maull\u00edn, Futaleuf\u00fa y Puerto Montt ganaron el XI Congreso Regional de Ciencia y Tecnolog\u00eda"},"content":{"rendered":"<p><img loading=\"lazy\" decoding=\"async\" class=\" size-full wp-image-6726\" src=\"http:\/\/ec2-34-218-253-251.us-west-2.compute.amazonaws.com\/wp-content\/uploads\/2014\/10\/83274d52df243e3809825d8ba8bf8f65.jpg\" alt=\"\" width=\"2953\" height=\"2654\" \/><\/p>\n<p style=\"text-align: justify\">Alumnos de las comunas de Osorno, San Juan de la Costa, Puerto Varas, Maull\u00edn, Puerto Montt, Ancud, Quell\u00f3n y Futaleuf\u00fa participaron en el XI Congreso Regional Escolar de Ciencia y Tecnolog\u00eda EXPLORA CONICYT 2014, el que se llev\u00f3 a cabo entre el 28 y el 30 de octubre en la sede Chinquihue de la Universidad de Los Lagos.<\/p>\n<p style=\"text-align: justify\">Este a\u00f1o el Congreso cont\u00f3 con seis proyectos de ense\u00f1anza b\u00e1sica y 20 iniciativas de ense\u00f1anza media, correspondientes a 21 establecimientos, los que compitieron en dos categor\u00edas: Investigaci\u00f3n en Ciencias y Desarrollo en las \u00c1reas de Ingenier\u00eda y Tecnolog\u00eda.<\/p>\n<p style=\"text-align: justify\">El establecimiento ganador en la categor\u00eda ense\u00f1anza b\u00e1sica fue la Escuela Francisco Cort\u00e9s Ojeda de la comuna de Maull\u00edn con el proyecto \u00abEfecto del abono de tecas de Pyura chilensis sobre el crecimiento de lactuca sativa\u00bb.<\/p>\n<p><\/p>\n<p style=\"text-align: justify\"><img decoding=\"async\" class=\" alignleft size-full wp-image-6727\" src=\"http:\/\/ec2-34-218-253-251.us-west-2.compute.amazonaws.com\/wp-content\/uploads\/2014\/10\/Ganadores-Media.JPG\" border=\"0\" width=\"350\" style=\"float: left;margin: 5px 10px\" \/>En ense\u00f1anza media el primer lugar fue para el proyecto \u00abF\u00f3siles marinos en el sector R\u00edo Azul de Futaleuf\u00fa\u00bb. Por su parte, el mejor proyecto tecnol\u00f3gico recay\u00f3 en el Colegio Salesiano Padre Jos\u00e9 Fern\u00e1ndez con el proyecto \u00abGenerador de Hidr\u00f3geno\u00bb.<br \/><span style=\"line-height: 1.3em\"><br \/>Los integrantes de los tres proyectos ganadores del certamen regional recibieron una Tablet gentileza del PAR EXPLORA Los Lagos y asistir\u00e1n -en representaci\u00f3n de la Regi\u00f3n de Los Lagos- al XV Congreso Nacional Escolar de Ciencia y Tecnolog\u00eda EXPLORA CONICYT 2014, que se realizar\u00e1 en Santiago, Regi\u00f3n Metropolitana, entre los d\u00edas 25 y 27 de noviembre.<\/span><\/p>\n<p style=\"text-align: justify\"><strong><\/p>\n<p>Los Participantes<\/strong><\/p>\n<p style=\"text-align: justify\"><img decoding=\"async\" class=\" alignleft size-full wp-image-6728\" src=\"http:\/\/ec2-34-218-253-251.us-west-2.compute.amazonaws.com\/wp-content\/uploads\/2014\/10\/Francisca-Lardani.JPG\" border=\"0\" width=\"100\" style=\"float: left;margin: 5px 10px\" \/>Francisca Lardani, alumna de segundo medio del Colegio Proyecci\u00f3n Siglo XXI de Osorno, coment\u00f3 que \u00abesta experiencia ha sido excelente y un gran orgullo para nosotros haber podido representar a nuestro establecimiento en esta actividad\u00bb.<\/p>\n<p><\/p>\n<p style=\"text-align: justify\"><img decoding=\"async\" class=\" alignleft size-full wp-image-6729\" src=\"http:\/\/ec2-34-218-253-251.us-west-2.compute.amazonaws.com\/wp-content\/uploads\/2014\/10\/Joaqun-Bucarey.JPG\" border=\"0\" width=\"100\" style=\"float: left;margin: 5px 10px\" \/>\u00abHa sido una experiencia muy importante para nosotros. He tenido la oportunidad de conocer proyectos interesantes e innovadores\u00bb, se\u00f1ala Joaqu\u00edn Bucarey, alumno de primero medio de la Escuela Futaleuf\u00fa.<\/p>\n<p style=\"text-align: justify\"><img decoding=\"async\" class=\" alignleft size-full wp-image-6730\" src=\"http:\/\/ec2-34-218-253-251.us-west-2.compute.amazonaws.com\/wp-content\/uploads\/2014\/10\/Catalina-Ramrez.JPG\" border=\"0\" width=\"100\" style=\"float: left;margin: 5px 10px\" \/>Catalina Ram\u00edrez, alumna de segundo medio del Colegio Alem\u00e1n de Puerto Varas destaca que \u00abel Congreso est\u00e1 muy bien organizado y todos han sido muy amables. Es una iniciativa que difundiremos en nuestro colegio para que el pr\u00f3ximo a\u00f1o participen m\u00e1s proyectos\u00bb.<\/p>\n<p><\/p>\n<p style=\"text-align: justify\"><img decoding=\"async\" class=\" alignleft size-full wp-image-6731\" src=\"http:\/\/ec2-34-218-253-251.us-west-2.compute.amazonaws.com\/wp-content\/uploads\/2014\/10\/Fabin-Guerrero.JPG\" border=\"0\" width=\"100\" style=\"float: left;margin: 5px 10px\" \/>Por su parte, Fabi\u00e1n Guerrero, alumno de sexto b\u00e1sico del Colegio San Juan de Ancud, manifest\u00f3 que \u00abme pareci\u00f3 muy interesante, pude aprender cosas nuevas y conocer gente muy simp\u00e1tica\u00bb.<\/p>\n","protected":false},"excerpt":{"rendered":"<p>Alumnos de las comunas de Osorno, San Juan de la Costa, Puerto Varas, Maull\u00edn, Puerto Montt, Ancud, Quell\u00f3n y Futaleuf\u00fa participaron en el XI Congreso Regional Escolar de Ciencia y Tecnolog\u00eda EXPLORA CONICYT 2014, el que se llev\u00f3 a cabo entre el 28 y el 30 de octubre en la sede Chinquihue de la Universidad [&hellip;]<\/p>\n","protected":false},"author":2,"featured_media":1166,"comment_status":"open","ping_status":"open","sticky":false,"template":"","format":"standard","meta":{"_acf_changed":false,"_exactmetrics_skip_tracking":false,"_exactmetrics_sitenote_active":false,"_exactmetrics_sitenote_note":"","_exactmetrics_sitenote_category":0,"footnotes":"","_links_to":"","_links_to_target":""},"categories":[4],"tags":[],"class_list":["post-1165","post","type-post","status-publish","format-standard","has-post-thumbnail","hentry","category-noticias"],"acf":[],"yoast_head":"<!-- This site is optimized with the Yoast SEO plugin v26.7 - https:\/\/yoast.com\/wordpress\/plugins\/seo\/ -->\n<title>Establecimientos de Maull\u00edn, Futaleuf\u00fa y Puerto Montt ganaron el XI Congreso Regional de Ciencia y Tecnolog\u00eda - Los Lagos<\/title>\n<meta name=\"robots\" content=\"index, follow, max-snippet:-1, max-image-preview:large, max-video-preview:-1\" \/>\n<link rel=\"canonical\" href=\"https:\/\/dev.explora.cl\/lagos\/establecimientos-de-maullin-futaleufu-y-puerto-montt-ganaron-el-xi-congreso-regional-de-ciencia-y-tecnologia\/\" class=\"yoast-seo-meta-tag\" \/>\n<meta property=\"og:locale\" content=\"es_ES\" class=\"yoast-seo-meta-tag\" \/>\n<meta property=\"og:type\" content=\"article\" class=\"yoast-seo-meta-tag\" \/>\n<meta property=\"og:title\" content=\"Establecimientos de Maull\u00edn, Futaleuf\u00fa y Puerto Montt ganaron el XI Congreso Regional de Ciencia y Tecnolog\u00eda - Los Lagos\" class=\"yoast-seo-meta-tag\" \/>\n<meta property=\"og:description\" content=\"Alumnos de las comunas de Osorno, San Juan de la Costa, Puerto Varas, Maull\u00edn, Puerto Montt, Ancud, Quell\u00f3n y Futaleuf\u00fa participaron en el XI Congreso Regional Escolar de Ciencia y Tecnolog\u00eda EXPLORA CONICYT 2014, el que se llev\u00f3 a cabo entre el 28 y el 30 de octubre en la sede Chinquihue de la Universidad [&hellip;]\" class=\"yoast-seo-meta-tag\" \/>\n<meta property=\"og:url\" content=\"https:\/\/dev.explora.cl\/lagos\/establecimientos-de-maullin-futaleufu-y-puerto-montt-ganaron-el-xi-congreso-regional-de-ciencia-y-tecnologia\/\" class=\"yoast-seo-meta-tag\" \/>\n<meta property=\"og:site_name\" content=\"Los Lagos\" class=\"yoast-seo-meta-tag\" \/>\n<meta property=\"article:published_time\" content=\"2014-10-30T04:00:00+00:00\" class=\"yoast-seo-meta-tag\" \/>\n<meta property=\"article:modified_time\" content=\"2019-05-20T19:48:39+00:00\" class=\"yoast-seo-meta-tag\" \/>\n<meta property=\"og:image\" content=\"https:\/\/dev.explora.cl\/lagos\/wp-content\/uploads\/sites\/17\/2018\/06\/83274d52df243e3809825d8ba8bf8f65-1024x920.jpg\" class=\"yoast-seo-meta-tag\" \/>\n\t<meta property=\"og:image:width\" content=\"1024\" class=\"yoast-seo-meta-tag\" \/>\n\t<meta property=\"og:image:height\" content=\"920\" class=\"yoast-seo-meta-tag\" \/>\n\t<meta property=\"og:image:type\" content=\"image\/jpeg\" class=\"yoast-seo-meta-tag\" \/>\n<meta name=\"author\" content=\"webman\" class=\"yoast-seo-meta-tag\" \/>\n<meta name=\"twitter:card\" content=\"summary_large_image\" class=\"yoast-seo-meta-tag\" \/>\n<meta name=\"twitter:label1\" content=\"Escrito por\" class=\"yoast-seo-meta-tag\" \/>\n\t<meta name=\"twitter:data1\" content=\"webman\" class=\"yoast-seo-meta-tag\" \/>\n\t<meta name=\"twitter:label2\" content=\"Tiempo de lectura\" class=\"yoast-seo-meta-tag\" \/>\n\t<meta name=\"twitter:data2\" content=\"2 minutos\" class=\"yoast-seo-meta-tag\" \/>\n<script type=\"application\/ld+json\" class=\"yoast-schema-graph\">{\"@context\":\"https:\/\/schema.org\",\"@graph\":[{\"@type\":\"Article\",\"@id\":\"https:\/\/dev.explora.cl\/lagos\/establecimientos-de-maullin-futaleufu-y-puerto-montt-ganaron-el-xi-congreso-regional-de-ciencia-y-tecnologia\/#article\",\"isPartOf\":{\"@id\":\"https:\/\/dev.explora.cl\/lagos\/establecimientos-de-maullin-futaleufu-y-puerto-montt-ganaron-el-xi-congreso-regional-de-ciencia-y-tecnologia\/\"},\"author\":{\"name\":\"webman\",\"@id\":\"https:\/\/dev.explora.cl\/lagos\/#\/schema\/person\/cb8349c13ea2d324080adf8480d7ba5d\"},\"headline\":\"Establecimientos de Maull\u00edn, Futaleuf\u00fa y Puerto Montt ganaron el XI Congreso Regional de Ciencia y Tecnolog\u00eda\",\"datePublished\":\"2014-10-30T04:00:00+00:00\",\"dateModified\":\"2019-05-20T19:48:39+00:00\",\"mainEntityOfPage\":{\"@id\":\"https:\/\/dev.explora.cl\/lagos\/establecimientos-de-maullin-futaleufu-y-puerto-montt-ganaron-el-xi-congreso-regional-de-ciencia-y-tecnologia\/\"},\"wordCount\":416,\"commentCount\":0,\"image\":{\"@id\":\"https:\/\/dev.explora.cl\/lagos\/establecimientos-de-maullin-futaleufu-y-puerto-montt-ganaron-el-xi-congreso-regional-de-ciencia-y-tecnologia\/#primaryimage\"},\"thumbnailUrl\":\"https:\/\/dev.explora.cl\/lagos\/wp-content\/uploads\/sites\/17\/2018\/06\/83274d52df243e3809825d8ba8bf8f65.jpg\",\"articleSection\":[\"Noticias\"],\"inLanguage\":\"es\",\"potentialAction\":[{\"@type\":\"CommentAction\",\"name\":\"Comment\",\"target\":[\"https:\/\/dev.explora.cl\/lagos\/establecimientos-de-maullin-futaleufu-y-puerto-montt-ganaron-el-xi-congreso-regional-de-ciencia-y-tecnologia\/#respond\"]}]},{\"@type\":\"WebPage\",\"@id\":\"https:\/\/dev.explora.cl\/lagos\/establecimientos-de-maullin-futaleufu-y-puerto-montt-ganaron-el-xi-congreso-regional-de-ciencia-y-tecnologia\/\",\"url\":\"https:\/\/dev.explora.cl\/lagos\/establecimientos-de-maullin-futaleufu-y-puerto-montt-ganaron-el-xi-congreso-regional-de-ciencia-y-tecnologia\/\",\"name\":\"Establecimientos de Maull\u00edn, Futaleuf\u00fa y Puerto Montt ganaron el XI Congreso Regional de Ciencia y Tecnolog\u00eda - Los Lagos\",\"isPartOf\":{\"@id\":\"https:\/\/dev.explora.cl\/lagos\/#website\"},\"primaryImageOfPage\":{\"@id\":\"https:\/\/dev.explora.cl\/lagos\/establecimientos-de-maullin-futaleufu-y-puerto-montt-ganaron-el-xi-congreso-regional-de-ciencia-y-tecnologia\/#primaryimage\"},\"image\":{\"@id\":\"https:\/\/dev.explora.cl\/lagos\/establecimientos-de-maullin-futaleufu-y-puerto-montt-ganaron-el-xi-congreso-regional-de-ciencia-y-tecnologia\/#primaryimage\"},\"thumbnailUrl\":\"https:\/\/dev.explora.cl\/lagos\/wp-content\/uploads\/sites\/17\/2018\/06\/83274d52df243e3809825d8ba8bf8f65.jpg\",\"datePublished\":\"2014-10-30T04:00:00+00:00\",\"dateModified\":\"2019-05-20T19:48:39+00:00\",\"author\":{\"@id\":\"https:\/\/dev.explora.cl\/lagos\/#\/schema\/person\/cb8349c13ea2d324080adf8480d7ba5d\"},\"breadcrumb\":{\"@id\":\"https:\/\/dev.explora.cl\/lagos\/establecimientos-de-maullin-futaleufu-y-puerto-montt-ganaron-el-xi-congreso-regional-de-ciencia-y-tecnologia\/#breadcrumb\"},\"inLanguage\":\"es\",\"potentialAction\":[{\"@type\":\"ReadAction\",\"target\":[\"https:\/\/dev.explora.cl\/lagos\/establecimientos-de-maullin-futaleufu-y-puerto-montt-ganaron-el-xi-congreso-regional-de-ciencia-y-tecnologia\/\"]}]},{\"@type\":\"ImageObject\",\"inLanguage\":\"es\",\"@id\":\"https:\/\/dev.explora.cl\/lagos\/establecimientos-de-maullin-futaleufu-y-puerto-montt-ganaron-el-xi-congreso-regional-de-ciencia-y-tecnologia\/#primaryimage\",\"url\":\"https:\/\/dev.explora.cl\/lagos\/wp-content\/uploads\/sites\/17\/2018\/06\/83274d52df243e3809825d8ba8bf8f65.jpg\",\"contentUrl\":\"https:\/\/dev.explora.cl\/lagos\/wp-content\/uploads\/sites\/17\/2018\/06\/83274d52df243e3809825d8ba8bf8f65.jpg\",\"width\":2953,\"height\":2654},{\"@type\":\"BreadcrumbList\",\"@id\":\"https:\/\/dev.explora.cl\/lagos\/establecimientos-de-maullin-futaleufu-y-puerto-montt-ganaron-el-xi-congreso-regional-de-ciencia-y-tecnologia\/#breadcrumb\",\"itemListElement\":[{\"@type\":\"ListItem\",\"position\":1,\"name\":\"Portada\",\"item\":\"https:\/\/dev.explora.cl\/lagos\/\"},{\"@type\":\"ListItem\",\"position\":2,\"name\":\"Establecimientos de Maull\u00edn, Futaleuf\u00fa y Puerto Montt ganaron el XI Congreso Regional de Ciencia y Tecnolog\u00eda\"}]},{\"@type\":\"WebSite\",\"@id\":\"https:\/\/dev.explora.cl\/lagos\/#website\",\"url\":\"https:\/\/dev.explora.cl\/lagos\/\",\"name\":\"Los Lagos\",\"description\":\"Otro sitio m\u00e1s de dev.explora.cl\",\"potentialAction\":[{\"@type\":\"SearchAction\",\"target\":{\"@type\":\"EntryPoint\",\"urlTemplate\":\"https:\/\/dev.explora.cl\/lagos\/?s={search_term_string}\"},\"query-input\":{\"@type\":\"PropertyValueSpecification\",\"valueRequired\":true,\"valueName\":\"search_term_string\"}}],\"inLanguage\":\"es\"},{\"@type\":\"Person\",\"@id\":\"https:\/\/dev.explora.cl\/lagos\/#\/schema\/person\/cb8349c13ea2d324080adf8480d7ba5d\",\"name\":\"webman\",\"image\":{\"@type\":\"ImageObject\",\"inLanguage\":\"es\",\"@id\":\"https:\/\/dev.explora.cl\/lagos\/#\/schema\/person\/image\/\",\"url\":\"https:\/\/secure.gravatar.com\/avatar\/eeff3c82f2c02f7177d13663b7e6f890e9a6a0647ce9bb29cae02dcb094c7312?s=96&d=mm&r=g\",\"contentUrl\":\"https:\/\/secure.gravatar.com\/avatar\/eeff3c82f2c02f7177d13663b7e6f890e9a6a0647ce9bb29cae02dcb094c7312?s=96&d=mm&r=g\",\"caption\":\"webman\"},\"url\":\"https:\/\/dev.explora.cl\/lagos\/author\/webman\/\"}]}<\/script>\n<!-- \/ Yoast SEO plugin. -->","yoast_head_json":{"title":"Establecimientos de Maull\u00edn, Futaleuf\u00fa y Puerto Montt ganaron el XI Congreso Regional de Ciencia y Tecnolog\u00eda - Los Lagos","robots":{"index":"index","follow":"follow","max-snippet":"max-snippet:-1","max-image-preview":"max-image-preview:large","max-video-preview":"max-video-preview:-1"},"canonical":"https:\/\/dev.explora.cl\/lagos\/establecimientos-de-maullin-futaleufu-y-puerto-montt-ganaron-el-xi-congreso-regional-de-ciencia-y-tecnologia\/","og_locale":"es_ES","og_type":"article","og_title":"Establecimientos de Maull\u00edn, Futaleuf\u00fa y Puerto Montt ganaron el XI Congreso Regional de Ciencia y Tecnolog\u00eda - Los Lagos","og_description":"Alumnos de las comunas de Osorno, San Juan de la Costa, Puerto Varas, Maull\u00edn, Puerto Montt, Ancud, Quell\u00f3n y Futaleuf\u00fa participaron en el XI Congreso Regional Escolar de Ciencia y Tecnolog\u00eda EXPLORA CONICYT 2014, el que se llev\u00f3 a cabo entre el 28 y el 30 de octubre en la sede Chinquihue de la Universidad [&hellip;]","og_url":"https:\/\/dev.explora.cl\/lagos\/establecimientos-de-maullin-futaleufu-y-puerto-montt-ganaron-el-xi-congreso-regional-de-ciencia-y-tecnologia\/","og_site_name":"Los Lagos","article_published_time":"2014-10-30T04:00:00+00:00","article_modified_time":"2019-05-20T19:48:39+00:00","og_image":[{"width":1024,"height":920,"url":"https:\/\/dev.explora.cl\/lagos\/wp-content\/uploads\/sites\/17\/2018\/06\/83274d52df243e3809825d8ba8bf8f65-1024x920.jpg","type":"image\/jpeg"}],"author":"webman","twitter_card":"summary_large_image","twitter_misc":{"Escrito por":"webman","Tiempo de lectura":"2 minutos"},"schema":{"@context":"https:\/\/schema.org","@graph":[{"@type":"Article","@id":"https:\/\/dev.explora.cl\/lagos\/establecimientos-de-maullin-futaleufu-y-puerto-montt-ganaron-el-xi-congreso-regional-de-ciencia-y-tecnologia\/#article","isPartOf":{"@id":"https:\/\/dev.explora.cl\/lagos\/establecimientos-de-maullin-futaleufu-y-puerto-montt-ganaron-el-xi-congreso-regional-de-ciencia-y-tecnologia\/"},"author":{"name":"webman","@id":"https:\/\/dev.explora.cl\/lagos\/#\/schema\/person\/cb8349c13ea2d324080adf8480d7ba5d"},"headline":"Establecimientos de Maull\u00edn, Futaleuf\u00fa y Puerto Montt ganaron el XI Congreso Regional de Ciencia y Tecnolog\u00eda","datePublished":"2014-10-30T04:00:00+00:00","dateModified":"2019-05-20T19:48:39+00:00","mainEntityOfPage":{"@id":"https:\/\/dev.explora.cl\/lagos\/establecimientos-de-maullin-futaleufu-y-puerto-montt-ganaron-el-xi-congreso-regional-de-ciencia-y-tecnologia\/"},"wordCount":416,"commentCount":0,"image":{"@id":"https:\/\/dev.explora.cl\/lagos\/establecimientos-de-maullin-futaleufu-y-puerto-montt-ganaron-el-xi-congreso-regional-de-ciencia-y-tecnologia\/#primaryimage"},"thumbnailUrl":"https:\/\/dev.explora.cl\/lagos\/wp-content\/uploads\/sites\/17\/2018\/06\/83274d52df243e3809825d8ba8bf8f65.jpg","articleSection":["Noticias"],"inLanguage":"es","potentialAction":[{"@type":"CommentAction","name":"Comment","target":["https:\/\/dev.explora.cl\/lagos\/establecimientos-de-maullin-futaleufu-y-puerto-montt-ganaron-el-xi-congreso-regional-de-ciencia-y-tecnologia\/#respond"]}]},{"@type":"WebPage","@id":"https:\/\/dev.explora.cl\/lagos\/establecimientos-de-maullin-futaleufu-y-puerto-montt-ganaron-el-xi-congreso-regional-de-ciencia-y-tecnologia\/","url":"https:\/\/dev.explora.cl\/lagos\/establecimientos-de-maullin-futaleufu-y-puerto-montt-ganaron-el-xi-congreso-regional-de-ciencia-y-tecnologia\/","name":"Establecimientos de Maull\u00edn, Futaleuf\u00fa y Puerto Montt ganaron el XI Congreso Regional de Ciencia y Tecnolog\u00eda - Los Lagos","isPartOf":{"@id":"https:\/\/dev.explora.cl\/lagos\/#website"},"primaryImageOfPage":{"@id":"https:\/\/dev.explora.cl\/lagos\/establecimientos-de-maullin-futaleufu-y-puerto-montt-ganaron-el-xi-congreso-regional-de-ciencia-y-tecnologia\/#primaryimage"},"image":{"@id":"https:\/\/dev.explora.cl\/lagos\/establecimientos-de-maullin-futaleufu-y-puerto-montt-ganaron-el-xi-congreso-regional-de-ciencia-y-tecnologia\/#primaryimage"},"thumbnailUrl":"https:\/\/dev.explora.cl\/lagos\/wp-content\/uploads\/sites\/17\/2018\/06\/83274d52df243e3809825d8ba8bf8f65.jpg","datePublished":"2014-10-30T04:00:00+00:00","dateModified":"2019-05-20T19:48:39+00:00","author":{"@id":"https:\/\/dev.explora.cl\/lagos\/#\/schema\/person\/cb8349c13ea2d324080adf8480d7ba5d"},"breadcrumb":{"@id":"https:\/\/dev.explora.cl\/lagos\/establecimientos-de-maullin-futaleufu-y-puerto-montt-ganaron-el-xi-congreso-regional-de-ciencia-y-tecnologia\/#breadcrumb"},"inLanguage":"es","potentialAction":[{"@type":"ReadAction","target":["https:\/\/dev.explora.cl\/lagos\/establecimientos-de-maullin-futaleufu-y-puerto-montt-ganaron-el-xi-congreso-regional-de-ciencia-y-tecnologia\/"]}]},{"@type":"ImageObject","inLanguage":"es","@id":"https:\/\/dev.explora.cl\/lagos\/establecimientos-de-maullin-futaleufu-y-puerto-montt-ganaron-el-xi-congreso-regional-de-ciencia-y-tecnologia\/#primaryimage","url":"https:\/\/dev.explora.cl\/lagos\/wp-content\/uploads\/sites\/17\/2018\/06\/83274d52df243e3809825d8ba8bf8f65.jpg","contentUrl":"https:\/\/dev.explora.cl\/lagos\/wp-content\/uploads\/sites\/17\/2018\/06\/83274d52df243e3809825d8ba8bf8f65.jpg","width":2953,"height":2654},{"@type":"BreadcrumbList","@id":"https:\/\/dev.explora.cl\/lagos\/establecimientos-de-maullin-futaleufu-y-puerto-montt-ganaron-el-xi-congreso-regional-de-ciencia-y-tecnologia\/#breadcrumb","itemListElement":[{"@type":"ListItem","position":1,"name":"Portada","item":"https:\/\/dev.explora.cl\/lagos\/"},{"@type":"ListItem","position":2,"name":"Establecimientos de Maull\u00edn, Futaleuf\u00fa y Puerto Montt ganaron el XI Congreso Regional de Ciencia y Tecnolog\u00eda"}]},{"@type":"WebSite","@id":"https:\/\/dev.explora.cl\/lagos\/#website","url":"https:\/\/dev.explora.cl\/lagos\/","name":"Los Lagos","description":"Otro sitio m\u00e1s de dev.explora.cl","potentialAction":[{"@type":"SearchAction","target":{"@type":"EntryPoint","urlTemplate":"https:\/\/dev.explora.cl\/lagos\/?s={search_term_string}"},"query-input":{"@type":"PropertyValueSpecification","valueRequired":true,"valueName":"search_term_string"}}],"inLanguage":"es"},{"@type":"Person","@id":"https:\/\/dev.explora.cl\/lagos\/#\/schema\/person\/cb8349c13ea2d324080adf8480d7ba5d","name":"webman","image":{"@type":"ImageObject","inLanguage":"es","@id":"https:\/\/dev.explora.cl\/lagos\/#\/schema\/person\/image\/","url":"https:\/\/secure.gravatar.com\/avatar\/eeff3c82f2c02f7177d13663b7e6f890e9a6a0647ce9bb29cae02dcb094c7312?s=96&d=mm&r=g","contentUrl":"https:\/\/secure.gravatar.com\/avatar\/eeff3c82f2c02f7177d13663b7e6f890e9a6a0647ce9bb29cae02dcb094c7312?s=96&d=mm&r=g","caption":"webman"},"url":"https:\/\/dev.explora.cl\/lagos\/author\/webman\/"}]}},"_links":{"self":[{"href":"https:\/\/dev.explora.cl\/lagos\/wp-json\/wp\/v2\/posts\/1165","targetHints":{"allow":["GET"]}}],"collection":[{"href":"https:\/\/dev.explora.cl\/lagos\/wp-json\/wp\/v2\/posts"}],"about":[{"href":"https:\/\/dev.explora.cl\/lagos\/wp-json\/wp\/v2\/types\/post"}],"author":[{"embeddable":true,"href":"https:\/\/dev.explora.cl\/lagos\/wp-json\/wp\/v2\/users\/2"}],"replies":[{"embeddable":true,"href":"https:\/\/dev.explora.cl\/lagos\/wp-json\/wp\/v2\/comments?post=1165"}],"version-history":[{"count":1,"href":"https:\/\/dev.explora.cl\/lagos\/wp-json\/wp\/v2\/posts\/1165\/revisions"}],"predecessor-version":[{"id":38279,"href":"https:\/\/dev.explora.cl\/lagos\/wp-json\/wp\/v2\/posts\/1165\/revisions\/38279"}],"wp:featuredmedia":[{"embeddable":true,"href":"https:\/\/dev.explora.cl\/lagos\/wp-json\/wp\/v2\/media\/1166"}],"wp:attachment":[{"href":"https:\/\/dev.explora.cl\/lagos\/wp-json\/wp\/v2\/media?parent=1165"}],"wp:term":[{"taxonomy":"category","embeddable":true,"href":"https:\/\/dev.explora.cl\/lagos\/wp-json\/wp\/v2\/categories?post=1165"},{"taxonomy":"post_tag","embeddable":true,"href":"https:\/\/dev.explora.cl\/lagos\/wp-json\/wp\/v2\/tags?post=1165"}],"curies":[{"name":"wp","href":"https:\/\/api.w.org\/{rel}","templated":true}]}}