{"id":1161,"date":"2014-10-29T00:00:00","date_gmt":"2014-10-29T04:00:00","guid":{"rendered":"http:\/\/ec2-34-219-152-79.us-west-2.compute.amazonaws.com\/lagos\/blog\/2014\/10\/29\/comenzo-xi-congreso-regional-escolar-de-ciencia-y-tecnologia-2014-en-los-lagos\/"},"modified":"2019-05-20T19:48:55","modified_gmt":"2019-05-20T19:48:55","slug":"comenzo-xi-congreso-regional-escolar-de-ciencia-y-tecnologia-2014-en-los-lagos","status":"publish","type":"post","link":"https:\/\/dev.explora.cl\/lagos\/comenzo-xi-congreso-regional-escolar-de-ciencia-y-tecnologia-2014-en-los-lagos\/","title":{"rendered":"Comenz\u00f3 XI Congreso Regional Escolar de Ciencia y Tecnolog\u00eda 2014 en Los Lagos"},"content":{"rendered":"<p><img loading=\"lazy\" decoding=\"async\" class=\" size-full wp-image-6649\" src=\"http:\/\/ec2-34-218-253-251.us-west-2.compute.amazonaws.com\/wp-content\/uploads\/2014\/10\/ae05ff4be8494f612aaf8a5eda886c09.jpg\" alt=\"\" width=\"2275\" height=\"1752\" \/><\/p>\n<p style=\"text-align: justify\">Se inaugur\u00f3 oficialmente el XI Congreso Regional Escolar de Ciencia y Tecnolog\u00eda EXPLORA CONICYT 2014 en la Regi\u00f3n de Los Lagos. La ceremonia se efectu\u00f3 el martes 28 de octubre en el Aula Magna de la Universidad de Los Lagos, con la presencia de la Directora Nacional (s) del Programa EXPLORA CONICYT, Marianela Velasco.<\/p>\n<p style=\"text-align: justify\">La actividad impulsada por el PAR EXPLORA Los Lagos, coordinado por la ULagos, cuenta con la participaci\u00f3n de establecimientos educacionales de las cuatro provincias de la Regi\u00f3n.<\/p>\n<p style=\"text-align: justify\">\u00abHace veinte a\u00f1os que EXPLORA CONICYT busca motivar a los ni\u00f1os y j\u00f3venes a participar en actividades que les permitan acercarse al mundo de la ciencia y la tecnolog\u00eda. Este a\u00f1o, en la Regi\u00f3n de Los Lagos, hemos tenido una gran convocatoria y esperamos que los alumnos puedan compartir experiencias y apropiarse de nuevos conocimientos\u00bb, se\u00f1al\u00f3 la Directora Nacional (s) del Programa EXPLORA CONICYT, Marianela Velasco.<\/p>\n<p><img loading=\"lazy\" decoding=\"async\" class=\" alignleft size-full wp-image-6650\" src=\"http:\/\/ec2-34-218-253-251.us-west-2.compute.amazonaws.com\/wp-content\/uploads\/2014\/10\/foto_oficial.jpg\" border=\"0\" width=\"850\" height=\"377\" style=\"float: left;margin: 5px\" \/><\/p>\n<p><span style=\"line-height: 1.3em\"><\/p>\n<p>Por su parte, Marcos Hern\u00e1ndez, Director del PAR EXPLORA Los Lagos, indic\u00f3 que \u00abestamos muy contentos con el entusiasmos y seriedad con que los alumnos de toda la regi\u00f3n han afrontado su participaci\u00f3n en el Congreso 2014. De todos los proyectos participantes se seleccionar\u00e1 la mejor investigaci\u00f3n en ense\u00f1anza b\u00e1sica y la mejor en media para que nos representen en el Congreso Nacional EXPLORA CONICYT 2014 que se realizar\u00e1 en Santiago, Regi\u00f3n Metropolitana, entre los d\u00edas 25 y 27 de noviembre\u00bb.<\/span><\/p>\n<p style=\"text-align: justify\"><img decoding=\"async\" class=\" alignright size-full wp-image-6651\" src=\"http:\/\/ec2-34-218-253-251.us-west-2.compute.amazonaws.com\/wp-content\/uploads\/2014\/10\/Visita-Congreso.JPG\" border=\"0\" width=\"400\" style=\"float: right;margin: 5px 10px\" \/>El Congreso, re\u00fane un total de 26 proyectos, tanto de ense\u00f1anza b\u00e1sica como de media, correspondientes a 20 establecimientos. Los alumnos participantes representan a las comunas de Osorno, San Juan de la Costa, Puerto Varas, Maull\u00edn, Puerto Montt, Ancud, Quell\u00f3n y Futaleuf\u00fa. <\/p>\n<p>Visita nuestra <span style=\"color: #3366ff\"><a href=\"https:\/\/www.facebook.com\/explora.loslagos\/media_set?set=a.546038995528215.1073741893.100003663580556&amp;type=3&amp;uploaded=1\"><span style=\"color: #3366ff\">Galer\u00eda Fotogr\u00e1fica<\/span><\/a><\/span><\/p>\n","protected":false},"excerpt":{"rendered":"<p>Se inaugur\u00f3 oficialmente el XI Congreso Regional Escolar de Ciencia y Tecnolog\u00eda EXPLORA CONICYT 2014 en la Regi\u00f3n de Los Lagos. La ceremonia se efectu\u00f3 el martes 28 de octubre en el Aula Magna de la Universidad de Los Lagos, con la presencia de la Directora Nacional (s) del Programa EXPLORA CONICYT, Marianela Velasco. La [&hellip;]<\/p>\n","protected":false},"author":2,"featured_media":1162,"comment_status":"open","ping_status":"open","sticky":false,"template":"","format":"standard","meta":{"_acf_changed":false,"_exactmetrics_skip_tracking":false,"_exactmetrics_sitenote_active":false,"_exactmetrics_sitenote_note":"","_exactmetrics_sitenote_category":0,"footnotes":"","_links_to":"","_links_to_target":""},"categories":[4],"tags":[],"class_list":["post-1161","post","type-post","status-publish","format-standard","has-post-thumbnail","hentry","category-noticias"],"acf":[],"yoast_head":"<!-- This site is optimized with the Yoast SEO plugin v26.7 - https:\/\/yoast.com\/wordpress\/plugins\/seo\/ -->\n<title>Comenz\u00f3 XI Congreso Regional Escolar de Ciencia y Tecnolog\u00eda 2014 en Los Lagos - Los Lagos<\/title>\n<meta name=\"robots\" content=\"index, follow, max-snippet:-1, max-image-preview:large, max-video-preview:-1\" \/>\n<link rel=\"canonical\" href=\"https:\/\/dev.explora.cl\/lagos\/comenzo-xi-congreso-regional-escolar-de-ciencia-y-tecnologia-2014-en-los-lagos\/\" class=\"yoast-seo-meta-tag\" \/>\n<meta property=\"og:locale\" content=\"es_ES\" class=\"yoast-seo-meta-tag\" \/>\n<meta property=\"og:type\" content=\"article\" class=\"yoast-seo-meta-tag\" \/>\n<meta property=\"og:title\" content=\"Comenz\u00f3 XI Congreso Regional Escolar de Ciencia y Tecnolog\u00eda 2014 en Los Lagos - Los Lagos\" class=\"yoast-seo-meta-tag\" \/>\n<meta property=\"og:description\" content=\"Se inaugur\u00f3 oficialmente el XI Congreso Regional Escolar de Ciencia y Tecnolog\u00eda EXPLORA CONICYT 2014 en la Regi\u00f3n de Los Lagos. La ceremonia se efectu\u00f3 el martes 28 de octubre en el Aula Magna de la Universidad de Los Lagos, con la presencia de la Directora Nacional (s) del Programa EXPLORA CONICYT, Marianela Velasco. La [&hellip;]\" class=\"yoast-seo-meta-tag\" \/>\n<meta property=\"og:url\" content=\"https:\/\/dev.explora.cl\/lagos\/comenzo-xi-congreso-regional-escolar-de-ciencia-y-tecnologia-2014-en-los-lagos\/\" class=\"yoast-seo-meta-tag\" \/>\n<meta property=\"og:site_name\" content=\"Los Lagos\" class=\"yoast-seo-meta-tag\" \/>\n<meta property=\"article:published_time\" content=\"2014-10-29T04:00:00+00:00\" class=\"yoast-seo-meta-tag\" \/>\n<meta property=\"article:modified_time\" content=\"2019-05-20T19:48:55+00:00\" class=\"yoast-seo-meta-tag\" \/>\n<meta property=\"og:image\" content=\"https:\/\/dev.explora.cl\/lagos\/wp-content\/uploads\/sites\/17\/2018\/06\/ae05ff4be8494f612aaf8a5eda886c09.jpg\" class=\"yoast-seo-meta-tag\" \/>\n\t<meta property=\"og:image:width\" content=\"2275\" class=\"yoast-seo-meta-tag\" \/>\n\t<meta property=\"og:image:height\" content=\"1752\" class=\"yoast-seo-meta-tag\" \/>\n\t<meta property=\"og:image:type\" content=\"image\/jpeg\" class=\"yoast-seo-meta-tag\" \/>\n<meta name=\"author\" content=\"webman\" class=\"yoast-seo-meta-tag\" \/>\n<meta name=\"twitter:card\" content=\"summary_large_image\" class=\"yoast-seo-meta-tag\" \/>\n<meta name=\"twitter:label1\" content=\"Escrito por\" class=\"yoast-seo-meta-tag\" \/>\n\t<meta name=\"twitter:data1\" content=\"webman\" class=\"yoast-seo-meta-tag\" \/>\n\t<meta name=\"twitter:label2\" content=\"Tiempo de lectura\" class=\"yoast-seo-meta-tag\" \/>\n\t<meta name=\"twitter:data2\" content=\"1 minuto\" class=\"yoast-seo-meta-tag\" \/>\n<script type=\"application\/ld+json\" class=\"yoast-schema-graph\">{\"@context\":\"https:\/\/schema.org\",\"@graph\":[{\"@type\":\"Article\",\"@id\":\"https:\/\/dev.explora.cl\/lagos\/comenzo-xi-congreso-regional-escolar-de-ciencia-y-tecnologia-2014-en-los-lagos\/#article\",\"isPartOf\":{\"@id\":\"https:\/\/dev.explora.cl\/lagos\/comenzo-xi-congreso-regional-escolar-de-ciencia-y-tecnologia-2014-en-los-lagos\/\"},\"author\":{\"name\":\"webman\",\"@id\":\"https:\/\/dev.explora.cl\/lagos\/#\/schema\/person\/cb8349c13ea2d324080adf8480d7ba5d\"},\"headline\":\"Comenz\u00f3 XI Congreso Regional Escolar de Ciencia y Tecnolog\u00eda 2014 en Los Lagos\",\"datePublished\":\"2014-10-29T04:00:00+00:00\",\"dateModified\":\"2019-05-20T19:48:55+00:00\",\"mainEntityOfPage\":{\"@id\":\"https:\/\/dev.explora.cl\/lagos\/comenzo-xi-congreso-regional-escolar-de-ciencia-y-tecnologia-2014-en-los-lagos\/\"},\"wordCount\":305,\"commentCount\":0,\"image\":{\"@id\":\"https:\/\/dev.explora.cl\/lagos\/comenzo-xi-congreso-regional-escolar-de-ciencia-y-tecnologia-2014-en-los-lagos\/#primaryimage\"},\"thumbnailUrl\":\"https:\/\/dev.explora.cl\/lagos\/wp-content\/uploads\/sites\/17\/2018\/06\/ae05ff4be8494f612aaf8a5eda886c09.jpg\",\"articleSection\":[\"Noticias\"],\"inLanguage\":\"es\",\"potentialAction\":[{\"@type\":\"CommentAction\",\"name\":\"Comment\",\"target\":[\"https:\/\/dev.explora.cl\/lagos\/comenzo-xi-congreso-regional-escolar-de-ciencia-y-tecnologia-2014-en-los-lagos\/#respond\"]}]},{\"@type\":\"WebPage\",\"@id\":\"https:\/\/dev.explora.cl\/lagos\/comenzo-xi-congreso-regional-escolar-de-ciencia-y-tecnologia-2014-en-los-lagos\/\",\"url\":\"https:\/\/dev.explora.cl\/lagos\/comenzo-xi-congreso-regional-escolar-de-ciencia-y-tecnologia-2014-en-los-lagos\/\",\"name\":\"Comenz\u00f3 XI Congreso Regional Escolar de Ciencia y Tecnolog\u00eda 2014 en Los Lagos - Los Lagos\",\"isPartOf\":{\"@id\":\"https:\/\/dev.explora.cl\/lagos\/#website\"},\"primaryImageOfPage\":{\"@id\":\"https:\/\/dev.explora.cl\/lagos\/comenzo-xi-congreso-regional-escolar-de-ciencia-y-tecnologia-2014-en-los-lagos\/#primaryimage\"},\"image\":{\"@id\":\"https:\/\/dev.explora.cl\/lagos\/comenzo-xi-congreso-regional-escolar-de-ciencia-y-tecnologia-2014-en-los-lagos\/#primaryimage\"},\"thumbnailUrl\":\"https:\/\/dev.explora.cl\/lagos\/wp-content\/uploads\/sites\/17\/2018\/06\/ae05ff4be8494f612aaf8a5eda886c09.jpg\",\"datePublished\":\"2014-10-29T04:00:00+00:00\",\"dateModified\":\"2019-05-20T19:48:55+00:00\",\"author\":{\"@id\":\"https:\/\/dev.explora.cl\/lagos\/#\/schema\/person\/cb8349c13ea2d324080adf8480d7ba5d\"},\"breadcrumb\":{\"@id\":\"https:\/\/dev.explora.cl\/lagos\/comenzo-xi-congreso-regional-escolar-de-ciencia-y-tecnologia-2014-en-los-lagos\/#breadcrumb\"},\"inLanguage\":\"es\",\"potentialAction\":[{\"@type\":\"ReadAction\",\"target\":[\"https:\/\/dev.explora.cl\/lagos\/comenzo-xi-congreso-regional-escolar-de-ciencia-y-tecnologia-2014-en-los-lagos\/\"]}]},{\"@type\":\"ImageObject\",\"inLanguage\":\"es\",\"@id\":\"https:\/\/dev.explora.cl\/lagos\/comenzo-xi-congreso-regional-escolar-de-ciencia-y-tecnologia-2014-en-los-lagos\/#primaryimage\",\"url\":\"https:\/\/dev.explora.cl\/lagos\/wp-content\/uploads\/sites\/17\/2018\/06\/ae05ff4be8494f612aaf8a5eda886c09.jpg\",\"contentUrl\":\"https:\/\/dev.explora.cl\/lagos\/wp-content\/uploads\/sites\/17\/2018\/06\/ae05ff4be8494f612aaf8a5eda886c09.jpg\",\"width\":2275,\"height\":1752},{\"@type\":\"BreadcrumbList\",\"@id\":\"https:\/\/dev.explora.cl\/lagos\/comenzo-xi-congreso-regional-escolar-de-ciencia-y-tecnologia-2014-en-los-lagos\/#breadcrumb\",\"itemListElement\":[{\"@type\":\"ListItem\",\"position\":1,\"name\":\"Portada\",\"item\":\"https:\/\/dev.explora.cl\/lagos\/\"},{\"@type\":\"ListItem\",\"position\":2,\"name\":\"Comenz\u00f3 XI Congreso Regional Escolar de Ciencia y Tecnolog\u00eda 2014 en Los Lagos\"}]},{\"@type\":\"WebSite\",\"@id\":\"https:\/\/dev.explora.cl\/lagos\/#website\",\"url\":\"https:\/\/dev.explora.cl\/lagos\/\",\"name\":\"Los Lagos\",\"description\":\"Otro sitio m\u00e1s de dev.explora.cl\",\"potentialAction\":[{\"@type\":\"SearchAction\",\"target\":{\"@type\":\"EntryPoint\",\"urlTemplate\":\"https:\/\/dev.explora.cl\/lagos\/?s={search_term_string}\"},\"query-input\":{\"@type\":\"PropertyValueSpecification\",\"valueRequired\":true,\"valueName\":\"search_term_string\"}}],\"inLanguage\":\"es\"},{\"@type\":\"Person\",\"@id\":\"https:\/\/dev.explora.cl\/lagos\/#\/schema\/person\/cb8349c13ea2d324080adf8480d7ba5d\",\"name\":\"webman\",\"image\":{\"@type\":\"ImageObject\",\"inLanguage\":\"es\",\"@id\":\"https:\/\/dev.explora.cl\/lagos\/#\/schema\/person\/image\/\",\"url\":\"https:\/\/secure.gravatar.com\/avatar\/eeff3c82f2c02f7177d13663b7e6f890e9a6a0647ce9bb29cae02dcb094c7312?s=96&d=mm&r=g\",\"contentUrl\":\"https:\/\/secure.gravatar.com\/avatar\/eeff3c82f2c02f7177d13663b7e6f890e9a6a0647ce9bb29cae02dcb094c7312?s=96&d=mm&r=g\",\"caption\":\"webman\"},\"url\":\"https:\/\/dev.explora.cl\/lagos\/author\/webman\/\"}]}<\/script>\n<!-- \/ Yoast SEO plugin. -->","yoast_head_json":{"title":"Comenz\u00f3 XI Congreso Regional Escolar de Ciencia y Tecnolog\u00eda 2014 en Los Lagos - Los Lagos","robots":{"index":"index","follow":"follow","max-snippet":"max-snippet:-1","max-image-preview":"max-image-preview:large","max-video-preview":"max-video-preview:-1"},"canonical":"https:\/\/dev.explora.cl\/lagos\/comenzo-xi-congreso-regional-escolar-de-ciencia-y-tecnologia-2014-en-los-lagos\/","og_locale":"es_ES","og_type":"article","og_title":"Comenz\u00f3 XI Congreso Regional Escolar de Ciencia y Tecnolog\u00eda 2014 en Los Lagos - Los Lagos","og_description":"Se inaugur\u00f3 oficialmente el XI Congreso Regional Escolar de Ciencia y Tecnolog\u00eda EXPLORA CONICYT 2014 en la Regi\u00f3n de Los Lagos. La ceremonia se efectu\u00f3 el martes 28 de octubre en el Aula Magna de la Universidad de Los Lagos, con la presencia de la Directora Nacional (s) del Programa EXPLORA CONICYT, Marianela Velasco. La [&hellip;]","og_url":"https:\/\/dev.explora.cl\/lagos\/comenzo-xi-congreso-regional-escolar-de-ciencia-y-tecnologia-2014-en-los-lagos\/","og_site_name":"Los Lagos","article_published_time":"2014-10-29T04:00:00+00:00","article_modified_time":"2019-05-20T19:48:55+00:00","og_image":[{"width":2275,"height":1752,"url":"https:\/\/dev.explora.cl\/lagos\/wp-content\/uploads\/sites\/17\/2018\/06\/ae05ff4be8494f612aaf8a5eda886c09.jpg","type":"image\/jpeg"}],"author":"webman","twitter_card":"summary_large_image","twitter_misc":{"Escrito por":"webman","Tiempo de lectura":"1 minuto"},"schema":{"@context":"https:\/\/schema.org","@graph":[{"@type":"Article","@id":"https:\/\/dev.explora.cl\/lagos\/comenzo-xi-congreso-regional-escolar-de-ciencia-y-tecnologia-2014-en-los-lagos\/#article","isPartOf":{"@id":"https:\/\/dev.explora.cl\/lagos\/comenzo-xi-congreso-regional-escolar-de-ciencia-y-tecnologia-2014-en-los-lagos\/"},"author":{"name":"webman","@id":"https:\/\/dev.explora.cl\/lagos\/#\/schema\/person\/cb8349c13ea2d324080adf8480d7ba5d"},"headline":"Comenz\u00f3 XI Congreso Regional Escolar de Ciencia y Tecnolog\u00eda 2014 en Los Lagos","datePublished":"2014-10-29T04:00:00+00:00","dateModified":"2019-05-20T19:48:55+00:00","mainEntityOfPage":{"@id":"https:\/\/dev.explora.cl\/lagos\/comenzo-xi-congreso-regional-escolar-de-ciencia-y-tecnologia-2014-en-los-lagos\/"},"wordCount":305,"commentCount":0,"image":{"@id":"https:\/\/dev.explora.cl\/lagos\/comenzo-xi-congreso-regional-escolar-de-ciencia-y-tecnologia-2014-en-los-lagos\/#primaryimage"},"thumbnailUrl":"https:\/\/dev.explora.cl\/lagos\/wp-content\/uploads\/sites\/17\/2018\/06\/ae05ff4be8494f612aaf8a5eda886c09.jpg","articleSection":["Noticias"],"inLanguage":"es","potentialAction":[{"@type":"CommentAction","name":"Comment","target":["https:\/\/dev.explora.cl\/lagos\/comenzo-xi-congreso-regional-escolar-de-ciencia-y-tecnologia-2014-en-los-lagos\/#respond"]}]},{"@type":"WebPage","@id":"https:\/\/dev.explora.cl\/lagos\/comenzo-xi-congreso-regional-escolar-de-ciencia-y-tecnologia-2014-en-los-lagos\/","url":"https:\/\/dev.explora.cl\/lagos\/comenzo-xi-congreso-regional-escolar-de-ciencia-y-tecnologia-2014-en-los-lagos\/","name":"Comenz\u00f3 XI Congreso Regional Escolar de Ciencia y Tecnolog\u00eda 2014 en Los Lagos - Los Lagos","isPartOf":{"@id":"https:\/\/dev.explora.cl\/lagos\/#website"},"primaryImageOfPage":{"@id":"https:\/\/dev.explora.cl\/lagos\/comenzo-xi-congreso-regional-escolar-de-ciencia-y-tecnologia-2014-en-los-lagos\/#primaryimage"},"image":{"@id":"https:\/\/dev.explora.cl\/lagos\/comenzo-xi-congreso-regional-escolar-de-ciencia-y-tecnologia-2014-en-los-lagos\/#primaryimage"},"thumbnailUrl":"https:\/\/dev.explora.cl\/lagos\/wp-content\/uploads\/sites\/17\/2018\/06\/ae05ff4be8494f612aaf8a5eda886c09.jpg","datePublished":"2014-10-29T04:00:00+00:00","dateModified":"2019-05-20T19:48:55+00:00","author":{"@id":"https:\/\/dev.explora.cl\/lagos\/#\/schema\/person\/cb8349c13ea2d324080adf8480d7ba5d"},"breadcrumb":{"@id":"https:\/\/dev.explora.cl\/lagos\/comenzo-xi-congreso-regional-escolar-de-ciencia-y-tecnologia-2014-en-los-lagos\/#breadcrumb"},"inLanguage":"es","potentialAction":[{"@type":"ReadAction","target":["https:\/\/dev.explora.cl\/lagos\/comenzo-xi-congreso-regional-escolar-de-ciencia-y-tecnologia-2014-en-los-lagos\/"]}]},{"@type":"ImageObject","inLanguage":"es","@id":"https:\/\/dev.explora.cl\/lagos\/comenzo-xi-congreso-regional-escolar-de-ciencia-y-tecnologia-2014-en-los-lagos\/#primaryimage","url":"https:\/\/dev.explora.cl\/lagos\/wp-content\/uploads\/sites\/17\/2018\/06\/ae05ff4be8494f612aaf8a5eda886c09.jpg","contentUrl":"https:\/\/dev.explora.cl\/lagos\/wp-content\/uploads\/sites\/17\/2018\/06\/ae05ff4be8494f612aaf8a5eda886c09.jpg","width":2275,"height":1752},{"@type":"BreadcrumbList","@id":"https:\/\/dev.explora.cl\/lagos\/comenzo-xi-congreso-regional-escolar-de-ciencia-y-tecnologia-2014-en-los-lagos\/#breadcrumb","itemListElement":[{"@type":"ListItem","position":1,"name":"Portada","item":"https:\/\/dev.explora.cl\/lagos\/"},{"@type":"ListItem","position":2,"name":"Comenz\u00f3 XI Congreso Regional Escolar de Ciencia y Tecnolog\u00eda 2014 en Los Lagos"}]},{"@type":"WebSite","@id":"https:\/\/dev.explora.cl\/lagos\/#website","url":"https:\/\/dev.explora.cl\/lagos\/","name":"Los Lagos","description":"Otro sitio m\u00e1s de dev.explora.cl","potentialAction":[{"@type":"SearchAction","target":{"@type":"EntryPoint","urlTemplate":"https:\/\/dev.explora.cl\/lagos\/?s={search_term_string}"},"query-input":{"@type":"PropertyValueSpecification","valueRequired":true,"valueName":"search_term_string"}}],"inLanguage":"es"},{"@type":"Person","@id":"https:\/\/dev.explora.cl\/lagos\/#\/schema\/person\/cb8349c13ea2d324080adf8480d7ba5d","name":"webman","image":{"@type":"ImageObject","inLanguage":"es","@id":"https:\/\/dev.explora.cl\/lagos\/#\/schema\/person\/image\/","url":"https:\/\/secure.gravatar.com\/avatar\/eeff3c82f2c02f7177d13663b7e6f890e9a6a0647ce9bb29cae02dcb094c7312?s=96&d=mm&r=g","contentUrl":"https:\/\/secure.gravatar.com\/avatar\/eeff3c82f2c02f7177d13663b7e6f890e9a6a0647ce9bb29cae02dcb094c7312?s=96&d=mm&r=g","caption":"webman"},"url":"https:\/\/dev.explora.cl\/lagos\/author\/webman\/"}]}},"_links":{"self":[{"href":"https:\/\/dev.explora.cl\/lagos\/wp-json\/wp\/v2\/posts\/1161","targetHints":{"allow":["GET"]}}],"collection":[{"href":"https:\/\/dev.explora.cl\/lagos\/wp-json\/wp\/v2\/posts"}],"about":[{"href":"https:\/\/dev.explora.cl\/lagos\/wp-json\/wp\/v2\/types\/post"}],"author":[{"embeddable":true,"href":"https:\/\/dev.explora.cl\/lagos\/wp-json\/wp\/v2\/users\/2"}],"replies":[{"embeddable":true,"href":"https:\/\/dev.explora.cl\/lagos\/wp-json\/wp\/v2\/comments?post=1161"}],"version-history":[{"count":1,"href":"https:\/\/dev.explora.cl\/lagos\/wp-json\/wp\/v2\/posts\/1161\/revisions"}],"predecessor-version":[{"id":38280,"href":"https:\/\/dev.explora.cl\/lagos\/wp-json\/wp\/v2\/posts\/1161\/revisions\/38280"}],"wp:featuredmedia":[{"embeddable":true,"href":"https:\/\/dev.explora.cl\/lagos\/wp-json\/wp\/v2\/media\/1162"}],"wp:attachment":[{"href":"https:\/\/dev.explora.cl\/lagos\/wp-json\/wp\/v2\/media?parent=1161"}],"wp:term":[{"taxonomy":"category","embeddable":true,"href":"https:\/\/dev.explora.cl\/lagos\/wp-json\/wp\/v2\/categories?post=1161"},{"taxonomy":"post_tag","embeddable":true,"href":"https:\/\/dev.explora.cl\/lagos\/wp-json\/wp\/v2\/tags?post=1161"}],"curies":[{"name":"wp","href":"https:\/\/api.w.org\/{rel}","templated":true}]}}