{"id":1158,"date":"2014-10-27T00:00:00","date_gmt":"2014-10-27T04:00:00","guid":{"rendered":"http:\/\/ec2-34-219-152-79.us-west-2.compute.amazonaws.com\/lagos\/blog\/2014\/10\/27\/manana-martes-parte-xi-congreso-regional-escolar-de-ciencia-y-tecnologia-2014\/"},"modified":"2019-05-20T20:49:49","modified_gmt":"2019-05-20T20:49:49","slug":"manana-martes-parte-xi-congreso-regional-escolar-de-ciencia-y-tecnologia-2014","status":"publish","type":"post","link":"https:\/\/dev.explora.cl\/lagos\/manana-martes-parte-xi-congreso-regional-escolar-de-ciencia-y-tecnologia-2014\/","title":{"rendered":"Ma\u00f1ana martes parte XI Congreso Regional Escolar de Ciencia y Tecnolog\u00eda 2014"},"content":{"rendered":"<p><img loading=\"lazy\" decoding=\"async\" class=\" size-full wp-image-6564\" src=\"http:\/\/ec2-34-218-253-251.us-west-2.compute.amazonaws.com\/wp-content\/uploads\/2014\/10\/f6e558386fdb58e34c89a6e6ff6c5e37.jpg\" alt=\"\" width=\"2953\" height=\"1956\" \/><\/p>\n<p style=\"text-align: justify;\">Con la presencia de la Directora Nacional (s) del Programa EXPLORA CONICYT, Marianela Velasco, se inaugurar\u00e1 oficialmente el XI Congreso Regional Escolar de Ciencia y Tecnolog\u00eda EXPLORA CONICYT 2014 en la Regi\u00f3n de Los Lagos.<\/p>\n<p style=\"text-align: justify;\">La ceremonia se efectuar\u00e1 este martes 28 de octubre a las 15:00 horas en dependencias de la Universidad de Los Lagos, ubicadas en Chinquihue km 6. La actividad impulsada por el PAR EXPLORA Los Lagos, coordinado por la ULagos, contar\u00e1 con la participaci\u00f3n de establecimientos educacionales de las cuatro provincias de la Regi\u00f3n.<\/p>\n<p style=\"text-align: justify;\">La iniciativa, que se desarrollar\u00e1 entre el martes 28 y el jueves 30 de octubre en la sede Chinquihue de la Universidad de Los Lagos, cuenta con dos categor\u00edas de participaci\u00f3n: Investigaci\u00f3n en Ciencias y Desarrollo en las \u00c1reas de Ingenier\u00eda y Tecnolog\u00eda.<\/p>\n<p style=\"text-align: justify;\">El Congreso, re\u00fane un total de 27 proyectos, tanto de ense\u00f1anza b\u00e1sica como de media, correspondientes a 20 establecimientos. Los alumnos participantes representan a las comunas de Osorno, San Juan de la Costa, Puerto Varas, Maull\u00edn, Puerto Montt, Ancud, Quell\u00f3n y Futaleuf\u00fa.<\/p>\n<p style=\"text-align: justify;\">Los ganadores del certamen regional asistir\u00e1n al XV Congreso Nacional Escolar de Ciencia y Tecnolog\u00eda EXPLORA CONICYT 2014 que se realizar\u00e1 en Santiago, Regi\u00f3n Metropolitana, entre los d\u00edas 25 y 27 de noviembre.<\/p>\n<p style=\"text-align: justify;\">El PAR EXPLORA Los Lagos invita a toda la comunidad a participar del XI Congreso Regional Escolar de Ciencia y Tecnolog\u00eda. Para inscripci\u00f3n de establecimientos se encuentra disponible el mail: coordinadora.explora@ulagos.cl<\/p>\n","protected":false},"excerpt":{"rendered":"<p>Con la presencia de la Directora Nacional (s) del Programa EXPLORA CONICYT, Marianela Velasco, se inaugurar\u00e1 oficialmente el XI Congreso Regional Escolar de Ciencia y Tecnolog\u00eda EXPLORA CONICYT 2014 en la Regi\u00f3n de Los Lagos. La ceremonia se efectuar\u00e1 este martes 28 de octubre a las 15:00 horas en dependencias de la Universidad de Los [&hellip;]<\/p>\n","protected":false},"author":2,"featured_media":1159,"comment_status":"open","ping_status":"open","sticky":false,"template":"","format":"standard","meta":{"_acf_changed":false,"_exactmetrics_skip_tracking":false,"_exactmetrics_sitenote_active":false,"_exactmetrics_sitenote_note":"","_exactmetrics_sitenote_category":0,"footnotes":"","_links_to":"","_links_to_target":""},"categories":[4],"tags":[],"class_list":["post-1158","post","type-post","status-publish","format-standard","has-post-thumbnail","hentry","category-noticias"],"acf":[],"yoast_head":"<!-- This site is optimized with the Yoast SEO plugin v26.7 - https:\/\/yoast.com\/wordpress\/plugins\/seo\/ -->\n<title>Ma\u00f1ana martes parte XI Congreso Regional Escolar de Ciencia y Tecnolog\u00eda 2014 - Los Lagos<\/title>\n<meta name=\"robots\" content=\"index, follow, max-snippet:-1, max-image-preview:large, max-video-preview:-1\" \/>\n<link rel=\"canonical\" href=\"https:\/\/dev.explora.cl\/lagos\/manana-martes-parte-xi-congreso-regional-escolar-de-ciencia-y-tecnologia-2014\/\" class=\"yoast-seo-meta-tag\" \/>\n<meta property=\"og:locale\" content=\"es_ES\" class=\"yoast-seo-meta-tag\" \/>\n<meta property=\"og:type\" content=\"article\" class=\"yoast-seo-meta-tag\" \/>\n<meta property=\"og:title\" content=\"Ma\u00f1ana martes parte XI Congreso Regional Escolar de Ciencia y Tecnolog\u00eda 2014 - Los Lagos\" class=\"yoast-seo-meta-tag\" \/>\n<meta property=\"og:description\" content=\"Con la presencia de la Directora Nacional (s) del Programa EXPLORA CONICYT, Marianela Velasco, se inaugurar\u00e1 oficialmente el XI Congreso Regional Escolar de Ciencia y Tecnolog\u00eda EXPLORA CONICYT 2014 en la Regi\u00f3n de Los Lagos. La ceremonia se efectuar\u00e1 este martes 28 de octubre a las 15:00 horas en dependencias de la Universidad de Los [&hellip;]\" class=\"yoast-seo-meta-tag\" \/>\n<meta property=\"og:url\" content=\"https:\/\/dev.explora.cl\/lagos\/manana-martes-parte-xi-congreso-regional-escolar-de-ciencia-y-tecnologia-2014\/\" class=\"yoast-seo-meta-tag\" \/>\n<meta property=\"og:site_name\" content=\"Los Lagos\" class=\"yoast-seo-meta-tag\" \/>\n<meta property=\"article:published_time\" content=\"2014-10-27T04:00:00+00:00\" class=\"yoast-seo-meta-tag\" \/>\n<meta property=\"article:modified_time\" content=\"2019-05-20T20:49:49+00:00\" class=\"yoast-seo-meta-tag\" \/>\n<meta property=\"og:image\" content=\"https:\/\/dev.explora.cl\/lagos\/wp-content\/uploads\/sites\/17\/2018\/06\/f6e558386fdb58e34c89a6e6ff6c5e37-1024x678.jpg\" class=\"yoast-seo-meta-tag\" \/>\n\t<meta property=\"og:image:width\" content=\"1024\" class=\"yoast-seo-meta-tag\" \/>\n\t<meta property=\"og:image:height\" content=\"678\" class=\"yoast-seo-meta-tag\" \/>\n\t<meta property=\"og:image:type\" content=\"image\/jpeg\" class=\"yoast-seo-meta-tag\" \/>\n<meta name=\"author\" content=\"webman\" class=\"yoast-seo-meta-tag\" \/>\n<meta name=\"twitter:card\" content=\"summary_large_image\" class=\"yoast-seo-meta-tag\" \/>\n<meta name=\"twitter:label1\" content=\"Escrito por\" class=\"yoast-seo-meta-tag\" \/>\n\t<meta name=\"twitter:data1\" content=\"webman\" class=\"yoast-seo-meta-tag\" \/>\n\t<meta name=\"twitter:label2\" content=\"Tiempo de lectura\" class=\"yoast-seo-meta-tag\" \/>\n\t<meta name=\"twitter:data2\" content=\"1 minuto\" class=\"yoast-seo-meta-tag\" \/>\n<script type=\"application\/ld+json\" class=\"yoast-schema-graph\">{\"@context\":\"https:\/\/schema.org\",\"@graph\":[{\"@type\":\"Article\",\"@id\":\"https:\/\/dev.explora.cl\/lagos\/manana-martes-parte-xi-congreso-regional-escolar-de-ciencia-y-tecnologia-2014\/#article\",\"isPartOf\":{\"@id\":\"https:\/\/dev.explora.cl\/lagos\/manana-martes-parte-xi-congreso-regional-escolar-de-ciencia-y-tecnologia-2014\/\"},\"author\":{\"name\":\"webman\",\"@id\":\"https:\/\/dev.explora.cl\/lagos\/#\/schema\/person\/cb8349c13ea2d324080adf8480d7ba5d\"},\"headline\":\"Ma\u00f1ana martes parte XI Congreso Regional Escolar de Ciencia y Tecnolog\u00eda 2014\",\"datePublished\":\"2014-10-27T04:00:00+00:00\",\"dateModified\":\"2019-05-20T20:49:49+00:00\",\"mainEntityOfPage\":{\"@id\":\"https:\/\/dev.explora.cl\/lagos\/manana-martes-parte-xi-congreso-regional-escolar-de-ciencia-y-tecnologia-2014\/\"},\"wordCount\":262,\"commentCount\":0,\"image\":{\"@id\":\"https:\/\/dev.explora.cl\/lagos\/manana-martes-parte-xi-congreso-regional-escolar-de-ciencia-y-tecnologia-2014\/#primaryimage\"},\"thumbnailUrl\":\"https:\/\/dev.explora.cl\/lagos\/wp-content\/uploads\/sites\/17\/2018\/06\/f6e558386fdb58e34c89a6e6ff6c5e37.jpg\",\"articleSection\":[\"Noticias\"],\"inLanguage\":\"es\",\"potentialAction\":[{\"@type\":\"CommentAction\",\"name\":\"Comment\",\"target\":[\"https:\/\/dev.explora.cl\/lagos\/manana-martes-parte-xi-congreso-regional-escolar-de-ciencia-y-tecnologia-2014\/#respond\"]}]},{\"@type\":\"WebPage\",\"@id\":\"https:\/\/dev.explora.cl\/lagos\/manana-martes-parte-xi-congreso-regional-escolar-de-ciencia-y-tecnologia-2014\/\",\"url\":\"https:\/\/dev.explora.cl\/lagos\/manana-martes-parte-xi-congreso-regional-escolar-de-ciencia-y-tecnologia-2014\/\",\"name\":\"Ma\u00f1ana martes parte XI Congreso Regional Escolar de Ciencia y Tecnolog\u00eda 2014 - Los Lagos\",\"isPartOf\":{\"@id\":\"https:\/\/dev.explora.cl\/lagos\/#website\"},\"primaryImageOfPage\":{\"@id\":\"https:\/\/dev.explora.cl\/lagos\/manana-martes-parte-xi-congreso-regional-escolar-de-ciencia-y-tecnologia-2014\/#primaryimage\"},\"image\":{\"@id\":\"https:\/\/dev.explora.cl\/lagos\/manana-martes-parte-xi-congreso-regional-escolar-de-ciencia-y-tecnologia-2014\/#primaryimage\"},\"thumbnailUrl\":\"https:\/\/dev.explora.cl\/lagos\/wp-content\/uploads\/sites\/17\/2018\/06\/f6e558386fdb58e34c89a6e6ff6c5e37.jpg\",\"datePublished\":\"2014-10-27T04:00:00+00:00\",\"dateModified\":\"2019-05-20T20:49:49+00:00\",\"author\":{\"@id\":\"https:\/\/dev.explora.cl\/lagos\/#\/schema\/person\/cb8349c13ea2d324080adf8480d7ba5d\"},\"breadcrumb\":{\"@id\":\"https:\/\/dev.explora.cl\/lagos\/manana-martes-parte-xi-congreso-regional-escolar-de-ciencia-y-tecnologia-2014\/#breadcrumb\"},\"inLanguage\":\"es\",\"potentialAction\":[{\"@type\":\"ReadAction\",\"target\":[\"https:\/\/dev.explora.cl\/lagos\/manana-martes-parte-xi-congreso-regional-escolar-de-ciencia-y-tecnologia-2014\/\"]}]},{\"@type\":\"ImageObject\",\"inLanguage\":\"es\",\"@id\":\"https:\/\/dev.explora.cl\/lagos\/manana-martes-parte-xi-congreso-regional-escolar-de-ciencia-y-tecnologia-2014\/#primaryimage\",\"url\":\"https:\/\/dev.explora.cl\/lagos\/wp-content\/uploads\/sites\/17\/2018\/06\/f6e558386fdb58e34c89a6e6ff6c5e37.jpg\",\"contentUrl\":\"https:\/\/dev.explora.cl\/lagos\/wp-content\/uploads\/sites\/17\/2018\/06\/f6e558386fdb58e34c89a6e6ff6c5e37.jpg\",\"width\":2953,\"height\":1956},{\"@type\":\"BreadcrumbList\",\"@id\":\"https:\/\/dev.explora.cl\/lagos\/manana-martes-parte-xi-congreso-regional-escolar-de-ciencia-y-tecnologia-2014\/#breadcrumb\",\"itemListElement\":[{\"@type\":\"ListItem\",\"position\":1,\"name\":\"Portada\",\"item\":\"https:\/\/dev.explora.cl\/lagos\/\"},{\"@type\":\"ListItem\",\"position\":2,\"name\":\"Ma\u00f1ana martes parte XI Congreso Regional Escolar de Ciencia y Tecnolog\u00eda 2014\"}]},{\"@type\":\"WebSite\",\"@id\":\"https:\/\/dev.explora.cl\/lagos\/#website\",\"url\":\"https:\/\/dev.explora.cl\/lagos\/\",\"name\":\"Los Lagos\",\"description\":\"Otro sitio m\u00e1s de dev.explora.cl\",\"potentialAction\":[{\"@type\":\"SearchAction\",\"target\":{\"@type\":\"EntryPoint\",\"urlTemplate\":\"https:\/\/dev.explora.cl\/lagos\/?s={search_term_string}\"},\"query-input\":{\"@type\":\"PropertyValueSpecification\",\"valueRequired\":true,\"valueName\":\"search_term_string\"}}],\"inLanguage\":\"es\"},{\"@type\":\"Person\",\"@id\":\"https:\/\/dev.explora.cl\/lagos\/#\/schema\/person\/cb8349c13ea2d324080adf8480d7ba5d\",\"name\":\"webman\",\"image\":{\"@type\":\"ImageObject\",\"inLanguage\":\"es\",\"@id\":\"https:\/\/dev.explora.cl\/lagos\/#\/schema\/person\/image\/\",\"url\":\"https:\/\/secure.gravatar.com\/avatar\/eeff3c82f2c02f7177d13663b7e6f890e9a6a0647ce9bb29cae02dcb094c7312?s=96&d=mm&r=g\",\"contentUrl\":\"https:\/\/secure.gravatar.com\/avatar\/eeff3c82f2c02f7177d13663b7e6f890e9a6a0647ce9bb29cae02dcb094c7312?s=96&d=mm&r=g\",\"caption\":\"webman\"},\"url\":\"https:\/\/dev.explora.cl\/lagos\/author\/webman\/\"}]}<\/script>\n<!-- \/ Yoast SEO plugin. -->","yoast_head_json":{"title":"Ma\u00f1ana martes parte XI Congreso Regional Escolar de Ciencia y Tecnolog\u00eda 2014 - Los Lagos","robots":{"index":"index","follow":"follow","max-snippet":"max-snippet:-1","max-image-preview":"max-image-preview:large","max-video-preview":"max-video-preview:-1"},"canonical":"https:\/\/dev.explora.cl\/lagos\/manana-martes-parte-xi-congreso-regional-escolar-de-ciencia-y-tecnologia-2014\/","og_locale":"es_ES","og_type":"article","og_title":"Ma\u00f1ana martes parte XI Congreso Regional Escolar de Ciencia y Tecnolog\u00eda 2014 - Los Lagos","og_description":"Con la presencia de la Directora Nacional (s) del Programa EXPLORA CONICYT, Marianela Velasco, se inaugurar\u00e1 oficialmente el XI Congreso Regional Escolar de Ciencia y Tecnolog\u00eda EXPLORA CONICYT 2014 en la Regi\u00f3n de Los Lagos. La ceremonia se efectuar\u00e1 este martes 28 de octubre a las 15:00 horas en dependencias de la Universidad de Los [&hellip;]","og_url":"https:\/\/dev.explora.cl\/lagos\/manana-martes-parte-xi-congreso-regional-escolar-de-ciencia-y-tecnologia-2014\/","og_site_name":"Los Lagos","article_published_time":"2014-10-27T04:00:00+00:00","article_modified_time":"2019-05-20T20:49:49+00:00","og_image":[{"width":1024,"height":678,"url":"https:\/\/dev.explora.cl\/lagos\/wp-content\/uploads\/sites\/17\/2018\/06\/f6e558386fdb58e34c89a6e6ff6c5e37-1024x678.jpg","type":"image\/jpeg"}],"author":"webman","twitter_card":"summary_large_image","twitter_misc":{"Escrito por":"webman","Tiempo de lectura":"1 minuto"},"schema":{"@context":"https:\/\/schema.org","@graph":[{"@type":"Article","@id":"https:\/\/dev.explora.cl\/lagos\/manana-martes-parte-xi-congreso-regional-escolar-de-ciencia-y-tecnologia-2014\/#article","isPartOf":{"@id":"https:\/\/dev.explora.cl\/lagos\/manana-martes-parte-xi-congreso-regional-escolar-de-ciencia-y-tecnologia-2014\/"},"author":{"name":"webman","@id":"https:\/\/dev.explora.cl\/lagos\/#\/schema\/person\/cb8349c13ea2d324080adf8480d7ba5d"},"headline":"Ma\u00f1ana martes parte XI Congreso Regional Escolar de Ciencia y Tecnolog\u00eda 2014","datePublished":"2014-10-27T04:00:00+00:00","dateModified":"2019-05-20T20:49:49+00:00","mainEntityOfPage":{"@id":"https:\/\/dev.explora.cl\/lagos\/manana-martes-parte-xi-congreso-regional-escolar-de-ciencia-y-tecnologia-2014\/"},"wordCount":262,"commentCount":0,"image":{"@id":"https:\/\/dev.explora.cl\/lagos\/manana-martes-parte-xi-congreso-regional-escolar-de-ciencia-y-tecnologia-2014\/#primaryimage"},"thumbnailUrl":"https:\/\/dev.explora.cl\/lagos\/wp-content\/uploads\/sites\/17\/2018\/06\/f6e558386fdb58e34c89a6e6ff6c5e37.jpg","articleSection":["Noticias"],"inLanguage":"es","potentialAction":[{"@type":"CommentAction","name":"Comment","target":["https:\/\/dev.explora.cl\/lagos\/manana-martes-parte-xi-congreso-regional-escolar-de-ciencia-y-tecnologia-2014\/#respond"]}]},{"@type":"WebPage","@id":"https:\/\/dev.explora.cl\/lagos\/manana-martes-parte-xi-congreso-regional-escolar-de-ciencia-y-tecnologia-2014\/","url":"https:\/\/dev.explora.cl\/lagos\/manana-martes-parte-xi-congreso-regional-escolar-de-ciencia-y-tecnologia-2014\/","name":"Ma\u00f1ana martes parte XI Congreso Regional Escolar de Ciencia y Tecnolog\u00eda 2014 - Los Lagos","isPartOf":{"@id":"https:\/\/dev.explora.cl\/lagos\/#website"},"primaryImageOfPage":{"@id":"https:\/\/dev.explora.cl\/lagos\/manana-martes-parte-xi-congreso-regional-escolar-de-ciencia-y-tecnologia-2014\/#primaryimage"},"image":{"@id":"https:\/\/dev.explora.cl\/lagos\/manana-martes-parte-xi-congreso-regional-escolar-de-ciencia-y-tecnologia-2014\/#primaryimage"},"thumbnailUrl":"https:\/\/dev.explora.cl\/lagos\/wp-content\/uploads\/sites\/17\/2018\/06\/f6e558386fdb58e34c89a6e6ff6c5e37.jpg","datePublished":"2014-10-27T04:00:00+00:00","dateModified":"2019-05-20T20:49:49+00:00","author":{"@id":"https:\/\/dev.explora.cl\/lagos\/#\/schema\/person\/cb8349c13ea2d324080adf8480d7ba5d"},"breadcrumb":{"@id":"https:\/\/dev.explora.cl\/lagos\/manana-martes-parte-xi-congreso-regional-escolar-de-ciencia-y-tecnologia-2014\/#breadcrumb"},"inLanguage":"es","potentialAction":[{"@type":"ReadAction","target":["https:\/\/dev.explora.cl\/lagos\/manana-martes-parte-xi-congreso-regional-escolar-de-ciencia-y-tecnologia-2014\/"]}]},{"@type":"ImageObject","inLanguage":"es","@id":"https:\/\/dev.explora.cl\/lagos\/manana-martes-parte-xi-congreso-regional-escolar-de-ciencia-y-tecnologia-2014\/#primaryimage","url":"https:\/\/dev.explora.cl\/lagos\/wp-content\/uploads\/sites\/17\/2018\/06\/f6e558386fdb58e34c89a6e6ff6c5e37.jpg","contentUrl":"https:\/\/dev.explora.cl\/lagos\/wp-content\/uploads\/sites\/17\/2018\/06\/f6e558386fdb58e34c89a6e6ff6c5e37.jpg","width":2953,"height":1956},{"@type":"BreadcrumbList","@id":"https:\/\/dev.explora.cl\/lagos\/manana-martes-parte-xi-congreso-regional-escolar-de-ciencia-y-tecnologia-2014\/#breadcrumb","itemListElement":[{"@type":"ListItem","position":1,"name":"Portada","item":"https:\/\/dev.explora.cl\/lagos\/"},{"@type":"ListItem","position":2,"name":"Ma\u00f1ana martes parte XI Congreso Regional Escolar de Ciencia y Tecnolog\u00eda 2014"}]},{"@type":"WebSite","@id":"https:\/\/dev.explora.cl\/lagos\/#website","url":"https:\/\/dev.explora.cl\/lagos\/","name":"Los Lagos","description":"Otro sitio m\u00e1s de dev.explora.cl","potentialAction":[{"@type":"SearchAction","target":{"@type":"EntryPoint","urlTemplate":"https:\/\/dev.explora.cl\/lagos\/?s={search_term_string}"},"query-input":{"@type":"PropertyValueSpecification","valueRequired":true,"valueName":"search_term_string"}}],"inLanguage":"es"},{"@type":"Person","@id":"https:\/\/dev.explora.cl\/lagos\/#\/schema\/person\/cb8349c13ea2d324080adf8480d7ba5d","name":"webman","image":{"@type":"ImageObject","inLanguage":"es","@id":"https:\/\/dev.explora.cl\/lagos\/#\/schema\/person\/image\/","url":"https:\/\/secure.gravatar.com\/avatar\/eeff3c82f2c02f7177d13663b7e6f890e9a6a0647ce9bb29cae02dcb094c7312?s=96&d=mm&r=g","contentUrl":"https:\/\/secure.gravatar.com\/avatar\/eeff3c82f2c02f7177d13663b7e6f890e9a6a0647ce9bb29cae02dcb094c7312?s=96&d=mm&r=g","caption":"webman"},"url":"https:\/\/dev.explora.cl\/lagos\/author\/webman\/"}]}},"_links":{"self":[{"href":"https:\/\/dev.explora.cl\/lagos\/wp-json\/wp\/v2\/posts\/1158","targetHints":{"allow":["GET"]}}],"collection":[{"href":"https:\/\/dev.explora.cl\/lagos\/wp-json\/wp\/v2\/posts"}],"about":[{"href":"https:\/\/dev.explora.cl\/lagos\/wp-json\/wp\/v2\/types\/post"}],"author":[{"embeddable":true,"href":"https:\/\/dev.explora.cl\/lagos\/wp-json\/wp\/v2\/users\/2"}],"replies":[{"embeddable":true,"href":"https:\/\/dev.explora.cl\/lagos\/wp-json\/wp\/v2\/comments?post=1158"}],"version-history":[{"count":2,"href":"https:\/\/dev.explora.cl\/lagos\/wp-json\/wp\/v2\/posts\/1158\/revisions"}],"predecessor-version":[{"id":38380,"href":"https:\/\/dev.explora.cl\/lagos\/wp-json\/wp\/v2\/posts\/1158\/revisions\/38380"}],"wp:featuredmedia":[{"embeddable":true,"href":"https:\/\/dev.explora.cl\/lagos\/wp-json\/wp\/v2\/media\/1159"}],"wp:attachment":[{"href":"https:\/\/dev.explora.cl\/lagos\/wp-json\/wp\/v2\/media?parent=1158"}],"wp:term":[{"taxonomy":"category","embeddable":true,"href":"https:\/\/dev.explora.cl\/lagos\/wp-json\/wp\/v2\/categories?post=1158"},{"taxonomy":"post_tag","embeddable":true,"href":"https:\/\/dev.explora.cl\/lagos\/wp-json\/wp\/v2\/tags?post=1158"}],"curies":[{"name":"wp","href":"https:\/\/api.w.org\/{rel}","templated":true}]}}