{"id":1154,"date":"2014-10-24T00:00:00","date_gmt":"2014-10-24T04:00:00","guid":{"rendered":"http:\/\/ec2-34-219-152-79.us-west-2.compute.amazonaws.com\/lagos\/blog\/2014\/10\/24\/todos-invitados-al-xi-congreso-regional-escolar-de-ciencia-y-tecnologia-explora\/"},"modified":"2019-05-20T19:48:55","modified_gmt":"2019-05-20T19:48:55","slug":"todos-invitados-al-xi-congreso-regional-escolar-de-ciencia-y-tecnologia-explora","status":"publish","type":"post","link":"https:\/\/dev.explora.cl\/lagos\/todos-invitados-al-xi-congreso-regional-escolar-de-ciencia-y-tecnologia-explora\/","title":{"rendered":"Todos invitados al XI Congreso Regional Escolar de Ciencia y Tecnolog\u00eda EXPLORA"},"content":{"rendered":"<p><img loading=\"lazy\" decoding=\"async\" class=\" size-full wp-image-6506\" src=\"http:\/\/ec2-34-218-253-251.us-west-2.compute.amazonaws.com\/wp-content\/uploads\/2014\/10\/33a3a397a36957be1f4b5bbe1a232201.jpg\" alt=\"\" width=\"1848\" height=\"1224\" \/><\/p>\n<p style=\"text-align: justify\">Alumnos de las comunas de <strong>Osorno, San Juan de la Costa, Puerto Varas, Maull\u00edn, Puerto Montt, Ancud, Quell\u00f3n y Futaleuf\u00fa<\/strong> participar\u00e1n en el XI Congreso Escolar de Ciencia y Tecnolog\u00eda EXPLORA CONICYT 2014, el que se efectuar\u00e1 entre el 28 y el 30 de octubre en la sede Chinquihue de la Universidad de Los Lagos.<\/p>\n<p style=\"text-align: justify\">Las fechas y horarios de visita para estudiantes y p\u00fablico general ser\u00e1n el <strong>29 de octubre entre 09:00 y 13:00 horas.<\/strong> Mientras que el <strong>30 de octubre ser\u00e1 entre las 09:00 y 11:00 horas.<\/strong><\/p>\n<p style=\"text-align: justify\">Este a\u00f1o el Congreso reunir\u00e1 <strong>siete proyectos de ense\u00f1anza b\u00e1sica y 20 iniciativas de ense\u00f1anza media<\/strong>, correspondientes a <strong>21 establecimientos<\/strong>, los que competir\u00e1n en dos categor\u00edas: <strong>Investigaci\u00f3n en Ciencias y Desarrollo en las \u00c1reas de Ingenier\u00eda y Tecnolog\u00eda.<\/strong><\/p>\n<p style=\"text-align: justify\">Los ganadores del certamen regional asistir\u00e1n al XV Congreso Nacional Escolar de Ciencia y Tecnolog\u00eda EXPLORA CONICYT 2014 que se realizar\u00e1 en Santiago, Regi\u00f3n Metropolitana, entre los d\u00edas 25 y 27 de noviembre.<\/p>\n<p style=\"text-align: justify\">El PAR EXPLORA Los Lagos coordinado por la ULagos, invita a toda la comunidad a visitar el XI Congreso Regional Escolar de Ciencia y Tecnolog\u00eda. Para inscripciones de establecimientos y p\u00fablico en general se encuentra disponible el fono: <strong>65-2322330<\/strong> y el mail <a href=\"mailto:coordinadora.explora@ulagos.cl\">coordinadora.explora@ulagos.cl<\/p>\n<p><\/a><img decoding=\"async\" class=\" alignleft size-full wp-image-6507\" src=\"http:\/\/ec2-34-218-253-251.us-west-2.compute.amazonaws.com\/wp-content\/uploads\/2014\/10\/congreso-02.jpg\" border=\"0\" width=\"415\" style=\"margin: 5px;float: left\" \/><img decoding=\"async\" class=\" alignleft size-full wp-image-6508\" src=\"http:\/\/ec2-34-218-253-251.us-west-2.compute.amazonaws.com\/wp-content\/uploads\/2014\/10\/congreso-03.jpg\" border=\"0\" width=\"415\" style=\"margin: 5px;float: left\" \/><\/p>\n","protected":false},"excerpt":{"rendered":"<p>Alumnos de las comunas de Osorno, San Juan de la Costa, Puerto Varas, Maull\u00edn, Puerto Montt, Ancud, Quell\u00f3n y Futaleuf\u00fa participar\u00e1n en el XI Congreso Escolar de Ciencia y Tecnolog\u00eda EXPLORA CONICYT 2014, el que se efectuar\u00e1 entre el 28 y el 30 de octubre en la sede Chinquihue de la Universidad de Los Lagos. [&hellip;]<\/p>\n","protected":false},"author":2,"featured_media":1155,"comment_status":"open","ping_status":"open","sticky":false,"template":"","format":"standard","meta":{"_acf_changed":false,"_exactmetrics_skip_tracking":false,"_exactmetrics_sitenote_active":false,"_exactmetrics_sitenote_note":"","_exactmetrics_sitenote_category":0,"footnotes":"","_links_to":"","_links_to_target":""},"categories":[4],"tags":[],"class_list":["post-1154","post","type-post","status-publish","format-standard","has-post-thumbnail","hentry","category-noticias"],"acf":[],"yoast_head":"<!-- This site is optimized with the Yoast SEO plugin v26.7 - https:\/\/yoast.com\/wordpress\/plugins\/seo\/ -->\n<title>Todos invitados al XI Congreso Regional Escolar de Ciencia y Tecnolog\u00eda EXPLORA - Los Lagos<\/title>\n<meta name=\"robots\" content=\"index, follow, max-snippet:-1, max-image-preview:large, max-video-preview:-1\" \/>\n<link rel=\"canonical\" href=\"https:\/\/dev.explora.cl\/lagos\/todos-invitados-al-xi-congreso-regional-escolar-de-ciencia-y-tecnologia-explora\/\" class=\"yoast-seo-meta-tag\" \/>\n<meta property=\"og:locale\" content=\"es_ES\" class=\"yoast-seo-meta-tag\" \/>\n<meta property=\"og:type\" content=\"article\" class=\"yoast-seo-meta-tag\" \/>\n<meta property=\"og:title\" content=\"Todos invitados al XI Congreso Regional Escolar de Ciencia y Tecnolog\u00eda EXPLORA - Los Lagos\" class=\"yoast-seo-meta-tag\" \/>\n<meta property=\"og:description\" content=\"Alumnos de las comunas de Osorno, San Juan de la Costa, Puerto Varas, Maull\u00edn, Puerto Montt, Ancud, Quell\u00f3n y Futaleuf\u00fa participar\u00e1n en el XI Congreso Escolar de Ciencia y Tecnolog\u00eda EXPLORA CONICYT 2014, el que se efectuar\u00e1 entre el 28 y el 30 de octubre en la sede Chinquihue de la Universidad de Los Lagos. [&hellip;]\" class=\"yoast-seo-meta-tag\" \/>\n<meta property=\"og:url\" content=\"https:\/\/dev.explora.cl\/lagos\/todos-invitados-al-xi-congreso-regional-escolar-de-ciencia-y-tecnologia-explora\/\" class=\"yoast-seo-meta-tag\" \/>\n<meta property=\"og:site_name\" content=\"Los Lagos\" class=\"yoast-seo-meta-tag\" \/>\n<meta property=\"article:published_time\" content=\"2014-10-24T04:00:00+00:00\" class=\"yoast-seo-meta-tag\" \/>\n<meta property=\"article:modified_time\" content=\"2019-05-20T19:48:55+00:00\" class=\"yoast-seo-meta-tag\" \/>\n<meta property=\"og:image\" content=\"https:\/\/dev.explora.cl\/lagos\/wp-content\/uploads\/sites\/17\/2018\/06\/33a3a397a36957be1f4b5bbe1a232201.jpg\" class=\"yoast-seo-meta-tag\" \/>\n\t<meta property=\"og:image:width\" content=\"1848\" class=\"yoast-seo-meta-tag\" \/>\n\t<meta property=\"og:image:height\" content=\"1224\" class=\"yoast-seo-meta-tag\" \/>\n\t<meta property=\"og:image:type\" content=\"image\/jpeg\" class=\"yoast-seo-meta-tag\" \/>\n<meta name=\"author\" content=\"webman\" class=\"yoast-seo-meta-tag\" \/>\n<meta name=\"twitter:card\" content=\"summary_large_image\" class=\"yoast-seo-meta-tag\" \/>\n<meta name=\"twitter:label1\" content=\"Escrito por\" class=\"yoast-seo-meta-tag\" \/>\n\t<meta name=\"twitter:data1\" content=\"webman\" class=\"yoast-seo-meta-tag\" \/>\n\t<meta name=\"twitter:label2\" content=\"Tiempo de lectura\" class=\"yoast-seo-meta-tag\" \/>\n\t<meta name=\"twitter:data2\" content=\"1 minuto\" class=\"yoast-seo-meta-tag\" \/>\n<script type=\"application\/ld+json\" class=\"yoast-schema-graph\">{\"@context\":\"https:\/\/schema.org\",\"@graph\":[{\"@type\":\"Article\",\"@id\":\"https:\/\/dev.explora.cl\/lagos\/todos-invitados-al-xi-congreso-regional-escolar-de-ciencia-y-tecnologia-explora\/#article\",\"isPartOf\":{\"@id\":\"https:\/\/dev.explora.cl\/lagos\/todos-invitados-al-xi-congreso-regional-escolar-de-ciencia-y-tecnologia-explora\/\"},\"author\":{\"name\":\"webman\",\"@id\":\"https:\/\/dev.explora.cl\/lagos\/#\/schema\/person\/cb8349c13ea2d324080adf8480d7ba5d\"},\"headline\":\"Todos invitados al XI Congreso Regional Escolar de Ciencia y Tecnolog\u00eda EXPLORA\",\"datePublished\":\"2014-10-24T04:00:00+00:00\",\"dateModified\":\"2019-05-20T19:48:55+00:00\",\"mainEntityOfPage\":{\"@id\":\"https:\/\/dev.explora.cl\/lagos\/todos-invitados-al-xi-congreso-regional-escolar-de-ciencia-y-tecnologia-explora\/\"},\"wordCount\":226,\"commentCount\":0,\"image\":{\"@id\":\"https:\/\/dev.explora.cl\/lagos\/todos-invitados-al-xi-congreso-regional-escolar-de-ciencia-y-tecnologia-explora\/#primaryimage\"},\"thumbnailUrl\":\"https:\/\/dev.explora.cl\/lagos\/wp-content\/uploads\/sites\/17\/2018\/06\/33a3a397a36957be1f4b5bbe1a232201.jpg\",\"articleSection\":[\"Noticias\"],\"inLanguage\":\"es\",\"potentialAction\":[{\"@type\":\"CommentAction\",\"name\":\"Comment\",\"target\":[\"https:\/\/dev.explora.cl\/lagos\/todos-invitados-al-xi-congreso-regional-escolar-de-ciencia-y-tecnologia-explora\/#respond\"]}]},{\"@type\":\"WebPage\",\"@id\":\"https:\/\/dev.explora.cl\/lagos\/todos-invitados-al-xi-congreso-regional-escolar-de-ciencia-y-tecnologia-explora\/\",\"url\":\"https:\/\/dev.explora.cl\/lagos\/todos-invitados-al-xi-congreso-regional-escolar-de-ciencia-y-tecnologia-explora\/\",\"name\":\"Todos invitados al XI Congreso Regional Escolar de Ciencia y Tecnolog\u00eda EXPLORA - Los Lagos\",\"isPartOf\":{\"@id\":\"https:\/\/dev.explora.cl\/lagos\/#website\"},\"primaryImageOfPage\":{\"@id\":\"https:\/\/dev.explora.cl\/lagos\/todos-invitados-al-xi-congreso-regional-escolar-de-ciencia-y-tecnologia-explora\/#primaryimage\"},\"image\":{\"@id\":\"https:\/\/dev.explora.cl\/lagos\/todos-invitados-al-xi-congreso-regional-escolar-de-ciencia-y-tecnologia-explora\/#primaryimage\"},\"thumbnailUrl\":\"https:\/\/dev.explora.cl\/lagos\/wp-content\/uploads\/sites\/17\/2018\/06\/33a3a397a36957be1f4b5bbe1a232201.jpg\",\"datePublished\":\"2014-10-24T04:00:00+00:00\",\"dateModified\":\"2019-05-20T19:48:55+00:00\",\"author\":{\"@id\":\"https:\/\/dev.explora.cl\/lagos\/#\/schema\/person\/cb8349c13ea2d324080adf8480d7ba5d\"},\"breadcrumb\":{\"@id\":\"https:\/\/dev.explora.cl\/lagos\/todos-invitados-al-xi-congreso-regional-escolar-de-ciencia-y-tecnologia-explora\/#breadcrumb\"},\"inLanguage\":\"es\",\"potentialAction\":[{\"@type\":\"ReadAction\",\"target\":[\"https:\/\/dev.explora.cl\/lagos\/todos-invitados-al-xi-congreso-regional-escolar-de-ciencia-y-tecnologia-explora\/\"]}]},{\"@type\":\"ImageObject\",\"inLanguage\":\"es\",\"@id\":\"https:\/\/dev.explora.cl\/lagos\/todos-invitados-al-xi-congreso-regional-escolar-de-ciencia-y-tecnologia-explora\/#primaryimage\",\"url\":\"https:\/\/dev.explora.cl\/lagos\/wp-content\/uploads\/sites\/17\/2018\/06\/33a3a397a36957be1f4b5bbe1a232201.jpg\",\"contentUrl\":\"https:\/\/dev.explora.cl\/lagos\/wp-content\/uploads\/sites\/17\/2018\/06\/33a3a397a36957be1f4b5bbe1a232201.jpg\",\"width\":1848,\"height\":1224},{\"@type\":\"BreadcrumbList\",\"@id\":\"https:\/\/dev.explora.cl\/lagos\/todos-invitados-al-xi-congreso-regional-escolar-de-ciencia-y-tecnologia-explora\/#breadcrumb\",\"itemListElement\":[{\"@type\":\"ListItem\",\"position\":1,\"name\":\"Portada\",\"item\":\"https:\/\/dev.explora.cl\/lagos\/\"},{\"@type\":\"ListItem\",\"position\":2,\"name\":\"Todos invitados al XI Congreso Regional Escolar de Ciencia y Tecnolog\u00eda EXPLORA\"}]},{\"@type\":\"WebSite\",\"@id\":\"https:\/\/dev.explora.cl\/lagos\/#website\",\"url\":\"https:\/\/dev.explora.cl\/lagos\/\",\"name\":\"Los Lagos\",\"description\":\"Otro sitio m\u00e1s de dev.explora.cl\",\"potentialAction\":[{\"@type\":\"SearchAction\",\"target\":{\"@type\":\"EntryPoint\",\"urlTemplate\":\"https:\/\/dev.explora.cl\/lagos\/?s={search_term_string}\"},\"query-input\":{\"@type\":\"PropertyValueSpecification\",\"valueRequired\":true,\"valueName\":\"search_term_string\"}}],\"inLanguage\":\"es\"},{\"@type\":\"Person\",\"@id\":\"https:\/\/dev.explora.cl\/lagos\/#\/schema\/person\/cb8349c13ea2d324080adf8480d7ba5d\",\"name\":\"webman\",\"image\":{\"@type\":\"ImageObject\",\"inLanguage\":\"es\",\"@id\":\"https:\/\/dev.explora.cl\/lagos\/#\/schema\/person\/image\/\",\"url\":\"https:\/\/secure.gravatar.com\/avatar\/eeff3c82f2c02f7177d13663b7e6f890e9a6a0647ce9bb29cae02dcb094c7312?s=96&d=mm&r=g\",\"contentUrl\":\"https:\/\/secure.gravatar.com\/avatar\/eeff3c82f2c02f7177d13663b7e6f890e9a6a0647ce9bb29cae02dcb094c7312?s=96&d=mm&r=g\",\"caption\":\"webman\"},\"url\":\"https:\/\/dev.explora.cl\/lagos\/author\/webman\/\"}]}<\/script>\n<!-- \/ Yoast SEO plugin. -->","yoast_head_json":{"title":"Todos invitados al XI Congreso Regional Escolar de Ciencia y Tecnolog\u00eda EXPLORA - Los Lagos","robots":{"index":"index","follow":"follow","max-snippet":"max-snippet:-1","max-image-preview":"max-image-preview:large","max-video-preview":"max-video-preview:-1"},"canonical":"https:\/\/dev.explora.cl\/lagos\/todos-invitados-al-xi-congreso-regional-escolar-de-ciencia-y-tecnologia-explora\/","og_locale":"es_ES","og_type":"article","og_title":"Todos invitados al XI Congreso Regional Escolar de Ciencia y Tecnolog\u00eda EXPLORA - Los Lagos","og_description":"Alumnos de las comunas de Osorno, San Juan de la Costa, Puerto Varas, Maull\u00edn, Puerto Montt, Ancud, Quell\u00f3n y Futaleuf\u00fa participar\u00e1n en el XI Congreso Escolar de Ciencia y Tecnolog\u00eda EXPLORA CONICYT 2014, el que se efectuar\u00e1 entre el 28 y el 30 de octubre en la sede Chinquihue de la Universidad de Los Lagos. [&hellip;]","og_url":"https:\/\/dev.explora.cl\/lagos\/todos-invitados-al-xi-congreso-regional-escolar-de-ciencia-y-tecnologia-explora\/","og_site_name":"Los Lagos","article_published_time":"2014-10-24T04:00:00+00:00","article_modified_time":"2019-05-20T19:48:55+00:00","og_image":[{"width":1848,"height":1224,"url":"https:\/\/dev.explora.cl\/lagos\/wp-content\/uploads\/sites\/17\/2018\/06\/33a3a397a36957be1f4b5bbe1a232201.jpg","type":"image\/jpeg"}],"author":"webman","twitter_card":"summary_large_image","twitter_misc":{"Escrito por":"webman","Tiempo de lectura":"1 minuto"},"schema":{"@context":"https:\/\/schema.org","@graph":[{"@type":"Article","@id":"https:\/\/dev.explora.cl\/lagos\/todos-invitados-al-xi-congreso-regional-escolar-de-ciencia-y-tecnologia-explora\/#article","isPartOf":{"@id":"https:\/\/dev.explora.cl\/lagos\/todos-invitados-al-xi-congreso-regional-escolar-de-ciencia-y-tecnologia-explora\/"},"author":{"name":"webman","@id":"https:\/\/dev.explora.cl\/lagos\/#\/schema\/person\/cb8349c13ea2d324080adf8480d7ba5d"},"headline":"Todos invitados al XI Congreso Regional Escolar de Ciencia y Tecnolog\u00eda EXPLORA","datePublished":"2014-10-24T04:00:00+00:00","dateModified":"2019-05-20T19:48:55+00:00","mainEntityOfPage":{"@id":"https:\/\/dev.explora.cl\/lagos\/todos-invitados-al-xi-congreso-regional-escolar-de-ciencia-y-tecnologia-explora\/"},"wordCount":226,"commentCount":0,"image":{"@id":"https:\/\/dev.explora.cl\/lagos\/todos-invitados-al-xi-congreso-regional-escolar-de-ciencia-y-tecnologia-explora\/#primaryimage"},"thumbnailUrl":"https:\/\/dev.explora.cl\/lagos\/wp-content\/uploads\/sites\/17\/2018\/06\/33a3a397a36957be1f4b5bbe1a232201.jpg","articleSection":["Noticias"],"inLanguage":"es","potentialAction":[{"@type":"CommentAction","name":"Comment","target":["https:\/\/dev.explora.cl\/lagos\/todos-invitados-al-xi-congreso-regional-escolar-de-ciencia-y-tecnologia-explora\/#respond"]}]},{"@type":"WebPage","@id":"https:\/\/dev.explora.cl\/lagos\/todos-invitados-al-xi-congreso-regional-escolar-de-ciencia-y-tecnologia-explora\/","url":"https:\/\/dev.explora.cl\/lagos\/todos-invitados-al-xi-congreso-regional-escolar-de-ciencia-y-tecnologia-explora\/","name":"Todos invitados al XI Congreso Regional Escolar de Ciencia y Tecnolog\u00eda EXPLORA - Los Lagos","isPartOf":{"@id":"https:\/\/dev.explora.cl\/lagos\/#website"},"primaryImageOfPage":{"@id":"https:\/\/dev.explora.cl\/lagos\/todos-invitados-al-xi-congreso-regional-escolar-de-ciencia-y-tecnologia-explora\/#primaryimage"},"image":{"@id":"https:\/\/dev.explora.cl\/lagos\/todos-invitados-al-xi-congreso-regional-escolar-de-ciencia-y-tecnologia-explora\/#primaryimage"},"thumbnailUrl":"https:\/\/dev.explora.cl\/lagos\/wp-content\/uploads\/sites\/17\/2018\/06\/33a3a397a36957be1f4b5bbe1a232201.jpg","datePublished":"2014-10-24T04:00:00+00:00","dateModified":"2019-05-20T19:48:55+00:00","author":{"@id":"https:\/\/dev.explora.cl\/lagos\/#\/schema\/person\/cb8349c13ea2d324080adf8480d7ba5d"},"breadcrumb":{"@id":"https:\/\/dev.explora.cl\/lagos\/todos-invitados-al-xi-congreso-regional-escolar-de-ciencia-y-tecnologia-explora\/#breadcrumb"},"inLanguage":"es","potentialAction":[{"@type":"ReadAction","target":["https:\/\/dev.explora.cl\/lagos\/todos-invitados-al-xi-congreso-regional-escolar-de-ciencia-y-tecnologia-explora\/"]}]},{"@type":"ImageObject","inLanguage":"es","@id":"https:\/\/dev.explora.cl\/lagos\/todos-invitados-al-xi-congreso-regional-escolar-de-ciencia-y-tecnologia-explora\/#primaryimage","url":"https:\/\/dev.explora.cl\/lagos\/wp-content\/uploads\/sites\/17\/2018\/06\/33a3a397a36957be1f4b5bbe1a232201.jpg","contentUrl":"https:\/\/dev.explora.cl\/lagos\/wp-content\/uploads\/sites\/17\/2018\/06\/33a3a397a36957be1f4b5bbe1a232201.jpg","width":1848,"height":1224},{"@type":"BreadcrumbList","@id":"https:\/\/dev.explora.cl\/lagos\/todos-invitados-al-xi-congreso-regional-escolar-de-ciencia-y-tecnologia-explora\/#breadcrumb","itemListElement":[{"@type":"ListItem","position":1,"name":"Portada","item":"https:\/\/dev.explora.cl\/lagos\/"},{"@type":"ListItem","position":2,"name":"Todos invitados al XI Congreso Regional Escolar de Ciencia y Tecnolog\u00eda EXPLORA"}]},{"@type":"WebSite","@id":"https:\/\/dev.explora.cl\/lagos\/#website","url":"https:\/\/dev.explora.cl\/lagos\/","name":"Los Lagos","description":"Otro sitio m\u00e1s de dev.explora.cl","potentialAction":[{"@type":"SearchAction","target":{"@type":"EntryPoint","urlTemplate":"https:\/\/dev.explora.cl\/lagos\/?s={search_term_string}"},"query-input":{"@type":"PropertyValueSpecification","valueRequired":true,"valueName":"search_term_string"}}],"inLanguage":"es"},{"@type":"Person","@id":"https:\/\/dev.explora.cl\/lagos\/#\/schema\/person\/cb8349c13ea2d324080adf8480d7ba5d","name":"webman","image":{"@type":"ImageObject","inLanguage":"es","@id":"https:\/\/dev.explora.cl\/lagos\/#\/schema\/person\/image\/","url":"https:\/\/secure.gravatar.com\/avatar\/eeff3c82f2c02f7177d13663b7e6f890e9a6a0647ce9bb29cae02dcb094c7312?s=96&d=mm&r=g","contentUrl":"https:\/\/secure.gravatar.com\/avatar\/eeff3c82f2c02f7177d13663b7e6f890e9a6a0647ce9bb29cae02dcb094c7312?s=96&d=mm&r=g","caption":"webman"},"url":"https:\/\/dev.explora.cl\/lagos\/author\/webman\/"}]}},"_links":{"self":[{"href":"https:\/\/dev.explora.cl\/lagos\/wp-json\/wp\/v2\/posts\/1154","targetHints":{"allow":["GET"]}}],"collection":[{"href":"https:\/\/dev.explora.cl\/lagos\/wp-json\/wp\/v2\/posts"}],"about":[{"href":"https:\/\/dev.explora.cl\/lagos\/wp-json\/wp\/v2\/types\/post"}],"author":[{"embeddable":true,"href":"https:\/\/dev.explora.cl\/lagos\/wp-json\/wp\/v2\/users\/2"}],"replies":[{"embeddable":true,"href":"https:\/\/dev.explora.cl\/lagos\/wp-json\/wp\/v2\/comments?post=1154"}],"version-history":[{"count":1,"href":"https:\/\/dev.explora.cl\/lagos\/wp-json\/wp\/v2\/posts\/1154\/revisions"}],"predecessor-version":[{"id":38282,"href":"https:\/\/dev.explora.cl\/lagos\/wp-json\/wp\/v2\/posts\/1154\/revisions\/38282"}],"wp:featuredmedia":[{"embeddable":true,"href":"https:\/\/dev.explora.cl\/lagos\/wp-json\/wp\/v2\/media\/1155"}],"wp:attachment":[{"href":"https:\/\/dev.explora.cl\/lagos\/wp-json\/wp\/v2\/media?parent=1154"}],"wp:term":[{"taxonomy":"category","embeddable":true,"href":"https:\/\/dev.explora.cl\/lagos\/wp-json\/wp\/v2\/categories?post=1154"},{"taxonomy":"post_tag","embeddable":true,"href":"https:\/\/dev.explora.cl\/lagos\/wp-json\/wp\/v2\/tags?post=1154"}],"curies":[{"name":"wp","href":"https:\/\/api.w.org\/{rel}","templated":true}]}}