{"id":1150,"date":"2014-10-23T00:00:00","date_gmt":"2014-10-23T04:00:00","guid":{"rendered":"http:\/\/ec2-34-219-152-79.us-west-2.compute.amazonaws.com\/lagos\/blog\/2014\/10\/23\/establecimientos-de-osorno-y-llanquihue-ganaron-dia-de-la-ciencia-en-mi-colegio\/"},"modified":"2019-05-20T19:48:56","modified_gmt":"2019-05-20T19:48:56","slug":"establecimientos-de-osorno-y-llanquihue-ganaron-dia-de-la-ciencia-en-mi-colegio","status":"publish","type":"post","link":"https:\/\/dev.explora.cl\/lagos\/establecimientos-de-osorno-y-llanquihue-ganaron-dia-de-la-ciencia-en-mi-colegio\/","title":{"rendered":"Establecimientos de Osorno y Llanquihue ganaron \u201cD\u00eda de la Ciencia en Mi Colegio\u201d"},"content":{"rendered":"<p><img loading=\"lazy\" decoding=\"async\" class=\" size-full wp-image-6473\" src=\"http:\/\/ec2-34-218-253-251.us-west-2.compute.amazonaws.com\/wp-content\/uploads\/2014\/10\/bbbd174887831bd924f5d3f959391323.jpg\" alt=\"\" width=\"1280\" height=\"960\" \/><\/p>\n<p style=\"text-align: justify\">M\u00e1s de dos mil alumnos pertenecientes a 16 establecimientos de la Regi\u00f3n de Los Lagos participaron del \u00abD\u00eda de la Ciencia en Mi Colegio\u00bb. La actividad fue impulsada por el PAR EXPLORA Los Lagos, coordinado por la Universidad de Los Lagos, en el marco de la Semana Nacional de la Ciencia y Tecnolog\u00eda 2014.<\/p>\n<p style=\"text-align: justify\">La iniciativa consisti\u00f3 en que los estudiantes, guiados por sus profesores, conformaran una silueta representando alg\u00fan objeto tecnol\u00f3gico como un tel\u00e9fono, un autom\u00f3vil, computador, o microscopio, entre otros, con la mayor cantidad de alumnos y docentes, para posteriormente fotografiar la figura grupal en formato digital.<\/p>\n<p style=\"text-align: justify\"><img decoding=\"async\" class=\" alignleft size-full wp-image-6474\" src=\"http:\/\/ec2-34-218-253-251.us-west-2.compute.amazonaws.com\/wp-content\/uploads\/2014\/10\/Escuela-Especial-de-Lenguaje-Kalem-Rahue-de-Osorno-silla-de-ruedas.JPG\" border=\"0\" width=\"350\" style=\"float: left;margin: 5px 10px\" \/>La fotograf\u00eda \u00abSilla de Ruedas\u00bb correspondiente a la Escuela Especial de Lenguaje Kalem Rahue de Osorno fue la que obtuvo mayor n\u00famero de \u00ablikes\u00bb (1383) en la fan page del PAR EXPLORA Los Lagos. Por su parte, el mayor n\u00famero de participantes (350 en total) correspondi\u00f3 a la fotograf\u00eda \u00abTel\u00e9fono\u00bb del Saint Paul College de Llanquihue.<\/p>\n<p style=\"text-align: justify\">\u00abEl Fuego\u00bb del colegio Claudio Arrau de Osorno fue premiada como la mejor fotograf\u00eda del concurso debido a su composici\u00f3n y justificaci\u00f3n del objeto tecnol\u00f3gico escogido. Los ganadores de cada categor\u00eda recibieron un completo Kit de ciencias, adem\u00e1s de Kits EXPLORA para los docentes responsables de la actividad en los establecimientos que obtuvieron el primer lugar en las tres categor\u00edas.<\/p>\n<p style=\"text-align: justify\"><img decoding=\"async\" class=\" alignright size-full wp-image-6475\" src=\"http:\/\/ec2-34-218-253-251.us-west-2.compute.amazonaws.com\/wp-content\/uploads\/2014\/10\/Premiacin.JPG\" border=\"0\" width=\"370\" style=\"float: right;margin: 5px 10px\" \/>Asimismo, se les entreg\u00f3 un reconocimiento por su destacada participaci\u00f3n a los siguientes establecimientos: Liceo Galvarino Riveros C\u00e1rdenas y Colegio Cahuala Insular de Castro, Liceo Comercial El Pilar de Ancud, Escuela de Arte y Cultura e Instituto Alem\u00e1n de Osorno y Colegio Beato Federico Ozanam de Puerto Montt. La actividad se llev\u00f3 a cabo en las nuevas dependencias de la Universidad de Los Lagos, ubicadas en Guillermo Gallardo 269.<\/p>\n<p>Revisa nuestra <a href=\"https:\/\/www.facebook.com\/explora.loslagos\/posts\/543562572442524\">Galer\u00eda Fotogr\u00e1fica<\/a><\/p>\n","protected":false},"excerpt":{"rendered":"<p>M\u00e1s de dos mil alumnos pertenecientes a 16 establecimientos de la Regi\u00f3n de Los Lagos participaron del \u00abD\u00eda de la Ciencia en Mi Colegio\u00bb. La actividad fue impulsada por el PAR EXPLORA Los Lagos, coordinado por la Universidad de Los Lagos, en el marco de la Semana Nacional de la Ciencia y Tecnolog\u00eda 2014. La [&hellip;]<\/p>\n","protected":false},"author":2,"featured_media":1152,"comment_status":"open","ping_status":"open","sticky":false,"template":"","format":"standard","meta":{"_acf_changed":false,"_exactmetrics_skip_tracking":false,"_exactmetrics_sitenote_active":false,"_exactmetrics_sitenote_note":"","_exactmetrics_sitenote_category":0,"footnotes":"","_links_to":"","_links_to_target":""},"categories":[4],"tags":[],"class_list":["post-1150","post","type-post","status-publish","format-standard","has-post-thumbnail","hentry","category-noticias"],"acf":[],"yoast_head":"<!-- This site is optimized with the Yoast SEO plugin v26.7 - https:\/\/yoast.com\/wordpress\/plugins\/seo\/ -->\n<title>Establecimientos de Osorno y Llanquihue ganaron \u201cD\u00eda de la Ciencia en Mi Colegio\u201d - Los Lagos<\/title>\n<meta name=\"robots\" content=\"index, follow, max-snippet:-1, max-image-preview:large, max-video-preview:-1\" \/>\n<link rel=\"canonical\" href=\"https:\/\/dev.explora.cl\/lagos\/establecimientos-de-osorno-y-llanquihue-ganaron-dia-de-la-ciencia-en-mi-colegio\/\" class=\"yoast-seo-meta-tag\" \/>\n<meta property=\"og:locale\" content=\"es_ES\" class=\"yoast-seo-meta-tag\" \/>\n<meta property=\"og:type\" content=\"article\" class=\"yoast-seo-meta-tag\" \/>\n<meta property=\"og:title\" content=\"Establecimientos de Osorno y Llanquihue ganaron \u201cD\u00eda de la Ciencia en Mi Colegio\u201d - Los Lagos\" class=\"yoast-seo-meta-tag\" \/>\n<meta property=\"og:description\" content=\"M\u00e1s de dos mil alumnos pertenecientes a 16 establecimientos de la Regi\u00f3n de Los Lagos participaron del \u00abD\u00eda de la Ciencia en Mi Colegio\u00bb. La actividad fue impulsada por el PAR EXPLORA Los Lagos, coordinado por la Universidad de Los Lagos, en el marco de la Semana Nacional de la Ciencia y Tecnolog\u00eda 2014. La [&hellip;]\" class=\"yoast-seo-meta-tag\" \/>\n<meta property=\"og:url\" content=\"https:\/\/dev.explora.cl\/lagos\/establecimientos-de-osorno-y-llanquihue-ganaron-dia-de-la-ciencia-en-mi-colegio\/\" class=\"yoast-seo-meta-tag\" \/>\n<meta property=\"og:site_name\" content=\"Los Lagos\" class=\"yoast-seo-meta-tag\" \/>\n<meta property=\"article:published_time\" content=\"2014-10-23T04:00:00+00:00\" class=\"yoast-seo-meta-tag\" \/>\n<meta property=\"article:modified_time\" content=\"2019-05-20T19:48:56+00:00\" class=\"yoast-seo-meta-tag\" \/>\n<meta property=\"og:image\" content=\"https:\/\/dev.explora.cl\/lagos\/wp-content\/uploads\/sites\/17\/2018\/06\/Escuela-Especial-de-Lenguaje-Kalem-Rahue-de-Osorno-silla-de-ruedas.jpg\" class=\"yoast-seo-meta-tag\" \/>\n\t<meta property=\"og:image:width\" content=\"821\" class=\"yoast-seo-meta-tag\" \/>\n\t<meta property=\"og:image:height\" content=\"544\" class=\"yoast-seo-meta-tag\" \/>\n\t<meta property=\"og:image:type\" content=\"image\/jpeg\" class=\"yoast-seo-meta-tag\" \/>\n<meta name=\"author\" content=\"webman\" class=\"yoast-seo-meta-tag\" \/>\n<meta name=\"twitter:card\" content=\"summary_large_image\" class=\"yoast-seo-meta-tag\" \/>\n<meta name=\"twitter:label1\" content=\"Escrito por\" class=\"yoast-seo-meta-tag\" \/>\n\t<meta name=\"twitter:data1\" content=\"webman\" class=\"yoast-seo-meta-tag\" \/>\n\t<meta name=\"twitter:label2\" content=\"Tiempo de lectura\" class=\"yoast-seo-meta-tag\" \/>\n\t<meta name=\"twitter:data2\" content=\"2 minutos\" class=\"yoast-seo-meta-tag\" \/>\n<script type=\"application\/ld+json\" class=\"yoast-schema-graph\">{\"@context\":\"https:\/\/schema.org\",\"@graph\":[{\"@type\":\"Article\",\"@id\":\"https:\/\/dev.explora.cl\/lagos\/establecimientos-de-osorno-y-llanquihue-ganaron-dia-de-la-ciencia-en-mi-colegio\/#article\",\"isPartOf\":{\"@id\":\"https:\/\/dev.explora.cl\/lagos\/establecimientos-de-osorno-y-llanquihue-ganaron-dia-de-la-ciencia-en-mi-colegio\/\"},\"author\":{\"name\":\"webman\",\"@id\":\"https:\/\/dev.explora.cl\/lagos\/#\/schema\/person\/cb8349c13ea2d324080adf8480d7ba5d\"},\"headline\":\"Establecimientos de Osorno y Llanquihue ganaron \u201cD\u00eda de la Ciencia en Mi Colegio\u201d\",\"datePublished\":\"2014-10-23T04:00:00+00:00\",\"dateModified\":\"2019-05-20T19:48:56+00:00\",\"mainEntityOfPage\":{\"@id\":\"https:\/\/dev.explora.cl\/lagos\/establecimientos-de-osorno-y-llanquihue-ganaron-dia-de-la-ciencia-en-mi-colegio\/\"},\"wordCount\":322,\"commentCount\":0,\"image\":{\"@id\":\"https:\/\/dev.explora.cl\/lagos\/establecimientos-de-osorno-y-llanquihue-ganaron-dia-de-la-ciencia-en-mi-colegio\/#primaryimage\"},\"thumbnailUrl\":\"https:\/\/dev.explora.cl\/lagos\/wp-content\/uploads\/sites\/17\/2018\/06\/Escuela-Especial-de-Lenguaje-Kalem-Rahue-de-Osorno-silla-de-ruedas.jpg\",\"articleSection\":[\"Noticias\"],\"inLanguage\":\"es\",\"potentialAction\":[{\"@type\":\"CommentAction\",\"name\":\"Comment\",\"target\":[\"https:\/\/dev.explora.cl\/lagos\/establecimientos-de-osorno-y-llanquihue-ganaron-dia-de-la-ciencia-en-mi-colegio\/#respond\"]}]},{\"@type\":\"WebPage\",\"@id\":\"https:\/\/dev.explora.cl\/lagos\/establecimientos-de-osorno-y-llanquihue-ganaron-dia-de-la-ciencia-en-mi-colegio\/\",\"url\":\"https:\/\/dev.explora.cl\/lagos\/establecimientos-de-osorno-y-llanquihue-ganaron-dia-de-la-ciencia-en-mi-colegio\/\",\"name\":\"Establecimientos de Osorno y Llanquihue ganaron \u201cD\u00eda de la Ciencia en Mi Colegio\u201d - Los Lagos\",\"isPartOf\":{\"@id\":\"https:\/\/dev.explora.cl\/lagos\/#website\"},\"primaryImageOfPage\":{\"@id\":\"https:\/\/dev.explora.cl\/lagos\/establecimientos-de-osorno-y-llanquihue-ganaron-dia-de-la-ciencia-en-mi-colegio\/#primaryimage\"},\"image\":{\"@id\":\"https:\/\/dev.explora.cl\/lagos\/establecimientos-de-osorno-y-llanquihue-ganaron-dia-de-la-ciencia-en-mi-colegio\/#primaryimage\"},\"thumbnailUrl\":\"https:\/\/dev.explora.cl\/lagos\/wp-content\/uploads\/sites\/17\/2018\/06\/Escuela-Especial-de-Lenguaje-Kalem-Rahue-de-Osorno-silla-de-ruedas.jpg\",\"datePublished\":\"2014-10-23T04:00:00+00:00\",\"dateModified\":\"2019-05-20T19:48:56+00:00\",\"author\":{\"@id\":\"https:\/\/dev.explora.cl\/lagos\/#\/schema\/person\/cb8349c13ea2d324080adf8480d7ba5d\"},\"breadcrumb\":{\"@id\":\"https:\/\/dev.explora.cl\/lagos\/establecimientos-de-osorno-y-llanquihue-ganaron-dia-de-la-ciencia-en-mi-colegio\/#breadcrumb\"},\"inLanguage\":\"es\",\"potentialAction\":[{\"@type\":\"ReadAction\",\"target\":[\"https:\/\/dev.explora.cl\/lagos\/establecimientos-de-osorno-y-llanquihue-ganaron-dia-de-la-ciencia-en-mi-colegio\/\"]}]},{\"@type\":\"ImageObject\",\"inLanguage\":\"es\",\"@id\":\"https:\/\/dev.explora.cl\/lagos\/establecimientos-de-osorno-y-llanquihue-ganaron-dia-de-la-ciencia-en-mi-colegio\/#primaryimage\",\"url\":\"https:\/\/dev.explora.cl\/lagos\/wp-content\/uploads\/sites\/17\/2018\/06\/Escuela-Especial-de-Lenguaje-Kalem-Rahue-de-Osorno-silla-de-ruedas.jpg\",\"contentUrl\":\"https:\/\/dev.explora.cl\/lagos\/wp-content\/uploads\/sites\/17\/2018\/06\/Escuela-Especial-de-Lenguaje-Kalem-Rahue-de-Osorno-silla-de-ruedas.jpg\",\"width\":821,\"height\":544},{\"@type\":\"BreadcrumbList\",\"@id\":\"https:\/\/dev.explora.cl\/lagos\/establecimientos-de-osorno-y-llanquihue-ganaron-dia-de-la-ciencia-en-mi-colegio\/#breadcrumb\",\"itemListElement\":[{\"@type\":\"ListItem\",\"position\":1,\"name\":\"Portada\",\"item\":\"https:\/\/dev.explora.cl\/lagos\/\"},{\"@type\":\"ListItem\",\"position\":2,\"name\":\"Establecimientos de Osorno y Llanquihue ganaron \u201cD\u00eda de la Ciencia en Mi Colegio\u201d\"}]},{\"@type\":\"WebSite\",\"@id\":\"https:\/\/dev.explora.cl\/lagos\/#website\",\"url\":\"https:\/\/dev.explora.cl\/lagos\/\",\"name\":\"Los Lagos\",\"description\":\"Otro sitio m\u00e1s de dev.explora.cl\",\"potentialAction\":[{\"@type\":\"SearchAction\",\"target\":{\"@type\":\"EntryPoint\",\"urlTemplate\":\"https:\/\/dev.explora.cl\/lagos\/?s={search_term_string}\"},\"query-input\":{\"@type\":\"PropertyValueSpecification\",\"valueRequired\":true,\"valueName\":\"search_term_string\"}}],\"inLanguage\":\"es\"},{\"@type\":\"Person\",\"@id\":\"https:\/\/dev.explora.cl\/lagos\/#\/schema\/person\/cb8349c13ea2d324080adf8480d7ba5d\",\"name\":\"webman\",\"image\":{\"@type\":\"ImageObject\",\"inLanguage\":\"es\",\"@id\":\"https:\/\/dev.explora.cl\/lagos\/#\/schema\/person\/image\/\",\"url\":\"https:\/\/secure.gravatar.com\/avatar\/eeff3c82f2c02f7177d13663b7e6f890e9a6a0647ce9bb29cae02dcb094c7312?s=96&d=mm&r=g\",\"contentUrl\":\"https:\/\/secure.gravatar.com\/avatar\/eeff3c82f2c02f7177d13663b7e6f890e9a6a0647ce9bb29cae02dcb094c7312?s=96&d=mm&r=g\",\"caption\":\"webman\"},\"url\":\"https:\/\/dev.explora.cl\/lagos\/author\/webman\/\"}]}<\/script>\n<!-- \/ Yoast SEO plugin. -->","yoast_head_json":{"title":"Establecimientos de Osorno y Llanquihue ganaron \u201cD\u00eda de la Ciencia en Mi Colegio\u201d - Los Lagos","robots":{"index":"index","follow":"follow","max-snippet":"max-snippet:-1","max-image-preview":"max-image-preview:large","max-video-preview":"max-video-preview:-1"},"canonical":"https:\/\/dev.explora.cl\/lagos\/establecimientos-de-osorno-y-llanquihue-ganaron-dia-de-la-ciencia-en-mi-colegio\/","og_locale":"es_ES","og_type":"article","og_title":"Establecimientos de Osorno y Llanquihue ganaron \u201cD\u00eda de la Ciencia en Mi Colegio\u201d - Los Lagos","og_description":"M\u00e1s de dos mil alumnos pertenecientes a 16 establecimientos de la Regi\u00f3n de Los Lagos participaron del \u00abD\u00eda de la Ciencia en Mi Colegio\u00bb. La actividad fue impulsada por el PAR EXPLORA Los Lagos, coordinado por la Universidad de Los Lagos, en el marco de la Semana Nacional de la Ciencia y Tecnolog\u00eda 2014. La [&hellip;]","og_url":"https:\/\/dev.explora.cl\/lagos\/establecimientos-de-osorno-y-llanquihue-ganaron-dia-de-la-ciencia-en-mi-colegio\/","og_site_name":"Los Lagos","article_published_time":"2014-10-23T04:00:00+00:00","article_modified_time":"2019-05-20T19:48:56+00:00","og_image":[{"width":821,"height":544,"url":"https:\/\/dev.explora.cl\/lagos\/wp-content\/uploads\/sites\/17\/2018\/06\/Escuela-Especial-de-Lenguaje-Kalem-Rahue-de-Osorno-silla-de-ruedas.jpg","type":"image\/jpeg"}],"author":"webman","twitter_card":"summary_large_image","twitter_misc":{"Escrito por":"webman","Tiempo de lectura":"2 minutos"},"schema":{"@context":"https:\/\/schema.org","@graph":[{"@type":"Article","@id":"https:\/\/dev.explora.cl\/lagos\/establecimientos-de-osorno-y-llanquihue-ganaron-dia-de-la-ciencia-en-mi-colegio\/#article","isPartOf":{"@id":"https:\/\/dev.explora.cl\/lagos\/establecimientos-de-osorno-y-llanquihue-ganaron-dia-de-la-ciencia-en-mi-colegio\/"},"author":{"name":"webman","@id":"https:\/\/dev.explora.cl\/lagos\/#\/schema\/person\/cb8349c13ea2d324080adf8480d7ba5d"},"headline":"Establecimientos de Osorno y Llanquihue ganaron \u201cD\u00eda de la Ciencia en Mi Colegio\u201d","datePublished":"2014-10-23T04:00:00+00:00","dateModified":"2019-05-20T19:48:56+00:00","mainEntityOfPage":{"@id":"https:\/\/dev.explora.cl\/lagos\/establecimientos-de-osorno-y-llanquihue-ganaron-dia-de-la-ciencia-en-mi-colegio\/"},"wordCount":322,"commentCount":0,"image":{"@id":"https:\/\/dev.explora.cl\/lagos\/establecimientos-de-osorno-y-llanquihue-ganaron-dia-de-la-ciencia-en-mi-colegio\/#primaryimage"},"thumbnailUrl":"https:\/\/dev.explora.cl\/lagos\/wp-content\/uploads\/sites\/17\/2018\/06\/Escuela-Especial-de-Lenguaje-Kalem-Rahue-de-Osorno-silla-de-ruedas.jpg","articleSection":["Noticias"],"inLanguage":"es","potentialAction":[{"@type":"CommentAction","name":"Comment","target":["https:\/\/dev.explora.cl\/lagos\/establecimientos-de-osorno-y-llanquihue-ganaron-dia-de-la-ciencia-en-mi-colegio\/#respond"]}]},{"@type":"WebPage","@id":"https:\/\/dev.explora.cl\/lagos\/establecimientos-de-osorno-y-llanquihue-ganaron-dia-de-la-ciencia-en-mi-colegio\/","url":"https:\/\/dev.explora.cl\/lagos\/establecimientos-de-osorno-y-llanquihue-ganaron-dia-de-la-ciencia-en-mi-colegio\/","name":"Establecimientos de Osorno y Llanquihue ganaron \u201cD\u00eda de la Ciencia en Mi Colegio\u201d - Los Lagos","isPartOf":{"@id":"https:\/\/dev.explora.cl\/lagos\/#website"},"primaryImageOfPage":{"@id":"https:\/\/dev.explora.cl\/lagos\/establecimientos-de-osorno-y-llanquihue-ganaron-dia-de-la-ciencia-en-mi-colegio\/#primaryimage"},"image":{"@id":"https:\/\/dev.explora.cl\/lagos\/establecimientos-de-osorno-y-llanquihue-ganaron-dia-de-la-ciencia-en-mi-colegio\/#primaryimage"},"thumbnailUrl":"https:\/\/dev.explora.cl\/lagos\/wp-content\/uploads\/sites\/17\/2018\/06\/Escuela-Especial-de-Lenguaje-Kalem-Rahue-de-Osorno-silla-de-ruedas.jpg","datePublished":"2014-10-23T04:00:00+00:00","dateModified":"2019-05-20T19:48:56+00:00","author":{"@id":"https:\/\/dev.explora.cl\/lagos\/#\/schema\/person\/cb8349c13ea2d324080adf8480d7ba5d"},"breadcrumb":{"@id":"https:\/\/dev.explora.cl\/lagos\/establecimientos-de-osorno-y-llanquihue-ganaron-dia-de-la-ciencia-en-mi-colegio\/#breadcrumb"},"inLanguage":"es","potentialAction":[{"@type":"ReadAction","target":["https:\/\/dev.explora.cl\/lagos\/establecimientos-de-osorno-y-llanquihue-ganaron-dia-de-la-ciencia-en-mi-colegio\/"]}]},{"@type":"ImageObject","inLanguage":"es","@id":"https:\/\/dev.explora.cl\/lagos\/establecimientos-de-osorno-y-llanquihue-ganaron-dia-de-la-ciencia-en-mi-colegio\/#primaryimage","url":"https:\/\/dev.explora.cl\/lagos\/wp-content\/uploads\/sites\/17\/2018\/06\/Escuela-Especial-de-Lenguaje-Kalem-Rahue-de-Osorno-silla-de-ruedas.jpg","contentUrl":"https:\/\/dev.explora.cl\/lagos\/wp-content\/uploads\/sites\/17\/2018\/06\/Escuela-Especial-de-Lenguaje-Kalem-Rahue-de-Osorno-silla-de-ruedas.jpg","width":821,"height":544},{"@type":"BreadcrumbList","@id":"https:\/\/dev.explora.cl\/lagos\/establecimientos-de-osorno-y-llanquihue-ganaron-dia-de-la-ciencia-en-mi-colegio\/#breadcrumb","itemListElement":[{"@type":"ListItem","position":1,"name":"Portada","item":"https:\/\/dev.explora.cl\/lagos\/"},{"@type":"ListItem","position":2,"name":"Establecimientos de Osorno y Llanquihue ganaron \u201cD\u00eda de la Ciencia en Mi Colegio\u201d"}]},{"@type":"WebSite","@id":"https:\/\/dev.explora.cl\/lagos\/#website","url":"https:\/\/dev.explora.cl\/lagos\/","name":"Los Lagos","description":"Otro sitio m\u00e1s de dev.explora.cl","potentialAction":[{"@type":"SearchAction","target":{"@type":"EntryPoint","urlTemplate":"https:\/\/dev.explora.cl\/lagos\/?s={search_term_string}"},"query-input":{"@type":"PropertyValueSpecification","valueRequired":true,"valueName":"search_term_string"}}],"inLanguage":"es"},{"@type":"Person","@id":"https:\/\/dev.explora.cl\/lagos\/#\/schema\/person\/cb8349c13ea2d324080adf8480d7ba5d","name":"webman","image":{"@type":"ImageObject","inLanguage":"es","@id":"https:\/\/dev.explora.cl\/lagos\/#\/schema\/person\/image\/","url":"https:\/\/secure.gravatar.com\/avatar\/eeff3c82f2c02f7177d13663b7e6f890e9a6a0647ce9bb29cae02dcb094c7312?s=96&d=mm&r=g","contentUrl":"https:\/\/secure.gravatar.com\/avatar\/eeff3c82f2c02f7177d13663b7e6f890e9a6a0647ce9bb29cae02dcb094c7312?s=96&d=mm&r=g","caption":"webman"},"url":"https:\/\/dev.explora.cl\/lagos\/author\/webman\/"}]}},"_links":{"self":[{"href":"https:\/\/dev.explora.cl\/lagos\/wp-json\/wp\/v2\/posts\/1150","targetHints":{"allow":["GET"]}}],"collection":[{"href":"https:\/\/dev.explora.cl\/lagos\/wp-json\/wp\/v2\/posts"}],"about":[{"href":"https:\/\/dev.explora.cl\/lagos\/wp-json\/wp\/v2\/types\/post"}],"author":[{"embeddable":true,"href":"https:\/\/dev.explora.cl\/lagos\/wp-json\/wp\/v2\/users\/2"}],"replies":[{"embeddable":true,"href":"https:\/\/dev.explora.cl\/lagos\/wp-json\/wp\/v2\/comments?post=1150"}],"version-history":[{"count":1,"href":"https:\/\/dev.explora.cl\/lagos\/wp-json\/wp\/v2\/posts\/1150\/revisions"}],"predecessor-version":[{"id":38283,"href":"https:\/\/dev.explora.cl\/lagos\/wp-json\/wp\/v2\/posts\/1150\/revisions\/38283"}],"wp:featuredmedia":[{"embeddable":true,"href":"https:\/\/dev.explora.cl\/lagos\/wp-json\/wp\/v2\/media\/1152"}],"wp:attachment":[{"href":"https:\/\/dev.explora.cl\/lagos\/wp-json\/wp\/v2\/media?parent=1150"}],"wp:term":[{"taxonomy":"category","embeddable":true,"href":"https:\/\/dev.explora.cl\/lagos\/wp-json\/wp\/v2\/categories?post=1150"},{"taxonomy":"post_tag","embeddable":true,"href":"https:\/\/dev.explora.cl\/lagos\/wp-json\/wp\/v2\/tags?post=1150"}],"curies":[{"name":"wp","href":"https:\/\/api.w.org\/{rel}","templated":true}]}}