{"id":1137,"date":"2014-10-20T00:00:00","date_gmt":"2014-10-20T04:00:00","guid":{"rendered":"http:\/\/ec2-34-219-152-79.us-west-2.compute.amazonaws.com\/lagos\/blog\/2014\/10\/20\/tecnologia-espacial-en-el-sur-de-chile\/"},"modified":"2019-05-20T19:49:02","modified_gmt":"2019-05-20T19:49:02","slug":"tecnologia-espacial-en-el-sur-de-chile","status":"publish","type":"post","link":"https:\/\/dev.explora.cl\/lagos\/tecnologia-espacial-en-el-sur-de-chile\/","title":{"rendered":"Tecnolog\u00eda Espacial en el sur de Chile"},"content":{"rendered":"<p><img loading=\"lazy\" decoding=\"async\" class=\" size-full wp-image-6372\" src=\"http:\/\/ec2-34-218-253-251.us-west-2.compute.amazonaws.com\/wp-content\/uploads\/2014\/10\/8d5e1c3e57f4956de66c0c8469325c8d.jpg\" alt=\"\" width=\"2953\" height=\"1965\" \/><\/p>\n<p style=\"text-align: justify\">Programa inform\u00e1tico 2Mp desarrollado en Argentina se aplica de forma masiva por primera vez en Chile. El software permite a escolares de Los Lagos realizar observaci\u00f3n a volcanes, seguimiento a glaciares, estudiar los oc\u00e9anos y abordar la contaminaci\u00f3n ambiental.<\/p>\n<hr \/>\n<p style=\"text-align: justify\"><strong><em>Por Juan Carlos Barr\u00eda Ricke<br \/>Periodista PAR EXPLORA de CONICYT Los Lagos<\/em><\/strong><\/p>\n<p style=\"text-align: justify\">Fue en 2013 cuando se aplic\u00f3 por primera vez -en la Regi\u00f3n de Los Lagos- como experiencia piloto un nuevo programa desarrollado en Argentina por la Comisi\u00f3n Nacional de Actividades Espaciales (CONAE). Se trata del Software 2Mp dise\u00f1ado para visualizar, analizar y generar producciones sobre im\u00e1genes satelitales potenciadas con otras fuentes de informaci\u00f3n como mapas, textos y fotograf\u00edas.<\/p>\n<p style=\"text-align: justify\">El 2Mp es un programa inform\u00e1tico para aplicaciones geoespaciales, con el que se puede trabajar en torno a temas como: estudios de volcanes, seguimiento de glaciares, estudio de los oc\u00e9anos y contaminaci\u00f3n ambiental, entre otros.<\/p>\n<p style=\"text-align: justify\">La iniciativa est\u00e1 pensada para que ni\u00f1os de 8 a\u00f1os en adelante logren abordar diversos contenidos a partir de productos educativos (M\u00f3dulos Tem\u00e1ticos), enmarcados en el estudio de casos. As\u00ed, los estudiantes tienen la oportunidad de conocer, y acceder a informaci\u00f3n de origen satelital, para posteriormente aplicarla en actividades vinculadas a su vida cotidiana.<\/p>\n<p style=\"text-align: justify\">En Los Lagos, durante 2013, se desarroll\u00f3 un proyecto piloto encabezado por la Doctora en Ciencias de la Universidad de Alcal\u00e1 de Henares y Universidad de La Laguna de Espa\u00f1a, Cristina Rodr\u00edguez Benito. En dicha oportunidad, el programa 2Mp fue utilizado por alumnos pertenecientes al Colegio Alem\u00e1n y San Javier de Puerto Montt.<\/p>\n<p style=\"text-align: justify\"><img decoding=\"async\" class=\" alignleft size-full wp-image-3847\" style=\"float: left;margin: 5px 10px\" src=\"http:\/\/ec2-34-218-253-251.us-west-2.compute.amazonaws.com\/wp-content\/uploads\/2014\/07\/DSC_0618.JPG\" alt=\"\" width=\"300\" border=\"0\" \/>\u00abLa idea de ense\u00f1ar ciencia a trav\u00e9s de im\u00e1genes satelitales, parte en Argentina con un proyecto a nivel estatal desarrollado por la CONAE. Se cre\u00f3 un software que se llama 2Mp que permite que los ni\u00f1os empiecen a optimizar la tecnolog\u00eda satelital para explorar diferentes \u00e1reas de la ciencia. Yo conoc\u00ed este tipo de actividades in situ y como investigadora de algunos proyectos en Argentina. Posteriormente solicit\u00e9 autorizaci\u00f3n para que se pudiera desarrollar esta tecnolog\u00eda en Chile\u00bb, comenta Cristina Rodr\u00edguez, qui\u00e9n adem\u00e1s se desempe\u00f1a como Directora Ejecutiva de Mariscope en Puerto Montt.<\/p>\n<p style=\"text-align: justify\"><strong><br \/>Academia Ojos de la Tierra<\/strong><\/p>\n<p style=\"text-align: justify\">Con la intenci\u00f3n de poder masificar la experiencia, la Doctora Rodr\u00edguez, se contact\u00f3 con el PAR EXPLORA Los Lagos, coordinado por la ULagos, con la finalidad de gestionar alguna actividad en la que alumnos de diferentes establecimientos de la Regi\u00f3n pudiesen trabajar con este nuevo software.<\/p>\n<p style=\"text-align: justify\">Con el apoyo del Instituto Alem\u00e1n de Puerto Montt y el PAR EXPLORA Los Lagos, se logr\u00f3 llevar a cabo por primera vez en el sur de Chile la Academia \u00abOjos de la Tierra\u00bb, iniciativa en la que participaron alumnos de las provincias de Osorno y Llanquihue.<\/p>\n<p style=\"text-align: justify\"><img decoding=\"async\" class=\" alignleft size-full wp-image-6075\" style=\"float: left;margin: 5px 10px\" src=\"http:\/\/ec2-34-218-253-251.us-west-2.compute.amazonaws.com\/wp-content\/uploads\/2014\/10\/DSC_0620.JPG\" alt=\"\" width=\"150\" border=\"0\" \/>Daniela Narv\u00e1ez, alumna de s\u00e9ptimo b\u00e1sico de la Escuela Espa\u00f1a de Puerto Montt, coment\u00f3 que \u00abme gust\u00f3 y fue una buena oportunidad de aprender. Nos hablaron de los glaciares, del calentamiento global, los volcanes. Uno no se da cuenta de c\u00f3mo nos afecta todo esto. Nos ha servido tambi\u00e9n para tomar conciencia y ser\u00eda muy bueno que se pudiese repetir la experiencia\u00bb.<\/p>\n<p style=\"text-align: justify\"><img decoding=\"async\" class=\" alignleft size-full wp-image-6076\" style=\"float: left;margin: 5px 10px\" src=\"http:\/\/ec2-34-218-253-251.us-west-2.compute.amazonaws.com\/wp-content\/uploads\/2014\/10\/DSC_0621.JPG\" alt=\"\" width=\"150\" border=\"0\" \/>Por su parte, Dylan Torriani, alumno de octavo b\u00e1sico de la Escuela Rotario Pedro Bravo, se\u00f1ala que \u00abeste taller me ha parecido una buena oportunidad para seguir aprendiendo y nos sirve para m\u00e1s adelante enfrentar de mejor manera la ense\u00f1anza media. Nos hemos podido acercar mediante la tecnolog\u00eda a conocer nuevos temas\u00bb.<\/p>\n<p style=\"text-align: justify\">\n<p><img decoding=\"async\" class=\" alignright size-full wp-image-6373\" style=\"float: right;margin: 5px 10px\" src=\"http:\/\/ec2-34-218-253-251.us-west-2.compute.amazonaws.com\/wp-content\/uploads\/2014\/10\/DSC_0617.JPG\" alt=\"\" width=\"370\" border=\"0\" \/>Los talleres \u00abOjos de la Tierra\u00bb fueron impartidos en seis sesiones, por la Doctora Rodr\u00edguez, las que incluyeron equipos de trabajo de dos alumnos por establecimiento. Los j\u00f3venes aprendieron a utilizar el software 2Mp, que permite efectuar mediciones satelitales, crear mapas y realizar observaci\u00f3n, entre otras aplicaciones.<\/p>\n<p style=\"text-align: justify\">\u00abLa experiencia ha sido fant\u00e1stica, ya que a los alumnos les ha permitido trabajar con una herramienta a la que no tienen acceso normalmente. No es solamente para abordar c\u00f3mo se ve la tierra desde el espacio, sino tambi\u00e9n otros conocimientos que tienen que ver con geograf\u00eda, historia, biolog\u00eda las matem\u00e1ticas, muchas \u00e1reas de la ciencia y del conocimiento. Es una forma novedosa y m\u00e1s divertida para ellos\u00bb, concluye Cristina Rodr\u00edguez Benito.<\/p>\n","protected":false},"excerpt":{"rendered":"<p>Programa inform\u00e1tico 2Mp desarrollado en Argentina se aplica de forma masiva por primera vez en Chile. El software permite a escolares de Los Lagos realizar observaci\u00f3n a volcanes, seguimiento a glaciares, estudiar los oc\u00e9anos y abordar la contaminaci\u00f3n ambiental. Por Juan Carlos Barr\u00eda RickePeriodista PAR EXPLORA de CONICYT Los Lagos Fue en 2013 cuando se [&hellip;]<\/p>\n","protected":false},"author":2,"featured_media":1138,"comment_status":"open","ping_status":"open","sticky":false,"template":"","format":"standard","meta":{"_acf_changed":false,"_exactmetrics_skip_tracking":false,"_exactmetrics_sitenote_active":false,"_exactmetrics_sitenote_note":"","_exactmetrics_sitenote_category":0,"footnotes":"","_links_to":"","_links_to_target":""},"categories":[4],"tags":[],"class_list":["post-1137","post","type-post","status-publish","format-standard","has-post-thumbnail","hentry","category-noticias"],"acf":[],"yoast_head":"<!-- This site is optimized with the Yoast SEO plugin v26.7 - https:\/\/yoast.com\/wordpress\/plugins\/seo\/ -->\n<title>Tecnolog\u00eda Espacial en el sur de Chile - Los Lagos<\/title>\n<meta name=\"robots\" content=\"index, follow, max-snippet:-1, max-image-preview:large, max-video-preview:-1\" \/>\n<link rel=\"canonical\" href=\"https:\/\/dev.explora.cl\/lagos\/tecnologia-espacial-en-el-sur-de-chile\/\" class=\"yoast-seo-meta-tag\" \/>\n<meta property=\"og:locale\" content=\"es_ES\" class=\"yoast-seo-meta-tag\" \/>\n<meta property=\"og:type\" content=\"article\" class=\"yoast-seo-meta-tag\" \/>\n<meta property=\"og:title\" content=\"Tecnolog\u00eda Espacial en el sur de Chile - Los Lagos\" class=\"yoast-seo-meta-tag\" \/>\n<meta property=\"og:description\" content=\"Programa inform\u00e1tico 2Mp desarrollado en Argentina se aplica de forma masiva por primera vez en Chile. El software permite a escolares de Los Lagos realizar observaci\u00f3n a volcanes, seguimiento a glaciares, estudiar los oc\u00e9anos y abordar la contaminaci\u00f3n ambiental. Por Juan Carlos Barr\u00eda RickePeriodista PAR EXPLORA de CONICYT Los Lagos Fue en 2013 cuando se [&hellip;]\" class=\"yoast-seo-meta-tag\" \/>\n<meta property=\"og:url\" content=\"https:\/\/dev.explora.cl\/lagos\/tecnologia-espacial-en-el-sur-de-chile\/\" class=\"yoast-seo-meta-tag\" \/>\n<meta property=\"og:site_name\" content=\"Los Lagos\" class=\"yoast-seo-meta-tag\" \/>\n<meta property=\"article:published_time\" content=\"2014-10-20T04:00:00+00:00\" class=\"yoast-seo-meta-tag\" \/>\n<meta property=\"article:modified_time\" content=\"2019-05-20T19:49:02+00:00\" class=\"yoast-seo-meta-tag\" \/>\n<meta property=\"og:image\" content=\"https:\/\/dev.explora.cl\/lagos\/wp-content\/uploads\/sites\/17\/2018\/06\/8d5e1c3e57f4956de66c0c8469325c8d-1024x681.jpg\" class=\"yoast-seo-meta-tag\" \/>\n\t<meta property=\"og:image:width\" content=\"1024\" class=\"yoast-seo-meta-tag\" \/>\n\t<meta property=\"og:image:height\" content=\"681\" class=\"yoast-seo-meta-tag\" \/>\n\t<meta property=\"og:image:type\" content=\"image\/jpeg\" class=\"yoast-seo-meta-tag\" \/>\n<meta name=\"author\" content=\"webman\" class=\"yoast-seo-meta-tag\" \/>\n<meta name=\"twitter:card\" content=\"summary_large_image\" class=\"yoast-seo-meta-tag\" \/>\n<meta name=\"twitter:label1\" content=\"Escrito por\" class=\"yoast-seo-meta-tag\" \/>\n\t<meta name=\"twitter:data1\" content=\"webman\" class=\"yoast-seo-meta-tag\" \/>\n\t<meta name=\"twitter:label2\" content=\"Tiempo de lectura\" class=\"yoast-seo-meta-tag\" \/>\n\t<meta name=\"twitter:data2\" content=\"4 minutos\" class=\"yoast-seo-meta-tag\" \/>\n<script type=\"application\/ld+json\" class=\"yoast-schema-graph\">{\"@context\":\"https:\/\/schema.org\",\"@graph\":[{\"@type\":\"Article\",\"@id\":\"https:\/\/dev.explora.cl\/lagos\/tecnologia-espacial-en-el-sur-de-chile\/#article\",\"isPartOf\":{\"@id\":\"https:\/\/dev.explora.cl\/lagos\/tecnologia-espacial-en-el-sur-de-chile\/\"},\"author\":{\"name\":\"webman\",\"@id\":\"https:\/\/dev.explora.cl\/lagos\/#\/schema\/person\/cb8349c13ea2d324080adf8480d7ba5d\"},\"headline\":\"Tecnolog\u00eda Espacial en el sur de Chile\",\"datePublished\":\"2014-10-20T04:00:00+00:00\",\"dateModified\":\"2019-05-20T19:49:02+00:00\",\"mainEntityOfPage\":{\"@id\":\"https:\/\/dev.explora.cl\/lagos\/tecnologia-espacial-en-el-sur-de-chile\/\"},\"wordCount\":738,\"commentCount\":0,\"image\":{\"@id\":\"https:\/\/dev.explora.cl\/lagos\/tecnologia-espacial-en-el-sur-de-chile\/#primaryimage\"},\"thumbnailUrl\":\"https:\/\/dev.explora.cl\/lagos\/wp-content\/uploads\/sites\/17\/2018\/06\/8d5e1c3e57f4956de66c0c8469325c8d.jpg\",\"articleSection\":[\"Noticias\"],\"inLanguage\":\"es\",\"potentialAction\":[{\"@type\":\"CommentAction\",\"name\":\"Comment\",\"target\":[\"https:\/\/dev.explora.cl\/lagos\/tecnologia-espacial-en-el-sur-de-chile\/#respond\"]}]},{\"@type\":\"WebPage\",\"@id\":\"https:\/\/dev.explora.cl\/lagos\/tecnologia-espacial-en-el-sur-de-chile\/\",\"url\":\"https:\/\/dev.explora.cl\/lagos\/tecnologia-espacial-en-el-sur-de-chile\/\",\"name\":\"Tecnolog\u00eda Espacial en el sur de Chile - Los Lagos\",\"isPartOf\":{\"@id\":\"https:\/\/dev.explora.cl\/lagos\/#website\"},\"primaryImageOfPage\":{\"@id\":\"https:\/\/dev.explora.cl\/lagos\/tecnologia-espacial-en-el-sur-de-chile\/#primaryimage\"},\"image\":{\"@id\":\"https:\/\/dev.explora.cl\/lagos\/tecnologia-espacial-en-el-sur-de-chile\/#primaryimage\"},\"thumbnailUrl\":\"https:\/\/dev.explora.cl\/lagos\/wp-content\/uploads\/sites\/17\/2018\/06\/8d5e1c3e57f4956de66c0c8469325c8d.jpg\",\"datePublished\":\"2014-10-20T04:00:00+00:00\",\"dateModified\":\"2019-05-20T19:49:02+00:00\",\"author\":{\"@id\":\"https:\/\/dev.explora.cl\/lagos\/#\/schema\/person\/cb8349c13ea2d324080adf8480d7ba5d\"},\"breadcrumb\":{\"@id\":\"https:\/\/dev.explora.cl\/lagos\/tecnologia-espacial-en-el-sur-de-chile\/#breadcrumb\"},\"inLanguage\":\"es\",\"potentialAction\":[{\"@type\":\"ReadAction\",\"target\":[\"https:\/\/dev.explora.cl\/lagos\/tecnologia-espacial-en-el-sur-de-chile\/\"]}]},{\"@type\":\"ImageObject\",\"inLanguage\":\"es\",\"@id\":\"https:\/\/dev.explora.cl\/lagos\/tecnologia-espacial-en-el-sur-de-chile\/#primaryimage\",\"url\":\"https:\/\/dev.explora.cl\/lagos\/wp-content\/uploads\/sites\/17\/2018\/06\/8d5e1c3e57f4956de66c0c8469325c8d.jpg\",\"contentUrl\":\"https:\/\/dev.explora.cl\/lagos\/wp-content\/uploads\/sites\/17\/2018\/06\/8d5e1c3e57f4956de66c0c8469325c8d.jpg\",\"width\":2953,\"height\":1965},{\"@type\":\"BreadcrumbList\",\"@id\":\"https:\/\/dev.explora.cl\/lagos\/tecnologia-espacial-en-el-sur-de-chile\/#breadcrumb\",\"itemListElement\":[{\"@type\":\"ListItem\",\"position\":1,\"name\":\"Portada\",\"item\":\"https:\/\/dev.explora.cl\/lagos\/\"},{\"@type\":\"ListItem\",\"position\":2,\"name\":\"Tecnolog\u00eda Espacial en el sur de Chile\"}]},{\"@type\":\"WebSite\",\"@id\":\"https:\/\/dev.explora.cl\/lagos\/#website\",\"url\":\"https:\/\/dev.explora.cl\/lagos\/\",\"name\":\"Los Lagos\",\"description\":\"Otro sitio m\u00e1s de dev.explora.cl\",\"potentialAction\":[{\"@type\":\"SearchAction\",\"target\":{\"@type\":\"EntryPoint\",\"urlTemplate\":\"https:\/\/dev.explora.cl\/lagos\/?s={search_term_string}\"},\"query-input\":{\"@type\":\"PropertyValueSpecification\",\"valueRequired\":true,\"valueName\":\"search_term_string\"}}],\"inLanguage\":\"es\"},{\"@type\":\"Person\",\"@id\":\"https:\/\/dev.explora.cl\/lagos\/#\/schema\/person\/cb8349c13ea2d324080adf8480d7ba5d\",\"name\":\"webman\",\"image\":{\"@type\":\"ImageObject\",\"inLanguage\":\"es\",\"@id\":\"https:\/\/dev.explora.cl\/lagos\/#\/schema\/person\/image\/\",\"url\":\"https:\/\/secure.gravatar.com\/avatar\/eeff3c82f2c02f7177d13663b7e6f890e9a6a0647ce9bb29cae02dcb094c7312?s=96&d=mm&r=g\",\"contentUrl\":\"https:\/\/secure.gravatar.com\/avatar\/eeff3c82f2c02f7177d13663b7e6f890e9a6a0647ce9bb29cae02dcb094c7312?s=96&d=mm&r=g\",\"caption\":\"webman\"},\"url\":\"https:\/\/dev.explora.cl\/lagos\/author\/webman\/\"}]}<\/script>\n<!-- \/ Yoast SEO plugin. -->","yoast_head_json":{"title":"Tecnolog\u00eda Espacial en el sur de Chile - Los Lagos","robots":{"index":"index","follow":"follow","max-snippet":"max-snippet:-1","max-image-preview":"max-image-preview:large","max-video-preview":"max-video-preview:-1"},"canonical":"https:\/\/dev.explora.cl\/lagos\/tecnologia-espacial-en-el-sur-de-chile\/","og_locale":"es_ES","og_type":"article","og_title":"Tecnolog\u00eda Espacial en el sur de Chile - Los Lagos","og_description":"Programa inform\u00e1tico 2Mp desarrollado en Argentina se aplica de forma masiva por primera vez en Chile. El software permite a escolares de Los Lagos realizar observaci\u00f3n a volcanes, seguimiento a glaciares, estudiar los oc\u00e9anos y abordar la contaminaci\u00f3n ambiental. Por Juan Carlos Barr\u00eda RickePeriodista PAR EXPLORA de CONICYT Los Lagos Fue en 2013 cuando se [&hellip;]","og_url":"https:\/\/dev.explora.cl\/lagos\/tecnologia-espacial-en-el-sur-de-chile\/","og_site_name":"Los Lagos","article_published_time":"2014-10-20T04:00:00+00:00","article_modified_time":"2019-05-20T19:49:02+00:00","og_image":[{"width":1024,"height":681,"url":"https:\/\/dev.explora.cl\/lagos\/wp-content\/uploads\/sites\/17\/2018\/06\/8d5e1c3e57f4956de66c0c8469325c8d-1024x681.jpg","type":"image\/jpeg"}],"author":"webman","twitter_card":"summary_large_image","twitter_misc":{"Escrito por":"webman","Tiempo de lectura":"4 minutos"},"schema":{"@context":"https:\/\/schema.org","@graph":[{"@type":"Article","@id":"https:\/\/dev.explora.cl\/lagos\/tecnologia-espacial-en-el-sur-de-chile\/#article","isPartOf":{"@id":"https:\/\/dev.explora.cl\/lagos\/tecnologia-espacial-en-el-sur-de-chile\/"},"author":{"name":"webman","@id":"https:\/\/dev.explora.cl\/lagos\/#\/schema\/person\/cb8349c13ea2d324080adf8480d7ba5d"},"headline":"Tecnolog\u00eda Espacial en el sur de Chile","datePublished":"2014-10-20T04:00:00+00:00","dateModified":"2019-05-20T19:49:02+00:00","mainEntityOfPage":{"@id":"https:\/\/dev.explora.cl\/lagos\/tecnologia-espacial-en-el-sur-de-chile\/"},"wordCount":738,"commentCount":0,"image":{"@id":"https:\/\/dev.explora.cl\/lagos\/tecnologia-espacial-en-el-sur-de-chile\/#primaryimage"},"thumbnailUrl":"https:\/\/dev.explora.cl\/lagos\/wp-content\/uploads\/sites\/17\/2018\/06\/8d5e1c3e57f4956de66c0c8469325c8d.jpg","articleSection":["Noticias"],"inLanguage":"es","potentialAction":[{"@type":"CommentAction","name":"Comment","target":["https:\/\/dev.explora.cl\/lagos\/tecnologia-espacial-en-el-sur-de-chile\/#respond"]}]},{"@type":"WebPage","@id":"https:\/\/dev.explora.cl\/lagos\/tecnologia-espacial-en-el-sur-de-chile\/","url":"https:\/\/dev.explora.cl\/lagos\/tecnologia-espacial-en-el-sur-de-chile\/","name":"Tecnolog\u00eda Espacial en el sur de Chile - Los Lagos","isPartOf":{"@id":"https:\/\/dev.explora.cl\/lagos\/#website"},"primaryImageOfPage":{"@id":"https:\/\/dev.explora.cl\/lagos\/tecnologia-espacial-en-el-sur-de-chile\/#primaryimage"},"image":{"@id":"https:\/\/dev.explora.cl\/lagos\/tecnologia-espacial-en-el-sur-de-chile\/#primaryimage"},"thumbnailUrl":"https:\/\/dev.explora.cl\/lagos\/wp-content\/uploads\/sites\/17\/2018\/06\/8d5e1c3e57f4956de66c0c8469325c8d.jpg","datePublished":"2014-10-20T04:00:00+00:00","dateModified":"2019-05-20T19:49:02+00:00","author":{"@id":"https:\/\/dev.explora.cl\/lagos\/#\/schema\/person\/cb8349c13ea2d324080adf8480d7ba5d"},"breadcrumb":{"@id":"https:\/\/dev.explora.cl\/lagos\/tecnologia-espacial-en-el-sur-de-chile\/#breadcrumb"},"inLanguage":"es","potentialAction":[{"@type":"ReadAction","target":["https:\/\/dev.explora.cl\/lagos\/tecnologia-espacial-en-el-sur-de-chile\/"]}]},{"@type":"ImageObject","inLanguage":"es","@id":"https:\/\/dev.explora.cl\/lagos\/tecnologia-espacial-en-el-sur-de-chile\/#primaryimage","url":"https:\/\/dev.explora.cl\/lagos\/wp-content\/uploads\/sites\/17\/2018\/06\/8d5e1c3e57f4956de66c0c8469325c8d.jpg","contentUrl":"https:\/\/dev.explora.cl\/lagos\/wp-content\/uploads\/sites\/17\/2018\/06\/8d5e1c3e57f4956de66c0c8469325c8d.jpg","width":2953,"height":1965},{"@type":"BreadcrumbList","@id":"https:\/\/dev.explora.cl\/lagos\/tecnologia-espacial-en-el-sur-de-chile\/#breadcrumb","itemListElement":[{"@type":"ListItem","position":1,"name":"Portada","item":"https:\/\/dev.explora.cl\/lagos\/"},{"@type":"ListItem","position":2,"name":"Tecnolog\u00eda Espacial en el sur de Chile"}]},{"@type":"WebSite","@id":"https:\/\/dev.explora.cl\/lagos\/#website","url":"https:\/\/dev.explora.cl\/lagos\/","name":"Los Lagos","description":"Otro sitio m\u00e1s de dev.explora.cl","potentialAction":[{"@type":"SearchAction","target":{"@type":"EntryPoint","urlTemplate":"https:\/\/dev.explora.cl\/lagos\/?s={search_term_string}"},"query-input":{"@type":"PropertyValueSpecification","valueRequired":true,"valueName":"search_term_string"}}],"inLanguage":"es"},{"@type":"Person","@id":"https:\/\/dev.explora.cl\/lagos\/#\/schema\/person\/cb8349c13ea2d324080adf8480d7ba5d","name":"webman","image":{"@type":"ImageObject","inLanguage":"es","@id":"https:\/\/dev.explora.cl\/lagos\/#\/schema\/person\/image\/","url":"https:\/\/secure.gravatar.com\/avatar\/eeff3c82f2c02f7177d13663b7e6f890e9a6a0647ce9bb29cae02dcb094c7312?s=96&d=mm&r=g","contentUrl":"https:\/\/secure.gravatar.com\/avatar\/eeff3c82f2c02f7177d13663b7e6f890e9a6a0647ce9bb29cae02dcb094c7312?s=96&d=mm&r=g","caption":"webman"},"url":"https:\/\/dev.explora.cl\/lagos\/author\/webman\/"}]}},"_links":{"self":[{"href":"https:\/\/dev.explora.cl\/lagos\/wp-json\/wp\/v2\/posts\/1137","targetHints":{"allow":["GET"]}}],"collection":[{"href":"https:\/\/dev.explora.cl\/lagos\/wp-json\/wp\/v2\/posts"}],"about":[{"href":"https:\/\/dev.explora.cl\/lagos\/wp-json\/wp\/v2\/types\/post"}],"author":[{"embeddable":true,"href":"https:\/\/dev.explora.cl\/lagos\/wp-json\/wp\/v2\/users\/2"}],"replies":[{"embeddable":true,"href":"https:\/\/dev.explora.cl\/lagos\/wp-json\/wp\/v2\/comments?post=1137"}],"version-history":[{"count":1,"href":"https:\/\/dev.explora.cl\/lagos\/wp-json\/wp\/v2\/posts\/1137\/revisions"}],"predecessor-version":[{"id":38286,"href":"https:\/\/dev.explora.cl\/lagos\/wp-json\/wp\/v2\/posts\/1137\/revisions\/38286"}],"wp:featuredmedia":[{"embeddable":true,"href":"https:\/\/dev.explora.cl\/lagos\/wp-json\/wp\/v2\/media\/1138"}],"wp:attachment":[{"href":"https:\/\/dev.explora.cl\/lagos\/wp-json\/wp\/v2\/media?parent=1137"}],"wp:term":[{"taxonomy":"category","embeddable":true,"href":"https:\/\/dev.explora.cl\/lagos\/wp-json\/wp\/v2\/categories?post=1137"},{"taxonomy":"post_tag","embeddable":true,"href":"https:\/\/dev.explora.cl\/lagos\/wp-json\/wp\/v2\/tags?post=1137"}],"curies":[{"name":"wp","href":"https:\/\/api.w.org\/{rel}","templated":true}]}}