{"id":1132,"date":"2014-10-16T00:00:00","date_gmt":"2014-10-16T04:00:00","guid":{"rendered":"http:\/\/ec2-34-219-152-79.us-west-2.compute.amazonaws.com\/lagos\/blog\/2014\/10\/16\/conoce-los-proyectos-seleccionados-para-el-xi-congreso-regional-escolar-de-ciencia-y-tecnologia-en-los-lagos\/"},"modified":"2019-05-20T19:49:03","modified_gmt":"2019-05-20T19:49:03","slug":"conoce-los-proyectos-seleccionados-para-el-xi-congreso-regional-escolar-de-ciencia-y-tecnologia-en-los-lagos","status":"publish","type":"post","link":"https:\/\/dev.explora.cl\/lagos\/conoce-los-proyectos-seleccionados-para-el-xi-congreso-regional-escolar-de-ciencia-y-tecnologia-en-los-lagos\/","title":{"rendered":"Conoce los proyectos seleccionados para el XI Congreso Regional Escolar de Ciencia y Tecnolog\u00eda en Los Lagos"},"content":{"rendered":"<p><img loading=\"lazy\" decoding=\"async\" class=\" size-full wp-image-6256\" src=\"http:\/\/ec2-34-218-253-251.us-west-2.compute.amazonaws.com\/wp-content\/uploads\/2014\/10\/c993942768468b0a92cf91306a302af2.jpg\" alt=\"\" width=\"680\" height=\"681\" \/><\/p>\n<p style=\"text-align: justify\">El PAR EXPLORA Los Lagos, coordinado por la ULagos, presenta oficialmente los Proyectos que participar\u00e1n en el XI Congreso Regional Escolar de Ciencia y Tecnolog\u00eda EXPLORA CONICYT 2014.<\/p>\n<p style=\"text-align: justify\">La actividad se desarrollar\u00e1 entre el 28 y el 30 de octubre en la Universidad de Los Lagos, camino Chinquihue, km 6 Puerto Montt, e incluir\u00e1 trabajos desarrollados por alumnos de toda la Regi\u00f3n de Los Lagos pertenecientes a Ense\u00f1anza B\u00e1sica y Media.<\/p>\n<p style=\"text-align: justify\">Para este a\u00f1o, existen dos categor\u00edas de participaci\u00f3n:<\/p>\n<ul>\n<li><span style=\"line-height: 1.3em\">Investigaci\u00f3n en Ciencias<\/span><\/li>\n<li><span style=\"text-align: justify;line-height: 1.3em\">Desarrollo en las \u00c1reas de Ingenier\u00eda y Tecnolog\u00eda<\/span><\/li>\n<\/ul>\n<p style=\"text-align: justify\">Los ganadores del certamen regional asistir\u00e1n al XV Congreso Nacional Escolar de Ciencia y Tecnolog\u00eda EXPLORA CONICYT 2014 que se realizar\u00e1 en Santiago, Regi\u00f3n Metropolitana, entre los d\u00edas 25 y 27 de noviembre.<\/p>\n<p><img decoding=\"async\" class=\" size-full wp-image-6257\" src=\"http:\/\/ec2-34-218-253-251.us-west-2.compute.amazonaws.com\/wp-content\/uploads\/2014\/10\/lista_seleccionados-Congreso.jpg\" border=\"0\" width=\"900\" \/><\/p>\n<p><img decoding=\"async\" class=\" size-full wp-image-6258\" src=\"http:\/\/ec2-34-218-253-251.us-west-2.compute.amazonaws.com\/wp-content\/uploads\/2014\/10\/lista_congresobasica-01.jpg\" border=\"0\" width=\"900\" \/><br \/><img decoding=\"async\" class=\" size-full wp-image-6259\" src=\"http:\/\/ec2-34-218-253-251.us-west-2.compute.amazonaws.com\/wp-content\/uploads\/2014\/10\/lista_congreso-media.jpg\" border=\"0\" width=\"900\" \/><\/p>\n","protected":false},"excerpt":{"rendered":"<p>El PAR EXPLORA Los Lagos, coordinado por la ULagos, presenta oficialmente los Proyectos que participar\u00e1n en el XI Congreso Regional Escolar de Ciencia y Tecnolog\u00eda EXPLORA CONICYT 2014. La actividad se desarrollar\u00e1 entre el 28 y el 30 de octubre en la Universidad de Los Lagos, camino Chinquihue, km 6 Puerto Montt, e incluir\u00e1 trabajos [&hellip;]<\/p>\n","protected":false},"author":2,"featured_media":1133,"comment_status":"open","ping_status":"open","sticky":false,"template":"","format":"standard","meta":{"_acf_changed":false,"_exactmetrics_skip_tracking":false,"_exactmetrics_sitenote_active":false,"_exactmetrics_sitenote_note":"","_exactmetrics_sitenote_category":0,"footnotes":"","_links_to":"","_links_to_target":""},"categories":[4],"tags":[],"class_list":["post-1132","post","type-post","status-publish","format-standard","has-post-thumbnail","hentry","category-noticias"],"acf":[],"yoast_head":"<!-- This site is optimized with the Yoast SEO plugin v26.7 - https:\/\/yoast.com\/wordpress\/plugins\/seo\/ -->\n<title>Conoce los proyectos seleccionados para el XI Congreso Regional Escolar de Ciencia y Tecnolog\u00eda en Los Lagos - Los Lagos<\/title>\n<meta name=\"robots\" content=\"index, follow, max-snippet:-1, max-image-preview:large, max-video-preview:-1\" \/>\n<link rel=\"canonical\" href=\"https:\/\/dev.explora.cl\/lagos\/conoce-los-proyectos-seleccionados-para-el-xi-congreso-regional-escolar-de-ciencia-y-tecnologia-en-los-lagos\/\" class=\"yoast-seo-meta-tag\" \/>\n<meta property=\"og:locale\" content=\"es_ES\" class=\"yoast-seo-meta-tag\" \/>\n<meta property=\"og:type\" content=\"article\" class=\"yoast-seo-meta-tag\" \/>\n<meta property=\"og:title\" content=\"Conoce los proyectos seleccionados para el XI Congreso Regional Escolar de Ciencia y Tecnolog\u00eda en Los Lagos - Los Lagos\" class=\"yoast-seo-meta-tag\" \/>\n<meta property=\"og:description\" content=\"El PAR EXPLORA Los Lagos, coordinado por la ULagos, presenta oficialmente los Proyectos que participar\u00e1n en el XI Congreso Regional Escolar de Ciencia y Tecnolog\u00eda EXPLORA CONICYT 2014. La actividad se desarrollar\u00e1 entre el 28 y el 30 de octubre en la Universidad de Los Lagos, camino Chinquihue, km 6 Puerto Montt, e incluir\u00e1 trabajos [&hellip;]\" class=\"yoast-seo-meta-tag\" \/>\n<meta property=\"og:url\" content=\"https:\/\/dev.explora.cl\/lagos\/conoce-los-proyectos-seleccionados-para-el-xi-congreso-regional-escolar-de-ciencia-y-tecnologia-en-los-lagos\/\" class=\"yoast-seo-meta-tag\" \/>\n<meta property=\"og:site_name\" content=\"Los Lagos\" class=\"yoast-seo-meta-tag\" \/>\n<meta property=\"article:published_time\" content=\"2014-10-16T04:00:00+00:00\" class=\"yoast-seo-meta-tag\" \/>\n<meta property=\"article:modified_time\" content=\"2019-05-20T19:49:03+00:00\" class=\"yoast-seo-meta-tag\" \/>\n<meta property=\"og:image\" content=\"https:\/\/dev.explora.cl\/lagos\/wp-content\/uploads\/sites\/17\/2018\/06\/c993942768468b0a92cf91306a302af2.jpg\" class=\"yoast-seo-meta-tag\" \/>\n\t<meta property=\"og:image:width\" content=\"680\" class=\"yoast-seo-meta-tag\" \/>\n\t<meta property=\"og:image:height\" content=\"681\" class=\"yoast-seo-meta-tag\" \/>\n\t<meta property=\"og:image:type\" content=\"image\/jpeg\" class=\"yoast-seo-meta-tag\" \/>\n<meta name=\"author\" content=\"webman\" class=\"yoast-seo-meta-tag\" \/>\n<meta name=\"twitter:card\" content=\"summary_large_image\" class=\"yoast-seo-meta-tag\" \/>\n<meta name=\"twitter:label1\" content=\"Escrito por\" class=\"yoast-seo-meta-tag\" \/>\n\t<meta name=\"twitter:data1\" content=\"webman\" class=\"yoast-seo-meta-tag\" \/>\n\t<meta name=\"twitter:label2\" content=\"Tiempo de lectura\" class=\"yoast-seo-meta-tag\" \/>\n\t<meta name=\"twitter:data2\" content=\"1 minuto\" class=\"yoast-seo-meta-tag\" \/>\n<script type=\"application\/ld+json\" class=\"yoast-schema-graph\">{\"@context\":\"https:\/\/schema.org\",\"@graph\":[{\"@type\":\"Article\",\"@id\":\"https:\/\/dev.explora.cl\/lagos\/conoce-los-proyectos-seleccionados-para-el-xi-congreso-regional-escolar-de-ciencia-y-tecnologia-en-los-lagos\/#article\",\"isPartOf\":{\"@id\":\"https:\/\/dev.explora.cl\/lagos\/conoce-los-proyectos-seleccionados-para-el-xi-congreso-regional-escolar-de-ciencia-y-tecnologia-en-los-lagos\/\"},\"author\":{\"name\":\"webman\",\"@id\":\"https:\/\/dev.explora.cl\/lagos\/#\/schema\/person\/cb8349c13ea2d324080adf8480d7ba5d\"},\"headline\":\"Conoce los proyectos seleccionados para el XI Congreso Regional Escolar de Ciencia y Tecnolog\u00eda en Los Lagos\",\"datePublished\":\"2014-10-16T04:00:00+00:00\",\"dateModified\":\"2019-05-20T19:49:03+00:00\",\"mainEntityOfPage\":{\"@id\":\"https:\/\/dev.explora.cl\/lagos\/conoce-los-proyectos-seleccionados-para-el-xi-congreso-regional-escolar-de-ciencia-y-tecnologia-en-los-lagos\/\"},\"wordCount\":149,\"commentCount\":0,\"image\":{\"@id\":\"https:\/\/dev.explora.cl\/lagos\/conoce-los-proyectos-seleccionados-para-el-xi-congreso-regional-escolar-de-ciencia-y-tecnologia-en-los-lagos\/#primaryimage\"},\"thumbnailUrl\":\"https:\/\/dev.explora.cl\/lagos\/wp-content\/uploads\/sites\/17\/2018\/06\/c993942768468b0a92cf91306a302af2.jpg\",\"articleSection\":[\"Noticias\"],\"inLanguage\":\"es\",\"potentialAction\":[{\"@type\":\"CommentAction\",\"name\":\"Comment\",\"target\":[\"https:\/\/dev.explora.cl\/lagos\/conoce-los-proyectos-seleccionados-para-el-xi-congreso-regional-escolar-de-ciencia-y-tecnologia-en-los-lagos\/#respond\"]}]},{\"@type\":\"WebPage\",\"@id\":\"https:\/\/dev.explora.cl\/lagos\/conoce-los-proyectos-seleccionados-para-el-xi-congreso-regional-escolar-de-ciencia-y-tecnologia-en-los-lagos\/\",\"url\":\"https:\/\/dev.explora.cl\/lagos\/conoce-los-proyectos-seleccionados-para-el-xi-congreso-regional-escolar-de-ciencia-y-tecnologia-en-los-lagos\/\",\"name\":\"Conoce los proyectos seleccionados para el XI Congreso Regional Escolar de Ciencia y Tecnolog\u00eda en Los Lagos - Los Lagos\",\"isPartOf\":{\"@id\":\"https:\/\/dev.explora.cl\/lagos\/#website\"},\"primaryImageOfPage\":{\"@id\":\"https:\/\/dev.explora.cl\/lagos\/conoce-los-proyectos-seleccionados-para-el-xi-congreso-regional-escolar-de-ciencia-y-tecnologia-en-los-lagos\/#primaryimage\"},\"image\":{\"@id\":\"https:\/\/dev.explora.cl\/lagos\/conoce-los-proyectos-seleccionados-para-el-xi-congreso-regional-escolar-de-ciencia-y-tecnologia-en-los-lagos\/#primaryimage\"},\"thumbnailUrl\":\"https:\/\/dev.explora.cl\/lagos\/wp-content\/uploads\/sites\/17\/2018\/06\/c993942768468b0a92cf91306a302af2.jpg\",\"datePublished\":\"2014-10-16T04:00:00+00:00\",\"dateModified\":\"2019-05-20T19:49:03+00:00\",\"author\":{\"@id\":\"https:\/\/dev.explora.cl\/lagos\/#\/schema\/person\/cb8349c13ea2d324080adf8480d7ba5d\"},\"breadcrumb\":{\"@id\":\"https:\/\/dev.explora.cl\/lagos\/conoce-los-proyectos-seleccionados-para-el-xi-congreso-regional-escolar-de-ciencia-y-tecnologia-en-los-lagos\/#breadcrumb\"},\"inLanguage\":\"es\",\"potentialAction\":[{\"@type\":\"ReadAction\",\"target\":[\"https:\/\/dev.explora.cl\/lagos\/conoce-los-proyectos-seleccionados-para-el-xi-congreso-regional-escolar-de-ciencia-y-tecnologia-en-los-lagos\/\"]}]},{\"@type\":\"ImageObject\",\"inLanguage\":\"es\",\"@id\":\"https:\/\/dev.explora.cl\/lagos\/conoce-los-proyectos-seleccionados-para-el-xi-congreso-regional-escolar-de-ciencia-y-tecnologia-en-los-lagos\/#primaryimage\",\"url\":\"https:\/\/dev.explora.cl\/lagos\/wp-content\/uploads\/sites\/17\/2018\/06\/c993942768468b0a92cf91306a302af2.jpg\",\"contentUrl\":\"https:\/\/dev.explora.cl\/lagos\/wp-content\/uploads\/sites\/17\/2018\/06\/c993942768468b0a92cf91306a302af2.jpg\",\"width\":680,\"height\":681},{\"@type\":\"BreadcrumbList\",\"@id\":\"https:\/\/dev.explora.cl\/lagos\/conoce-los-proyectos-seleccionados-para-el-xi-congreso-regional-escolar-de-ciencia-y-tecnologia-en-los-lagos\/#breadcrumb\",\"itemListElement\":[{\"@type\":\"ListItem\",\"position\":1,\"name\":\"Portada\",\"item\":\"https:\/\/dev.explora.cl\/lagos\/\"},{\"@type\":\"ListItem\",\"position\":2,\"name\":\"Conoce los proyectos seleccionados para el XI Congreso Regional Escolar de Ciencia y Tecnolog\u00eda en Los Lagos\"}]},{\"@type\":\"WebSite\",\"@id\":\"https:\/\/dev.explora.cl\/lagos\/#website\",\"url\":\"https:\/\/dev.explora.cl\/lagos\/\",\"name\":\"Los Lagos\",\"description\":\"Otro sitio m\u00e1s de dev.explora.cl\",\"potentialAction\":[{\"@type\":\"SearchAction\",\"target\":{\"@type\":\"EntryPoint\",\"urlTemplate\":\"https:\/\/dev.explora.cl\/lagos\/?s={search_term_string}\"},\"query-input\":{\"@type\":\"PropertyValueSpecification\",\"valueRequired\":true,\"valueName\":\"search_term_string\"}}],\"inLanguage\":\"es\"},{\"@type\":\"Person\",\"@id\":\"https:\/\/dev.explora.cl\/lagos\/#\/schema\/person\/cb8349c13ea2d324080adf8480d7ba5d\",\"name\":\"webman\",\"image\":{\"@type\":\"ImageObject\",\"inLanguage\":\"es\",\"@id\":\"https:\/\/dev.explora.cl\/lagos\/#\/schema\/person\/image\/\",\"url\":\"https:\/\/secure.gravatar.com\/avatar\/eeff3c82f2c02f7177d13663b7e6f890e9a6a0647ce9bb29cae02dcb094c7312?s=96&d=mm&r=g\",\"contentUrl\":\"https:\/\/secure.gravatar.com\/avatar\/eeff3c82f2c02f7177d13663b7e6f890e9a6a0647ce9bb29cae02dcb094c7312?s=96&d=mm&r=g\",\"caption\":\"webman\"},\"url\":\"https:\/\/dev.explora.cl\/lagos\/author\/webman\/\"}]}<\/script>\n<!-- \/ Yoast SEO plugin. -->","yoast_head_json":{"title":"Conoce los proyectos seleccionados para el XI Congreso Regional Escolar de Ciencia y Tecnolog\u00eda en Los Lagos - Los Lagos","robots":{"index":"index","follow":"follow","max-snippet":"max-snippet:-1","max-image-preview":"max-image-preview:large","max-video-preview":"max-video-preview:-1"},"canonical":"https:\/\/dev.explora.cl\/lagos\/conoce-los-proyectos-seleccionados-para-el-xi-congreso-regional-escolar-de-ciencia-y-tecnologia-en-los-lagos\/","og_locale":"es_ES","og_type":"article","og_title":"Conoce los proyectos seleccionados para el XI Congreso Regional Escolar de Ciencia y Tecnolog\u00eda en Los Lagos - Los Lagos","og_description":"El PAR EXPLORA Los Lagos, coordinado por la ULagos, presenta oficialmente los Proyectos que participar\u00e1n en el XI Congreso Regional Escolar de Ciencia y Tecnolog\u00eda EXPLORA CONICYT 2014. La actividad se desarrollar\u00e1 entre el 28 y el 30 de octubre en la Universidad de Los Lagos, camino Chinquihue, km 6 Puerto Montt, e incluir\u00e1 trabajos [&hellip;]","og_url":"https:\/\/dev.explora.cl\/lagos\/conoce-los-proyectos-seleccionados-para-el-xi-congreso-regional-escolar-de-ciencia-y-tecnologia-en-los-lagos\/","og_site_name":"Los Lagos","article_published_time":"2014-10-16T04:00:00+00:00","article_modified_time":"2019-05-20T19:49:03+00:00","og_image":[{"width":680,"height":681,"url":"https:\/\/dev.explora.cl\/lagos\/wp-content\/uploads\/sites\/17\/2018\/06\/c993942768468b0a92cf91306a302af2.jpg","type":"image\/jpeg"}],"author":"webman","twitter_card":"summary_large_image","twitter_misc":{"Escrito por":"webman","Tiempo de lectura":"1 minuto"},"schema":{"@context":"https:\/\/schema.org","@graph":[{"@type":"Article","@id":"https:\/\/dev.explora.cl\/lagos\/conoce-los-proyectos-seleccionados-para-el-xi-congreso-regional-escolar-de-ciencia-y-tecnologia-en-los-lagos\/#article","isPartOf":{"@id":"https:\/\/dev.explora.cl\/lagos\/conoce-los-proyectos-seleccionados-para-el-xi-congreso-regional-escolar-de-ciencia-y-tecnologia-en-los-lagos\/"},"author":{"name":"webman","@id":"https:\/\/dev.explora.cl\/lagos\/#\/schema\/person\/cb8349c13ea2d324080adf8480d7ba5d"},"headline":"Conoce los proyectos seleccionados para el XI Congreso Regional Escolar de Ciencia y Tecnolog\u00eda en Los Lagos","datePublished":"2014-10-16T04:00:00+00:00","dateModified":"2019-05-20T19:49:03+00:00","mainEntityOfPage":{"@id":"https:\/\/dev.explora.cl\/lagos\/conoce-los-proyectos-seleccionados-para-el-xi-congreso-regional-escolar-de-ciencia-y-tecnologia-en-los-lagos\/"},"wordCount":149,"commentCount":0,"image":{"@id":"https:\/\/dev.explora.cl\/lagos\/conoce-los-proyectos-seleccionados-para-el-xi-congreso-regional-escolar-de-ciencia-y-tecnologia-en-los-lagos\/#primaryimage"},"thumbnailUrl":"https:\/\/dev.explora.cl\/lagos\/wp-content\/uploads\/sites\/17\/2018\/06\/c993942768468b0a92cf91306a302af2.jpg","articleSection":["Noticias"],"inLanguage":"es","potentialAction":[{"@type":"CommentAction","name":"Comment","target":["https:\/\/dev.explora.cl\/lagos\/conoce-los-proyectos-seleccionados-para-el-xi-congreso-regional-escolar-de-ciencia-y-tecnologia-en-los-lagos\/#respond"]}]},{"@type":"WebPage","@id":"https:\/\/dev.explora.cl\/lagos\/conoce-los-proyectos-seleccionados-para-el-xi-congreso-regional-escolar-de-ciencia-y-tecnologia-en-los-lagos\/","url":"https:\/\/dev.explora.cl\/lagos\/conoce-los-proyectos-seleccionados-para-el-xi-congreso-regional-escolar-de-ciencia-y-tecnologia-en-los-lagos\/","name":"Conoce los proyectos seleccionados para el XI Congreso Regional Escolar de Ciencia y Tecnolog\u00eda en Los Lagos - Los Lagos","isPartOf":{"@id":"https:\/\/dev.explora.cl\/lagos\/#website"},"primaryImageOfPage":{"@id":"https:\/\/dev.explora.cl\/lagos\/conoce-los-proyectos-seleccionados-para-el-xi-congreso-regional-escolar-de-ciencia-y-tecnologia-en-los-lagos\/#primaryimage"},"image":{"@id":"https:\/\/dev.explora.cl\/lagos\/conoce-los-proyectos-seleccionados-para-el-xi-congreso-regional-escolar-de-ciencia-y-tecnologia-en-los-lagos\/#primaryimage"},"thumbnailUrl":"https:\/\/dev.explora.cl\/lagos\/wp-content\/uploads\/sites\/17\/2018\/06\/c993942768468b0a92cf91306a302af2.jpg","datePublished":"2014-10-16T04:00:00+00:00","dateModified":"2019-05-20T19:49:03+00:00","author":{"@id":"https:\/\/dev.explora.cl\/lagos\/#\/schema\/person\/cb8349c13ea2d324080adf8480d7ba5d"},"breadcrumb":{"@id":"https:\/\/dev.explora.cl\/lagos\/conoce-los-proyectos-seleccionados-para-el-xi-congreso-regional-escolar-de-ciencia-y-tecnologia-en-los-lagos\/#breadcrumb"},"inLanguage":"es","potentialAction":[{"@type":"ReadAction","target":["https:\/\/dev.explora.cl\/lagos\/conoce-los-proyectos-seleccionados-para-el-xi-congreso-regional-escolar-de-ciencia-y-tecnologia-en-los-lagos\/"]}]},{"@type":"ImageObject","inLanguage":"es","@id":"https:\/\/dev.explora.cl\/lagos\/conoce-los-proyectos-seleccionados-para-el-xi-congreso-regional-escolar-de-ciencia-y-tecnologia-en-los-lagos\/#primaryimage","url":"https:\/\/dev.explora.cl\/lagos\/wp-content\/uploads\/sites\/17\/2018\/06\/c993942768468b0a92cf91306a302af2.jpg","contentUrl":"https:\/\/dev.explora.cl\/lagos\/wp-content\/uploads\/sites\/17\/2018\/06\/c993942768468b0a92cf91306a302af2.jpg","width":680,"height":681},{"@type":"BreadcrumbList","@id":"https:\/\/dev.explora.cl\/lagos\/conoce-los-proyectos-seleccionados-para-el-xi-congreso-regional-escolar-de-ciencia-y-tecnologia-en-los-lagos\/#breadcrumb","itemListElement":[{"@type":"ListItem","position":1,"name":"Portada","item":"https:\/\/dev.explora.cl\/lagos\/"},{"@type":"ListItem","position":2,"name":"Conoce los proyectos seleccionados para el XI Congreso Regional Escolar de Ciencia y Tecnolog\u00eda en Los Lagos"}]},{"@type":"WebSite","@id":"https:\/\/dev.explora.cl\/lagos\/#website","url":"https:\/\/dev.explora.cl\/lagos\/","name":"Los Lagos","description":"Otro sitio m\u00e1s de dev.explora.cl","potentialAction":[{"@type":"SearchAction","target":{"@type":"EntryPoint","urlTemplate":"https:\/\/dev.explora.cl\/lagos\/?s={search_term_string}"},"query-input":{"@type":"PropertyValueSpecification","valueRequired":true,"valueName":"search_term_string"}}],"inLanguage":"es"},{"@type":"Person","@id":"https:\/\/dev.explora.cl\/lagos\/#\/schema\/person\/cb8349c13ea2d324080adf8480d7ba5d","name":"webman","image":{"@type":"ImageObject","inLanguage":"es","@id":"https:\/\/dev.explora.cl\/lagos\/#\/schema\/person\/image\/","url":"https:\/\/secure.gravatar.com\/avatar\/eeff3c82f2c02f7177d13663b7e6f890e9a6a0647ce9bb29cae02dcb094c7312?s=96&d=mm&r=g","contentUrl":"https:\/\/secure.gravatar.com\/avatar\/eeff3c82f2c02f7177d13663b7e6f890e9a6a0647ce9bb29cae02dcb094c7312?s=96&d=mm&r=g","caption":"webman"},"url":"https:\/\/dev.explora.cl\/lagos\/author\/webman\/"}]}},"_links":{"self":[{"href":"https:\/\/dev.explora.cl\/lagos\/wp-json\/wp\/v2\/posts\/1132","targetHints":{"allow":["GET"]}}],"collection":[{"href":"https:\/\/dev.explora.cl\/lagos\/wp-json\/wp\/v2\/posts"}],"about":[{"href":"https:\/\/dev.explora.cl\/lagos\/wp-json\/wp\/v2\/types\/post"}],"author":[{"embeddable":true,"href":"https:\/\/dev.explora.cl\/lagos\/wp-json\/wp\/v2\/users\/2"}],"replies":[{"embeddable":true,"href":"https:\/\/dev.explora.cl\/lagos\/wp-json\/wp\/v2\/comments?post=1132"}],"version-history":[{"count":1,"href":"https:\/\/dev.explora.cl\/lagos\/wp-json\/wp\/v2\/posts\/1132\/revisions"}],"predecessor-version":[{"id":38287,"href":"https:\/\/dev.explora.cl\/lagos\/wp-json\/wp\/v2\/posts\/1132\/revisions\/38287"}],"wp:featuredmedia":[{"embeddable":true,"href":"https:\/\/dev.explora.cl\/lagos\/wp-json\/wp\/v2\/media\/1133"}],"wp:attachment":[{"href":"https:\/\/dev.explora.cl\/lagos\/wp-json\/wp\/v2\/media?parent=1132"}],"wp:term":[{"taxonomy":"category","embeddable":true,"href":"https:\/\/dev.explora.cl\/lagos\/wp-json\/wp\/v2\/categories?post=1132"},{"taxonomy":"post_tag","embeddable":true,"href":"https:\/\/dev.explora.cl\/lagos\/wp-json\/wp\/v2\/tags?post=1132"}],"curies":[{"name":"wp","href":"https:\/\/api.w.org\/{rel}","templated":true}]}}