{"id":1124,"date":"2014-10-14T00:00:00","date_gmt":"2014-10-14T04:00:00","guid":{"rendered":"http:\/\/ec2-34-219-152-79.us-west-2.compute.amazonaws.com\/lagos\/blog\/2014\/10\/14\/mas-de-10-000-personas-participaron-en-la-semana-de-la-ciencia-y-tecnologia-en-la-region-de-los-lagos\/"},"modified":"2019-05-20T19:49:04","modified_gmt":"2019-05-20T19:49:04","slug":"mas-de-10-000-personas-participaron-en-la-semana-de-la-ciencia-y-tecnologia-en-la-region-de-los-lagos","status":"publish","type":"post","link":"https:\/\/dev.explora.cl\/lagos\/mas-de-10-000-personas-participaron-en-la-semana-de-la-ciencia-y-tecnologia-en-la-region-de-los-lagos\/","title":{"rendered":"M\u00e1s de 10.000 personas participaron en la \u201cSemana de la Ciencia y Tecnolog\u00eda\u201d en la Regi\u00f3n de Los Lagos"},"content":{"rendered":"<p><img loading=\"lazy\" decoding=\"async\" class=\" size-full wp-image-6182\" src=\"http:\/\/ec2-34-218-253-251.us-west-2.compute.amazonaws.com\/wp-content\/uploads\/2014\/10\/515f73ff95891609f3052d596e50e868.jpg\" alt=\"\" width=\"3264\" height=\"1840\" \/><\/p>\n<p style=\"text-align: justify\">La XX \u00abSemana Nacional de la Ciencia y la Tecnolog\u00eda\u00bb (SNCyT) se desarroll\u00f3 en todo el pa\u00eds entre el 6 y el 12 de octubre. En la regi\u00f3n, esta iniciativa estuvo liderada por la Universidad de Los Lagos, a trav\u00e9s del PAR EXPLORA Los Lagos.<\/p>\n<p style=\"text-align: justify\">La SNCyT ha sido creada para motivar la participaci\u00f3n masiva y simult\u00e1nea en diversas actividades, con la finalidad que la comunidad tenga la oportunidad de volcar su mirada hacia la Ciencia y la Tecnolog\u00eda. El PAR EXPLORA Los Lagos, coordinado por la ULagos se despleg\u00f3 en terreno con m\u00faltiples iniciativas en las provincias de Osorno, Llanquihue y Chilo\u00e9.<\/p>\n<p style=\"text-align: justify\"><img decoding=\"async\" class=\" alignleft size-full wp-image-6183\" src=\"http:\/\/ec2-34-218-253-251.us-west-2.compute.amazonaws.com\/wp-content\/uploads\/2014\/10\/10710356_536372053161576_5651831743062553464_o-1.jpg\" border=\"0\" width=\"360\" style=\"float: left;margin: 5px 10px\" \/>En la Semana de la Ciencia 2014 participaron m\u00e1s de 10.000 personas en toda la Regi\u00f3n. La iniciativa, cont\u00f3 con el apoyo de diversas instituciones regionales como la Universidad de Los Lagos, Universidad Austral de Chile, Universidad Santo Tom\u00e1s, INIA Remehue, Museo Interactivo de Osorno, Museo Hist\u00f3rico de Puerto Octay, Museo de Historia Natural de Purranque y Ewos Innovation.<\/p>\n<p style=\"text-align: justify\">Este a\u00f1o, participaron establecimientos de las comunas de Puerto Montt, Puerto Varas, Llanquihue, Maull\u00edn, Fresia, Frutillar, Los Muermos, Ancud, Castro, Queilen, Quemchi, Puyehue, Purranque y Osorno, entre otros.<\/p>\n<p style=\"text-align: justify\"><img decoding=\"async\" class=\" alignright size-full wp-image-6184\" src=\"http:\/\/ec2-34-218-253-251.us-west-2.compute.amazonaws.com\/wp-content\/uploads\/2014\/10\/DSC_0643.JPG\" border=\"0\" width=\"370\" style=\"float: right;margin: 5px 10px\" \/>Algunas de las actividades que se realizaron durante octubre en toda la Regi\u00f3n fueron \u00abCuenta Cuentos\u00bb para los m\u00e1s peque\u00f1os; la obra de teatro \u00abCitrola y las superbacterias\u00bb, el Primer Encuentro Regional \u00abMEGA Cient\u00edficos\u00bb, dirigido a escolares de Pre-B\u00e1sica y B\u00e1sica Primer Ciclo. Adem\u00e1s, se llev\u00f3 a cabo la iniciativa \u00ab1000 Cient\u00edficos 1000 Aulas\u00bb, consistente en charlas que tienen por objetivo motivar a ni\u00f1os, ni\u00f1as y j\u00f3venes de todo el pa\u00eds a interesarse por la ciencia y la tecnolog\u00eda.<\/p>\n<p style=\"text-align: justify\">Otras iniciativas en las que participaron los escolares de la regi\u00f3n fueron el \u00abD\u00eda de la Ciencia en mi Colegio\u00bb, \u00abLaboratorios y Museos Abiertos\u00bb, \u00abFerias Cient\u00edficas\u00bb, adem\u00e1s de \u00abRutas Patrimoniales\u00bb. Para conocer m\u00e1s respecto a las actividades que realiza el PAR EXPLORA Los Lagos te invitamos a visitar <a href=\"lagos\">dev.explora.cl\/lagos<\/p>\n<p><\/a>Revisa nuestra <a href=\"https:\/\/www.facebook.com\/explora.loslagos\/media_set?set=a.537448529720595.1073741892.100003663580556&amp;type=3\">Galer\u00eda Fotogr\u00e1fica<\/a><\/p>\n","protected":false},"excerpt":{"rendered":"<p>La XX \u00abSemana Nacional de la Ciencia y la Tecnolog\u00eda\u00bb (SNCyT) se desarroll\u00f3 en todo el pa\u00eds entre el 6 y el 12 de octubre. En la regi\u00f3n, esta iniciativa estuvo liderada por la Universidad de Los Lagos, a trav\u00e9s del PAR EXPLORA Los Lagos. La SNCyT ha sido creada para motivar la participaci\u00f3n masiva [&hellip;]<\/p>\n","protected":false},"author":2,"featured_media":1125,"comment_status":"open","ping_status":"open","sticky":false,"template":"","format":"standard","meta":{"_acf_changed":false,"_exactmetrics_skip_tracking":false,"_exactmetrics_sitenote_active":false,"_exactmetrics_sitenote_note":"","_exactmetrics_sitenote_category":0,"footnotes":"","_links_to":"","_links_to_target":""},"categories":[4],"tags":[],"class_list":["post-1124","post","type-post","status-publish","format-standard","has-post-thumbnail","hentry","category-noticias"],"acf":[],"yoast_head":"<!-- This site is optimized with the Yoast SEO plugin v26.7 - https:\/\/yoast.com\/wordpress\/plugins\/seo\/ -->\n<title>M\u00e1s de 10.000 personas participaron en la \u201cSemana de la Ciencia y Tecnolog\u00eda\u201d en la Regi\u00f3n de Los Lagos - Los Lagos<\/title>\n<meta name=\"robots\" content=\"index, follow, max-snippet:-1, max-image-preview:large, max-video-preview:-1\" \/>\n<link rel=\"canonical\" href=\"https:\/\/dev.explora.cl\/lagos\/mas-de-10-000-personas-participaron-en-la-semana-de-la-ciencia-y-tecnologia-en-la-region-de-los-lagos\/\" class=\"yoast-seo-meta-tag\" \/>\n<meta property=\"og:locale\" content=\"es_ES\" class=\"yoast-seo-meta-tag\" \/>\n<meta property=\"og:type\" content=\"article\" class=\"yoast-seo-meta-tag\" \/>\n<meta property=\"og:title\" content=\"M\u00e1s de 10.000 personas participaron en la \u201cSemana de la Ciencia y Tecnolog\u00eda\u201d en la Regi\u00f3n de Los Lagos - Los Lagos\" class=\"yoast-seo-meta-tag\" \/>\n<meta property=\"og:description\" content=\"La XX \u00abSemana Nacional de la Ciencia y la Tecnolog\u00eda\u00bb (SNCyT) se desarroll\u00f3 en todo el pa\u00eds entre el 6 y el 12 de octubre. En la regi\u00f3n, esta iniciativa estuvo liderada por la Universidad de Los Lagos, a trav\u00e9s del PAR EXPLORA Los Lagos. La SNCyT ha sido creada para motivar la participaci\u00f3n masiva [&hellip;]\" class=\"yoast-seo-meta-tag\" \/>\n<meta property=\"og:url\" content=\"https:\/\/dev.explora.cl\/lagos\/mas-de-10-000-personas-participaron-en-la-semana-de-la-ciencia-y-tecnologia-en-la-region-de-los-lagos\/\" class=\"yoast-seo-meta-tag\" \/>\n<meta property=\"og:site_name\" content=\"Los Lagos\" class=\"yoast-seo-meta-tag\" \/>\n<meta property=\"article:published_time\" content=\"2014-10-14T04:00:00+00:00\" class=\"yoast-seo-meta-tag\" \/>\n<meta property=\"article:modified_time\" content=\"2019-05-20T19:49:04+00:00\" class=\"yoast-seo-meta-tag\" \/>\n<meta property=\"og:image\" content=\"https:\/\/dev.explora.cl\/lagos\/wp-content\/uploads\/sites\/17\/2018\/06\/515f73ff95891609f3052d596e50e868-1024x577.jpg\" class=\"yoast-seo-meta-tag\" \/>\n\t<meta property=\"og:image:width\" content=\"1024\" class=\"yoast-seo-meta-tag\" \/>\n\t<meta property=\"og:image:height\" content=\"577\" class=\"yoast-seo-meta-tag\" \/>\n\t<meta property=\"og:image:type\" content=\"image\/jpeg\" class=\"yoast-seo-meta-tag\" \/>\n<meta name=\"author\" content=\"webman\" class=\"yoast-seo-meta-tag\" \/>\n<meta name=\"twitter:card\" content=\"summary_large_image\" class=\"yoast-seo-meta-tag\" \/>\n<meta name=\"twitter:label1\" content=\"Escrito por\" class=\"yoast-seo-meta-tag\" \/>\n\t<meta name=\"twitter:data1\" content=\"webman\" class=\"yoast-seo-meta-tag\" \/>\n\t<meta name=\"twitter:label2\" content=\"Tiempo de lectura\" class=\"yoast-seo-meta-tag\" \/>\n\t<meta name=\"twitter:data2\" content=\"2 minutos\" class=\"yoast-seo-meta-tag\" \/>\n<script type=\"application\/ld+json\" class=\"yoast-schema-graph\">{\"@context\":\"https:\/\/schema.org\",\"@graph\":[{\"@type\":\"Article\",\"@id\":\"https:\/\/dev.explora.cl\/lagos\/mas-de-10-000-personas-participaron-en-la-semana-de-la-ciencia-y-tecnologia-en-la-region-de-los-lagos\/#article\",\"isPartOf\":{\"@id\":\"https:\/\/dev.explora.cl\/lagos\/mas-de-10-000-personas-participaron-en-la-semana-de-la-ciencia-y-tecnologia-en-la-region-de-los-lagos\/\"},\"author\":{\"name\":\"webman\",\"@id\":\"https:\/\/dev.explora.cl\/lagos\/#\/schema\/person\/cb8349c13ea2d324080adf8480d7ba5d\"},\"headline\":\"M\u00e1s de 10.000 personas participaron en la \u201cSemana de la Ciencia y Tecnolog\u00eda\u201d en la Regi\u00f3n de Los Lagos\",\"datePublished\":\"2014-10-14T04:00:00+00:00\",\"dateModified\":\"2019-05-20T19:49:04+00:00\",\"mainEntityOfPage\":{\"@id\":\"https:\/\/dev.explora.cl\/lagos\/mas-de-10-000-personas-participaron-en-la-semana-de-la-ciencia-y-tecnologia-en-la-region-de-los-lagos\/\"},\"wordCount\":374,\"commentCount\":0,\"image\":{\"@id\":\"https:\/\/dev.explora.cl\/lagos\/mas-de-10-000-personas-participaron-en-la-semana-de-la-ciencia-y-tecnologia-en-la-region-de-los-lagos\/#primaryimage\"},\"thumbnailUrl\":\"https:\/\/dev.explora.cl\/lagos\/wp-content\/uploads\/sites\/17\/2018\/06\/515f73ff95891609f3052d596e50e868.jpg\",\"articleSection\":[\"Noticias\"],\"inLanguage\":\"es\",\"potentialAction\":[{\"@type\":\"CommentAction\",\"name\":\"Comment\",\"target\":[\"https:\/\/dev.explora.cl\/lagos\/mas-de-10-000-personas-participaron-en-la-semana-de-la-ciencia-y-tecnologia-en-la-region-de-los-lagos\/#respond\"]}]},{\"@type\":\"WebPage\",\"@id\":\"https:\/\/dev.explora.cl\/lagos\/mas-de-10-000-personas-participaron-en-la-semana-de-la-ciencia-y-tecnologia-en-la-region-de-los-lagos\/\",\"url\":\"https:\/\/dev.explora.cl\/lagos\/mas-de-10-000-personas-participaron-en-la-semana-de-la-ciencia-y-tecnologia-en-la-region-de-los-lagos\/\",\"name\":\"M\u00e1s de 10.000 personas participaron en la \u201cSemana de la Ciencia y Tecnolog\u00eda\u201d en la Regi\u00f3n de Los Lagos - Los Lagos\",\"isPartOf\":{\"@id\":\"https:\/\/dev.explora.cl\/lagos\/#website\"},\"primaryImageOfPage\":{\"@id\":\"https:\/\/dev.explora.cl\/lagos\/mas-de-10-000-personas-participaron-en-la-semana-de-la-ciencia-y-tecnologia-en-la-region-de-los-lagos\/#primaryimage\"},\"image\":{\"@id\":\"https:\/\/dev.explora.cl\/lagos\/mas-de-10-000-personas-participaron-en-la-semana-de-la-ciencia-y-tecnologia-en-la-region-de-los-lagos\/#primaryimage\"},\"thumbnailUrl\":\"https:\/\/dev.explora.cl\/lagos\/wp-content\/uploads\/sites\/17\/2018\/06\/515f73ff95891609f3052d596e50e868.jpg\",\"datePublished\":\"2014-10-14T04:00:00+00:00\",\"dateModified\":\"2019-05-20T19:49:04+00:00\",\"author\":{\"@id\":\"https:\/\/dev.explora.cl\/lagos\/#\/schema\/person\/cb8349c13ea2d324080adf8480d7ba5d\"},\"breadcrumb\":{\"@id\":\"https:\/\/dev.explora.cl\/lagos\/mas-de-10-000-personas-participaron-en-la-semana-de-la-ciencia-y-tecnologia-en-la-region-de-los-lagos\/#breadcrumb\"},\"inLanguage\":\"es\",\"potentialAction\":[{\"@type\":\"ReadAction\",\"target\":[\"https:\/\/dev.explora.cl\/lagos\/mas-de-10-000-personas-participaron-en-la-semana-de-la-ciencia-y-tecnologia-en-la-region-de-los-lagos\/\"]}]},{\"@type\":\"ImageObject\",\"inLanguage\":\"es\",\"@id\":\"https:\/\/dev.explora.cl\/lagos\/mas-de-10-000-personas-participaron-en-la-semana-de-la-ciencia-y-tecnologia-en-la-region-de-los-lagos\/#primaryimage\",\"url\":\"https:\/\/dev.explora.cl\/lagos\/wp-content\/uploads\/sites\/17\/2018\/06\/515f73ff95891609f3052d596e50e868.jpg\",\"contentUrl\":\"https:\/\/dev.explora.cl\/lagos\/wp-content\/uploads\/sites\/17\/2018\/06\/515f73ff95891609f3052d596e50e868.jpg\",\"width\":3264,\"height\":1840},{\"@type\":\"BreadcrumbList\",\"@id\":\"https:\/\/dev.explora.cl\/lagos\/mas-de-10-000-personas-participaron-en-la-semana-de-la-ciencia-y-tecnologia-en-la-region-de-los-lagos\/#breadcrumb\",\"itemListElement\":[{\"@type\":\"ListItem\",\"position\":1,\"name\":\"Portada\",\"item\":\"https:\/\/dev.explora.cl\/lagos\/\"},{\"@type\":\"ListItem\",\"position\":2,\"name\":\"M\u00e1s de 10.000 personas participaron en la \u201cSemana de la Ciencia y Tecnolog\u00eda\u201d en la Regi\u00f3n de Los Lagos\"}]},{\"@type\":\"WebSite\",\"@id\":\"https:\/\/dev.explora.cl\/lagos\/#website\",\"url\":\"https:\/\/dev.explora.cl\/lagos\/\",\"name\":\"Los Lagos\",\"description\":\"Otro sitio m\u00e1s de dev.explora.cl\",\"potentialAction\":[{\"@type\":\"SearchAction\",\"target\":{\"@type\":\"EntryPoint\",\"urlTemplate\":\"https:\/\/dev.explora.cl\/lagos\/?s={search_term_string}\"},\"query-input\":{\"@type\":\"PropertyValueSpecification\",\"valueRequired\":true,\"valueName\":\"search_term_string\"}}],\"inLanguage\":\"es\"},{\"@type\":\"Person\",\"@id\":\"https:\/\/dev.explora.cl\/lagos\/#\/schema\/person\/cb8349c13ea2d324080adf8480d7ba5d\",\"name\":\"webman\",\"image\":{\"@type\":\"ImageObject\",\"inLanguage\":\"es\",\"@id\":\"https:\/\/dev.explora.cl\/lagos\/#\/schema\/person\/image\/\",\"url\":\"https:\/\/secure.gravatar.com\/avatar\/eeff3c82f2c02f7177d13663b7e6f890e9a6a0647ce9bb29cae02dcb094c7312?s=96&d=mm&r=g\",\"contentUrl\":\"https:\/\/secure.gravatar.com\/avatar\/eeff3c82f2c02f7177d13663b7e6f890e9a6a0647ce9bb29cae02dcb094c7312?s=96&d=mm&r=g\",\"caption\":\"webman\"},\"url\":\"https:\/\/dev.explora.cl\/lagos\/author\/webman\/\"}]}<\/script>\n<!-- \/ Yoast SEO plugin. -->","yoast_head_json":{"title":"M\u00e1s de 10.000 personas participaron en la \u201cSemana de la Ciencia y Tecnolog\u00eda\u201d en la Regi\u00f3n de Los Lagos - Los Lagos","robots":{"index":"index","follow":"follow","max-snippet":"max-snippet:-1","max-image-preview":"max-image-preview:large","max-video-preview":"max-video-preview:-1"},"canonical":"https:\/\/dev.explora.cl\/lagos\/mas-de-10-000-personas-participaron-en-la-semana-de-la-ciencia-y-tecnologia-en-la-region-de-los-lagos\/","og_locale":"es_ES","og_type":"article","og_title":"M\u00e1s de 10.000 personas participaron en la \u201cSemana de la Ciencia y Tecnolog\u00eda\u201d en la Regi\u00f3n de Los Lagos - Los Lagos","og_description":"La XX \u00abSemana Nacional de la Ciencia y la Tecnolog\u00eda\u00bb (SNCyT) se desarroll\u00f3 en todo el pa\u00eds entre el 6 y el 12 de octubre. En la regi\u00f3n, esta iniciativa estuvo liderada por la Universidad de Los Lagos, a trav\u00e9s del PAR EXPLORA Los Lagos. La SNCyT ha sido creada para motivar la participaci\u00f3n masiva [&hellip;]","og_url":"https:\/\/dev.explora.cl\/lagos\/mas-de-10-000-personas-participaron-en-la-semana-de-la-ciencia-y-tecnologia-en-la-region-de-los-lagos\/","og_site_name":"Los Lagos","article_published_time":"2014-10-14T04:00:00+00:00","article_modified_time":"2019-05-20T19:49:04+00:00","og_image":[{"width":1024,"height":577,"url":"https:\/\/dev.explora.cl\/lagos\/wp-content\/uploads\/sites\/17\/2018\/06\/515f73ff95891609f3052d596e50e868-1024x577.jpg","type":"image\/jpeg"}],"author":"webman","twitter_card":"summary_large_image","twitter_misc":{"Escrito por":"webman","Tiempo de lectura":"2 minutos"},"schema":{"@context":"https:\/\/schema.org","@graph":[{"@type":"Article","@id":"https:\/\/dev.explora.cl\/lagos\/mas-de-10-000-personas-participaron-en-la-semana-de-la-ciencia-y-tecnologia-en-la-region-de-los-lagos\/#article","isPartOf":{"@id":"https:\/\/dev.explora.cl\/lagos\/mas-de-10-000-personas-participaron-en-la-semana-de-la-ciencia-y-tecnologia-en-la-region-de-los-lagos\/"},"author":{"name":"webman","@id":"https:\/\/dev.explora.cl\/lagos\/#\/schema\/person\/cb8349c13ea2d324080adf8480d7ba5d"},"headline":"M\u00e1s de 10.000 personas participaron en la \u201cSemana de la Ciencia y Tecnolog\u00eda\u201d en la Regi\u00f3n de Los Lagos","datePublished":"2014-10-14T04:00:00+00:00","dateModified":"2019-05-20T19:49:04+00:00","mainEntityOfPage":{"@id":"https:\/\/dev.explora.cl\/lagos\/mas-de-10-000-personas-participaron-en-la-semana-de-la-ciencia-y-tecnologia-en-la-region-de-los-lagos\/"},"wordCount":374,"commentCount":0,"image":{"@id":"https:\/\/dev.explora.cl\/lagos\/mas-de-10-000-personas-participaron-en-la-semana-de-la-ciencia-y-tecnologia-en-la-region-de-los-lagos\/#primaryimage"},"thumbnailUrl":"https:\/\/dev.explora.cl\/lagos\/wp-content\/uploads\/sites\/17\/2018\/06\/515f73ff95891609f3052d596e50e868.jpg","articleSection":["Noticias"],"inLanguage":"es","potentialAction":[{"@type":"CommentAction","name":"Comment","target":["https:\/\/dev.explora.cl\/lagos\/mas-de-10-000-personas-participaron-en-la-semana-de-la-ciencia-y-tecnologia-en-la-region-de-los-lagos\/#respond"]}]},{"@type":"WebPage","@id":"https:\/\/dev.explora.cl\/lagos\/mas-de-10-000-personas-participaron-en-la-semana-de-la-ciencia-y-tecnologia-en-la-region-de-los-lagos\/","url":"https:\/\/dev.explora.cl\/lagos\/mas-de-10-000-personas-participaron-en-la-semana-de-la-ciencia-y-tecnologia-en-la-region-de-los-lagos\/","name":"M\u00e1s de 10.000 personas participaron en la \u201cSemana de la Ciencia y Tecnolog\u00eda\u201d en la Regi\u00f3n de Los Lagos - Los Lagos","isPartOf":{"@id":"https:\/\/dev.explora.cl\/lagos\/#website"},"primaryImageOfPage":{"@id":"https:\/\/dev.explora.cl\/lagos\/mas-de-10-000-personas-participaron-en-la-semana-de-la-ciencia-y-tecnologia-en-la-region-de-los-lagos\/#primaryimage"},"image":{"@id":"https:\/\/dev.explora.cl\/lagos\/mas-de-10-000-personas-participaron-en-la-semana-de-la-ciencia-y-tecnologia-en-la-region-de-los-lagos\/#primaryimage"},"thumbnailUrl":"https:\/\/dev.explora.cl\/lagos\/wp-content\/uploads\/sites\/17\/2018\/06\/515f73ff95891609f3052d596e50e868.jpg","datePublished":"2014-10-14T04:00:00+00:00","dateModified":"2019-05-20T19:49:04+00:00","author":{"@id":"https:\/\/dev.explora.cl\/lagos\/#\/schema\/person\/cb8349c13ea2d324080adf8480d7ba5d"},"breadcrumb":{"@id":"https:\/\/dev.explora.cl\/lagos\/mas-de-10-000-personas-participaron-en-la-semana-de-la-ciencia-y-tecnologia-en-la-region-de-los-lagos\/#breadcrumb"},"inLanguage":"es","potentialAction":[{"@type":"ReadAction","target":["https:\/\/dev.explora.cl\/lagos\/mas-de-10-000-personas-participaron-en-la-semana-de-la-ciencia-y-tecnologia-en-la-region-de-los-lagos\/"]}]},{"@type":"ImageObject","inLanguage":"es","@id":"https:\/\/dev.explora.cl\/lagos\/mas-de-10-000-personas-participaron-en-la-semana-de-la-ciencia-y-tecnologia-en-la-region-de-los-lagos\/#primaryimage","url":"https:\/\/dev.explora.cl\/lagos\/wp-content\/uploads\/sites\/17\/2018\/06\/515f73ff95891609f3052d596e50e868.jpg","contentUrl":"https:\/\/dev.explora.cl\/lagos\/wp-content\/uploads\/sites\/17\/2018\/06\/515f73ff95891609f3052d596e50e868.jpg","width":3264,"height":1840},{"@type":"BreadcrumbList","@id":"https:\/\/dev.explora.cl\/lagos\/mas-de-10-000-personas-participaron-en-la-semana-de-la-ciencia-y-tecnologia-en-la-region-de-los-lagos\/#breadcrumb","itemListElement":[{"@type":"ListItem","position":1,"name":"Portada","item":"https:\/\/dev.explora.cl\/lagos\/"},{"@type":"ListItem","position":2,"name":"M\u00e1s de 10.000 personas participaron en la \u201cSemana de la Ciencia y Tecnolog\u00eda\u201d en la Regi\u00f3n de Los Lagos"}]},{"@type":"WebSite","@id":"https:\/\/dev.explora.cl\/lagos\/#website","url":"https:\/\/dev.explora.cl\/lagos\/","name":"Los Lagos","description":"Otro sitio m\u00e1s de dev.explora.cl","potentialAction":[{"@type":"SearchAction","target":{"@type":"EntryPoint","urlTemplate":"https:\/\/dev.explora.cl\/lagos\/?s={search_term_string}"},"query-input":{"@type":"PropertyValueSpecification","valueRequired":true,"valueName":"search_term_string"}}],"inLanguage":"es"},{"@type":"Person","@id":"https:\/\/dev.explora.cl\/lagos\/#\/schema\/person\/cb8349c13ea2d324080adf8480d7ba5d","name":"webman","image":{"@type":"ImageObject","inLanguage":"es","@id":"https:\/\/dev.explora.cl\/lagos\/#\/schema\/person\/image\/","url":"https:\/\/secure.gravatar.com\/avatar\/eeff3c82f2c02f7177d13663b7e6f890e9a6a0647ce9bb29cae02dcb094c7312?s=96&d=mm&r=g","contentUrl":"https:\/\/secure.gravatar.com\/avatar\/eeff3c82f2c02f7177d13663b7e6f890e9a6a0647ce9bb29cae02dcb094c7312?s=96&d=mm&r=g","caption":"webman"},"url":"https:\/\/dev.explora.cl\/lagos\/author\/webman\/"}]}},"_links":{"self":[{"href":"https:\/\/dev.explora.cl\/lagos\/wp-json\/wp\/v2\/posts\/1124","targetHints":{"allow":["GET"]}}],"collection":[{"href":"https:\/\/dev.explora.cl\/lagos\/wp-json\/wp\/v2\/posts"}],"about":[{"href":"https:\/\/dev.explora.cl\/lagos\/wp-json\/wp\/v2\/types\/post"}],"author":[{"embeddable":true,"href":"https:\/\/dev.explora.cl\/lagos\/wp-json\/wp\/v2\/users\/2"}],"replies":[{"embeddable":true,"href":"https:\/\/dev.explora.cl\/lagos\/wp-json\/wp\/v2\/comments?post=1124"}],"version-history":[{"count":1,"href":"https:\/\/dev.explora.cl\/lagos\/wp-json\/wp\/v2\/posts\/1124\/revisions"}],"predecessor-version":[{"id":38290,"href":"https:\/\/dev.explora.cl\/lagos\/wp-json\/wp\/v2\/posts\/1124\/revisions\/38290"}],"wp:featuredmedia":[{"embeddable":true,"href":"https:\/\/dev.explora.cl\/lagos\/wp-json\/wp\/v2\/media\/1125"}],"wp:attachment":[{"href":"https:\/\/dev.explora.cl\/lagos\/wp-json\/wp\/v2\/media?parent=1124"}],"wp:term":[{"taxonomy":"category","embeddable":true,"href":"https:\/\/dev.explora.cl\/lagos\/wp-json\/wp\/v2\/categories?post=1124"},{"taxonomy":"post_tag","embeddable":true,"href":"https:\/\/dev.explora.cl\/lagos\/wp-json\/wp\/v2\/tags?post=1124"}],"curies":[{"name":"wp","href":"https:\/\/api.w.org\/{rel}","templated":true}]}}