{"id":1122,"date":"2014-10-14T00:00:00","date_gmt":"2014-10-14T04:00:00","guid":{"rendered":"http:\/\/ec2-34-219-152-79.us-west-2.compute.amazonaws.com\/lagos\/blog\/2014\/10\/14\/charlas-y-talleres-acerca-de-turberas-y-pompon-se-realizaran-en-chiloe\/"},"modified":"2019-05-20T19:49:03","modified_gmt":"2019-05-20T19:49:03","slug":"charlas-y-talleres-acerca-de-turberas-y-pompon-se-realizaran-en-chiloe","status":"publish","type":"post","link":"https:\/\/dev.explora.cl\/lagos\/charlas-y-talleres-acerca-de-turberas-y-pompon-se-realizaran-en-chiloe\/","title":{"rendered":"Charlas y talleres acerca de turberas y pomp\u00f3n se realizar\u00e1n en Chilo\u00e9"},"content":{"rendered":"<p><img loading=\"lazy\" decoding=\"async\" class=\" size-full wp-image-6168\" src=\"http:\/\/ec2-34-218-253-251.us-west-2.compute.amazonaws.com\/wp-content\/uploads\/2014\/10\/0dfb4478980f6126653b41583d1d758c.jpg\" alt=\"\" width=\"1772\" height=\"1430\" \/><\/p>\n<p style=\"text-align: justify\">El PAR EXPLORA Los Lagos, coordinado por la ULagos, realizar\u00e1 una serie de actividades que tienen por objetivo motivar a ni\u00f1os, ni\u00f1as y j\u00f3venes de Chilo\u00e9 a interesarse por la ciencia y la tecnolog\u00eda.<\/p>\n<p style=\"text-align: justify\">En esta oportunidad, Carolina Le\u00f3n, Bi\u00f3loga con menci\u00f3n en Biodiversidad y Conservaci\u00f3n Biol\u00f3gica de la Universidad de Concepci\u00f3n y Doctora en Biolog\u00eda de la Conservaci\u00f3n, Universidad Complutense de Madrid, visitar\u00e1 las comunas de Castro, Ancud, Curaco de V\u00e9lez y Quinchao para abordar la importancia las turberas y el pomp\u00f3n.<\/p>\n<p style=\"text-align: justify\">Carolina Le\u00f3n es Directora del Centro de Investigaci\u00f3n en Recursos Naturales y Sustentabilidad (Cirenys) de la Universidad Bernardo O\u00b4Higgins y llevar\u00e1 a cabo durante esta semana diversos talleres y charlas en la Escuela \u00abDespierta Tu Mente de Ancud\u00bb; el Liceo \u00abAlfredo Barr\u00eda\u00bb de Curaco de V\u00e9lez; el \u00abCentro Educacional Amador C\u00e1rdenas\u00bb de Quinchao. <\/p>\n<p><img decoding=\"async\" class=\" alignleft size-full wp-image-6169\" src=\"http:\/\/ec2-34-218-253-251.us-west-2.compute.amazonaws.com\/wp-content\/uploads\/2014\/10\/Charlas-3.jpg\" border=\"0\" width=\"200\" style=\"float: left;margin: 5px 10px\" \/>Asimismo, visitar\u00e1 la Escuela de Cultura y Difusi\u00f3n Art\u00edstica \u00abFridolina Barrientos Canobra\u00bb y el Colegio \u00abCahuala Insular\u00bb de Castro.<\/p>\n<p style=\"text-align: justify\">Las turberas est\u00e1n presentes en varias zonas de la Regi\u00f3n de Los Lagos, como los humedales de la Isla de Chilo\u00e9. Est\u00e1n formados por la acumulaci\u00f3n de turba o materia org\u00e1nica muerta, la que consta de 90 % de agua y 10% de restos de plantas. <\/p>\n<p>Las turberas ayudan al hombre y al planeta gracias a su aporte a la conservaci\u00f3n de la biodiversidad, regulan el ciclo hidrol\u00f3gico y almacenan carbono, entre otras caracter\u00edsticas.<\/p>\n","protected":false},"excerpt":{"rendered":"<p>El PAR EXPLORA Los Lagos, coordinado por la ULagos, realizar\u00e1 una serie de actividades que tienen por objetivo motivar a ni\u00f1os, ni\u00f1as y j\u00f3venes de Chilo\u00e9 a interesarse por la ciencia y la tecnolog\u00eda. En esta oportunidad, Carolina Le\u00f3n, Bi\u00f3loga con menci\u00f3n en Biodiversidad y Conservaci\u00f3n Biol\u00f3gica de la Universidad de Concepci\u00f3n y Doctora en [&hellip;]<\/p>\n","protected":false},"author":2,"featured_media":1123,"comment_status":"open","ping_status":"open","sticky":false,"template":"","format":"standard","meta":{"_acf_changed":false,"_exactmetrics_skip_tracking":false,"_exactmetrics_sitenote_active":false,"_exactmetrics_sitenote_note":"","_exactmetrics_sitenote_category":0,"footnotes":"","_links_to":"","_links_to_target":""},"categories":[4],"tags":[],"class_list":["post-1122","post","type-post","status-publish","format-standard","has-post-thumbnail","hentry","category-noticias"],"acf":[],"yoast_head":"<!-- This site is optimized with the Yoast SEO plugin v26.7 - https:\/\/yoast.com\/wordpress\/plugins\/seo\/ -->\n<title>Charlas y talleres acerca de turberas y pomp\u00f3n se realizar\u00e1n en Chilo\u00e9 - Los Lagos<\/title>\n<meta name=\"robots\" content=\"index, follow, max-snippet:-1, max-image-preview:large, max-video-preview:-1\" \/>\n<link rel=\"canonical\" href=\"https:\/\/dev.explora.cl\/lagos\/charlas-y-talleres-acerca-de-turberas-y-pompon-se-realizaran-en-chiloe\/\" class=\"yoast-seo-meta-tag\" \/>\n<meta property=\"og:locale\" content=\"es_ES\" class=\"yoast-seo-meta-tag\" \/>\n<meta property=\"og:type\" content=\"article\" class=\"yoast-seo-meta-tag\" \/>\n<meta property=\"og:title\" content=\"Charlas y talleres acerca de turberas y pomp\u00f3n se realizar\u00e1n en Chilo\u00e9 - Los Lagos\" class=\"yoast-seo-meta-tag\" \/>\n<meta property=\"og:description\" content=\"El PAR EXPLORA Los Lagos, coordinado por la ULagos, realizar\u00e1 una serie de actividades que tienen por objetivo motivar a ni\u00f1os, ni\u00f1as y j\u00f3venes de Chilo\u00e9 a interesarse por la ciencia y la tecnolog\u00eda. En esta oportunidad, Carolina Le\u00f3n, Bi\u00f3loga con menci\u00f3n en Biodiversidad y Conservaci\u00f3n Biol\u00f3gica de la Universidad de Concepci\u00f3n y Doctora en [&hellip;]\" class=\"yoast-seo-meta-tag\" \/>\n<meta property=\"og:url\" content=\"https:\/\/dev.explora.cl\/lagos\/charlas-y-talleres-acerca-de-turberas-y-pompon-se-realizaran-en-chiloe\/\" class=\"yoast-seo-meta-tag\" \/>\n<meta property=\"og:site_name\" content=\"Los Lagos\" class=\"yoast-seo-meta-tag\" \/>\n<meta property=\"article:published_time\" content=\"2014-10-14T04:00:00+00:00\" class=\"yoast-seo-meta-tag\" \/>\n<meta property=\"article:modified_time\" content=\"2019-05-20T19:49:03+00:00\" class=\"yoast-seo-meta-tag\" \/>\n<meta property=\"og:image\" content=\"https:\/\/dev.explora.cl\/lagos\/wp-content\/uploads\/sites\/17\/2018\/06\/0dfb4478980f6126653b41583d1d758c.jpg\" class=\"yoast-seo-meta-tag\" \/>\n\t<meta property=\"og:image:width\" content=\"1772\" class=\"yoast-seo-meta-tag\" \/>\n\t<meta property=\"og:image:height\" content=\"1430\" class=\"yoast-seo-meta-tag\" \/>\n\t<meta property=\"og:image:type\" content=\"image\/jpeg\" class=\"yoast-seo-meta-tag\" \/>\n<meta name=\"author\" content=\"webman\" class=\"yoast-seo-meta-tag\" \/>\n<meta name=\"twitter:card\" content=\"summary_large_image\" class=\"yoast-seo-meta-tag\" \/>\n<meta name=\"twitter:label1\" content=\"Escrito por\" class=\"yoast-seo-meta-tag\" \/>\n\t<meta name=\"twitter:data1\" content=\"webman\" class=\"yoast-seo-meta-tag\" \/>\n\t<meta name=\"twitter:label2\" content=\"Tiempo de lectura\" class=\"yoast-seo-meta-tag\" \/>\n\t<meta name=\"twitter:data2\" content=\"1 minuto\" class=\"yoast-seo-meta-tag\" \/>\n<script type=\"application\/ld+json\" class=\"yoast-schema-graph\">{\"@context\":\"https:\/\/schema.org\",\"@graph\":[{\"@type\":\"Article\",\"@id\":\"https:\/\/dev.explora.cl\/lagos\/charlas-y-talleres-acerca-de-turberas-y-pompon-se-realizaran-en-chiloe\/#article\",\"isPartOf\":{\"@id\":\"https:\/\/dev.explora.cl\/lagos\/charlas-y-talleres-acerca-de-turberas-y-pompon-se-realizaran-en-chiloe\/\"},\"author\":{\"name\":\"webman\",\"@id\":\"https:\/\/dev.explora.cl\/lagos\/#\/schema\/person\/cb8349c13ea2d324080adf8480d7ba5d\"},\"headline\":\"Charlas y talleres acerca de turberas y pomp\u00f3n se realizar\u00e1n en Chilo\u00e9\",\"datePublished\":\"2014-10-14T04:00:00+00:00\",\"dateModified\":\"2019-05-20T19:49:03+00:00\",\"mainEntityOfPage\":{\"@id\":\"https:\/\/dev.explora.cl\/lagos\/charlas-y-talleres-acerca-de-turberas-y-pompon-se-realizaran-en-chiloe\/\"},\"wordCount\":270,\"commentCount\":0,\"image\":{\"@id\":\"https:\/\/dev.explora.cl\/lagos\/charlas-y-talleres-acerca-de-turberas-y-pompon-se-realizaran-en-chiloe\/#primaryimage\"},\"thumbnailUrl\":\"https:\/\/dev.explora.cl\/lagos\/wp-content\/uploads\/sites\/17\/2018\/06\/0dfb4478980f6126653b41583d1d758c.jpg\",\"articleSection\":[\"Noticias\"],\"inLanguage\":\"es\",\"potentialAction\":[{\"@type\":\"CommentAction\",\"name\":\"Comment\",\"target\":[\"https:\/\/dev.explora.cl\/lagos\/charlas-y-talleres-acerca-de-turberas-y-pompon-se-realizaran-en-chiloe\/#respond\"]}]},{\"@type\":\"WebPage\",\"@id\":\"https:\/\/dev.explora.cl\/lagos\/charlas-y-talleres-acerca-de-turberas-y-pompon-se-realizaran-en-chiloe\/\",\"url\":\"https:\/\/dev.explora.cl\/lagos\/charlas-y-talleres-acerca-de-turberas-y-pompon-se-realizaran-en-chiloe\/\",\"name\":\"Charlas y talleres acerca de turberas y pomp\u00f3n se realizar\u00e1n en Chilo\u00e9 - Los Lagos\",\"isPartOf\":{\"@id\":\"https:\/\/dev.explora.cl\/lagos\/#website\"},\"primaryImageOfPage\":{\"@id\":\"https:\/\/dev.explora.cl\/lagos\/charlas-y-talleres-acerca-de-turberas-y-pompon-se-realizaran-en-chiloe\/#primaryimage\"},\"image\":{\"@id\":\"https:\/\/dev.explora.cl\/lagos\/charlas-y-talleres-acerca-de-turberas-y-pompon-se-realizaran-en-chiloe\/#primaryimage\"},\"thumbnailUrl\":\"https:\/\/dev.explora.cl\/lagos\/wp-content\/uploads\/sites\/17\/2018\/06\/0dfb4478980f6126653b41583d1d758c.jpg\",\"datePublished\":\"2014-10-14T04:00:00+00:00\",\"dateModified\":\"2019-05-20T19:49:03+00:00\",\"author\":{\"@id\":\"https:\/\/dev.explora.cl\/lagos\/#\/schema\/person\/cb8349c13ea2d324080adf8480d7ba5d\"},\"breadcrumb\":{\"@id\":\"https:\/\/dev.explora.cl\/lagos\/charlas-y-talleres-acerca-de-turberas-y-pompon-se-realizaran-en-chiloe\/#breadcrumb\"},\"inLanguage\":\"es\",\"potentialAction\":[{\"@type\":\"ReadAction\",\"target\":[\"https:\/\/dev.explora.cl\/lagos\/charlas-y-talleres-acerca-de-turberas-y-pompon-se-realizaran-en-chiloe\/\"]}]},{\"@type\":\"ImageObject\",\"inLanguage\":\"es\",\"@id\":\"https:\/\/dev.explora.cl\/lagos\/charlas-y-talleres-acerca-de-turberas-y-pompon-se-realizaran-en-chiloe\/#primaryimage\",\"url\":\"https:\/\/dev.explora.cl\/lagos\/wp-content\/uploads\/sites\/17\/2018\/06\/0dfb4478980f6126653b41583d1d758c.jpg\",\"contentUrl\":\"https:\/\/dev.explora.cl\/lagos\/wp-content\/uploads\/sites\/17\/2018\/06\/0dfb4478980f6126653b41583d1d758c.jpg\",\"width\":1772,\"height\":1430},{\"@type\":\"BreadcrumbList\",\"@id\":\"https:\/\/dev.explora.cl\/lagos\/charlas-y-talleres-acerca-de-turberas-y-pompon-se-realizaran-en-chiloe\/#breadcrumb\",\"itemListElement\":[{\"@type\":\"ListItem\",\"position\":1,\"name\":\"Portada\",\"item\":\"https:\/\/dev.explora.cl\/lagos\/\"},{\"@type\":\"ListItem\",\"position\":2,\"name\":\"Charlas y talleres acerca de turberas y pomp\u00f3n se realizar\u00e1n en Chilo\u00e9\"}]},{\"@type\":\"WebSite\",\"@id\":\"https:\/\/dev.explora.cl\/lagos\/#website\",\"url\":\"https:\/\/dev.explora.cl\/lagos\/\",\"name\":\"Los Lagos\",\"description\":\"Otro sitio m\u00e1s de dev.explora.cl\",\"potentialAction\":[{\"@type\":\"SearchAction\",\"target\":{\"@type\":\"EntryPoint\",\"urlTemplate\":\"https:\/\/dev.explora.cl\/lagos\/?s={search_term_string}\"},\"query-input\":{\"@type\":\"PropertyValueSpecification\",\"valueRequired\":true,\"valueName\":\"search_term_string\"}}],\"inLanguage\":\"es\"},{\"@type\":\"Person\",\"@id\":\"https:\/\/dev.explora.cl\/lagos\/#\/schema\/person\/cb8349c13ea2d324080adf8480d7ba5d\",\"name\":\"webman\",\"image\":{\"@type\":\"ImageObject\",\"inLanguage\":\"es\",\"@id\":\"https:\/\/dev.explora.cl\/lagos\/#\/schema\/person\/image\/\",\"url\":\"https:\/\/secure.gravatar.com\/avatar\/eeff3c82f2c02f7177d13663b7e6f890e9a6a0647ce9bb29cae02dcb094c7312?s=96&d=mm&r=g\",\"contentUrl\":\"https:\/\/secure.gravatar.com\/avatar\/eeff3c82f2c02f7177d13663b7e6f890e9a6a0647ce9bb29cae02dcb094c7312?s=96&d=mm&r=g\",\"caption\":\"webman\"},\"url\":\"https:\/\/dev.explora.cl\/lagos\/author\/webman\/\"}]}<\/script>\n<!-- \/ Yoast SEO plugin. -->","yoast_head_json":{"title":"Charlas y talleres acerca de turberas y pomp\u00f3n se realizar\u00e1n en Chilo\u00e9 - Los Lagos","robots":{"index":"index","follow":"follow","max-snippet":"max-snippet:-1","max-image-preview":"max-image-preview:large","max-video-preview":"max-video-preview:-1"},"canonical":"https:\/\/dev.explora.cl\/lagos\/charlas-y-talleres-acerca-de-turberas-y-pompon-se-realizaran-en-chiloe\/","og_locale":"es_ES","og_type":"article","og_title":"Charlas y talleres acerca de turberas y pomp\u00f3n se realizar\u00e1n en Chilo\u00e9 - Los Lagos","og_description":"El PAR EXPLORA Los Lagos, coordinado por la ULagos, realizar\u00e1 una serie de actividades que tienen por objetivo motivar a ni\u00f1os, ni\u00f1as y j\u00f3venes de Chilo\u00e9 a interesarse por la ciencia y la tecnolog\u00eda. En esta oportunidad, Carolina Le\u00f3n, Bi\u00f3loga con menci\u00f3n en Biodiversidad y Conservaci\u00f3n Biol\u00f3gica de la Universidad de Concepci\u00f3n y Doctora en [&hellip;]","og_url":"https:\/\/dev.explora.cl\/lagos\/charlas-y-talleres-acerca-de-turberas-y-pompon-se-realizaran-en-chiloe\/","og_site_name":"Los Lagos","article_published_time":"2014-10-14T04:00:00+00:00","article_modified_time":"2019-05-20T19:49:03+00:00","og_image":[{"width":1772,"height":1430,"url":"https:\/\/dev.explora.cl\/lagos\/wp-content\/uploads\/sites\/17\/2018\/06\/0dfb4478980f6126653b41583d1d758c.jpg","type":"image\/jpeg"}],"author":"webman","twitter_card":"summary_large_image","twitter_misc":{"Escrito por":"webman","Tiempo de lectura":"1 minuto"},"schema":{"@context":"https:\/\/schema.org","@graph":[{"@type":"Article","@id":"https:\/\/dev.explora.cl\/lagos\/charlas-y-talleres-acerca-de-turberas-y-pompon-se-realizaran-en-chiloe\/#article","isPartOf":{"@id":"https:\/\/dev.explora.cl\/lagos\/charlas-y-talleres-acerca-de-turberas-y-pompon-se-realizaran-en-chiloe\/"},"author":{"name":"webman","@id":"https:\/\/dev.explora.cl\/lagos\/#\/schema\/person\/cb8349c13ea2d324080adf8480d7ba5d"},"headline":"Charlas y talleres acerca de turberas y pomp\u00f3n se realizar\u00e1n en Chilo\u00e9","datePublished":"2014-10-14T04:00:00+00:00","dateModified":"2019-05-20T19:49:03+00:00","mainEntityOfPage":{"@id":"https:\/\/dev.explora.cl\/lagos\/charlas-y-talleres-acerca-de-turberas-y-pompon-se-realizaran-en-chiloe\/"},"wordCount":270,"commentCount":0,"image":{"@id":"https:\/\/dev.explora.cl\/lagos\/charlas-y-talleres-acerca-de-turberas-y-pompon-se-realizaran-en-chiloe\/#primaryimage"},"thumbnailUrl":"https:\/\/dev.explora.cl\/lagos\/wp-content\/uploads\/sites\/17\/2018\/06\/0dfb4478980f6126653b41583d1d758c.jpg","articleSection":["Noticias"],"inLanguage":"es","potentialAction":[{"@type":"CommentAction","name":"Comment","target":["https:\/\/dev.explora.cl\/lagos\/charlas-y-talleres-acerca-de-turberas-y-pompon-se-realizaran-en-chiloe\/#respond"]}]},{"@type":"WebPage","@id":"https:\/\/dev.explora.cl\/lagos\/charlas-y-talleres-acerca-de-turberas-y-pompon-se-realizaran-en-chiloe\/","url":"https:\/\/dev.explora.cl\/lagos\/charlas-y-talleres-acerca-de-turberas-y-pompon-se-realizaran-en-chiloe\/","name":"Charlas y talleres acerca de turberas y pomp\u00f3n se realizar\u00e1n en Chilo\u00e9 - Los Lagos","isPartOf":{"@id":"https:\/\/dev.explora.cl\/lagos\/#website"},"primaryImageOfPage":{"@id":"https:\/\/dev.explora.cl\/lagos\/charlas-y-talleres-acerca-de-turberas-y-pompon-se-realizaran-en-chiloe\/#primaryimage"},"image":{"@id":"https:\/\/dev.explora.cl\/lagos\/charlas-y-talleres-acerca-de-turberas-y-pompon-se-realizaran-en-chiloe\/#primaryimage"},"thumbnailUrl":"https:\/\/dev.explora.cl\/lagos\/wp-content\/uploads\/sites\/17\/2018\/06\/0dfb4478980f6126653b41583d1d758c.jpg","datePublished":"2014-10-14T04:00:00+00:00","dateModified":"2019-05-20T19:49:03+00:00","author":{"@id":"https:\/\/dev.explora.cl\/lagos\/#\/schema\/person\/cb8349c13ea2d324080adf8480d7ba5d"},"breadcrumb":{"@id":"https:\/\/dev.explora.cl\/lagos\/charlas-y-talleres-acerca-de-turberas-y-pompon-se-realizaran-en-chiloe\/#breadcrumb"},"inLanguage":"es","potentialAction":[{"@type":"ReadAction","target":["https:\/\/dev.explora.cl\/lagos\/charlas-y-talleres-acerca-de-turberas-y-pompon-se-realizaran-en-chiloe\/"]}]},{"@type":"ImageObject","inLanguage":"es","@id":"https:\/\/dev.explora.cl\/lagos\/charlas-y-talleres-acerca-de-turberas-y-pompon-se-realizaran-en-chiloe\/#primaryimage","url":"https:\/\/dev.explora.cl\/lagos\/wp-content\/uploads\/sites\/17\/2018\/06\/0dfb4478980f6126653b41583d1d758c.jpg","contentUrl":"https:\/\/dev.explora.cl\/lagos\/wp-content\/uploads\/sites\/17\/2018\/06\/0dfb4478980f6126653b41583d1d758c.jpg","width":1772,"height":1430},{"@type":"BreadcrumbList","@id":"https:\/\/dev.explora.cl\/lagos\/charlas-y-talleres-acerca-de-turberas-y-pompon-se-realizaran-en-chiloe\/#breadcrumb","itemListElement":[{"@type":"ListItem","position":1,"name":"Portada","item":"https:\/\/dev.explora.cl\/lagos\/"},{"@type":"ListItem","position":2,"name":"Charlas y talleres acerca de turberas y pomp\u00f3n se realizar\u00e1n en Chilo\u00e9"}]},{"@type":"WebSite","@id":"https:\/\/dev.explora.cl\/lagos\/#website","url":"https:\/\/dev.explora.cl\/lagos\/","name":"Los Lagos","description":"Otro sitio m\u00e1s de dev.explora.cl","potentialAction":[{"@type":"SearchAction","target":{"@type":"EntryPoint","urlTemplate":"https:\/\/dev.explora.cl\/lagos\/?s={search_term_string}"},"query-input":{"@type":"PropertyValueSpecification","valueRequired":true,"valueName":"search_term_string"}}],"inLanguage":"es"},{"@type":"Person","@id":"https:\/\/dev.explora.cl\/lagos\/#\/schema\/person\/cb8349c13ea2d324080adf8480d7ba5d","name":"webman","image":{"@type":"ImageObject","inLanguage":"es","@id":"https:\/\/dev.explora.cl\/lagos\/#\/schema\/person\/image\/","url":"https:\/\/secure.gravatar.com\/avatar\/eeff3c82f2c02f7177d13663b7e6f890e9a6a0647ce9bb29cae02dcb094c7312?s=96&d=mm&r=g","contentUrl":"https:\/\/secure.gravatar.com\/avatar\/eeff3c82f2c02f7177d13663b7e6f890e9a6a0647ce9bb29cae02dcb094c7312?s=96&d=mm&r=g","caption":"webman"},"url":"https:\/\/dev.explora.cl\/lagos\/author\/webman\/"}]}},"_links":{"self":[{"href":"https:\/\/dev.explora.cl\/lagos\/wp-json\/wp\/v2\/posts\/1122","targetHints":{"allow":["GET"]}}],"collection":[{"href":"https:\/\/dev.explora.cl\/lagos\/wp-json\/wp\/v2\/posts"}],"about":[{"href":"https:\/\/dev.explora.cl\/lagos\/wp-json\/wp\/v2\/types\/post"}],"author":[{"embeddable":true,"href":"https:\/\/dev.explora.cl\/lagos\/wp-json\/wp\/v2\/users\/2"}],"replies":[{"embeddable":true,"href":"https:\/\/dev.explora.cl\/lagos\/wp-json\/wp\/v2\/comments?post=1122"}],"version-history":[{"count":1,"href":"https:\/\/dev.explora.cl\/lagos\/wp-json\/wp\/v2\/posts\/1122\/revisions"}],"predecessor-version":[{"id":38289,"href":"https:\/\/dev.explora.cl\/lagos\/wp-json\/wp\/v2\/posts\/1122\/revisions\/38289"}],"wp:featuredmedia":[{"embeddable":true,"href":"https:\/\/dev.explora.cl\/lagos\/wp-json\/wp\/v2\/media\/1123"}],"wp:attachment":[{"href":"https:\/\/dev.explora.cl\/lagos\/wp-json\/wp\/v2\/media?parent=1122"}],"wp:term":[{"taxonomy":"category","embeddable":true,"href":"https:\/\/dev.explora.cl\/lagos\/wp-json\/wp\/v2\/categories?post=1122"},{"taxonomy":"post_tag","embeddable":true,"href":"https:\/\/dev.explora.cl\/lagos\/wp-json\/wp\/v2\/tags?post=1122"}],"curies":[{"name":"wp","href":"https:\/\/api.w.org\/{rel}","templated":true}]}}