{"id":1110,"date":"2014-10-07T00:00:00","date_gmt":"2014-10-07T04:00:00","guid":{"rendered":"http:\/\/ec2-34-219-152-79.us-west-2.compute.amazonaws.com\/lagos\/blog\/2014\/10\/07\/un-centenar-de-escolares-de-la-region-participan-en-primer-encuentro-mega-cientificos\/"},"modified":"2019-05-20T19:49:06","modified_gmt":"2019-05-20T19:49:06","slug":"un-centenar-de-escolares-de-la-region-participan-en-primer-encuentro-mega-cientificos","status":"publish","type":"post","link":"https:\/\/dev.explora.cl\/lagos\/un-centenar-de-escolares-de-la-region-participan-en-primer-encuentro-mega-cientificos\/","title":{"rendered":"Un centenar de escolares de la Regi\u00f3n participan en Primer Encuentro \u201cMEGA Cient\u00edficos\u201d"},"content":{"rendered":"<p><img loading=\"lazy\" decoding=\"async\" class=\" size-full wp-image-5943\" src=\"http:\/\/ec2-34-218-253-251.us-west-2.compute.amazonaws.com\/wp-content\/uploads\/2014\/10\/c1034feeb8e544b33d1fc604d40ae043.jpg\" alt=\"\" width=\"2953\" height=\"1995\" \/><\/p>\n<p style=\"text-align: justify\">M\u00e1s de un centenar de escolares de Pre-B\u00e1sica y B\u00e1sica Primer Ciclo se reunieron en el primer Encuentro Regional de Ciencias \u00abMEGA Cient\u00edficos\u00bb, organizado por el PAR EXPLORA Los Lagos, coordinado por la Universidad de Los Lagos. La actividad se desarroll\u00f3 en las nuevas dependencias de la Universidad de Los Lagos, ubicadas en Guillermo Gallardo 269.<\/p>\n<p style=\"text-align: justify\">En este Primer Encuentro Regional de Ciencias se presentaron 22 proyectos correspondientes a 18 establecimientos de las provincias de Osorno, Llanquihue y Chilo\u00e9. Los alumnos de Pre-B\u00e1sica y Primer Ciclo B\u00e1sico presentaron experimentos abordando las siguientes \u00e1reas del conocimiento: Ciencias Biol\u00f3gicas, Ciencias Medioambientales, Bot\u00e1nica, Psicolog\u00eda y Ciencias Sociales.<\/p>\n<p style=\"text-align: justify\"><img decoding=\"async\" class=\" alignleft size-full wp-image-5944\" src=\"http:\/\/ec2-34-218-253-251.us-west-2.compute.amazonaws.com\/wp-content\/uploads\/2014\/10\/DSC_0279.JPG\" border=\"0\" width=\"850\" style=\"float: left;margin: 5px\" \/>El Colegio Santa Ana de Quemchi se qued\u00f3 con la Menci\u00f3n Honrosa con su proyecto \u00abJugando a ser cient\u00edficos, explorando el pomp\u00f3n\u00bb, a cargo de la profesora Mar\u00eda Nancy Alvarado. <\/p>\n<p><img decoding=\"async\" class=\" alignleft size-full wp-image-5945\" src=\"http:\/\/ec2-34-218-253-251.us-west-2.compute.amazonaws.com\/wp-content\/uploads\/2014\/10\/Ganadores.JPG\" border=\"0\" width=\"350\" style=\"float: left;margin: 5px 10px\" \/>Mientras que el Primer Lugar del Jurado fue para los alumnos representantes de la Escuela Rural Cululil de la comuna de Los Muermos con el proyecto \u00abCrema de chinitas (cal\u00e9ndula) para la piel\u00bb, a cargo de la profesora Sof\u00eda Madrid. Los ganadores recibieron por parte del PAR EXPLORA Los Lagos, un kit de ciencias compuesto por 160 piezas para armar un mini laboratorio.<\/p>\n<p style=\"text-align: justify\">La finalidad de la actividad fue que los m\u00e1s de cien alumnos participantes fueran parte de un espacio para la difusi\u00f3n e intercambio de experiencias educativas entre p\u00e1rvulos y ni\u00f1os de la regi\u00f3n, contribuyendo a la valoraci\u00f3n de la ciencia y la tecnolog\u00eda en edad inicial.<br \/><a href=\"https:\/\/www.facebook.com\/media\/set\/?set=a.571229646315272.1073741853.210259862412254&amp;type=1\">Visita nuestra Galer\u00eda de Fotos<\/a><\/p>\n","protected":false},"excerpt":{"rendered":"<p>M\u00e1s de un centenar de escolares de Pre-B\u00e1sica y B\u00e1sica Primer Ciclo se reunieron en el primer Encuentro Regional de Ciencias \u00abMEGA Cient\u00edficos\u00bb, organizado por el PAR EXPLORA Los Lagos, coordinado por la Universidad de Los Lagos. La actividad se desarroll\u00f3 en las nuevas dependencias de la Universidad de Los Lagos, ubicadas en Guillermo Gallardo [&hellip;]<\/p>\n","protected":false},"author":2,"featured_media":1111,"comment_status":"open","ping_status":"open","sticky":false,"template":"","format":"standard","meta":{"_acf_changed":false,"_exactmetrics_skip_tracking":false,"_exactmetrics_sitenote_active":false,"_exactmetrics_sitenote_note":"","_exactmetrics_sitenote_category":0,"footnotes":"","_links_to":"","_links_to_target":""},"categories":[4],"tags":[],"class_list":["post-1110","post","type-post","status-publish","format-standard","has-post-thumbnail","hentry","category-noticias"],"acf":[],"yoast_head":"<!-- This site is optimized with the Yoast SEO plugin v26.7 - https:\/\/yoast.com\/wordpress\/plugins\/seo\/ -->\n<title>Un centenar de escolares de la Regi\u00f3n participan en Primer Encuentro \u201cMEGA Cient\u00edficos\u201d - Los Lagos<\/title>\n<meta name=\"robots\" content=\"index, follow, max-snippet:-1, max-image-preview:large, max-video-preview:-1\" \/>\n<link rel=\"canonical\" href=\"https:\/\/dev.explora.cl\/lagos\/un-centenar-de-escolares-de-la-region-participan-en-primer-encuentro-mega-cientificos\/\" class=\"yoast-seo-meta-tag\" \/>\n<meta property=\"og:locale\" content=\"es_ES\" class=\"yoast-seo-meta-tag\" \/>\n<meta property=\"og:type\" content=\"article\" class=\"yoast-seo-meta-tag\" \/>\n<meta property=\"og:title\" content=\"Un centenar de escolares de la Regi\u00f3n participan en Primer Encuentro \u201cMEGA Cient\u00edficos\u201d - Los Lagos\" class=\"yoast-seo-meta-tag\" \/>\n<meta property=\"og:description\" content=\"M\u00e1s de un centenar de escolares de Pre-B\u00e1sica y B\u00e1sica Primer Ciclo se reunieron en el primer Encuentro Regional de Ciencias \u00abMEGA Cient\u00edficos\u00bb, organizado por el PAR EXPLORA Los Lagos, coordinado por la Universidad de Los Lagos. La actividad se desarroll\u00f3 en las nuevas dependencias de la Universidad de Los Lagos, ubicadas en Guillermo Gallardo [&hellip;]\" class=\"yoast-seo-meta-tag\" \/>\n<meta property=\"og:url\" content=\"https:\/\/dev.explora.cl\/lagos\/un-centenar-de-escolares-de-la-region-participan-en-primer-encuentro-mega-cientificos\/\" class=\"yoast-seo-meta-tag\" \/>\n<meta property=\"og:site_name\" content=\"Los Lagos\" class=\"yoast-seo-meta-tag\" \/>\n<meta property=\"article:published_time\" content=\"2014-10-07T04:00:00+00:00\" class=\"yoast-seo-meta-tag\" \/>\n<meta property=\"article:modified_time\" content=\"2019-05-20T19:49:06+00:00\" class=\"yoast-seo-meta-tag\" \/>\n<meta property=\"og:image\" content=\"https:\/\/dev.explora.cl\/lagos\/wp-content\/uploads\/sites\/17\/2018\/06\/c1034feeb8e544b33d1fc604d40ae043.jpg\" class=\"yoast-seo-meta-tag\" \/>\n\t<meta property=\"og:image:width\" content=\"2953\" class=\"yoast-seo-meta-tag\" \/>\n\t<meta property=\"og:image:height\" content=\"1995\" class=\"yoast-seo-meta-tag\" \/>\n\t<meta property=\"og:image:type\" content=\"image\/jpeg\" class=\"yoast-seo-meta-tag\" \/>\n<meta name=\"author\" content=\"webman\" class=\"yoast-seo-meta-tag\" \/>\n<meta name=\"twitter:card\" content=\"summary_large_image\" class=\"yoast-seo-meta-tag\" \/>\n<meta name=\"twitter:label1\" content=\"Escrito por\" class=\"yoast-seo-meta-tag\" \/>\n\t<meta name=\"twitter:data1\" content=\"webman\" class=\"yoast-seo-meta-tag\" \/>\n\t<meta name=\"twitter:label2\" content=\"Tiempo de lectura\" class=\"yoast-seo-meta-tag\" \/>\n\t<meta name=\"twitter:data2\" content=\"1 minuto\" class=\"yoast-seo-meta-tag\" \/>\n<script type=\"application\/ld+json\" class=\"yoast-schema-graph\">{\"@context\":\"https:\/\/schema.org\",\"@graph\":[{\"@type\":\"Article\",\"@id\":\"https:\/\/dev.explora.cl\/lagos\/un-centenar-de-escolares-de-la-region-participan-en-primer-encuentro-mega-cientificos\/#article\",\"isPartOf\":{\"@id\":\"https:\/\/dev.explora.cl\/lagos\/un-centenar-de-escolares-de-la-region-participan-en-primer-encuentro-mega-cientificos\/\"},\"author\":{\"name\":\"webman\",\"@id\":\"https:\/\/dev.explora.cl\/lagos\/#\/schema\/person\/cb8349c13ea2d324080adf8480d7ba5d\"},\"headline\":\"Un centenar de escolares de la Regi\u00f3n participan en Primer Encuentro \u201cMEGA Cient\u00edficos\u201d\",\"datePublished\":\"2014-10-07T04:00:00+00:00\",\"dateModified\":\"2019-05-20T19:49:06+00:00\",\"mainEntityOfPage\":{\"@id\":\"https:\/\/dev.explora.cl\/lagos\/un-centenar-de-escolares-de-la-region-participan-en-primer-encuentro-mega-cientificos\/\"},\"wordCount\":282,\"commentCount\":0,\"image\":{\"@id\":\"https:\/\/dev.explora.cl\/lagos\/un-centenar-de-escolares-de-la-region-participan-en-primer-encuentro-mega-cientificos\/#primaryimage\"},\"thumbnailUrl\":\"https:\/\/dev.explora.cl\/lagos\/wp-content\/uploads\/sites\/17\/2018\/06\/c1034feeb8e544b33d1fc604d40ae043.jpg\",\"articleSection\":[\"Noticias\"],\"inLanguage\":\"es\",\"potentialAction\":[{\"@type\":\"CommentAction\",\"name\":\"Comment\",\"target\":[\"https:\/\/dev.explora.cl\/lagos\/un-centenar-de-escolares-de-la-region-participan-en-primer-encuentro-mega-cientificos\/#respond\"]}]},{\"@type\":\"WebPage\",\"@id\":\"https:\/\/dev.explora.cl\/lagos\/un-centenar-de-escolares-de-la-region-participan-en-primer-encuentro-mega-cientificos\/\",\"url\":\"https:\/\/dev.explora.cl\/lagos\/un-centenar-de-escolares-de-la-region-participan-en-primer-encuentro-mega-cientificos\/\",\"name\":\"Un centenar de escolares de la Regi\u00f3n participan en Primer Encuentro \u201cMEGA Cient\u00edficos\u201d - Los Lagos\",\"isPartOf\":{\"@id\":\"https:\/\/dev.explora.cl\/lagos\/#website\"},\"primaryImageOfPage\":{\"@id\":\"https:\/\/dev.explora.cl\/lagos\/un-centenar-de-escolares-de-la-region-participan-en-primer-encuentro-mega-cientificos\/#primaryimage\"},\"image\":{\"@id\":\"https:\/\/dev.explora.cl\/lagos\/un-centenar-de-escolares-de-la-region-participan-en-primer-encuentro-mega-cientificos\/#primaryimage\"},\"thumbnailUrl\":\"https:\/\/dev.explora.cl\/lagos\/wp-content\/uploads\/sites\/17\/2018\/06\/c1034feeb8e544b33d1fc604d40ae043.jpg\",\"datePublished\":\"2014-10-07T04:00:00+00:00\",\"dateModified\":\"2019-05-20T19:49:06+00:00\",\"author\":{\"@id\":\"https:\/\/dev.explora.cl\/lagos\/#\/schema\/person\/cb8349c13ea2d324080adf8480d7ba5d\"},\"breadcrumb\":{\"@id\":\"https:\/\/dev.explora.cl\/lagos\/un-centenar-de-escolares-de-la-region-participan-en-primer-encuentro-mega-cientificos\/#breadcrumb\"},\"inLanguage\":\"es\",\"potentialAction\":[{\"@type\":\"ReadAction\",\"target\":[\"https:\/\/dev.explora.cl\/lagos\/un-centenar-de-escolares-de-la-region-participan-en-primer-encuentro-mega-cientificos\/\"]}]},{\"@type\":\"ImageObject\",\"inLanguage\":\"es\",\"@id\":\"https:\/\/dev.explora.cl\/lagos\/un-centenar-de-escolares-de-la-region-participan-en-primer-encuentro-mega-cientificos\/#primaryimage\",\"url\":\"https:\/\/dev.explora.cl\/lagos\/wp-content\/uploads\/sites\/17\/2018\/06\/c1034feeb8e544b33d1fc604d40ae043.jpg\",\"contentUrl\":\"https:\/\/dev.explora.cl\/lagos\/wp-content\/uploads\/sites\/17\/2018\/06\/c1034feeb8e544b33d1fc604d40ae043.jpg\",\"width\":2953,\"height\":1995},{\"@type\":\"BreadcrumbList\",\"@id\":\"https:\/\/dev.explora.cl\/lagos\/un-centenar-de-escolares-de-la-region-participan-en-primer-encuentro-mega-cientificos\/#breadcrumb\",\"itemListElement\":[{\"@type\":\"ListItem\",\"position\":1,\"name\":\"Portada\",\"item\":\"https:\/\/dev.explora.cl\/lagos\/\"},{\"@type\":\"ListItem\",\"position\":2,\"name\":\"Un centenar de escolares de la Regi\u00f3n participan en Primer Encuentro \u201cMEGA Cient\u00edficos\u201d\"}]},{\"@type\":\"WebSite\",\"@id\":\"https:\/\/dev.explora.cl\/lagos\/#website\",\"url\":\"https:\/\/dev.explora.cl\/lagos\/\",\"name\":\"Los Lagos\",\"description\":\"Otro sitio m\u00e1s de dev.explora.cl\",\"potentialAction\":[{\"@type\":\"SearchAction\",\"target\":{\"@type\":\"EntryPoint\",\"urlTemplate\":\"https:\/\/dev.explora.cl\/lagos\/?s={search_term_string}\"},\"query-input\":{\"@type\":\"PropertyValueSpecification\",\"valueRequired\":true,\"valueName\":\"search_term_string\"}}],\"inLanguage\":\"es\"},{\"@type\":\"Person\",\"@id\":\"https:\/\/dev.explora.cl\/lagos\/#\/schema\/person\/cb8349c13ea2d324080adf8480d7ba5d\",\"name\":\"webman\",\"image\":{\"@type\":\"ImageObject\",\"inLanguage\":\"es\",\"@id\":\"https:\/\/dev.explora.cl\/lagos\/#\/schema\/person\/image\/\",\"url\":\"https:\/\/secure.gravatar.com\/avatar\/eeff3c82f2c02f7177d13663b7e6f890e9a6a0647ce9bb29cae02dcb094c7312?s=96&d=mm&r=g\",\"contentUrl\":\"https:\/\/secure.gravatar.com\/avatar\/eeff3c82f2c02f7177d13663b7e6f890e9a6a0647ce9bb29cae02dcb094c7312?s=96&d=mm&r=g\",\"caption\":\"webman\"},\"url\":\"https:\/\/dev.explora.cl\/lagos\/author\/webman\/\"}]}<\/script>\n<!-- \/ Yoast SEO plugin. -->","yoast_head_json":{"title":"Un centenar de escolares de la Regi\u00f3n participan en Primer Encuentro \u201cMEGA Cient\u00edficos\u201d - Los Lagos","robots":{"index":"index","follow":"follow","max-snippet":"max-snippet:-1","max-image-preview":"max-image-preview:large","max-video-preview":"max-video-preview:-1"},"canonical":"https:\/\/dev.explora.cl\/lagos\/un-centenar-de-escolares-de-la-region-participan-en-primer-encuentro-mega-cientificos\/","og_locale":"es_ES","og_type":"article","og_title":"Un centenar de escolares de la Regi\u00f3n participan en Primer Encuentro \u201cMEGA Cient\u00edficos\u201d - Los Lagos","og_description":"M\u00e1s de un centenar de escolares de Pre-B\u00e1sica y B\u00e1sica Primer Ciclo se reunieron en el primer Encuentro Regional de Ciencias \u00abMEGA Cient\u00edficos\u00bb, organizado por el PAR EXPLORA Los Lagos, coordinado por la Universidad de Los Lagos. La actividad se desarroll\u00f3 en las nuevas dependencias de la Universidad de Los Lagos, ubicadas en Guillermo Gallardo [&hellip;]","og_url":"https:\/\/dev.explora.cl\/lagos\/un-centenar-de-escolares-de-la-region-participan-en-primer-encuentro-mega-cientificos\/","og_site_name":"Los Lagos","article_published_time":"2014-10-07T04:00:00+00:00","article_modified_time":"2019-05-20T19:49:06+00:00","og_image":[{"width":2953,"height":1995,"url":"https:\/\/dev.explora.cl\/lagos\/wp-content\/uploads\/sites\/17\/2018\/06\/c1034feeb8e544b33d1fc604d40ae043.jpg","type":"image\/jpeg"}],"author":"webman","twitter_card":"summary_large_image","twitter_misc":{"Escrito por":"webman","Tiempo de lectura":"1 minuto"},"schema":{"@context":"https:\/\/schema.org","@graph":[{"@type":"Article","@id":"https:\/\/dev.explora.cl\/lagos\/un-centenar-de-escolares-de-la-region-participan-en-primer-encuentro-mega-cientificos\/#article","isPartOf":{"@id":"https:\/\/dev.explora.cl\/lagos\/un-centenar-de-escolares-de-la-region-participan-en-primer-encuentro-mega-cientificos\/"},"author":{"name":"webman","@id":"https:\/\/dev.explora.cl\/lagos\/#\/schema\/person\/cb8349c13ea2d324080adf8480d7ba5d"},"headline":"Un centenar de escolares de la Regi\u00f3n participan en Primer Encuentro \u201cMEGA Cient\u00edficos\u201d","datePublished":"2014-10-07T04:00:00+00:00","dateModified":"2019-05-20T19:49:06+00:00","mainEntityOfPage":{"@id":"https:\/\/dev.explora.cl\/lagos\/un-centenar-de-escolares-de-la-region-participan-en-primer-encuentro-mega-cientificos\/"},"wordCount":282,"commentCount":0,"image":{"@id":"https:\/\/dev.explora.cl\/lagos\/un-centenar-de-escolares-de-la-region-participan-en-primer-encuentro-mega-cientificos\/#primaryimage"},"thumbnailUrl":"https:\/\/dev.explora.cl\/lagos\/wp-content\/uploads\/sites\/17\/2018\/06\/c1034feeb8e544b33d1fc604d40ae043.jpg","articleSection":["Noticias"],"inLanguage":"es","potentialAction":[{"@type":"CommentAction","name":"Comment","target":["https:\/\/dev.explora.cl\/lagos\/un-centenar-de-escolares-de-la-region-participan-en-primer-encuentro-mega-cientificos\/#respond"]}]},{"@type":"WebPage","@id":"https:\/\/dev.explora.cl\/lagos\/un-centenar-de-escolares-de-la-region-participan-en-primer-encuentro-mega-cientificos\/","url":"https:\/\/dev.explora.cl\/lagos\/un-centenar-de-escolares-de-la-region-participan-en-primer-encuentro-mega-cientificos\/","name":"Un centenar de escolares de la Regi\u00f3n participan en Primer Encuentro \u201cMEGA Cient\u00edficos\u201d - Los Lagos","isPartOf":{"@id":"https:\/\/dev.explora.cl\/lagos\/#website"},"primaryImageOfPage":{"@id":"https:\/\/dev.explora.cl\/lagos\/un-centenar-de-escolares-de-la-region-participan-en-primer-encuentro-mega-cientificos\/#primaryimage"},"image":{"@id":"https:\/\/dev.explora.cl\/lagos\/un-centenar-de-escolares-de-la-region-participan-en-primer-encuentro-mega-cientificos\/#primaryimage"},"thumbnailUrl":"https:\/\/dev.explora.cl\/lagos\/wp-content\/uploads\/sites\/17\/2018\/06\/c1034feeb8e544b33d1fc604d40ae043.jpg","datePublished":"2014-10-07T04:00:00+00:00","dateModified":"2019-05-20T19:49:06+00:00","author":{"@id":"https:\/\/dev.explora.cl\/lagos\/#\/schema\/person\/cb8349c13ea2d324080adf8480d7ba5d"},"breadcrumb":{"@id":"https:\/\/dev.explora.cl\/lagos\/un-centenar-de-escolares-de-la-region-participan-en-primer-encuentro-mega-cientificos\/#breadcrumb"},"inLanguage":"es","potentialAction":[{"@type":"ReadAction","target":["https:\/\/dev.explora.cl\/lagos\/un-centenar-de-escolares-de-la-region-participan-en-primer-encuentro-mega-cientificos\/"]}]},{"@type":"ImageObject","inLanguage":"es","@id":"https:\/\/dev.explora.cl\/lagos\/un-centenar-de-escolares-de-la-region-participan-en-primer-encuentro-mega-cientificos\/#primaryimage","url":"https:\/\/dev.explora.cl\/lagos\/wp-content\/uploads\/sites\/17\/2018\/06\/c1034feeb8e544b33d1fc604d40ae043.jpg","contentUrl":"https:\/\/dev.explora.cl\/lagos\/wp-content\/uploads\/sites\/17\/2018\/06\/c1034feeb8e544b33d1fc604d40ae043.jpg","width":2953,"height":1995},{"@type":"BreadcrumbList","@id":"https:\/\/dev.explora.cl\/lagos\/un-centenar-de-escolares-de-la-region-participan-en-primer-encuentro-mega-cientificos\/#breadcrumb","itemListElement":[{"@type":"ListItem","position":1,"name":"Portada","item":"https:\/\/dev.explora.cl\/lagos\/"},{"@type":"ListItem","position":2,"name":"Un centenar de escolares de la Regi\u00f3n participan en Primer Encuentro \u201cMEGA Cient\u00edficos\u201d"}]},{"@type":"WebSite","@id":"https:\/\/dev.explora.cl\/lagos\/#website","url":"https:\/\/dev.explora.cl\/lagos\/","name":"Los Lagos","description":"Otro sitio m\u00e1s de dev.explora.cl","potentialAction":[{"@type":"SearchAction","target":{"@type":"EntryPoint","urlTemplate":"https:\/\/dev.explora.cl\/lagos\/?s={search_term_string}"},"query-input":{"@type":"PropertyValueSpecification","valueRequired":true,"valueName":"search_term_string"}}],"inLanguage":"es"},{"@type":"Person","@id":"https:\/\/dev.explora.cl\/lagos\/#\/schema\/person\/cb8349c13ea2d324080adf8480d7ba5d","name":"webman","image":{"@type":"ImageObject","inLanguage":"es","@id":"https:\/\/dev.explora.cl\/lagos\/#\/schema\/person\/image\/","url":"https:\/\/secure.gravatar.com\/avatar\/eeff3c82f2c02f7177d13663b7e6f890e9a6a0647ce9bb29cae02dcb094c7312?s=96&d=mm&r=g","contentUrl":"https:\/\/secure.gravatar.com\/avatar\/eeff3c82f2c02f7177d13663b7e6f890e9a6a0647ce9bb29cae02dcb094c7312?s=96&d=mm&r=g","caption":"webman"},"url":"https:\/\/dev.explora.cl\/lagos\/author\/webman\/"}]}},"_links":{"self":[{"href":"https:\/\/dev.explora.cl\/lagos\/wp-json\/wp\/v2\/posts\/1110","targetHints":{"allow":["GET"]}}],"collection":[{"href":"https:\/\/dev.explora.cl\/lagos\/wp-json\/wp\/v2\/posts"}],"about":[{"href":"https:\/\/dev.explora.cl\/lagos\/wp-json\/wp\/v2\/types\/post"}],"author":[{"embeddable":true,"href":"https:\/\/dev.explora.cl\/lagos\/wp-json\/wp\/v2\/users\/2"}],"replies":[{"embeddable":true,"href":"https:\/\/dev.explora.cl\/lagos\/wp-json\/wp\/v2\/comments?post=1110"}],"version-history":[{"count":1,"href":"https:\/\/dev.explora.cl\/lagos\/wp-json\/wp\/v2\/posts\/1110\/revisions"}],"predecessor-version":[{"id":38295,"href":"https:\/\/dev.explora.cl\/lagos\/wp-json\/wp\/v2\/posts\/1110\/revisions\/38295"}],"wp:featuredmedia":[{"embeddable":true,"href":"https:\/\/dev.explora.cl\/lagos\/wp-json\/wp\/v2\/media\/1111"}],"wp:attachment":[{"href":"https:\/\/dev.explora.cl\/lagos\/wp-json\/wp\/v2\/media?parent=1110"}],"wp:term":[{"taxonomy":"category","embeddable":true,"href":"https:\/\/dev.explora.cl\/lagos\/wp-json\/wp\/v2\/categories?post=1110"},{"taxonomy":"post_tag","embeddable":true,"href":"https:\/\/dev.explora.cl\/lagos\/wp-json\/wp\/v2\/tags?post=1110"}],"curies":[{"name":"wp","href":"https:\/\/api.w.org\/{rel}","templated":true}]}}