{"id":1098,"date":"2014-10-02T00:00:00","date_gmt":"2014-10-02T04:00:00","guid":{"rendered":"http:\/\/ec2-34-219-152-79.us-west-2.compute.amazonaws.com\/lagos\/blog\/2014\/10\/02\/en-osorno-explora-los-lagos-dara-inicio-a-la-semana-de-la-ciencia-y-tecnologia\/"},"modified":"2019-05-20T19:49:08","modified_gmt":"2019-05-20T19:49:08","slug":"en-osorno-explora-los-lagos-dara-inicio-a-la-semana-de-la-ciencia-y-tecnologia","status":"publish","type":"post","link":"https:\/\/dev.explora.cl\/lagos\/en-osorno-explora-los-lagos-dara-inicio-a-la-semana-de-la-ciencia-y-tecnologia\/","title":{"rendered":"En Osorno el PAR EXPLORA Los Lagos dar\u00e1 inicio a la Semana de la Ciencia y Tecnolog\u00eda"},"content":{"rendered":"<p><img loading=\"lazy\" decoding=\"async\" class=\" size-full wp-image-5815\" src=\"http:\/\/ec2-34-218-253-251.us-west-2.compute.amazonaws.com\/wp-content\/uploads\/2014\/10\/d9ea00cd3cf996dd26b72b097a7da9f0.jpg\" alt=\"\" width=\"1250\" height=\"1250\" \/><\/p>\n<p style=\"text-align: justify\">Con un \u00abShow de la Ciencia\u00bb en Osorno, el PAR EXPLORA Los Lagos, coordinado por la Universidad de Los Lagos, dar\u00e1 inicio a la XX Semana Nacional de la Ciencia y la Tecnolog\u00eda (SNCyT). La actividad se desarrollar\u00e1 este viernes 03 de octubre a las 10:30 horas en el Aula Magna \u00abEugenio Matus\u00bb de la Universidad de Los Lagos, (Fuchslocher 1305, Osorno).<\/p>\n<p style=\"text-align: justify\">En la oportunidad, se realizar\u00e1n Trivias basadas en los cuentos \u00abEl tesoro de las papas de colores\u00bb y \u00abEmilio, el ping\u00fcino\u00bb, elaborados \u00edntegramente por el equipo del PAR EXPLORA Los Lagos, adem\u00e1s, de los concursos Matem\u00e1gico (sumas mentales) y Equilibrio Precario (Neurociencia), el Show cerrar\u00e1 con el baile del grupo de Breakdance, Nebuloso Style.<\/p>\n<p style=\"text-align: justify\">El \u00abShow de la Ciencia\u00bb en Osorno es la actividad inaugural de la XX SNCyT, la que ha sido creada para motivar la participaci\u00f3n masiva y simult\u00e1nea en diversas actividades. El PAR EXPLORA Los Lagos, coordinado por la ULagos se desplegar\u00e1 en terreno con m\u00faltiples iniciativas en diferentes comunas de la Regi\u00f3n.<\/p>\n<p style=\"text-align: justify\"><img decoding=\"async\" class=\" alignleft size-full wp-image-5200\" src=\"http:\/\/ec2-34-218-253-251.us-west-2.compute.amazonaws.com\/wp-content\/uploads\/2014\/09\/DSC_0076.JPG\" border=\"0\" width=\"350\" style=\"float: left;margin: 5px 10px\" \/>Algunas de las iniciativas que se realizar\u00e1n durante octubre son Cuenta Cuentos, la obra de teatro \u00abCitrola y las superbacterias\u00bb, el Primer Encuentro Regional \u00abMEGA Cient\u00edficos\u00bb, dirigido a escolares de Pre-B\u00e1sica y Primer Ciclo B\u00e1sico. Adem\u00e1s, se llevar\u00e1 a cabo \u00ab1000 Cient\u00edficos 1000 Aulas\u00bb, consistente en charlas que tienen por objetivo motivar a ni\u00f1os, ni\u00f1as y j\u00f3venes de todo el pa\u00eds a interesarse por la ciencia y la tecnolog\u00eda.<\/p>\n<p style=\"text-align: justify\">Otras actividades en las que se podr\u00e1 participar son el \u00abD\u00eda de la Ciencia en mi Colegio\u00bb, \u00abLaboratorios y Museos Abiertos\u00bb, \u00abFerias Cient\u00edficas\u00bb y \u00abRutas Patrimoniales\u00bb. Para conocer las diversas actividades y el <a href=\"lagos\/noticias-los-lagos\/2730-con-todo-se-vivira-la-semana-de-la-ciencia-y-tecnologia-en-los-lagos\">calendario oficial<\/a> de la XX Semana de la Ciencia y la Tecnolog\u00eda en la Regi\u00f3n de Los Lagos te invitamos a visitar <a href=\"lagos\">dev.explora.cl\/lagos<\/a><\/p>\n","protected":false},"excerpt":{"rendered":"<p>Con un \u00abShow de la Ciencia\u00bb en Osorno, el PAR EXPLORA Los Lagos, coordinado por la Universidad de Los Lagos, dar\u00e1 inicio a la XX Semana Nacional de la Ciencia y la Tecnolog\u00eda (SNCyT). La actividad se desarrollar\u00e1 este viernes 03 de octubre a las 10:30 horas en el Aula Magna \u00abEugenio Matus\u00bb de la [&hellip;]<\/p>\n","protected":false},"author":2,"featured_media":1099,"comment_status":"open","ping_status":"open","sticky":false,"template":"","format":"standard","meta":{"_acf_changed":false,"_exactmetrics_skip_tracking":false,"_exactmetrics_sitenote_active":false,"_exactmetrics_sitenote_note":"","_exactmetrics_sitenote_category":0,"footnotes":"","_links_to":"","_links_to_target":""},"categories":[4],"tags":[],"class_list":["post-1098","post","type-post","status-publish","format-standard","has-post-thumbnail","hentry","category-noticias"],"acf":[],"yoast_head":"<!-- This site is optimized with the Yoast SEO plugin v26.7 - https:\/\/yoast.com\/wordpress\/plugins\/seo\/ -->\n<title>En Osorno el PAR EXPLORA Los Lagos dar\u00e1 inicio a la Semana de la Ciencia y Tecnolog\u00eda - Los Lagos<\/title>\n<meta name=\"robots\" content=\"index, follow, max-snippet:-1, max-image-preview:large, max-video-preview:-1\" \/>\n<link rel=\"canonical\" href=\"https:\/\/dev.explora.cl\/lagos\/en-osorno-explora-los-lagos-dara-inicio-a-la-semana-de-la-ciencia-y-tecnologia\/\" class=\"yoast-seo-meta-tag\" \/>\n<meta property=\"og:locale\" content=\"es_ES\" class=\"yoast-seo-meta-tag\" \/>\n<meta property=\"og:type\" content=\"article\" class=\"yoast-seo-meta-tag\" \/>\n<meta property=\"og:title\" content=\"En Osorno el PAR EXPLORA Los Lagos dar\u00e1 inicio a la Semana de la Ciencia y Tecnolog\u00eda - Los Lagos\" class=\"yoast-seo-meta-tag\" \/>\n<meta property=\"og:description\" content=\"Con un \u00abShow de la Ciencia\u00bb en Osorno, el PAR EXPLORA Los Lagos, coordinado por la Universidad de Los Lagos, dar\u00e1 inicio a la XX Semana Nacional de la Ciencia y la Tecnolog\u00eda (SNCyT). La actividad se desarrollar\u00e1 este viernes 03 de octubre a las 10:30 horas en el Aula Magna \u00abEugenio Matus\u00bb de la [&hellip;]\" class=\"yoast-seo-meta-tag\" \/>\n<meta property=\"og:url\" content=\"https:\/\/dev.explora.cl\/lagos\/en-osorno-explora-los-lagos-dara-inicio-a-la-semana-de-la-ciencia-y-tecnologia\/\" class=\"yoast-seo-meta-tag\" \/>\n<meta property=\"og:site_name\" content=\"Los Lagos\" class=\"yoast-seo-meta-tag\" \/>\n<meta property=\"article:published_time\" content=\"2014-10-02T04:00:00+00:00\" class=\"yoast-seo-meta-tag\" \/>\n<meta property=\"article:modified_time\" content=\"2019-05-20T19:49:08+00:00\" class=\"yoast-seo-meta-tag\" \/>\n<meta property=\"og:image\" content=\"https:\/\/dev.explora.cl\/lagos\/wp-content\/uploads\/sites\/17\/2018\/06\/d9ea00cd3cf996dd26b72b097a7da9f0.jpg\" class=\"yoast-seo-meta-tag\" \/>\n\t<meta property=\"og:image:width\" content=\"1250\" class=\"yoast-seo-meta-tag\" \/>\n\t<meta property=\"og:image:height\" content=\"1250\" class=\"yoast-seo-meta-tag\" \/>\n\t<meta property=\"og:image:type\" content=\"image\/jpeg\" class=\"yoast-seo-meta-tag\" \/>\n<meta name=\"author\" content=\"webman\" class=\"yoast-seo-meta-tag\" \/>\n<meta name=\"twitter:card\" content=\"summary_large_image\" class=\"yoast-seo-meta-tag\" \/>\n<meta name=\"twitter:label1\" content=\"Escrito por\" class=\"yoast-seo-meta-tag\" \/>\n\t<meta name=\"twitter:data1\" content=\"webman\" class=\"yoast-seo-meta-tag\" \/>\n\t<meta name=\"twitter:label2\" content=\"Tiempo de lectura\" class=\"yoast-seo-meta-tag\" \/>\n\t<meta name=\"twitter:data2\" content=\"2 minutos\" class=\"yoast-seo-meta-tag\" \/>\n<script type=\"application\/ld+json\" class=\"yoast-schema-graph\">{\"@context\":\"https:\/\/schema.org\",\"@graph\":[{\"@type\":\"Article\",\"@id\":\"https:\/\/dev.explora.cl\/lagos\/en-osorno-explora-los-lagos-dara-inicio-a-la-semana-de-la-ciencia-y-tecnologia\/#article\",\"isPartOf\":{\"@id\":\"https:\/\/dev.explora.cl\/lagos\/en-osorno-explora-los-lagos-dara-inicio-a-la-semana-de-la-ciencia-y-tecnologia\/\"},\"author\":{\"name\":\"webman\",\"@id\":\"https:\/\/dev.explora.cl\/lagos\/#\/schema\/person\/cb8349c13ea2d324080adf8480d7ba5d\"},\"headline\":\"En Osorno el PAR EXPLORA Los Lagos dar\u00e1 inicio a la Semana de la Ciencia y Tecnolog\u00eda\",\"datePublished\":\"2014-10-02T04:00:00+00:00\",\"dateModified\":\"2019-05-20T19:49:08+00:00\",\"mainEntityOfPage\":{\"@id\":\"https:\/\/dev.explora.cl\/lagos\/en-osorno-explora-los-lagos-dara-inicio-a-la-semana-de-la-ciencia-y-tecnologia\/\"},\"wordCount\":333,\"commentCount\":0,\"image\":{\"@id\":\"https:\/\/dev.explora.cl\/lagos\/en-osorno-explora-los-lagos-dara-inicio-a-la-semana-de-la-ciencia-y-tecnologia\/#primaryimage\"},\"thumbnailUrl\":\"https:\/\/dev.explora.cl\/lagos\/wp-content\/uploads\/sites\/17\/2018\/06\/d9ea00cd3cf996dd26b72b097a7da9f0.jpg\",\"articleSection\":[\"Noticias\"],\"inLanguage\":\"es\",\"potentialAction\":[{\"@type\":\"CommentAction\",\"name\":\"Comment\",\"target\":[\"https:\/\/dev.explora.cl\/lagos\/en-osorno-explora-los-lagos-dara-inicio-a-la-semana-de-la-ciencia-y-tecnologia\/#respond\"]}]},{\"@type\":\"WebPage\",\"@id\":\"https:\/\/dev.explora.cl\/lagos\/en-osorno-explora-los-lagos-dara-inicio-a-la-semana-de-la-ciencia-y-tecnologia\/\",\"url\":\"https:\/\/dev.explora.cl\/lagos\/en-osorno-explora-los-lagos-dara-inicio-a-la-semana-de-la-ciencia-y-tecnologia\/\",\"name\":\"En Osorno el PAR EXPLORA Los Lagos dar\u00e1 inicio a la Semana de la Ciencia y Tecnolog\u00eda - Los Lagos\",\"isPartOf\":{\"@id\":\"https:\/\/dev.explora.cl\/lagos\/#website\"},\"primaryImageOfPage\":{\"@id\":\"https:\/\/dev.explora.cl\/lagos\/en-osorno-explora-los-lagos-dara-inicio-a-la-semana-de-la-ciencia-y-tecnologia\/#primaryimage\"},\"image\":{\"@id\":\"https:\/\/dev.explora.cl\/lagos\/en-osorno-explora-los-lagos-dara-inicio-a-la-semana-de-la-ciencia-y-tecnologia\/#primaryimage\"},\"thumbnailUrl\":\"https:\/\/dev.explora.cl\/lagos\/wp-content\/uploads\/sites\/17\/2018\/06\/d9ea00cd3cf996dd26b72b097a7da9f0.jpg\",\"datePublished\":\"2014-10-02T04:00:00+00:00\",\"dateModified\":\"2019-05-20T19:49:08+00:00\",\"author\":{\"@id\":\"https:\/\/dev.explora.cl\/lagos\/#\/schema\/person\/cb8349c13ea2d324080adf8480d7ba5d\"},\"breadcrumb\":{\"@id\":\"https:\/\/dev.explora.cl\/lagos\/en-osorno-explora-los-lagos-dara-inicio-a-la-semana-de-la-ciencia-y-tecnologia\/#breadcrumb\"},\"inLanguage\":\"es\",\"potentialAction\":[{\"@type\":\"ReadAction\",\"target\":[\"https:\/\/dev.explora.cl\/lagos\/en-osorno-explora-los-lagos-dara-inicio-a-la-semana-de-la-ciencia-y-tecnologia\/\"]}]},{\"@type\":\"ImageObject\",\"inLanguage\":\"es\",\"@id\":\"https:\/\/dev.explora.cl\/lagos\/en-osorno-explora-los-lagos-dara-inicio-a-la-semana-de-la-ciencia-y-tecnologia\/#primaryimage\",\"url\":\"https:\/\/dev.explora.cl\/lagos\/wp-content\/uploads\/sites\/17\/2018\/06\/d9ea00cd3cf996dd26b72b097a7da9f0.jpg\",\"contentUrl\":\"https:\/\/dev.explora.cl\/lagos\/wp-content\/uploads\/sites\/17\/2018\/06\/d9ea00cd3cf996dd26b72b097a7da9f0.jpg\",\"width\":1250,\"height\":1250},{\"@type\":\"BreadcrumbList\",\"@id\":\"https:\/\/dev.explora.cl\/lagos\/en-osorno-explora-los-lagos-dara-inicio-a-la-semana-de-la-ciencia-y-tecnologia\/#breadcrumb\",\"itemListElement\":[{\"@type\":\"ListItem\",\"position\":1,\"name\":\"Portada\",\"item\":\"https:\/\/dev.explora.cl\/lagos\/\"},{\"@type\":\"ListItem\",\"position\":2,\"name\":\"En Osorno el PAR EXPLORA Los Lagos dar\u00e1 inicio a la Semana de la Ciencia y Tecnolog\u00eda\"}]},{\"@type\":\"WebSite\",\"@id\":\"https:\/\/dev.explora.cl\/lagos\/#website\",\"url\":\"https:\/\/dev.explora.cl\/lagos\/\",\"name\":\"Los Lagos\",\"description\":\"Otro sitio m\u00e1s de dev.explora.cl\",\"potentialAction\":[{\"@type\":\"SearchAction\",\"target\":{\"@type\":\"EntryPoint\",\"urlTemplate\":\"https:\/\/dev.explora.cl\/lagos\/?s={search_term_string}\"},\"query-input\":{\"@type\":\"PropertyValueSpecification\",\"valueRequired\":true,\"valueName\":\"search_term_string\"}}],\"inLanguage\":\"es\"},{\"@type\":\"Person\",\"@id\":\"https:\/\/dev.explora.cl\/lagos\/#\/schema\/person\/cb8349c13ea2d324080adf8480d7ba5d\",\"name\":\"webman\",\"image\":{\"@type\":\"ImageObject\",\"inLanguage\":\"es\",\"@id\":\"https:\/\/dev.explora.cl\/lagos\/#\/schema\/person\/image\/\",\"url\":\"https:\/\/secure.gravatar.com\/avatar\/eeff3c82f2c02f7177d13663b7e6f890e9a6a0647ce9bb29cae02dcb094c7312?s=96&d=mm&r=g\",\"contentUrl\":\"https:\/\/secure.gravatar.com\/avatar\/eeff3c82f2c02f7177d13663b7e6f890e9a6a0647ce9bb29cae02dcb094c7312?s=96&d=mm&r=g\",\"caption\":\"webman\"},\"url\":\"https:\/\/dev.explora.cl\/lagos\/author\/webman\/\"}]}<\/script>\n<!-- \/ Yoast SEO plugin. -->","yoast_head_json":{"title":"En Osorno el PAR EXPLORA Los Lagos dar\u00e1 inicio a la Semana de la Ciencia y Tecnolog\u00eda - Los Lagos","robots":{"index":"index","follow":"follow","max-snippet":"max-snippet:-1","max-image-preview":"max-image-preview:large","max-video-preview":"max-video-preview:-1"},"canonical":"https:\/\/dev.explora.cl\/lagos\/en-osorno-explora-los-lagos-dara-inicio-a-la-semana-de-la-ciencia-y-tecnologia\/","og_locale":"es_ES","og_type":"article","og_title":"En Osorno el PAR EXPLORA Los Lagos dar\u00e1 inicio a la Semana de la Ciencia y Tecnolog\u00eda - Los Lagos","og_description":"Con un \u00abShow de la Ciencia\u00bb en Osorno, el PAR EXPLORA Los Lagos, coordinado por la Universidad de Los Lagos, dar\u00e1 inicio a la XX Semana Nacional de la Ciencia y la Tecnolog\u00eda (SNCyT). La actividad se desarrollar\u00e1 este viernes 03 de octubre a las 10:30 horas en el Aula Magna \u00abEugenio Matus\u00bb de la [&hellip;]","og_url":"https:\/\/dev.explora.cl\/lagos\/en-osorno-explora-los-lagos-dara-inicio-a-la-semana-de-la-ciencia-y-tecnologia\/","og_site_name":"Los Lagos","article_published_time":"2014-10-02T04:00:00+00:00","article_modified_time":"2019-05-20T19:49:08+00:00","og_image":[{"width":1250,"height":1250,"url":"https:\/\/dev.explora.cl\/lagos\/wp-content\/uploads\/sites\/17\/2018\/06\/d9ea00cd3cf996dd26b72b097a7da9f0.jpg","type":"image\/jpeg"}],"author":"webman","twitter_card":"summary_large_image","twitter_misc":{"Escrito por":"webman","Tiempo de lectura":"2 minutos"},"schema":{"@context":"https:\/\/schema.org","@graph":[{"@type":"Article","@id":"https:\/\/dev.explora.cl\/lagos\/en-osorno-explora-los-lagos-dara-inicio-a-la-semana-de-la-ciencia-y-tecnologia\/#article","isPartOf":{"@id":"https:\/\/dev.explora.cl\/lagos\/en-osorno-explora-los-lagos-dara-inicio-a-la-semana-de-la-ciencia-y-tecnologia\/"},"author":{"name":"webman","@id":"https:\/\/dev.explora.cl\/lagos\/#\/schema\/person\/cb8349c13ea2d324080adf8480d7ba5d"},"headline":"En Osorno el PAR EXPLORA Los Lagos dar\u00e1 inicio a la Semana de la Ciencia y Tecnolog\u00eda","datePublished":"2014-10-02T04:00:00+00:00","dateModified":"2019-05-20T19:49:08+00:00","mainEntityOfPage":{"@id":"https:\/\/dev.explora.cl\/lagos\/en-osorno-explora-los-lagos-dara-inicio-a-la-semana-de-la-ciencia-y-tecnologia\/"},"wordCount":333,"commentCount":0,"image":{"@id":"https:\/\/dev.explora.cl\/lagos\/en-osorno-explora-los-lagos-dara-inicio-a-la-semana-de-la-ciencia-y-tecnologia\/#primaryimage"},"thumbnailUrl":"https:\/\/dev.explora.cl\/lagos\/wp-content\/uploads\/sites\/17\/2018\/06\/d9ea00cd3cf996dd26b72b097a7da9f0.jpg","articleSection":["Noticias"],"inLanguage":"es","potentialAction":[{"@type":"CommentAction","name":"Comment","target":["https:\/\/dev.explora.cl\/lagos\/en-osorno-explora-los-lagos-dara-inicio-a-la-semana-de-la-ciencia-y-tecnologia\/#respond"]}]},{"@type":"WebPage","@id":"https:\/\/dev.explora.cl\/lagos\/en-osorno-explora-los-lagos-dara-inicio-a-la-semana-de-la-ciencia-y-tecnologia\/","url":"https:\/\/dev.explora.cl\/lagos\/en-osorno-explora-los-lagos-dara-inicio-a-la-semana-de-la-ciencia-y-tecnologia\/","name":"En Osorno el PAR EXPLORA Los Lagos dar\u00e1 inicio a la Semana de la Ciencia y Tecnolog\u00eda - Los Lagos","isPartOf":{"@id":"https:\/\/dev.explora.cl\/lagos\/#website"},"primaryImageOfPage":{"@id":"https:\/\/dev.explora.cl\/lagos\/en-osorno-explora-los-lagos-dara-inicio-a-la-semana-de-la-ciencia-y-tecnologia\/#primaryimage"},"image":{"@id":"https:\/\/dev.explora.cl\/lagos\/en-osorno-explora-los-lagos-dara-inicio-a-la-semana-de-la-ciencia-y-tecnologia\/#primaryimage"},"thumbnailUrl":"https:\/\/dev.explora.cl\/lagos\/wp-content\/uploads\/sites\/17\/2018\/06\/d9ea00cd3cf996dd26b72b097a7da9f0.jpg","datePublished":"2014-10-02T04:00:00+00:00","dateModified":"2019-05-20T19:49:08+00:00","author":{"@id":"https:\/\/dev.explora.cl\/lagos\/#\/schema\/person\/cb8349c13ea2d324080adf8480d7ba5d"},"breadcrumb":{"@id":"https:\/\/dev.explora.cl\/lagos\/en-osorno-explora-los-lagos-dara-inicio-a-la-semana-de-la-ciencia-y-tecnologia\/#breadcrumb"},"inLanguage":"es","potentialAction":[{"@type":"ReadAction","target":["https:\/\/dev.explora.cl\/lagos\/en-osorno-explora-los-lagos-dara-inicio-a-la-semana-de-la-ciencia-y-tecnologia\/"]}]},{"@type":"ImageObject","inLanguage":"es","@id":"https:\/\/dev.explora.cl\/lagos\/en-osorno-explora-los-lagos-dara-inicio-a-la-semana-de-la-ciencia-y-tecnologia\/#primaryimage","url":"https:\/\/dev.explora.cl\/lagos\/wp-content\/uploads\/sites\/17\/2018\/06\/d9ea00cd3cf996dd26b72b097a7da9f0.jpg","contentUrl":"https:\/\/dev.explora.cl\/lagos\/wp-content\/uploads\/sites\/17\/2018\/06\/d9ea00cd3cf996dd26b72b097a7da9f0.jpg","width":1250,"height":1250},{"@type":"BreadcrumbList","@id":"https:\/\/dev.explora.cl\/lagos\/en-osorno-explora-los-lagos-dara-inicio-a-la-semana-de-la-ciencia-y-tecnologia\/#breadcrumb","itemListElement":[{"@type":"ListItem","position":1,"name":"Portada","item":"https:\/\/dev.explora.cl\/lagos\/"},{"@type":"ListItem","position":2,"name":"En Osorno el PAR EXPLORA Los Lagos dar\u00e1 inicio a la Semana de la Ciencia y Tecnolog\u00eda"}]},{"@type":"WebSite","@id":"https:\/\/dev.explora.cl\/lagos\/#website","url":"https:\/\/dev.explora.cl\/lagos\/","name":"Los Lagos","description":"Otro sitio m\u00e1s de dev.explora.cl","potentialAction":[{"@type":"SearchAction","target":{"@type":"EntryPoint","urlTemplate":"https:\/\/dev.explora.cl\/lagos\/?s={search_term_string}"},"query-input":{"@type":"PropertyValueSpecification","valueRequired":true,"valueName":"search_term_string"}}],"inLanguage":"es"},{"@type":"Person","@id":"https:\/\/dev.explora.cl\/lagos\/#\/schema\/person\/cb8349c13ea2d324080adf8480d7ba5d","name":"webman","image":{"@type":"ImageObject","inLanguage":"es","@id":"https:\/\/dev.explora.cl\/lagos\/#\/schema\/person\/image\/","url":"https:\/\/secure.gravatar.com\/avatar\/eeff3c82f2c02f7177d13663b7e6f890e9a6a0647ce9bb29cae02dcb094c7312?s=96&d=mm&r=g","contentUrl":"https:\/\/secure.gravatar.com\/avatar\/eeff3c82f2c02f7177d13663b7e6f890e9a6a0647ce9bb29cae02dcb094c7312?s=96&d=mm&r=g","caption":"webman"},"url":"https:\/\/dev.explora.cl\/lagos\/author\/webman\/"}]}},"_links":{"self":[{"href":"https:\/\/dev.explora.cl\/lagos\/wp-json\/wp\/v2\/posts\/1098","targetHints":{"allow":["GET"]}}],"collection":[{"href":"https:\/\/dev.explora.cl\/lagos\/wp-json\/wp\/v2\/posts"}],"about":[{"href":"https:\/\/dev.explora.cl\/lagos\/wp-json\/wp\/v2\/types\/post"}],"author":[{"embeddable":true,"href":"https:\/\/dev.explora.cl\/lagos\/wp-json\/wp\/v2\/users\/2"}],"replies":[{"embeddable":true,"href":"https:\/\/dev.explora.cl\/lagos\/wp-json\/wp\/v2\/comments?post=1098"}],"version-history":[{"count":1,"href":"https:\/\/dev.explora.cl\/lagos\/wp-json\/wp\/v2\/posts\/1098\/revisions"}],"predecessor-version":[{"id":38299,"href":"https:\/\/dev.explora.cl\/lagos\/wp-json\/wp\/v2\/posts\/1098\/revisions\/38299"}],"wp:featuredmedia":[{"embeddable":true,"href":"https:\/\/dev.explora.cl\/lagos\/wp-json\/wp\/v2\/media\/1099"}],"wp:attachment":[{"href":"https:\/\/dev.explora.cl\/lagos\/wp-json\/wp\/v2\/media?parent=1098"}],"wp:term":[{"taxonomy":"category","embeddable":true,"href":"https:\/\/dev.explora.cl\/lagos\/wp-json\/wp\/v2\/categories?post=1098"},{"taxonomy":"post_tag","embeddable":true,"href":"https:\/\/dev.explora.cl\/lagos\/wp-json\/wp\/v2\/tags?post=1098"}],"curies":[{"name":"wp","href":"https:\/\/api.w.org\/{rel}","templated":true}]}}