{"id":1095,"date":"2014-10-02T00:00:00","date_gmt":"2014-10-02T04:00:00","guid":{"rendered":"http:\/\/ec2-34-219-152-79.us-west-2.compute.amazonaws.com\/lagos\/blog\/2014\/10\/02\/establecimientos-de-quellon-y-fresia-ganan-concurso-regional-de-video\/"},"modified":"2019-05-20T19:49:08","modified_gmt":"2019-05-20T19:49:08","slug":"establecimientos-de-quellon-y-fresia-ganan-concurso-regional-de-video","status":"publish","type":"post","link":"https:\/\/dev.explora.cl\/lagos\/establecimientos-de-quellon-y-fresia-ganan-concurso-regional-de-video\/","title":{"rendered":"Establecimientos de Quell\u00f3n y Fresia ganan Concurso Regional de Video"},"content":{"rendered":"<p><img loading=\"lazy\" decoding=\"async\" class=\" size-full wp-image-5808\" src=\"http:\/\/ec2-34-218-253-251.us-west-2.compute.amazonaws.com\/wp-content\/uploads\/2014\/10\/9ecbf1c8c26bc12f97f68f11d069a26f.jpg\" alt=\"\" width=\"2953\" height=\"2472\" \/><\/p>\n<p style=\"text-align: justify\">El PAR EXPLORA Los Lagos y el Departamento de Televisi\u00f3n Cultural y Educativa del Consejo Nacional de Televisi\u00f3n (CNTV), destacaron a los mejores videos participantes en el primer Concurso Regional de Video \u00abLenguaje audiovisual al servicio de la ciencia\u00bb.<\/p>\n<p style=\"text-align: justify\">La iniciativa tuvo como finalidad fomentar la producci\u00f3n audiovisual educativa, adem\u00e1s de la reflexi\u00f3n hacia la investigaci\u00f3n cient\u00edfica, el trabajo en grupo y la identidad local.<\/p>\n<p style=\"text-align: justify\">Un total de catorce videos participaron de esta actividad en representaci\u00f3n de las provincias de Osorno, Llanquihue y Chilo\u00e9, los que fueron evaluados por un jurado compuesto por profesionales del PAR EXPLORA Los Lagos, el Departamento de Televisi\u00f3n Cultural y Educativa del Consejo Nacional de Televisi\u00f3n y el Canal VerdeCerca.<\/p>\n<p style=\"text-align: justify\">Alicia Navarro, Encargada de Gesti\u00f3n Territorial del Departamento de Televisi\u00f3n Cultural y Educativa del CNTV, se\u00f1al\u00f3 que \u00abesta iniciativa es fundamental para incentivar a los profesores y alumnos a realizar peque\u00f1os cortometrajes y acercarse de manera l\u00fadica a la tecnolog\u00eda imperante\u00bb.<\/p>\n<p style=\"text-align: justify\"><img decoding=\"async\" class=\" alignleft size-full wp-image-5809\" src=\"http:\/\/ec2-34-218-253-251.us-west-2.compute.amazonaws.com\/wp-content\/uploads\/2014\/10\/DSC_0211.JPG\" border=\"0\" width=\"400\" style=\"float: left;margin: 5px 10px\" \/>Por su parte, Marcos Hern\u00e1ndez, Director del PAR EXPLORA Los Lagos, destac\u00f3 la actividad indicando que \u00abestamos muy contentos con el resultado, ya que en este primer concurso de video tuvimos una masiva participaci\u00f3n y m\u00e1s de dos mil 500 visitas a nuestro canal de Youtube ExploraLosLagos2013, lo que demuestra el inter\u00e9s de la comunidad en participar en este tipo de iniciativas cient\u00edficas y tecnol\u00f3gicas\u00bb, recalc\u00f3.<\/p>\n<p style=\"text-align: justify\">El primer lugar fue para la Escuela B\u00e1sica Sector Oriente de Quell\u00f3n, con el video \u00abProblemas en mi sala\u00bb, el que retrata el trabajo en equipo para encontrar una soluci\u00f3n tecnol\u00f3gica y mejorar el aprendizaje dentro del aula.<\/p>\n<p style=\"text-align: justify\">El video de la Escuela B\u00e1sica Fresia fue el que consigui\u00f3 la mayor cantidad de \u00abLike\u00bb en el Canal de Youtube del PAR EXPLORA Los Lagos. El clip \u00abLa tecnolog\u00eda nos cambia la vida\u00bb, abord\u00f3 la importancia de los objetos tecnol\u00f3gicos y redes sociales que utilizan los alumnos diariamente.<\/p>\n<p style=\"text-align: justify\">Los premios para los primeros lugares consistieron en una Tablet para cada integrante del equipo, gentileza del PAR EXPLORA Los Lagos. Adem\u00e1s, la Escuela Antukau de Castro, obtuvo una menci\u00f3n honrosa consistente en un kit Explora.<\/p>\n<p><a href=\"https:\/\/www.facebook.com\/explora.loslagos\/media_set?set=a.532938860171562.1073741887.100003663580556&amp;type=1\">Revisa nuestra Galer\u00eda de Fotos<\/a><\/p>\n","protected":false},"excerpt":{"rendered":"<p>El PAR EXPLORA Los Lagos y el Departamento de Televisi\u00f3n Cultural y Educativa del Consejo Nacional de Televisi\u00f3n (CNTV), destacaron a los mejores videos participantes en el primer Concurso Regional de Video \u00abLenguaje audiovisual al servicio de la ciencia\u00bb. La iniciativa tuvo como finalidad fomentar la producci\u00f3n audiovisual educativa, adem\u00e1s de la reflexi\u00f3n hacia la [&hellip;]<\/p>\n","protected":false},"author":2,"featured_media":1096,"comment_status":"open","ping_status":"open","sticky":false,"template":"","format":"standard","meta":{"_acf_changed":false,"_exactmetrics_skip_tracking":false,"_exactmetrics_sitenote_active":false,"_exactmetrics_sitenote_note":"","_exactmetrics_sitenote_category":0,"footnotes":"","_links_to":"","_links_to_target":""},"categories":[4],"tags":[],"class_list":["post-1095","post","type-post","status-publish","format-standard","has-post-thumbnail","hentry","category-noticias"],"acf":[],"yoast_head":"<!-- This site is optimized with the Yoast SEO plugin v26.7 - https:\/\/yoast.com\/wordpress\/plugins\/seo\/ -->\n<title>Establecimientos de Quell\u00f3n y Fresia ganan Concurso Regional de Video - Los Lagos<\/title>\n<meta name=\"robots\" content=\"index, follow, max-snippet:-1, max-image-preview:large, max-video-preview:-1\" \/>\n<link rel=\"canonical\" href=\"https:\/\/dev.explora.cl\/lagos\/establecimientos-de-quellon-y-fresia-ganan-concurso-regional-de-video\/\" class=\"yoast-seo-meta-tag\" \/>\n<meta property=\"og:locale\" content=\"es_ES\" class=\"yoast-seo-meta-tag\" \/>\n<meta property=\"og:type\" content=\"article\" class=\"yoast-seo-meta-tag\" \/>\n<meta property=\"og:title\" content=\"Establecimientos de Quell\u00f3n y Fresia ganan Concurso Regional de Video - Los Lagos\" class=\"yoast-seo-meta-tag\" \/>\n<meta property=\"og:description\" content=\"El PAR EXPLORA Los Lagos y el Departamento de Televisi\u00f3n Cultural y Educativa del Consejo Nacional de Televisi\u00f3n (CNTV), destacaron a los mejores videos participantes en el primer Concurso Regional de Video \u00abLenguaje audiovisual al servicio de la ciencia\u00bb. La iniciativa tuvo como finalidad fomentar la producci\u00f3n audiovisual educativa, adem\u00e1s de la reflexi\u00f3n hacia la [&hellip;]\" class=\"yoast-seo-meta-tag\" \/>\n<meta property=\"og:url\" content=\"https:\/\/dev.explora.cl\/lagos\/establecimientos-de-quellon-y-fresia-ganan-concurso-regional-de-video\/\" class=\"yoast-seo-meta-tag\" \/>\n<meta property=\"og:site_name\" content=\"Los Lagos\" class=\"yoast-seo-meta-tag\" \/>\n<meta property=\"article:published_time\" content=\"2014-10-02T04:00:00+00:00\" class=\"yoast-seo-meta-tag\" \/>\n<meta property=\"article:modified_time\" content=\"2019-05-20T19:49:08+00:00\" class=\"yoast-seo-meta-tag\" \/>\n<meta property=\"og:image\" content=\"https:\/\/dev.explora.cl\/lagos\/wp-content\/uploads\/sites\/17\/2018\/06\/9ecbf1c8c26bc12f97f68f11d069a26f-1024x857.jpg\" class=\"yoast-seo-meta-tag\" \/>\n\t<meta property=\"og:image:width\" content=\"1024\" class=\"yoast-seo-meta-tag\" \/>\n\t<meta property=\"og:image:height\" content=\"857\" class=\"yoast-seo-meta-tag\" \/>\n\t<meta property=\"og:image:type\" content=\"image\/jpeg\" class=\"yoast-seo-meta-tag\" \/>\n<meta name=\"author\" content=\"webman\" class=\"yoast-seo-meta-tag\" \/>\n<meta name=\"twitter:card\" content=\"summary_large_image\" class=\"yoast-seo-meta-tag\" \/>\n<meta name=\"twitter:label1\" content=\"Escrito por\" class=\"yoast-seo-meta-tag\" \/>\n\t<meta name=\"twitter:data1\" content=\"webman\" class=\"yoast-seo-meta-tag\" \/>\n\t<meta name=\"twitter:label2\" content=\"Tiempo de lectura\" class=\"yoast-seo-meta-tag\" \/>\n\t<meta name=\"twitter:data2\" content=\"2 minutos\" class=\"yoast-seo-meta-tag\" \/>\n<script type=\"application\/ld+json\" class=\"yoast-schema-graph\">{\"@context\":\"https:\/\/schema.org\",\"@graph\":[{\"@type\":\"Article\",\"@id\":\"https:\/\/dev.explora.cl\/lagos\/establecimientos-de-quellon-y-fresia-ganan-concurso-regional-de-video\/#article\",\"isPartOf\":{\"@id\":\"https:\/\/dev.explora.cl\/lagos\/establecimientos-de-quellon-y-fresia-ganan-concurso-regional-de-video\/\"},\"author\":{\"name\":\"webman\",\"@id\":\"https:\/\/dev.explora.cl\/lagos\/#\/schema\/person\/cb8349c13ea2d324080adf8480d7ba5d\"},\"headline\":\"Establecimientos de Quell\u00f3n y Fresia ganan Concurso Regional de Video\",\"datePublished\":\"2014-10-02T04:00:00+00:00\",\"dateModified\":\"2019-05-20T19:49:08+00:00\",\"mainEntityOfPage\":{\"@id\":\"https:\/\/dev.explora.cl\/lagos\/establecimientos-de-quellon-y-fresia-ganan-concurso-regional-de-video\/\"},\"wordCount\":392,\"commentCount\":0,\"image\":{\"@id\":\"https:\/\/dev.explora.cl\/lagos\/establecimientos-de-quellon-y-fresia-ganan-concurso-regional-de-video\/#primaryimage\"},\"thumbnailUrl\":\"https:\/\/dev.explora.cl\/lagos\/wp-content\/uploads\/sites\/17\/2018\/06\/9ecbf1c8c26bc12f97f68f11d069a26f.jpg\",\"articleSection\":[\"Noticias\"],\"inLanguage\":\"es\",\"potentialAction\":[{\"@type\":\"CommentAction\",\"name\":\"Comment\",\"target\":[\"https:\/\/dev.explora.cl\/lagos\/establecimientos-de-quellon-y-fresia-ganan-concurso-regional-de-video\/#respond\"]}]},{\"@type\":\"WebPage\",\"@id\":\"https:\/\/dev.explora.cl\/lagos\/establecimientos-de-quellon-y-fresia-ganan-concurso-regional-de-video\/\",\"url\":\"https:\/\/dev.explora.cl\/lagos\/establecimientos-de-quellon-y-fresia-ganan-concurso-regional-de-video\/\",\"name\":\"Establecimientos de Quell\u00f3n y Fresia ganan Concurso Regional de Video - Los Lagos\",\"isPartOf\":{\"@id\":\"https:\/\/dev.explora.cl\/lagos\/#website\"},\"primaryImageOfPage\":{\"@id\":\"https:\/\/dev.explora.cl\/lagos\/establecimientos-de-quellon-y-fresia-ganan-concurso-regional-de-video\/#primaryimage\"},\"image\":{\"@id\":\"https:\/\/dev.explora.cl\/lagos\/establecimientos-de-quellon-y-fresia-ganan-concurso-regional-de-video\/#primaryimage\"},\"thumbnailUrl\":\"https:\/\/dev.explora.cl\/lagos\/wp-content\/uploads\/sites\/17\/2018\/06\/9ecbf1c8c26bc12f97f68f11d069a26f.jpg\",\"datePublished\":\"2014-10-02T04:00:00+00:00\",\"dateModified\":\"2019-05-20T19:49:08+00:00\",\"author\":{\"@id\":\"https:\/\/dev.explora.cl\/lagos\/#\/schema\/person\/cb8349c13ea2d324080adf8480d7ba5d\"},\"breadcrumb\":{\"@id\":\"https:\/\/dev.explora.cl\/lagos\/establecimientos-de-quellon-y-fresia-ganan-concurso-regional-de-video\/#breadcrumb\"},\"inLanguage\":\"es\",\"potentialAction\":[{\"@type\":\"ReadAction\",\"target\":[\"https:\/\/dev.explora.cl\/lagos\/establecimientos-de-quellon-y-fresia-ganan-concurso-regional-de-video\/\"]}]},{\"@type\":\"ImageObject\",\"inLanguage\":\"es\",\"@id\":\"https:\/\/dev.explora.cl\/lagos\/establecimientos-de-quellon-y-fresia-ganan-concurso-regional-de-video\/#primaryimage\",\"url\":\"https:\/\/dev.explora.cl\/lagos\/wp-content\/uploads\/sites\/17\/2018\/06\/9ecbf1c8c26bc12f97f68f11d069a26f.jpg\",\"contentUrl\":\"https:\/\/dev.explora.cl\/lagos\/wp-content\/uploads\/sites\/17\/2018\/06\/9ecbf1c8c26bc12f97f68f11d069a26f.jpg\",\"width\":2953,\"height\":2472},{\"@type\":\"BreadcrumbList\",\"@id\":\"https:\/\/dev.explora.cl\/lagos\/establecimientos-de-quellon-y-fresia-ganan-concurso-regional-de-video\/#breadcrumb\",\"itemListElement\":[{\"@type\":\"ListItem\",\"position\":1,\"name\":\"Portada\",\"item\":\"https:\/\/dev.explora.cl\/lagos\/\"},{\"@type\":\"ListItem\",\"position\":2,\"name\":\"Establecimientos de Quell\u00f3n y Fresia ganan Concurso Regional de Video\"}]},{\"@type\":\"WebSite\",\"@id\":\"https:\/\/dev.explora.cl\/lagos\/#website\",\"url\":\"https:\/\/dev.explora.cl\/lagos\/\",\"name\":\"Los Lagos\",\"description\":\"Otro sitio m\u00e1s de dev.explora.cl\",\"potentialAction\":[{\"@type\":\"SearchAction\",\"target\":{\"@type\":\"EntryPoint\",\"urlTemplate\":\"https:\/\/dev.explora.cl\/lagos\/?s={search_term_string}\"},\"query-input\":{\"@type\":\"PropertyValueSpecification\",\"valueRequired\":true,\"valueName\":\"search_term_string\"}}],\"inLanguage\":\"es\"},{\"@type\":\"Person\",\"@id\":\"https:\/\/dev.explora.cl\/lagos\/#\/schema\/person\/cb8349c13ea2d324080adf8480d7ba5d\",\"name\":\"webman\",\"image\":{\"@type\":\"ImageObject\",\"inLanguage\":\"es\",\"@id\":\"https:\/\/dev.explora.cl\/lagos\/#\/schema\/person\/image\/\",\"url\":\"https:\/\/secure.gravatar.com\/avatar\/eeff3c82f2c02f7177d13663b7e6f890e9a6a0647ce9bb29cae02dcb094c7312?s=96&d=mm&r=g\",\"contentUrl\":\"https:\/\/secure.gravatar.com\/avatar\/eeff3c82f2c02f7177d13663b7e6f890e9a6a0647ce9bb29cae02dcb094c7312?s=96&d=mm&r=g\",\"caption\":\"webman\"},\"url\":\"https:\/\/dev.explora.cl\/lagos\/author\/webman\/\"}]}<\/script>\n<!-- \/ Yoast SEO plugin. -->","yoast_head_json":{"title":"Establecimientos de Quell\u00f3n y Fresia ganan Concurso Regional de Video - Los Lagos","robots":{"index":"index","follow":"follow","max-snippet":"max-snippet:-1","max-image-preview":"max-image-preview:large","max-video-preview":"max-video-preview:-1"},"canonical":"https:\/\/dev.explora.cl\/lagos\/establecimientos-de-quellon-y-fresia-ganan-concurso-regional-de-video\/","og_locale":"es_ES","og_type":"article","og_title":"Establecimientos de Quell\u00f3n y Fresia ganan Concurso Regional de Video - Los Lagos","og_description":"El PAR EXPLORA Los Lagos y el Departamento de Televisi\u00f3n Cultural y Educativa del Consejo Nacional de Televisi\u00f3n (CNTV), destacaron a los mejores videos participantes en el primer Concurso Regional de Video \u00abLenguaje audiovisual al servicio de la ciencia\u00bb. La iniciativa tuvo como finalidad fomentar la producci\u00f3n audiovisual educativa, adem\u00e1s de la reflexi\u00f3n hacia la [&hellip;]","og_url":"https:\/\/dev.explora.cl\/lagos\/establecimientos-de-quellon-y-fresia-ganan-concurso-regional-de-video\/","og_site_name":"Los Lagos","article_published_time":"2014-10-02T04:00:00+00:00","article_modified_time":"2019-05-20T19:49:08+00:00","og_image":[{"width":1024,"height":857,"url":"https:\/\/dev.explora.cl\/lagos\/wp-content\/uploads\/sites\/17\/2018\/06\/9ecbf1c8c26bc12f97f68f11d069a26f-1024x857.jpg","type":"image\/jpeg"}],"author":"webman","twitter_card":"summary_large_image","twitter_misc":{"Escrito por":"webman","Tiempo de lectura":"2 minutos"},"schema":{"@context":"https:\/\/schema.org","@graph":[{"@type":"Article","@id":"https:\/\/dev.explora.cl\/lagos\/establecimientos-de-quellon-y-fresia-ganan-concurso-regional-de-video\/#article","isPartOf":{"@id":"https:\/\/dev.explora.cl\/lagos\/establecimientos-de-quellon-y-fresia-ganan-concurso-regional-de-video\/"},"author":{"name":"webman","@id":"https:\/\/dev.explora.cl\/lagos\/#\/schema\/person\/cb8349c13ea2d324080adf8480d7ba5d"},"headline":"Establecimientos de Quell\u00f3n y Fresia ganan Concurso Regional de Video","datePublished":"2014-10-02T04:00:00+00:00","dateModified":"2019-05-20T19:49:08+00:00","mainEntityOfPage":{"@id":"https:\/\/dev.explora.cl\/lagos\/establecimientos-de-quellon-y-fresia-ganan-concurso-regional-de-video\/"},"wordCount":392,"commentCount":0,"image":{"@id":"https:\/\/dev.explora.cl\/lagos\/establecimientos-de-quellon-y-fresia-ganan-concurso-regional-de-video\/#primaryimage"},"thumbnailUrl":"https:\/\/dev.explora.cl\/lagos\/wp-content\/uploads\/sites\/17\/2018\/06\/9ecbf1c8c26bc12f97f68f11d069a26f.jpg","articleSection":["Noticias"],"inLanguage":"es","potentialAction":[{"@type":"CommentAction","name":"Comment","target":["https:\/\/dev.explora.cl\/lagos\/establecimientos-de-quellon-y-fresia-ganan-concurso-regional-de-video\/#respond"]}]},{"@type":"WebPage","@id":"https:\/\/dev.explora.cl\/lagos\/establecimientos-de-quellon-y-fresia-ganan-concurso-regional-de-video\/","url":"https:\/\/dev.explora.cl\/lagos\/establecimientos-de-quellon-y-fresia-ganan-concurso-regional-de-video\/","name":"Establecimientos de Quell\u00f3n y Fresia ganan Concurso Regional de Video - Los Lagos","isPartOf":{"@id":"https:\/\/dev.explora.cl\/lagos\/#website"},"primaryImageOfPage":{"@id":"https:\/\/dev.explora.cl\/lagos\/establecimientos-de-quellon-y-fresia-ganan-concurso-regional-de-video\/#primaryimage"},"image":{"@id":"https:\/\/dev.explora.cl\/lagos\/establecimientos-de-quellon-y-fresia-ganan-concurso-regional-de-video\/#primaryimage"},"thumbnailUrl":"https:\/\/dev.explora.cl\/lagos\/wp-content\/uploads\/sites\/17\/2018\/06\/9ecbf1c8c26bc12f97f68f11d069a26f.jpg","datePublished":"2014-10-02T04:00:00+00:00","dateModified":"2019-05-20T19:49:08+00:00","author":{"@id":"https:\/\/dev.explora.cl\/lagos\/#\/schema\/person\/cb8349c13ea2d324080adf8480d7ba5d"},"breadcrumb":{"@id":"https:\/\/dev.explora.cl\/lagos\/establecimientos-de-quellon-y-fresia-ganan-concurso-regional-de-video\/#breadcrumb"},"inLanguage":"es","potentialAction":[{"@type":"ReadAction","target":["https:\/\/dev.explora.cl\/lagos\/establecimientos-de-quellon-y-fresia-ganan-concurso-regional-de-video\/"]}]},{"@type":"ImageObject","inLanguage":"es","@id":"https:\/\/dev.explora.cl\/lagos\/establecimientos-de-quellon-y-fresia-ganan-concurso-regional-de-video\/#primaryimage","url":"https:\/\/dev.explora.cl\/lagos\/wp-content\/uploads\/sites\/17\/2018\/06\/9ecbf1c8c26bc12f97f68f11d069a26f.jpg","contentUrl":"https:\/\/dev.explora.cl\/lagos\/wp-content\/uploads\/sites\/17\/2018\/06\/9ecbf1c8c26bc12f97f68f11d069a26f.jpg","width":2953,"height":2472},{"@type":"BreadcrumbList","@id":"https:\/\/dev.explora.cl\/lagos\/establecimientos-de-quellon-y-fresia-ganan-concurso-regional-de-video\/#breadcrumb","itemListElement":[{"@type":"ListItem","position":1,"name":"Portada","item":"https:\/\/dev.explora.cl\/lagos\/"},{"@type":"ListItem","position":2,"name":"Establecimientos de Quell\u00f3n y Fresia ganan Concurso Regional de Video"}]},{"@type":"WebSite","@id":"https:\/\/dev.explora.cl\/lagos\/#website","url":"https:\/\/dev.explora.cl\/lagos\/","name":"Los Lagos","description":"Otro sitio m\u00e1s de dev.explora.cl","potentialAction":[{"@type":"SearchAction","target":{"@type":"EntryPoint","urlTemplate":"https:\/\/dev.explora.cl\/lagos\/?s={search_term_string}"},"query-input":{"@type":"PropertyValueSpecification","valueRequired":true,"valueName":"search_term_string"}}],"inLanguage":"es"},{"@type":"Person","@id":"https:\/\/dev.explora.cl\/lagos\/#\/schema\/person\/cb8349c13ea2d324080adf8480d7ba5d","name":"webman","image":{"@type":"ImageObject","inLanguage":"es","@id":"https:\/\/dev.explora.cl\/lagos\/#\/schema\/person\/image\/","url":"https:\/\/secure.gravatar.com\/avatar\/eeff3c82f2c02f7177d13663b7e6f890e9a6a0647ce9bb29cae02dcb094c7312?s=96&d=mm&r=g","contentUrl":"https:\/\/secure.gravatar.com\/avatar\/eeff3c82f2c02f7177d13663b7e6f890e9a6a0647ce9bb29cae02dcb094c7312?s=96&d=mm&r=g","caption":"webman"},"url":"https:\/\/dev.explora.cl\/lagos\/author\/webman\/"}]}},"_links":{"self":[{"href":"https:\/\/dev.explora.cl\/lagos\/wp-json\/wp\/v2\/posts\/1095","targetHints":{"allow":["GET"]}}],"collection":[{"href":"https:\/\/dev.explora.cl\/lagos\/wp-json\/wp\/v2\/posts"}],"about":[{"href":"https:\/\/dev.explora.cl\/lagos\/wp-json\/wp\/v2\/types\/post"}],"author":[{"embeddable":true,"href":"https:\/\/dev.explora.cl\/lagos\/wp-json\/wp\/v2\/users\/2"}],"replies":[{"embeddable":true,"href":"https:\/\/dev.explora.cl\/lagos\/wp-json\/wp\/v2\/comments?post=1095"}],"version-history":[{"count":1,"href":"https:\/\/dev.explora.cl\/lagos\/wp-json\/wp\/v2\/posts\/1095\/revisions"}],"predecessor-version":[{"id":38298,"href":"https:\/\/dev.explora.cl\/lagos\/wp-json\/wp\/v2\/posts\/1095\/revisions\/38298"}],"wp:featuredmedia":[{"embeddable":true,"href":"https:\/\/dev.explora.cl\/lagos\/wp-json\/wp\/v2\/media\/1096"}],"wp:attachment":[{"href":"https:\/\/dev.explora.cl\/lagos\/wp-json\/wp\/v2\/media?parent=1095"}],"wp:term":[{"taxonomy":"category","embeddable":true,"href":"https:\/\/dev.explora.cl\/lagos\/wp-json\/wp\/v2\/categories?post=1095"},{"taxonomy":"post_tag","embeddable":true,"href":"https:\/\/dev.explora.cl\/lagos\/wp-json\/wp\/v2\/tags?post=1095"}],"curies":[{"name":"wp","href":"https:\/\/api.w.org\/{rel}","templated":true}]}}