{"id":1089,"date":"2014-09-29T00:00:00","date_gmt":"2014-09-29T04:00:00","guid":{"rendered":"http:\/\/ec2-34-219-152-79.us-west-2.compute.amazonaws.com\/lagos\/blog\/2014\/09\/29\/cuento-emilio-el-pingueino-se-presento-en-jardines-infantiles-de-chiloe\/"},"modified":"2019-05-20T19:49:11","modified_gmt":"2019-05-20T19:49:11","slug":"cuento-emilio-el-pingueino-se-presento-en-jardines-infantiles-de-chiloe","status":"publish","type":"post","link":"https:\/\/dev.explora.cl\/lagos\/cuento-emilio-el-pingueino-se-presento-en-jardines-infantiles-de-chiloe\/","title":{"rendered":"Cuento \u201cEmilio, el ping\u00fcino\u201d se present\u00f3 en jardines infantiles de Chilo\u00e9"},"content":{"rendered":"<p><img loading=\"lazy\" decoding=\"async\" class=\" size-full wp-image-5724\" src=\"http:\/\/ec2-34-218-253-251.us-west-2.compute.amazonaws.com\/wp-content\/uploads\/2014\/09\/21f17c9e863ce68047046a2d88bbdae5.jpg\" alt=\"\" width=\"1417\" height=\"1063\" \/><\/p>\n<p style=\"text-align: justify\">Con el objetivo de contribuir a la creaci\u00f3n de una cultura cient\u00edfica y tecnol\u00f3gica en la comunidad, y acercar a los ni\u00f1os m\u00e1s peque\u00f1os a estas tem\u00e1ticas, el PAR EXPLORA Los Lagos, coordinado por la Universidad de Los Lagos, present\u00f3 el cuenta cuento \u00abEmilio, el ping\u00fcino\u00bb en diversas comunas de Chilo\u00e9.<\/p>\n<p style=\"text-align: justify\">La actividad se desarroll\u00f3 en los jardines infantiles de Integra \u00abGabriela Mistral\u00bb de Puqueld\u00f3n y \u00abEl Chavito\u00bb de Queilen. \u00abEmilio, el ping\u00fcino\u00bb se centra en la historia de un ping\u00fcino Magall\u00e1nico de nombre Emilio, que junto a su amigo Sim\u00f3n, un ping\u00fcino de Humboldt, vive interesantes aventuras en los islotes de Pu\u00f1ihuil, monumento natural ubicado en la costa de la comuna de Ancud.<\/p>\n<p style=\"text-align: justify\">La historia cuenta con la autor\u00eda de la profesora y encargada de Valoraci\u00f3n del PAR EXPLORA Los Lagos, Karina Bravo; la ilustraci\u00f3n y dise\u00f1o de Paola Bravo y la asesor\u00eda cient\u00edfica del Doctor en Ciencias Naturales Alejadro Simeone, Profesor Asociado del Departamento de Ecolog\u00eda y Biodiversidad de la Facultad de Ecolog\u00eda y Recursos Naturales de la Universidad Andr\u00e9s Bello.<\/p>\n<p style=\"text-align: justify\">Para acceder y descargar todos los contenidos elaborados por el PAR EXPLORA Los Lagos te invitamos a visitar <a href=\"lagos\">dev.explora.cl\/lagos<\/a><\/p>\n","protected":false},"excerpt":{"rendered":"<p>Con el objetivo de contribuir a la creaci\u00f3n de una cultura cient\u00edfica y tecnol\u00f3gica en la comunidad, y acercar a los ni\u00f1os m\u00e1s peque\u00f1os a estas tem\u00e1ticas, el PAR EXPLORA Los Lagos, coordinado por la Universidad de Los Lagos, present\u00f3 el cuenta cuento \u00abEmilio, el ping\u00fcino\u00bb en diversas comunas de Chilo\u00e9. La actividad se desarroll\u00f3 [&hellip;]<\/p>\n","protected":false},"author":2,"featured_media":1090,"comment_status":"open","ping_status":"open","sticky":false,"template":"","format":"standard","meta":{"_acf_changed":false,"_exactmetrics_skip_tracking":false,"_exactmetrics_sitenote_active":false,"_exactmetrics_sitenote_note":"","_exactmetrics_sitenote_category":0,"footnotes":"","_links_to":"","_links_to_target":""},"categories":[4],"tags":[],"class_list":["post-1089","post","type-post","status-publish","format-standard","has-post-thumbnail","hentry","category-noticias"],"acf":[],"yoast_head":"<!-- This site is optimized with the Yoast SEO plugin v26.7 - https:\/\/yoast.com\/wordpress\/plugins\/seo\/ -->\n<title>Cuento \u201cEmilio, el ping\u00fcino\u201d se present\u00f3 en jardines infantiles de Chilo\u00e9 - Los Lagos<\/title>\n<meta name=\"robots\" content=\"index, follow, max-snippet:-1, max-image-preview:large, max-video-preview:-1\" \/>\n<link rel=\"canonical\" href=\"https:\/\/dev.explora.cl\/lagos\/cuento-emilio-el-pingueino-se-presento-en-jardines-infantiles-de-chiloe\/\" class=\"yoast-seo-meta-tag\" \/>\n<meta property=\"og:locale\" content=\"es_ES\" class=\"yoast-seo-meta-tag\" \/>\n<meta property=\"og:type\" content=\"article\" class=\"yoast-seo-meta-tag\" \/>\n<meta property=\"og:title\" content=\"Cuento \u201cEmilio, el ping\u00fcino\u201d se present\u00f3 en jardines infantiles de Chilo\u00e9 - Los Lagos\" class=\"yoast-seo-meta-tag\" \/>\n<meta property=\"og:description\" content=\"Con el objetivo de contribuir a la creaci\u00f3n de una cultura cient\u00edfica y tecnol\u00f3gica en la comunidad, y acercar a los ni\u00f1os m\u00e1s peque\u00f1os a estas tem\u00e1ticas, el PAR EXPLORA Los Lagos, coordinado por la Universidad de Los Lagos, present\u00f3 el cuenta cuento \u00abEmilio, el ping\u00fcino\u00bb en diversas comunas de Chilo\u00e9. La actividad se desarroll\u00f3 [&hellip;]\" class=\"yoast-seo-meta-tag\" \/>\n<meta property=\"og:url\" content=\"https:\/\/dev.explora.cl\/lagos\/cuento-emilio-el-pingueino-se-presento-en-jardines-infantiles-de-chiloe\/\" class=\"yoast-seo-meta-tag\" \/>\n<meta property=\"og:site_name\" content=\"Los Lagos\" class=\"yoast-seo-meta-tag\" \/>\n<meta property=\"article:published_time\" content=\"2014-09-29T04:00:00+00:00\" class=\"yoast-seo-meta-tag\" \/>\n<meta property=\"article:modified_time\" content=\"2019-05-20T19:49:11+00:00\" class=\"yoast-seo-meta-tag\" \/>\n<meta property=\"og:image\" content=\"https:\/\/dev.explora.cl\/lagos\/wp-content\/uploads\/sites\/17\/2018\/06\/21f17c9e863ce68047046a2d88bbdae5.jpg\" class=\"yoast-seo-meta-tag\" \/>\n\t<meta property=\"og:image:width\" content=\"1417\" class=\"yoast-seo-meta-tag\" \/>\n\t<meta property=\"og:image:height\" content=\"1063\" class=\"yoast-seo-meta-tag\" \/>\n\t<meta property=\"og:image:type\" content=\"image\/jpeg\" class=\"yoast-seo-meta-tag\" \/>\n<meta name=\"author\" content=\"webman\" class=\"yoast-seo-meta-tag\" \/>\n<meta name=\"twitter:card\" content=\"summary_large_image\" class=\"yoast-seo-meta-tag\" \/>\n<meta name=\"twitter:label1\" content=\"Escrito por\" class=\"yoast-seo-meta-tag\" \/>\n\t<meta name=\"twitter:data1\" content=\"webman\" class=\"yoast-seo-meta-tag\" \/>\n\t<meta name=\"twitter:label2\" content=\"Tiempo de lectura\" class=\"yoast-seo-meta-tag\" \/>\n\t<meta name=\"twitter:data2\" content=\"1 minuto\" class=\"yoast-seo-meta-tag\" \/>\n<script type=\"application\/ld+json\" class=\"yoast-schema-graph\">{\"@context\":\"https:\/\/schema.org\",\"@graph\":[{\"@type\":\"Article\",\"@id\":\"https:\/\/dev.explora.cl\/lagos\/cuento-emilio-el-pingueino-se-presento-en-jardines-infantiles-de-chiloe\/#article\",\"isPartOf\":{\"@id\":\"https:\/\/dev.explora.cl\/lagos\/cuento-emilio-el-pingueino-se-presento-en-jardines-infantiles-de-chiloe\/\"},\"author\":{\"name\":\"webman\",\"@id\":\"https:\/\/dev.explora.cl\/lagos\/#\/schema\/person\/cb8349c13ea2d324080adf8480d7ba5d\"},\"headline\":\"Cuento \u201cEmilio, el ping\u00fcino\u201d se present\u00f3 en jardines infantiles de Chilo\u00e9\",\"datePublished\":\"2014-09-29T04:00:00+00:00\",\"dateModified\":\"2019-05-20T19:49:11+00:00\",\"mainEntityOfPage\":{\"@id\":\"https:\/\/dev.explora.cl\/lagos\/cuento-emilio-el-pingueino-se-presento-en-jardines-infantiles-de-chiloe\/\"},\"wordCount\":231,\"commentCount\":0,\"image\":{\"@id\":\"https:\/\/dev.explora.cl\/lagos\/cuento-emilio-el-pingueino-se-presento-en-jardines-infantiles-de-chiloe\/#primaryimage\"},\"thumbnailUrl\":\"https:\/\/dev.explora.cl\/lagos\/wp-content\/uploads\/sites\/17\/2018\/06\/21f17c9e863ce68047046a2d88bbdae5.jpg\",\"articleSection\":[\"Noticias\"],\"inLanguage\":\"es\",\"potentialAction\":[{\"@type\":\"CommentAction\",\"name\":\"Comment\",\"target\":[\"https:\/\/dev.explora.cl\/lagos\/cuento-emilio-el-pingueino-se-presento-en-jardines-infantiles-de-chiloe\/#respond\"]}]},{\"@type\":\"WebPage\",\"@id\":\"https:\/\/dev.explora.cl\/lagos\/cuento-emilio-el-pingueino-se-presento-en-jardines-infantiles-de-chiloe\/\",\"url\":\"https:\/\/dev.explora.cl\/lagos\/cuento-emilio-el-pingueino-se-presento-en-jardines-infantiles-de-chiloe\/\",\"name\":\"Cuento \u201cEmilio, el ping\u00fcino\u201d se present\u00f3 en jardines infantiles de Chilo\u00e9 - Los Lagos\",\"isPartOf\":{\"@id\":\"https:\/\/dev.explora.cl\/lagos\/#website\"},\"primaryImageOfPage\":{\"@id\":\"https:\/\/dev.explora.cl\/lagos\/cuento-emilio-el-pingueino-se-presento-en-jardines-infantiles-de-chiloe\/#primaryimage\"},\"image\":{\"@id\":\"https:\/\/dev.explora.cl\/lagos\/cuento-emilio-el-pingueino-se-presento-en-jardines-infantiles-de-chiloe\/#primaryimage\"},\"thumbnailUrl\":\"https:\/\/dev.explora.cl\/lagos\/wp-content\/uploads\/sites\/17\/2018\/06\/21f17c9e863ce68047046a2d88bbdae5.jpg\",\"datePublished\":\"2014-09-29T04:00:00+00:00\",\"dateModified\":\"2019-05-20T19:49:11+00:00\",\"author\":{\"@id\":\"https:\/\/dev.explora.cl\/lagos\/#\/schema\/person\/cb8349c13ea2d324080adf8480d7ba5d\"},\"breadcrumb\":{\"@id\":\"https:\/\/dev.explora.cl\/lagos\/cuento-emilio-el-pingueino-se-presento-en-jardines-infantiles-de-chiloe\/#breadcrumb\"},\"inLanguage\":\"es\",\"potentialAction\":[{\"@type\":\"ReadAction\",\"target\":[\"https:\/\/dev.explora.cl\/lagos\/cuento-emilio-el-pingueino-se-presento-en-jardines-infantiles-de-chiloe\/\"]}]},{\"@type\":\"ImageObject\",\"inLanguage\":\"es\",\"@id\":\"https:\/\/dev.explora.cl\/lagos\/cuento-emilio-el-pingueino-se-presento-en-jardines-infantiles-de-chiloe\/#primaryimage\",\"url\":\"https:\/\/dev.explora.cl\/lagos\/wp-content\/uploads\/sites\/17\/2018\/06\/21f17c9e863ce68047046a2d88bbdae5.jpg\",\"contentUrl\":\"https:\/\/dev.explora.cl\/lagos\/wp-content\/uploads\/sites\/17\/2018\/06\/21f17c9e863ce68047046a2d88bbdae5.jpg\",\"width\":1417,\"height\":1063},{\"@type\":\"BreadcrumbList\",\"@id\":\"https:\/\/dev.explora.cl\/lagos\/cuento-emilio-el-pingueino-se-presento-en-jardines-infantiles-de-chiloe\/#breadcrumb\",\"itemListElement\":[{\"@type\":\"ListItem\",\"position\":1,\"name\":\"Portada\",\"item\":\"https:\/\/dev.explora.cl\/lagos\/\"},{\"@type\":\"ListItem\",\"position\":2,\"name\":\"Cuento \u201cEmilio, el ping\u00fcino\u201d se present\u00f3 en jardines infantiles de Chilo\u00e9\"}]},{\"@type\":\"WebSite\",\"@id\":\"https:\/\/dev.explora.cl\/lagos\/#website\",\"url\":\"https:\/\/dev.explora.cl\/lagos\/\",\"name\":\"Los Lagos\",\"description\":\"Otro sitio m\u00e1s de dev.explora.cl\",\"potentialAction\":[{\"@type\":\"SearchAction\",\"target\":{\"@type\":\"EntryPoint\",\"urlTemplate\":\"https:\/\/dev.explora.cl\/lagos\/?s={search_term_string}\"},\"query-input\":{\"@type\":\"PropertyValueSpecification\",\"valueRequired\":true,\"valueName\":\"search_term_string\"}}],\"inLanguage\":\"es\"},{\"@type\":\"Person\",\"@id\":\"https:\/\/dev.explora.cl\/lagos\/#\/schema\/person\/cb8349c13ea2d324080adf8480d7ba5d\",\"name\":\"webman\",\"image\":{\"@type\":\"ImageObject\",\"inLanguage\":\"es\",\"@id\":\"https:\/\/dev.explora.cl\/lagos\/#\/schema\/person\/image\/\",\"url\":\"https:\/\/secure.gravatar.com\/avatar\/eeff3c82f2c02f7177d13663b7e6f890e9a6a0647ce9bb29cae02dcb094c7312?s=96&d=mm&r=g\",\"contentUrl\":\"https:\/\/secure.gravatar.com\/avatar\/eeff3c82f2c02f7177d13663b7e6f890e9a6a0647ce9bb29cae02dcb094c7312?s=96&d=mm&r=g\",\"caption\":\"webman\"},\"url\":\"https:\/\/dev.explora.cl\/lagos\/author\/webman\/\"}]}<\/script>\n<!-- \/ Yoast SEO plugin. -->","yoast_head_json":{"title":"Cuento \u201cEmilio, el ping\u00fcino\u201d se present\u00f3 en jardines infantiles de Chilo\u00e9 - Los Lagos","robots":{"index":"index","follow":"follow","max-snippet":"max-snippet:-1","max-image-preview":"max-image-preview:large","max-video-preview":"max-video-preview:-1"},"canonical":"https:\/\/dev.explora.cl\/lagos\/cuento-emilio-el-pingueino-se-presento-en-jardines-infantiles-de-chiloe\/","og_locale":"es_ES","og_type":"article","og_title":"Cuento \u201cEmilio, el ping\u00fcino\u201d se present\u00f3 en jardines infantiles de Chilo\u00e9 - Los Lagos","og_description":"Con el objetivo de contribuir a la creaci\u00f3n de una cultura cient\u00edfica y tecnol\u00f3gica en la comunidad, y acercar a los ni\u00f1os m\u00e1s peque\u00f1os a estas tem\u00e1ticas, el PAR EXPLORA Los Lagos, coordinado por la Universidad de Los Lagos, present\u00f3 el cuenta cuento \u00abEmilio, el ping\u00fcino\u00bb en diversas comunas de Chilo\u00e9. La actividad se desarroll\u00f3 [&hellip;]","og_url":"https:\/\/dev.explora.cl\/lagos\/cuento-emilio-el-pingueino-se-presento-en-jardines-infantiles-de-chiloe\/","og_site_name":"Los Lagos","article_published_time":"2014-09-29T04:00:00+00:00","article_modified_time":"2019-05-20T19:49:11+00:00","og_image":[{"width":1417,"height":1063,"url":"https:\/\/dev.explora.cl\/lagos\/wp-content\/uploads\/sites\/17\/2018\/06\/21f17c9e863ce68047046a2d88bbdae5.jpg","type":"image\/jpeg"}],"author":"webman","twitter_card":"summary_large_image","twitter_misc":{"Escrito por":"webman","Tiempo de lectura":"1 minuto"},"schema":{"@context":"https:\/\/schema.org","@graph":[{"@type":"Article","@id":"https:\/\/dev.explora.cl\/lagos\/cuento-emilio-el-pingueino-se-presento-en-jardines-infantiles-de-chiloe\/#article","isPartOf":{"@id":"https:\/\/dev.explora.cl\/lagos\/cuento-emilio-el-pingueino-se-presento-en-jardines-infantiles-de-chiloe\/"},"author":{"name":"webman","@id":"https:\/\/dev.explora.cl\/lagos\/#\/schema\/person\/cb8349c13ea2d324080adf8480d7ba5d"},"headline":"Cuento \u201cEmilio, el ping\u00fcino\u201d se present\u00f3 en jardines infantiles de Chilo\u00e9","datePublished":"2014-09-29T04:00:00+00:00","dateModified":"2019-05-20T19:49:11+00:00","mainEntityOfPage":{"@id":"https:\/\/dev.explora.cl\/lagos\/cuento-emilio-el-pingueino-se-presento-en-jardines-infantiles-de-chiloe\/"},"wordCount":231,"commentCount":0,"image":{"@id":"https:\/\/dev.explora.cl\/lagos\/cuento-emilio-el-pingueino-se-presento-en-jardines-infantiles-de-chiloe\/#primaryimage"},"thumbnailUrl":"https:\/\/dev.explora.cl\/lagos\/wp-content\/uploads\/sites\/17\/2018\/06\/21f17c9e863ce68047046a2d88bbdae5.jpg","articleSection":["Noticias"],"inLanguage":"es","potentialAction":[{"@type":"CommentAction","name":"Comment","target":["https:\/\/dev.explora.cl\/lagos\/cuento-emilio-el-pingueino-se-presento-en-jardines-infantiles-de-chiloe\/#respond"]}]},{"@type":"WebPage","@id":"https:\/\/dev.explora.cl\/lagos\/cuento-emilio-el-pingueino-se-presento-en-jardines-infantiles-de-chiloe\/","url":"https:\/\/dev.explora.cl\/lagos\/cuento-emilio-el-pingueino-se-presento-en-jardines-infantiles-de-chiloe\/","name":"Cuento \u201cEmilio, el ping\u00fcino\u201d se present\u00f3 en jardines infantiles de Chilo\u00e9 - Los Lagos","isPartOf":{"@id":"https:\/\/dev.explora.cl\/lagos\/#website"},"primaryImageOfPage":{"@id":"https:\/\/dev.explora.cl\/lagos\/cuento-emilio-el-pingueino-se-presento-en-jardines-infantiles-de-chiloe\/#primaryimage"},"image":{"@id":"https:\/\/dev.explora.cl\/lagos\/cuento-emilio-el-pingueino-se-presento-en-jardines-infantiles-de-chiloe\/#primaryimage"},"thumbnailUrl":"https:\/\/dev.explora.cl\/lagos\/wp-content\/uploads\/sites\/17\/2018\/06\/21f17c9e863ce68047046a2d88bbdae5.jpg","datePublished":"2014-09-29T04:00:00+00:00","dateModified":"2019-05-20T19:49:11+00:00","author":{"@id":"https:\/\/dev.explora.cl\/lagos\/#\/schema\/person\/cb8349c13ea2d324080adf8480d7ba5d"},"breadcrumb":{"@id":"https:\/\/dev.explora.cl\/lagos\/cuento-emilio-el-pingueino-se-presento-en-jardines-infantiles-de-chiloe\/#breadcrumb"},"inLanguage":"es","potentialAction":[{"@type":"ReadAction","target":["https:\/\/dev.explora.cl\/lagos\/cuento-emilio-el-pingueino-se-presento-en-jardines-infantiles-de-chiloe\/"]}]},{"@type":"ImageObject","inLanguage":"es","@id":"https:\/\/dev.explora.cl\/lagos\/cuento-emilio-el-pingueino-se-presento-en-jardines-infantiles-de-chiloe\/#primaryimage","url":"https:\/\/dev.explora.cl\/lagos\/wp-content\/uploads\/sites\/17\/2018\/06\/21f17c9e863ce68047046a2d88bbdae5.jpg","contentUrl":"https:\/\/dev.explora.cl\/lagos\/wp-content\/uploads\/sites\/17\/2018\/06\/21f17c9e863ce68047046a2d88bbdae5.jpg","width":1417,"height":1063},{"@type":"BreadcrumbList","@id":"https:\/\/dev.explora.cl\/lagos\/cuento-emilio-el-pingueino-se-presento-en-jardines-infantiles-de-chiloe\/#breadcrumb","itemListElement":[{"@type":"ListItem","position":1,"name":"Portada","item":"https:\/\/dev.explora.cl\/lagos\/"},{"@type":"ListItem","position":2,"name":"Cuento \u201cEmilio, el ping\u00fcino\u201d se present\u00f3 en jardines infantiles de Chilo\u00e9"}]},{"@type":"WebSite","@id":"https:\/\/dev.explora.cl\/lagos\/#website","url":"https:\/\/dev.explora.cl\/lagos\/","name":"Los Lagos","description":"Otro sitio m\u00e1s de dev.explora.cl","potentialAction":[{"@type":"SearchAction","target":{"@type":"EntryPoint","urlTemplate":"https:\/\/dev.explora.cl\/lagos\/?s={search_term_string}"},"query-input":{"@type":"PropertyValueSpecification","valueRequired":true,"valueName":"search_term_string"}}],"inLanguage":"es"},{"@type":"Person","@id":"https:\/\/dev.explora.cl\/lagos\/#\/schema\/person\/cb8349c13ea2d324080adf8480d7ba5d","name":"webman","image":{"@type":"ImageObject","inLanguage":"es","@id":"https:\/\/dev.explora.cl\/lagos\/#\/schema\/person\/image\/","url":"https:\/\/secure.gravatar.com\/avatar\/eeff3c82f2c02f7177d13663b7e6f890e9a6a0647ce9bb29cae02dcb094c7312?s=96&d=mm&r=g","contentUrl":"https:\/\/secure.gravatar.com\/avatar\/eeff3c82f2c02f7177d13663b7e6f890e9a6a0647ce9bb29cae02dcb094c7312?s=96&d=mm&r=g","caption":"webman"},"url":"https:\/\/dev.explora.cl\/lagos\/author\/webman\/"}]}},"_links":{"self":[{"href":"https:\/\/dev.explora.cl\/lagos\/wp-json\/wp\/v2\/posts\/1089","targetHints":{"allow":["GET"]}}],"collection":[{"href":"https:\/\/dev.explora.cl\/lagos\/wp-json\/wp\/v2\/posts"}],"about":[{"href":"https:\/\/dev.explora.cl\/lagos\/wp-json\/wp\/v2\/types\/post"}],"author":[{"embeddable":true,"href":"https:\/\/dev.explora.cl\/lagos\/wp-json\/wp\/v2\/users\/2"}],"replies":[{"embeddable":true,"href":"https:\/\/dev.explora.cl\/lagos\/wp-json\/wp\/v2\/comments?post=1089"}],"version-history":[{"count":1,"href":"https:\/\/dev.explora.cl\/lagos\/wp-json\/wp\/v2\/posts\/1089\/revisions"}],"predecessor-version":[{"id":38302,"href":"https:\/\/dev.explora.cl\/lagos\/wp-json\/wp\/v2\/posts\/1089\/revisions\/38302"}],"wp:featuredmedia":[{"embeddable":true,"href":"https:\/\/dev.explora.cl\/lagos\/wp-json\/wp\/v2\/media\/1090"}],"wp:attachment":[{"href":"https:\/\/dev.explora.cl\/lagos\/wp-json\/wp\/v2\/media?parent=1089"}],"wp:term":[{"taxonomy":"category","embeddable":true,"href":"https:\/\/dev.explora.cl\/lagos\/wp-json\/wp\/v2\/categories?post=1089"},{"taxonomy":"post_tag","embeddable":true,"href":"https:\/\/dev.explora.cl\/lagos\/wp-json\/wp\/v2\/tags?post=1089"}],"curies":[{"name":"wp","href":"https:\/\/api.w.org\/{rel}","templated":true}]}}