{"id":1074,"date":"2014-09-26T00:00:00","date_gmt":"2014-09-26T04:00:00","guid":{"rendered":"http:\/\/ec2-34-219-152-79.us-west-2.compute.amazonaws.com\/lagos\/blog\/2014\/09\/26\/en-carelmapu-se-realizo-primera-feria-comunal-de-ciencia-y-tecnologia\/"},"modified":"2019-05-20T19:49:12","modified_gmt":"2019-05-20T19:49:12","slug":"en-carelmapu-se-realizo-primera-feria-comunal-de-ciencia-y-tecnologia","status":"publish","type":"post","link":"https:\/\/dev.explora.cl\/lagos\/en-carelmapu-se-realizo-primera-feria-comunal-de-ciencia-y-tecnologia\/","title":{"rendered":"En Carelmapu se realiz\u00f3 primera Feria Comunal de Ciencia y Tecnolog\u00eda"},"content":{"rendered":"<p><img loading=\"lazy\" decoding=\"async\" class=\" size-full wp-image-5687\" src=\"http:\/\/ec2-34-218-253-251.us-west-2.compute.amazonaws.com\/wp-content\/uploads\/2014\/09\/2ffe471e04ba2bdce15b891edda74e34.jpg\" alt=\"\" width=\"2818\" height=\"2229\" \/><\/p>\n<p style=\"text-align: justify\">La Escuela Francisco Cort\u00e9s Ojeda de Carelmapu fue el escenario de la primera Feria Comunal Cient\u00edfica y Tecnol\u00f3gica Escolar apoyada por el PAR EXPLORA Los Lagos, coordinado por la ULagos. En la actividad se presentaron 32 proyectos cient\u00edficos pertenecientes a 10 establecimientos de la comuna de Maull\u00edn, Puerto Varas y Osorno.<\/p>\n<p style=\"text-align: justify\">En la oportunidad, los alumnos expusieron proyectos relacionados con diferentes ejes tem\u00e1ticos de la ciencia y la tecnolog\u00eda subdivididos en tres categor\u00edas: Pre B\u00e1sica a Cuarto B\u00e1sico; Quinto a Octavo y Ense\u00f1anza Media.<\/p>\n<p style=\"text-align: justify\">\u00abEste tipo de iniciativas nace con la idea de motivar y acercar a los j\u00f3venes de la regi\u00f3n a la ciencia. Siendo el principal objetivo que los alumnos, junto a sus equipos cient\u00edficos y profesores, den a conocer sus trabajos de investigaci\u00f3n a la comunidad\u00bb, indic\u00f3 el Director Ejecutivo del PAR EXPLORA Los Lagos, Marcos Hern\u00e1ndez.<\/p>\n<p style=\"text-align: justify\"><img decoding=\"async\" class=\" alignleft size-full wp-image-5688\" src=\"http:\/\/ec2-34-218-253-251.us-west-2.compute.amazonaws.com\/wp-content\/uploads\/2014\/09\/Feria-2.JPG\" border=\"0\" width=\"300\" style=\"float: left;margin: 5px 10px\" \/>Por su parte Pamela Haefner, Directora de la Escuela Francisco Cort\u00e9s Ojeda, destac\u00f3 que \u00abestamos muy contentos con la masiva participaci\u00f3n que hemos tenido en esta primera feria comunal. Nuestra idea es poder realizar esta actividad todos los a\u00f1os y ojal\u00e1 transformarla a futuro en una feria provincial\u00bb.<\/p>\n<p style=\"text-align: justify\">En la categor\u00eda de Preb\u00e1sica a Cuarto B\u00e1sico los alumnos de la Escuela Francisco Cort\u00e9s Ojeda de Carelmapu obtuvieron el primer lugar con su proyecto \u00abSemillas, Plantas y Agua\u00bb. El mejor proyecto de Quinto a Octavo fue \u00abEfecto del abono de tecas de pyura chilensis (piure) sobre el crecimiento de la lactuca sativa\u00bb (lechuga), iniciativa perteneciente tambi\u00e9n al establecimiento organizador.<\/p>\n<p style=\"text-align: justify\">En Ense\u00f1anza Media los alumnos del Liceo Francisco Vidal Gorm\u00e1z de Maull\u00edn se llevaron el primer lugar con el proyecto \u00abMantenci\u00f3n en cautiverio y alimentaci\u00f3n del camar\u00f3n de r\u00edo\u00bb.<\/p>\n<p style=\"text-align: justify\"><img decoding=\"async\" class=\" alignleft size-full wp-image-5689\" src=\"http:\/\/ec2-34-218-253-251.us-west-2.compute.amazonaws.com\/wp-content\/uploads\/2014\/09\/Angela.JPG\" border=\"0\" width=\"100\" style=\"float: left;margin: 5px\" \/><br \/>\u00c1ngela Pradines, alumna de Tercero B\u00e1sico de la Escuela Francisco Cort\u00e9s Ojeda de Carelmapu, nos comenta que \u00abesta feria fue muy entretenida, pude aprender nuevas cosas y conocer otros proyectos\u00bb.<\/p>\n<p><\/p>\n<p style=\"text-align: justify\"><img decoding=\"async\" class=\" alignleft size-full wp-image-5690\" src=\"http:\/\/ec2-34-218-253-251.us-west-2.compute.amazonaws.com\/wp-content\/uploads\/2014\/09\/Javiera.JPG\" border=\"0\" width=\"100\" style=\"float: left;margin: 5px\" \/><br \/>\u00abMe ha gustado mucho la actividad, es primera vez que participo en una Feria Cient\u00edfica\u00bb, se\u00f1ala Javiera Ruiz, estudiante de Sexto B\u00e1sico de la Escuela Padre Nelson Aguilar de Maull\u00edn.<\/p>\n<p><\/p>\n<p style=\"text-align: justify\"><img decoding=\"async\" class=\" alignleft size-full wp-image-5691\" src=\"http:\/\/ec2-34-218-253-251.us-west-2.compute.amazonaws.com\/wp-content\/uploads\/2014\/09\/Yamilet.JPG\" border=\"0\" width=\"100\" style=\"float: left;margin: 5px\" \/><br \/>Yamilet Bustamante, cursa Primero Medio en el Liceo Carelmapu y nos manifest\u00f3 que \u00abla feria ha sido una excelente iniciativa, muy interesante y entretenida. Ojal\u00e1 se repita el pr\u00f3ximo a\u00f1o\u00bb.<\/p>\n<p><span style=\"color: #3366ff\"><span style=\"color: #3366ff\">\u00a0 \u00a0 \u00a0 \u00a0 \u00a0 \u00a0 \u00a0 \u00a0 \u00a0 \u00a0 \u00a0 \u00a0 \u00a0 \u00a0 \u00a0 \u00a0 \u00a0 \u00a0 \u00a0 \u00a0 \u00a0 \u00a0 \u00a0<\/span><\/span><span style=\"color: #3366ff\"><a href=\"https:\/\/www.facebook.com\/explora.loslagos\/media_set?set=a.531714266960688.1073741885.100003663580556&amp;type=1\"><span style=\"color: #3366ff\">Revisa nuestra Galer\u00eda de Fotos<\/span><\/a><\/span><\/p>\n","protected":false},"excerpt":{"rendered":"<p>La Escuela Francisco Cort\u00e9s Ojeda de Carelmapu fue el escenario de la primera Feria Comunal Cient\u00edfica y Tecnol\u00f3gica Escolar apoyada por el PAR EXPLORA Los Lagos, coordinado por la ULagos. En la actividad se presentaron 32 proyectos cient\u00edficos pertenecientes a 10 establecimientos de la comuna de Maull\u00edn, Puerto Varas y Osorno. En la oportunidad, los [&hellip;]<\/p>\n","protected":false},"author":2,"featured_media":1075,"comment_status":"open","ping_status":"open","sticky":false,"template":"","format":"standard","meta":{"_acf_changed":false,"_exactmetrics_skip_tracking":false,"_exactmetrics_sitenote_active":false,"_exactmetrics_sitenote_note":"","_exactmetrics_sitenote_category":0,"footnotes":"","_links_to":"","_links_to_target":""},"categories":[4],"tags":[],"class_list":["post-1074","post","type-post","status-publish","format-standard","has-post-thumbnail","hentry","category-noticias"],"acf":[],"yoast_head":"<!-- This site is optimized with the Yoast SEO plugin v26.7 - https:\/\/yoast.com\/wordpress\/plugins\/seo\/ -->\n<title>En Carelmapu se realiz\u00f3 primera Feria Comunal de Ciencia y Tecnolog\u00eda - Los Lagos<\/title>\n<meta name=\"robots\" content=\"index, follow, max-snippet:-1, max-image-preview:large, max-video-preview:-1\" \/>\n<link rel=\"canonical\" href=\"https:\/\/dev.explora.cl\/lagos\/en-carelmapu-se-realizo-primera-feria-comunal-de-ciencia-y-tecnologia\/\" class=\"yoast-seo-meta-tag\" \/>\n<meta property=\"og:locale\" content=\"es_ES\" class=\"yoast-seo-meta-tag\" \/>\n<meta property=\"og:type\" content=\"article\" class=\"yoast-seo-meta-tag\" \/>\n<meta property=\"og:title\" content=\"En Carelmapu se realiz\u00f3 primera Feria Comunal de Ciencia y Tecnolog\u00eda - Los Lagos\" class=\"yoast-seo-meta-tag\" \/>\n<meta property=\"og:description\" content=\"La Escuela Francisco Cort\u00e9s Ojeda de Carelmapu fue el escenario de la primera Feria Comunal Cient\u00edfica y Tecnol\u00f3gica Escolar apoyada por el PAR EXPLORA Los Lagos, coordinado por la ULagos. En la actividad se presentaron 32 proyectos cient\u00edficos pertenecientes a 10 establecimientos de la comuna de Maull\u00edn, Puerto Varas y Osorno. En la oportunidad, los [&hellip;]\" class=\"yoast-seo-meta-tag\" \/>\n<meta property=\"og:url\" content=\"https:\/\/dev.explora.cl\/lagos\/en-carelmapu-se-realizo-primera-feria-comunal-de-ciencia-y-tecnologia\/\" class=\"yoast-seo-meta-tag\" \/>\n<meta property=\"og:site_name\" content=\"Los Lagos\" class=\"yoast-seo-meta-tag\" \/>\n<meta property=\"article:published_time\" content=\"2014-09-26T04:00:00+00:00\" class=\"yoast-seo-meta-tag\" \/>\n<meta property=\"article:modified_time\" content=\"2019-05-20T19:49:12+00:00\" class=\"yoast-seo-meta-tag\" \/>\n<meta property=\"og:image\" content=\"https:\/\/dev.explora.cl\/lagos\/wp-content\/uploads\/sites\/17\/2018\/06\/2ffe471e04ba2bdce15b891edda74e34-1024x810.jpg\" class=\"yoast-seo-meta-tag\" \/>\n\t<meta property=\"og:image:width\" content=\"1024\" class=\"yoast-seo-meta-tag\" \/>\n\t<meta property=\"og:image:height\" content=\"810\" class=\"yoast-seo-meta-tag\" \/>\n\t<meta property=\"og:image:type\" content=\"image\/jpeg\" class=\"yoast-seo-meta-tag\" \/>\n<meta name=\"author\" content=\"webman\" class=\"yoast-seo-meta-tag\" \/>\n<meta name=\"twitter:card\" content=\"summary_large_image\" class=\"yoast-seo-meta-tag\" \/>\n<meta name=\"twitter:label1\" content=\"Escrito por\" class=\"yoast-seo-meta-tag\" \/>\n\t<meta name=\"twitter:data1\" content=\"webman\" class=\"yoast-seo-meta-tag\" \/>\n\t<meta name=\"twitter:label2\" content=\"Tiempo de lectura\" class=\"yoast-seo-meta-tag\" \/>\n\t<meta name=\"twitter:data2\" content=\"2 minutos\" class=\"yoast-seo-meta-tag\" \/>\n<script type=\"application\/ld+json\" class=\"yoast-schema-graph\">{\"@context\":\"https:\/\/schema.org\",\"@graph\":[{\"@type\":\"Article\",\"@id\":\"https:\/\/dev.explora.cl\/lagos\/en-carelmapu-se-realizo-primera-feria-comunal-de-ciencia-y-tecnologia\/#article\",\"isPartOf\":{\"@id\":\"https:\/\/dev.explora.cl\/lagos\/en-carelmapu-se-realizo-primera-feria-comunal-de-ciencia-y-tecnologia\/\"},\"author\":{\"name\":\"webman\",\"@id\":\"https:\/\/dev.explora.cl\/lagos\/#\/schema\/person\/cb8349c13ea2d324080adf8480d7ba5d\"},\"headline\":\"En Carelmapu se realiz\u00f3 primera Feria Comunal de Ciencia y Tecnolog\u00eda\",\"datePublished\":\"2014-09-26T04:00:00+00:00\",\"dateModified\":\"2019-05-20T19:49:12+00:00\",\"mainEntityOfPage\":{\"@id\":\"https:\/\/dev.explora.cl\/lagos\/en-carelmapu-se-realizo-primera-feria-comunal-de-ciencia-y-tecnologia\/\"},\"wordCount\":422,\"commentCount\":0,\"image\":{\"@id\":\"https:\/\/dev.explora.cl\/lagos\/en-carelmapu-se-realizo-primera-feria-comunal-de-ciencia-y-tecnologia\/#primaryimage\"},\"thumbnailUrl\":\"https:\/\/dev.explora.cl\/lagos\/wp-content\/uploads\/sites\/17\/2018\/06\/2ffe471e04ba2bdce15b891edda74e34.jpg\",\"articleSection\":[\"Noticias\"],\"inLanguage\":\"es\",\"potentialAction\":[{\"@type\":\"CommentAction\",\"name\":\"Comment\",\"target\":[\"https:\/\/dev.explora.cl\/lagos\/en-carelmapu-se-realizo-primera-feria-comunal-de-ciencia-y-tecnologia\/#respond\"]}]},{\"@type\":\"WebPage\",\"@id\":\"https:\/\/dev.explora.cl\/lagos\/en-carelmapu-se-realizo-primera-feria-comunal-de-ciencia-y-tecnologia\/\",\"url\":\"https:\/\/dev.explora.cl\/lagos\/en-carelmapu-se-realizo-primera-feria-comunal-de-ciencia-y-tecnologia\/\",\"name\":\"En Carelmapu se realiz\u00f3 primera Feria Comunal de Ciencia y Tecnolog\u00eda - Los Lagos\",\"isPartOf\":{\"@id\":\"https:\/\/dev.explora.cl\/lagos\/#website\"},\"primaryImageOfPage\":{\"@id\":\"https:\/\/dev.explora.cl\/lagos\/en-carelmapu-se-realizo-primera-feria-comunal-de-ciencia-y-tecnologia\/#primaryimage\"},\"image\":{\"@id\":\"https:\/\/dev.explora.cl\/lagos\/en-carelmapu-se-realizo-primera-feria-comunal-de-ciencia-y-tecnologia\/#primaryimage\"},\"thumbnailUrl\":\"https:\/\/dev.explora.cl\/lagos\/wp-content\/uploads\/sites\/17\/2018\/06\/2ffe471e04ba2bdce15b891edda74e34.jpg\",\"datePublished\":\"2014-09-26T04:00:00+00:00\",\"dateModified\":\"2019-05-20T19:49:12+00:00\",\"author\":{\"@id\":\"https:\/\/dev.explora.cl\/lagos\/#\/schema\/person\/cb8349c13ea2d324080adf8480d7ba5d\"},\"breadcrumb\":{\"@id\":\"https:\/\/dev.explora.cl\/lagos\/en-carelmapu-se-realizo-primera-feria-comunal-de-ciencia-y-tecnologia\/#breadcrumb\"},\"inLanguage\":\"es\",\"potentialAction\":[{\"@type\":\"ReadAction\",\"target\":[\"https:\/\/dev.explora.cl\/lagos\/en-carelmapu-se-realizo-primera-feria-comunal-de-ciencia-y-tecnologia\/\"]}]},{\"@type\":\"ImageObject\",\"inLanguage\":\"es\",\"@id\":\"https:\/\/dev.explora.cl\/lagos\/en-carelmapu-se-realizo-primera-feria-comunal-de-ciencia-y-tecnologia\/#primaryimage\",\"url\":\"https:\/\/dev.explora.cl\/lagos\/wp-content\/uploads\/sites\/17\/2018\/06\/2ffe471e04ba2bdce15b891edda74e34.jpg\",\"contentUrl\":\"https:\/\/dev.explora.cl\/lagos\/wp-content\/uploads\/sites\/17\/2018\/06\/2ffe471e04ba2bdce15b891edda74e34.jpg\",\"width\":2818,\"height\":2229},{\"@type\":\"BreadcrumbList\",\"@id\":\"https:\/\/dev.explora.cl\/lagos\/en-carelmapu-se-realizo-primera-feria-comunal-de-ciencia-y-tecnologia\/#breadcrumb\",\"itemListElement\":[{\"@type\":\"ListItem\",\"position\":1,\"name\":\"Portada\",\"item\":\"https:\/\/dev.explora.cl\/lagos\/\"},{\"@type\":\"ListItem\",\"position\":2,\"name\":\"En Carelmapu se realiz\u00f3 primera Feria Comunal de Ciencia y Tecnolog\u00eda\"}]},{\"@type\":\"WebSite\",\"@id\":\"https:\/\/dev.explora.cl\/lagos\/#website\",\"url\":\"https:\/\/dev.explora.cl\/lagos\/\",\"name\":\"Los Lagos\",\"description\":\"Otro sitio m\u00e1s de dev.explora.cl\",\"potentialAction\":[{\"@type\":\"SearchAction\",\"target\":{\"@type\":\"EntryPoint\",\"urlTemplate\":\"https:\/\/dev.explora.cl\/lagos\/?s={search_term_string}\"},\"query-input\":{\"@type\":\"PropertyValueSpecification\",\"valueRequired\":true,\"valueName\":\"search_term_string\"}}],\"inLanguage\":\"es\"},{\"@type\":\"Person\",\"@id\":\"https:\/\/dev.explora.cl\/lagos\/#\/schema\/person\/cb8349c13ea2d324080adf8480d7ba5d\",\"name\":\"webman\",\"image\":{\"@type\":\"ImageObject\",\"inLanguage\":\"es\",\"@id\":\"https:\/\/dev.explora.cl\/lagos\/#\/schema\/person\/image\/\",\"url\":\"https:\/\/secure.gravatar.com\/avatar\/eeff3c82f2c02f7177d13663b7e6f890e9a6a0647ce9bb29cae02dcb094c7312?s=96&d=mm&r=g\",\"contentUrl\":\"https:\/\/secure.gravatar.com\/avatar\/eeff3c82f2c02f7177d13663b7e6f890e9a6a0647ce9bb29cae02dcb094c7312?s=96&d=mm&r=g\",\"caption\":\"webman\"},\"url\":\"https:\/\/dev.explora.cl\/lagos\/author\/webman\/\"}]}<\/script>\n<!-- \/ Yoast SEO plugin. -->","yoast_head_json":{"title":"En Carelmapu se realiz\u00f3 primera Feria Comunal de Ciencia y Tecnolog\u00eda - Los Lagos","robots":{"index":"index","follow":"follow","max-snippet":"max-snippet:-1","max-image-preview":"max-image-preview:large","max-video-preview":"max-video-preview:-1"},"canonical":"https:\/\/dev.explora.cl\/lagos\/en-carelmapu-se-realizo-primera-feria-comunal-de-ciencia-y-tecnologia\/","og_locale":"es_ES","og_type":"article","og_title":"En Carelmapu se realiz\u00f3 primera Feria Comunal de Ciencia y Tecnolog\u00eda - Los Lagos","og_description":"La Escuela Francisco Cort\u00e9s Ojeda de Carelmapu fue el escenario de la primera Feria Comunal Cient\u00edfica y Tecnol\u00f3gica Escolar apoyada por el PAR EXPLORA Los Lagos, coordinado por la ULagos. En la actividad se presentaron 32 proyectos cient\u00edficos pertenecientes a 10 establecimientos de la comuna de Maull\u00edn, Puerto Varas y Osorno. En la oportunidad, los [&hellip;]","og_url":"https:\/\/dev.explora.cl\/lagos\/en-carelmapu-se-realizo-primera-feria-comunal-de-ciencia-y-tecnologia\/","og_site_name":"Los Lagos","article_published_time":"2014-09-26T04:00:00+00:00","article_modified_time":"2019-05-20T19:49:12+00:00","og_image":[{"width":1024,"height":810,"url":"https:\/\/dev.explora.cl\/lagos\/wp-content\/uploads\/sites\/17\/2018\/06\/2ffe471e04ba2bdce15b891edda74e34-1024x810.jpg","type":"image\/jpeg"}],"author":"webman","twitter_card":"summary_large_image","twitter_misc":{"Escrito por":"webman","Tiempo de lectura":"2 minutos"},"schema":{"@context":"https:\/\/schema.org","@graph":[{"@type":"Article","@id":"https:\/\/dev.explora.cl\/lagos\/en-carelmapu-se-realizo-primera-feria-comunal-de-ciencia-y-tecnologia\/#article","isPartOf":{"@id":"https:\/\/dev.explora.cl\/lagos\/en-carelmapu-se-realizo-primera-feria-comunal-de-ciencia-y-tecnologia\/"},"author":{"name":"webman","@id":"https:\/\/dev.explora.cl\/lagos\/#\/schema\/person\/cb8349c13ea2d324080adf8480d7ba5d"},"headline":"En Carelmapu se realiz\u00f3 primera Feria Comunal de Ciencia y Tecnolog\u00eda","datePublished":"2014-09-26T04:00:00+00:00","dateModified":"2019-05-20T19:49:12+00:00","mainEntityOfPage":{"@id":"https:\/\/dev.explora.cl\/lagos\/en-carelmapu-se-realizo-primera-feria-comunal-de-ciencia-y-tecnologia\/"},"wordCount":422,"commentCount":0,"image":{"@id":"https:\/\/dev.explora.cl\/lagos\/en-carelmapu-se-realizo-primera-feria-comunal-de-ciencia-y-tecnologia\/#primaryimage"},"thumbnailUrl":"https:\/\/dev.explora.cl\/lagos\/wp-content\/uploads\/sites\/17\/2018\/06\/2ffe471e04ba2bdce15b891edda74e34.jpg","articleSection":["Noticias"],"inLanguage":"es","potentialAction":[{"@type":"CommentAction","name":"Comment","target":["https:\/\/dev.explora.cl\/lagos\/en-carelmapu-se-realizo-primera-feria-comunal-de-ciencia-y-tecnologia\/#respond"]}]},{"@type":"WebPage","@id":"https:\/\/dev.explora.cl\/lagos\/en-carelmapu-se-realizo-primera-feria-comunal-de-ciencia-y-tecnologia\/","url":"https:\/\/dev.explora.cl\/lagos\/en-carelmapu-se-realizo-primera-feria-comunal-de-ciencia-y-tecnologia\/","name":"En Carelmapu se realiz\u00f3 primera Feria Comunal de Ciencia y Tecnolog\u00eda - Los Lagos","isPartOf":{"@id":"https:\/\/dev.explora.cl\/lagos\/#website"},"primaryImageOfPage":{"@id":"https:\/\/dev.explora.cl\/lagos\/en-carelmapu-se-realizo-primera-feria-comunal-de-ciencia-y-tecnologia\/#primaryimage"},"image":{"@id":"https:\/\/dev.explora.cl\/lagos\/en-carelmapu-se-realizo-primera-feria-comunal-de-ciencia-y-tecnologia\/#primaryimage"},"thumbnailUrl":"https:\/\/dev.explora.cl\/lagos\/wp-content\/uploads\/sites\/17\/2018\/06\/2ffe471e04ba2bdce15b891edda74e34.jpg","datePublished":"2014-09-26T04:00:00+00:00","dateModified":"2019-05-20T19:49:12+00:00","author":{"@id":"https:\/\/dev.explora.cl\/lagos\/#\/schema\/person\/cb8349c13ea2d324080adf8480d7ba5d"},"breadcrumb":{"@id":"https:\/\/dev.explora.cl\/lagos\/en-carelmapu-se-realizo-primera-feria-comunal-de-ciencia-y-tecnologia\/#breadcrumb"},"inLanguage":"es","potentialAction":[{"@type":"ReadAction","target":["https:\/\/dev.explora.cl\/lagos\/en-carelmapu-se-realizo-primera-feria-comunal-de-ciencia-y-tecnologia\/"]}]},{"@type":"ImageObject","inLanguage":"es","@id":"https:\/\/dev.explora.cl\/lagos\/en-carelmapu-se-realizo-primera-feria-comunal-de-ciencia-y-tecnologia\/#primaryimage","url":"https:\/\/dev.explora.cl\/lagos\/wp-content\/uploads\/sites\/17\/2018\/06\/2ffe471e04ba2bdce15b891edda74e34.jpg","contentUrl":"https:\/\/dev.explora.cl\/lagos\/wp-content\/uploads\/sites\/17\/2018\/06\/2ffe471e04ba2bdce15b891edda74e34.jpg","width":2818,"height":2229},{"@type":"BreadcrumbList","@id":"https:\/\/dev.explora.cl\/lagos\/en-carelmapu-se-realizo-primera-feria-comunal-de-ciencia-y-tecnologia\/#breadcrumb","itemListElement":[{"@type":"ListItem","position":1,"name":"Portada","item":"https:\/\/dev.explora.cl\/lagos\/"},{"@type":"ListItem","position":2,"name":"En Carelmapu se realiz\u00f3 primera Feria Comunal de Ciencia y Tecnolog\u00eda"}]},{"@type":"WebSite","@id":"https:\/\/dev.explora.cl\/lagos\/#website","url":"https:\/\/dev.explora.cl\/lagos\/","name":"Los Lagos","description":"Otro sitio m\u00e1s de dev.explora.cl","potentialAction":[{"@type":"SearchAction","target":{"@type":"EntryPoint","urlTemplate":"https:\/\/dev.explora.cl\/lagos\/?s={search_term_string}"},"query-input":{"@type":"PropertyValueSpecification","valueRequired":true,"valueName":"search_term_string"}}],"inLanguage":"es"},{"@type":"Person","@id":"https:\/\/dev.explora.cl\/lagos\/#\/schema\/person\/cb8349c13ea2d324080adf8480d7ba5d","name":"webman","image":{"@type":"ImageObject","inLanguage":"es","@id":"https:\/\/dev.explora.cl\/lagos\/#\/schema\/person\/image\/","url":"https:\/\/secure.gravatar.com\/avatar\/eeff3c82f2c02f7177d13663b7e6f890e9a6a0647ce9bb29cae02dcb094c7312?s=96&d=mm&r=g","contentUrl":"https:\/\/secure.gravatar.com\/avatar\/eeff3c82f2c02f7177d13663b7e6f890e9a6a0647ce9bb29cae02dcb094c7312?s=96&d=mm&r=g","caption":"webman"},"url":"https:\/\/dev.explora.cl\/lagos\/author\/webman\/"}]}},"_links":{"self":[{"href":"https:\/\/dev.explora.cl\/lagos\/wp-json\/wp\/v2\/posts\/1074","targetHints":{"allow":["GET"]}}],"collection":[{"href":"https:\/\/dev.explora.cl\/lagos\/wp-json\/wp\/v2\/posts"}],"about":[{"href":"https:\/\/dev.explora.cl\/lagos\/wp-json\/wp\/v2\/types\/post"}],"author":[{"embeddable":true,"href":"https:\/\/dev.explora.cl\/lagos\/wp-json\/wp\/v2\/users\/2"}],"replies":[{"embeddable":true,"href":"https:\/\/dev.explora.cl\/lagos\/wp-json\/wp\/v2\/comments?post=1074"}],"version-history":[{"count":1,"href":"https:\/\/dev.explora.cl\/lagos\/wp-json\/wp\/v2\/posts\/1074\/revisions"}],"predecessor-version":[{"id":38304,"href":"https:\/\/dev.explora.cl\/lagos\/wp-json\/wp\/v2\/posts\/1074\/revisions\/38304"}],"wp:featuredmedia":[{"embeddable":true,"href":"https:\/\/dev.explora.cl\/lagos\/wp-json\/wp\/v2\/media\/1075"}],"wp:attachment":[{"href":"https:\/\/dev.explora.cl\/lagos\/wp-json\/wp\/v2\/media?parent=1074"}],"wp:term":[{"taxonomy":"category","embeddable":true,"href":"https:\/\/dev.explora.cl\/lagos\/wp-json\/wp\/v2\/categories?post=1074"},{"taxonomy":"post_tag","embeddable":true,"href":"https:\/\/dev.explora.cl\/lagos\/wp-json\/wp\/v2\/tags?post=1074"}],"curies":[{"name":"wp","href":"https:\/\/api.w.org\/{rel}","templated":true}]}}