{"id":1071,"date":"2014-09-23T00:00:00","date_gmt":"2014-09-23T04:00:00","guid":{"rendered":"http:\/\/ec2-34-219-152-79.us-west-2.compute.amazonaws.com\/lagos\/blog\/2014\/09\/23\/con-la-participacion-de-alumnos-de-la-region-comenzo-academia-de-tecnologia-espacial\/"},"modified":"2019-05-20T19:49:13","modified_gmt":"2019-05-20T19:49:13","slug":"con-la-participacion-de-alumnos-de-la-region-comenzo-academia-de-tecnologia-espacial","status":"publish","type":"post","link":"https:\/\/dev.explora.cl\/lagos\/con-la-participacion-de-alumnos-de-la-region-comenzo-academia-de-tecnologia-espacial\/","title":{"rendered":"Con la participaci\u00f3n de alumnos de la Regi\u00f3n comenz\u00f3 Academia de Tecnolog\u00eda Espacial"},"content":{"rendered":"<p><img loading=\"lazy\" decoding=\"async\" class=\" size-full wp-image-5588\" src=\"http:\/\/ec2-34-218-253-251.us-west-2.compute.amazonaws.com\/wp-content\/uploads\/2014\/09\/3686c670f935683f1d032837862fe505.jpg\" alt=\"\" width=\"2953\" height=\"1965\" \/><\/p>\n<p style=\"text-align: justify\">Alumnos de Chamiza, Puerto Montt y Purranque participaron de la primera sesi\u00f3n de la Academia \u00abOjos de la Tierra\u00bb, organizada por el PAR EXPLORA Los Lagos, coordinado por la ULagos, con la colaboraci\u00f3n del Instituto Alem\u00e1n de Puerto Montt.<\/p>\n<p style=\"text-align: justify\">La iniciativa, aborda contenidos relacionados con tecnolog\u00eda espacial, siendo su principal objetivo entregar conocimientos sobre tecnolog\u00eda satelital a estudiantes de s\u00e9ptimo y octavo b\u00e1sico de la Regi\u00f3n de Los Lagos.<\/p>\n<p style=\"text-align: justify\">La Academia, completamente gratuita, es dirigida por la doctora en Ciencias de la Universidad de Alcal\u00e1 de Henares y Universidad de La Laguna de Espa\u00f1a, Cristina Rodr\u00edguez Benito. <\/p>\n<p><img decoding=\"async\" class=\" alignleft size-full wp-image-5589\" src=\"http:\/\/ec2-34-218-253-251.us-west-2.compute.amazonaws.com\/wp-content\/uploads\/2014\/09\/imagen.jpg\" border=\"0\" width=\"250\" style=\"float: left;margin: 5px 10px\" \/>La metodolog\u00eda a utilizar se sustenta en un programa inform\u00e1tico para aplicaciones geoespaciales, con el que se podr\u00e1 trabajar en torno a temas como estudios de volcanes, seguimiento de glaciares, estudio de los oc\u00e9anos y contaminaci\u00f3n ambiental, entre otros.<\/p>\n<p style=\"text-align: center\">Los talleres que conforman \u00abOjos de la Tierra\u00bb contemplan seis sesiones, las que contin\u00faan el 25 de septiembre y se extender\u00e1n hasta el 9 de octubre.<\/p>\n<p><a href=\"lagos\">dev.explora.cl\/lagos<\/a><\/p>\n","protected":false},"excerpt":{"rendered":"<p>Alumnos de Chamiza, Puerto Montt y Purranque participaron de la primera sesi\u00f3n de la Academia \u00abOjos de la Tierra\u00bb, organizada por el PAR EXPLORA Los Lagos, coordinado por la ULagos, con la colaboraci\u00f3n del Instituto Alem\u00e1n de Puerto Montt. La iniciativa, aborda contenidos relacionados con tecnolog\u00eda espacial, siendo su principal objetivo entregar conocimientos sobre tecnolog\u00eda [&hellip;]<\/p>\n","protected":false},"author":2,"featured_media":1072,"comment_status":"open","ping_status":"open","sticky":false,"template":"","format":"standard","meta":{"_acf_changed":false,"_exactmetrics_skip_tracking":false,"_exactmetrics_sitenote_active":false,"_exactmetrics_sitenote_note":"","_exactmetrics_sitenote_category":0,"footnotes":"","_links_to":"","_links_to_target":""},"categories":[4],"tags":[],"class_list":["post-1071","post","type-post","status-publish","format-standard","has-post-thumbnail","hentry","category-noticias"],"acf":[],"yoast_head":"<!-- This site is optimized with the Yoast SEO plugin v26.7 - https:\/\/yoast.com\/wordpress\/plugins\/seo\/ -->\n<title>Con la participaci\u00f3n de alumnos de la Regi\u00f3n comenz\u00f3 Academia de Tecnolog\u00eda Espacial - Los Lagos<\/title>\n<meta name=\"robots\" content=\"index, follow, max-snippet:-1, max-image-preview:large, max-video-preview:-1\" \/>\n<link rel=\"canonical\" href=\"https:\/\/dev.explora.cl\/lagos\/con-la-participacion-de-alumnos-de-la-region-comenzo-academia-de-tecnologia-espacial\/\" class=\"yoast-seo-meta-tag\" \/>\n<meta property=\"og:locale\" content=\"es_ES\" class=\"yoast-seo-meta-tag\" \/>\n<meta property=\"og:type\" content=\"article\" class=\"yoast-seo-meta-tag\" \/>\n<meta property=\"og:title\" content=\"Con la participaci\u00f3n de alumnos de la Regi\u00f3n comenz\u00f3 Academia de Tecnolog\u00eda Espacial - Los Lagos\" class=\"yoast-seo-meta-tag\" \/>\n<meta property=\"og:description\" content=\"Alumnos de Chamiza, Puerto Montt y Purranque participaron de la primera sesi\u00f3n de la Academia \u00abOjos de la Tierra\u00bb, organizada por el PAR EXPLORA Los Lagos, coordinado por la ULagos, con la colaboraci\u00f3n del Instituto Alem\u00e1n de Puerto Montt. La iniciativa, aborda contenidos relacionados con tecnolog\u00eda espacial, siendo su principal objetivo entregar conocimientos sobre tecnolog\u00eda [&hellip;]\" class=\"yoast-seo-meta-tag\" \/>\n<meta property=\"og:url\" content=\"https:\/\/dev.explora.cl\/lagos\/con-la-participacion-de-alumnos-de-la-region-comenzo-academia-de-tecnologia-espacial\/\" class=\"yoast-seo-meta-tag\" \/>\n<meta property=\"og:site_name\" content=\"Los Lagos\" class=\"yoast-seo-meta-tag\" \/>\n<meta property=\"article:published_time\" content=\"2014-09-23T04:00:00+00:00\" class=\"yoast-seo-meta-tag\" \/>\n<meta property=\"article:modified_time\" content=\"2019-05-20T19:49:13+00:00\" class=\"yoast-seo-meta-tag\" \/>\n<meta property=\"og:image\" content=\"https:\/\/dev.explora.cl\/lagos\/wp-content\/uploads\/sites\/17\/2018\/06\/3686c670f935683f1d032837862fe505-1024x681.jpg\" class=\"yoast-seo-meta-tag\" \/>\n\t<meta property=\"og:image:width\" content=\"1024\" class=\"yoast-seo-meta-tag\" \/>\n\t<meta property=\"og:image:height\" content=\"681\" class=\"yoast-seo-meta-tag\" \/>\n\t<meta property=\"og:image:type\" content=\"image\/jpeg\" class=\"yoast-seo-meta-tag\" \/>\n<meta name=\"author\" content=\"webman\" class=\"yoast-seo-meta-tag\" \/>\n<meta name=\"twitter:card\" content=\"summary_large_image\" class=\"yoast-seo-meta-tag\" \/>\n<meta name=\"twitter:label1\" content=\"Escrito por\" class=\"yoast-seo-meta-tag\" \/>\n\t<meta name=\"twitter:data1\" content=\"webman\" class=\"yoast-seo-meta-tag\" \/>\n\t<meta name=\"twitter:label2\" content=\"Tiempo de lectura\" class=\"yoast-seo-meta-tag\" \/>\n\t<meta name=\"twitter:data2\" content=\"1 minuto\" class=\"yoast-seo-meta-tag\" \/>\n<script type=\"application\/ld+json\" class=\"yoast-schema-graph\">{\"@context\":\"https:\/\/schema.org\",\"@graph\":[{\"@type\":\"Article\",\"@id\":\"https:\/\/dev.explora.cl\/lagos\/con-la-participacion-de-alumnos-de-la-region-comenzo-academia-de-tecnologia-espacial\/#article\",\"isPartOf\":{\"@id\":\"https:\/\/dev.explora.cl\/lagos\/con-la-participacion-de-alumnos-de-la-region-comenzo-academia-de-tecnologia-espacial\/\"},\"author\":{\"name\":\"webman\",\"@id\":\"https:\/\/dev.explora.cl\/lagos\/#\/schema\/person\/cb8349c13ea2d324080adf8480d7ba5d\"},\"headline\":\"Con la participaci\u00f3n de alumnos de la Regi\u00f3n comenz\u00f3 Academia de Tecnolog\u00eda Espacial\",\"datePublished\":\"2014-09-23T04:00:00+00:00\",\"dateModified\":\"2019-05-20T19:49:13+00:00\",\"mainEntityOfPage\":{\"@id\":\"https:\/\/dev.explora.cl\/lagos\/con-la-participacion-de-alumnos-de-la-region-comenzo-academia-de-tecnologia-espacial\/\"},\"wordCount\":196,\"commentCount\":0,\"image\":{\"@id\":\"https:\/\/dev.explora.cl\/lagos\/con-la-participacion-de-alumnos-de-la-region-comenzo-academia-de-tecnologia-espacial\/#primaryimage\"},\"thumbnailUrl\":\"https:\/\/dev.explora.cl\/lagos\/wp-content\/uploads\/sites\/17\/2018\/06\/3686c670f935683f1d032837862fe505.jpg\",\"articleSection\":[\"Noticias\"],\"inLanguage\":\"es\",\"potentialAction\":[{\"@type\":\"CommentAction\",\"name\":\"Comment\",\"target\":[\"https:\/\/dev.explora.cl\/lagos\/con-la-participacion-de-alumnos-de-la-region-comenzo-academia-de-tecnologia-espacial\/#respond\"]}]},{\"@type\":\"WebPage\",\"@id\":\"https:\/\/dev.explora.cl\/lagos\/con-la-participacion-de-alumnos-de-la-region-comenzo-academia-de-tecnologia-espacial\/\",\"url\":\"https:\/\/dev.explora.cl\/lagos\/con-la-participacion-de-alumnos-de-la-region-comenzo-academia-de-tecnologia-espacial\/\",\"name\":\"Con la participaci\u00f3n de alumnos de la Regi\u00f3n comenz\u00f3 Academia de Tecnolog\u00eda Espacial - Los Lagos\",\"isPartOf\":{\"@id\":\"https:\/\/dev.explora.cl\/lagos\/#website\"},\"primaryImageOfPage\":{\"@id\":\"https:\/\/dev.explora.cl\/lagos\/con-la-participacion-de-alumnos-de-la-region-comenzo-academia-de-tecnologia-espacial\/#primaryimage\"},\"image\":{\"@id\":\"https:\/\/dev.explora.cl\/lagos\/con-la-participacion-de-alumnos-de-la-region-comenzo-academia-de-tecnologia-espacial\/#primaryimage\"},\"thumbnailUrl\":\"https:\/\/dev.explora.cl\/lagos\/wp-content\/uploads\/sites\/17\/2018\/06\/3686c670f935683f1d032837862fe505.jpg\",\"datePublished\":\"2014-09-23T04:00:00+00:00\",\"dateModified\":\"2019-05-20T19:49:13+00:00\",\"author\":{\"@id\":\"https:\/\/dev.explora.cl\/lagos\/#\/schema\/person\/cb8349c13ea2d324080adf8480d7ba5d\"},\"breadcrumb\":{\"@id\":\"https:\/\/dev.explora.cl\/lagos\/con-la-participacion-de-alumnos-de-la-region-comenzo-academia-de-tecnologia-espacial\/#breadcrumb\"},\"inLanguage\":\"es\",\"potentialAction\":[{\"@type\":\"ReadAction\",\"target\":[\"https:\/\/dev.explora.cl\/lagos\/con-la-participacion-de-alumnos-de-la-region-comenzo-academia-de-tecnologia-espacial\/\"]}]},{\"@type\":\"ImageObject\",\"inLanguage\":\"es\",\"@id\":\"https:\/\/dev.explora.cl\/lagos\/con-la-participacion-de-alumnos-de-la-region-comenzo-academia-de-tecnologia-espacial\/#primaryimage\",\"url\":\"https:\/\/dev.explora.cl\/lagos\/wp-content\/uploads\/sites\/17\/2018\/06\/3686c670f935683f1d032837862fe505.jpg\",\"contentUrl\":\"https:\/\/dev.explora.cl\/lagos\/wp-content\/uploads\/sites\/17\/2018\/06\/3686c670f935683f1d032837862fe505.jpg\",\"width\":2953,\"height\":1965},{\"@type\":\"BreadcrumbList\",\"@id\":\"https:\/\/dev.explora.cl\/lagos\/con-la-participacion-de-alumnos-de-la-region-comenzo-academia-de-tecnologia-espacial\/#breadcrumb\",\"itemListElement\":[{\"@type\":\"ListItem\",\"position\":1,\"name\":\"Portada\",\"item\":\"https:\/\/dev.explora.cl\/lagos\/\"},{\"@type\":\"ListItem\",\"position\":2,\"name\":\"Con la participaci\u00f3n de alumnos de la Regi\u00f3n comenz\u00f3 Academia de Tecnolog\u00eda Espacial\"}]},{\"@type\":\"WebSite\",\"@id\":\"https:\/\/dev.explora.cl\/lagos\/#website\",\"url\":\"https:\/\/dev.explora.cl\/lagos\/\",\"name\":\"Los Lagos\",\"description\":\"Otro sitio m\u00e1s de dev.explora.cl\",\"potentialAction\":[{\"@type\":\"SearchAction\",\"target\":{\"@type\":\"EntryPoint\",\"urlTemplate\":\"https:\/\/dev.explora.cl\/lagos\/?s={search_term_string}\"},\"query-input\":{\"@type\":\"PropertyValueSpecification\",\"valueRequired\":true,\"valueName\":\"search_term_string\"}}],\"inLanguage\":\"es\"},{\"@type\":\"Person\",\"@id\":\"https:\/\/dev.explora.cl\/lagos\/#\/schema\/person\/cb8349c13ea2d324080adf8480d7ba5d\",\"name\":\"webman\",\"image\":{\"@type\":\"ImageObject\",\"inLanguage\":\"es\",\"@id\":\"https:\/\/dev.explora.cl\/lagos\/#\/schema\/person\/image\/\",\"url\":\"https:\/\/secure.gravatar.com\/avatar\/eeff3c82f2c02f7177d13663b7e6f890e9a6a0647ce9bb29cae02dcb094c7312?s=96&d=mm&r=g\",\"contentUrl\":\"https:\/\/secure.gravatar.com\/avatar\/eeff3c82f2c02f7177d13663b7e6f890e9a6a0647ce9bb29cae02dcb094c7312?s=96&d=mm&r=g\",\"caption\":\"webman\"},\"url\":\"https:\/\/dev.explora.cl\/lagos\/author\/webman\/\"}]}<\/script>\n<!-- \/ Yoast SEO plugin. -->","yoast_head_json":{"title":"Con la participaci\u00f3n de alumnos de la Regi\u00f3n comenz\u00f3 Academia de Tecnolog\u00eda Espacial - Los Lagos","robots":{"index":"index","follow":"follow","max-snippet":"max-snippet:-1","max-image-preview":"max-image-preview:large","max-video-preview":"max-video-preview:-1"},"canonical":"https:\/\/dev.explora.cl\/lagos\/con-la-participacion-de-alumnos-de-la-region-comenzo-academia-de-tecnologia-espacial\/","og_locale":"es_ES","og_type":"article","og_title":"Con la participaci\u00f3n de alumnos de la Regi\u00f3n comenz\u00f3 Academia de Tecnolog\u00eda Espacial - Los Lagos","og_description":"Alumnos de Chamiza, Puerto Montt y Purranque participaron de la primera sesi\u00f3n de la Academia \u00abOjos de la Tierra\u00bb, organizada por el PAR EXPLORA Los Lagos, coordinado por la ULagos, con la colaboraci\u00f3n del Instituto Alem\u00e1n de Puerto Montt. La iniciativa, aborda contenidos relacionados con tecnolog\u00eda espacial, siendo su principal objetivo entregar conocimientos sobre tecnolog\u00eda [&hellip;]","og_url":"https:\/\/dev.explora.cl\/lagos\/con-la-participacion-de-alumnos-de-la-region-comenzo-academia-de-tecnologia-espacial\/","og_site_name":"Los Lagos","article_published_time":"2014-09-23T04:00:00+00:00","article_modified_time":"2019-05-20T19:49:13+00:00","og_image":[{"width":1024,"height":681,"url":"https:\/\/dev.explora.cl\/lagos\/wp-content\/uploads\/sites\/17\/2018\/06\/3686c670f935683f1d032837862fe505-1024x681.jpg","type":"image\/jpeg"}],"author":"webman","twitter_card":"summary_large_image","twitter_misc":{"Escrito por":"webman","Tiempo de lectura":"1 minuto"},"schema":{"@context":"https:\/\/schema.org","@graph":[{"@type":"Article","@id":"https:\/\/dev.explora.cl\/lagos\/con-la-participacion-de-alumnos-de-la-region-comenzo-academia-de-tecnologia-espacial\/#article","isPartOf":{"@id":"https:\/\/dev.explora.cl\/lagos\/con-la-participacion-de-alumnos-de-la-region-comenzo-academia-de-tecnologia-espacial\/"},"author":{"name":"webman","@id":"https:\/\/dev.explora.cl\/lagos\/#\/schema\/person\/cb8349c13ea2d324080adf8480d7ba5d"},"headline":"Con la participaci\u00f3n de alumnos de la Regi\u00f3n comenz\u00f3 Academia de Tecnolog\u00eda Espacial","datePublished":"2014-09-23T04:00:00+00:00","dateModified":"2019-05-20T19:49:13+00:00","mainEntityOfPage":{"@id":"https:\/\/dev.explora.cl\/lagos\/con-la-participacion-de-alumnos-de-la-region-comenzo-academia-de-tecnologia-espacial\/"},"wordCount":196,"commentCount":0,"image":{"@id":"https:\/\/dev.explora.cl\/lagos\/con-la-participacion-de-alumnos-de-la-region-comenzo-academia-de-tecnologia-espacial\/#primaryimage"},"thumbnailUrl":"https:\/\/dev.explora.cl\/lagos\/wp-content\/uploads\/sites\/17\/2018\/06\/3686c670f935683f1d032837862fe505.jpg","articleSection":["Noticias"],"inLanguage":"es","potentialAction":[{"@type":"CommentAction","name":"Comment","target":["https:\/\/dev.explora.cl\/lagos\/con-la-participacion-de-alumnos-de-la-region-comenzo-academia-de-tecnologia-espacial\/#respond"]}]},{"@type":"WebPage","@id":"https:\/\/dev.explora.cl\/lagos\/con-la-participacion-de-alumnos-de-la-region-comenzo-academia-de-tecnologia-espacial\/","url":"https:\/\/dev.explora.cl\/lagos\/con-la-participacion-de-alumnos-de-la-region-comenzo-academia-de-tecnologia-espacial\/","name":"Con la participaci\u00f3n de alumnos de la Regi\u00f3n comenz\u00f3 Academia de Tecnolog\u00eda Espacial - Los Lagos","isPartOf":{"@id":"https:\/\/dev.explora.cl\/lagos\/#website"},"primaryImageOfPage":{"@id":"https:\/\/dev.explora.cl\/lagos\/con-la-participacion-de-alumnos-de-la-region-comenzo-academia-de-tecnologia-espacial\/#primaryimage"},"image":{"@id":"https:\/\/dev.explora.cl\/lagos\/con-la-participacion-de-alumnos-de-la-region-comenzo-academia-de-tecnologia-espacial\/#primaryimage"},"thumbnailUrl":"https:\/\/dev.explora.cl\/lagos\/wp-content\/uploads\/sites\/17\/2018\/06\/3686c670f935683f1d032837862fe505.jpg","datePublished":"2014-09-23T04:00:00+00:00","dateModified":"2019-05-20T19:49:13+00:00","author":{"@id":"https:\/\/dev.explora.cl\/lagos\/#\/schema\/person\/cb8349c13ea2d324080adf8480d7ba5d"},"breadcrumb":{"@id":"https:\/\/dev.explora.cl\/lagos\/con-la-participacion-de-alumnos-de-la-region-comenzo-academia-de-tecnologia-espacial\/#breadcrumb"},"inLanguage":"es","potentialAction":[{"@type":"ReadAction","target":["https:\/\/dev.explora.cl\/lagos\/con-la-participacion-de-alumnos-de-la-region-comenzo-academia-de-tecnologia-espacial\/"]}]},{"@type":"ImageObject","inLanguage":"es","@id":"https:\/\/dev.explora.cl\/lagos\/con-la-participacion-de-alumnos-de-la-region-comenzo-academia-de-tecnologia-espacial\/#primaryimage","url":"https:\/\/dev.explora.cl\/lagos\/wp-content\/uploads\/sites\/17\/2018\/06\/3686c670f935683f1d032837862fe505.jpg","contentUrl":"https:\/\/dev.explora.cl\/lagos\/wp-content\/uploads\/sites\/17\/2018\/06\/3686c670f935683f1d032837862fe505.jpg","width":2953,"height":1965},{"@type":"BreadcrumbList","@id":"https:\/\/dev.explora.cl\/lagos\/con-la-participacion-de-alumnos-de-la-region-comenzo-academia-de-tecnologia-espacial\/#breadcrumb","itemListElement":[{"@type":"ListItem","position":1,"name":"Portada","item":"https:\/\/dev.explora.cl\/lagos\/"},{"@type":"ListItem","position":2,"name":"Con la participaci\u00f3n de alumnos de la Regi\u00f3n comenz\u00f3 Academia de Tecnolog\u00eda Espacial"}]},{"@type":"WebSite","@id":"https:\/\/dev.explora.cl\/lagos\/#website","url":"https:\/\/dev.explora.cl\/lagos\/","name":"Los Lagos","description":"Otro sitio m\u00e1s de dev.explora.cl","potentialAction":[{"@type":"SearchAction","target":{"@type":"EntryPoint","urlTemplate":"https:\/\/dev.explora.cl\/lagos\/?s={search_term_string}"},"query-input":{"@type":"PropertyValueSpecification","valueRequired":true,"valueName":"search_term_string"}}],"inLanguage":"es"},{"@type":"Person","@id":"https:\/\/dev.explora.cl\/lagos\/#\/schema\/person\/cb8349c13ea2d324080adf8480d7ba5d","name":"webman","image":{"@type":"ImageObject","inLanguage":"es","@id":"https:\/\/dev.explora.cl\/lagos\/#\/schema\/person\/image\/","url":"https:\/\/secure.gravatar.com\/avatar\/eeff3c82f2c02f7177d13663b7e6f890e9a6a0647ce9bb29cae02dcb094c7312?s=96&d=mm&r=g","contentUrl":"https:\/\/secure.gravatar.com\/avatar\/eeff3c82f2c02f7177d13663b7e6f890e9a6a0647ce9bb29cae02dcb094c7312?s=96&d=mm&r=g","caption":"webman"},"url":"https:\/\/dev.explora.cl\/lagos\/author\/webman\/"}]}},"_links":{"self":[{"href":"https:\/\/dev.explora.cl\/lagos\/wp-json\/wp\/v2\/posts\/1071","targetHints":{"allow":["GET"]}}],"collection":[{"href":"https:\/\/dev.explora.cl\/lagos\/wp-json\/wp\/v2\/posts"}],"about":[{"href":"https:\/\/dev.explora.cl\/lagos\/wp-json\/wp\/v2\/types\/post"}],"author":[{"embeddable":true,"href":"https:\/\/dev.explora.cl\/lagos\/wp-json\/wp\/v2\/users\/2"}],"replies":[{"embeddable":true,"href":"https:\/\/dev.explora.cl\/lagos\/wp-json\/wp\/v2\/comments?post=1071"}],"version-history":[{"count":1,"href":"https:\/\/dev.explora.cl\/lagos\/wp-json\/wp\/v2\/posts\/1071\/revisions"}],"predecessor-version":[{"id":38306,"href":"https:\/\/dev.explora.cl\/lagos\/wp-json\/wp\/v2\/posts\/1071\/revisions\/38306"}],"wp:featuredmedia":[{"embeddable":true,"href":"https:\/\/dev.explora.cl\/lagos\/wp-json\/wp\/v2\/media\/1072"}],"wp:attachment":[{"href":"https:\/\/dev.explora.cl\/lagos\/wp-json\/wp\/v2\/media?parent=1071"}],"wp:term":[{"taxonomy":"category","embeddable":true,"href":"https:\/\/dev.explora.cl\/lagos\/wp-json\/wp\/v2\/categories?post=1071"},{"taxonomy":"post_tag","embeddable":true,"href":"https:\/\/dev.explora.cl\/lagos\/wp-json\/wp\/v2\/tags?post=1071"}],"curies":[{"name":"wp","href":"https:\/\/api.w.org\/{rel}","templated":true}]}}