{"id":1067,"date":"2014-09-22T00:00:00","date_gmt":"2014-09-22T04:00:00","guid":{"rendered":"http:\/\/ec2-34-219-152-79.us-west-2.compute.amazonaws.com\/lagos\/blog\/2014\/09\/22\/depresion-en-chile-la-enfermedad-silenciosa-que-afecta-a-nuestra-sociedad\/"},"modified":"2019-05-20T19:49:13","modified_gmt":"2019-05-20T19:49:13","slug":"depresion-en-chile-la-enfermedad-silenciosa-que-afecta-a-nuestra-sociedad","status":"publish","type":"post","link":"https:\/\/dev.explora.cl\/lagos\/depresion-en-chile-la-enfermedad-silenciosa-que-afecta-a-nuestra-sociedad\/","title":{"rendered":"Depresi\u00f3n en Chile: la enfermedad silenciosa que afecta a nuestra sociedad"},"content":{"rendered":"<p><img loading=\"lazy\" decoding=\"async\" class=\" size-full wp-image-5523\" src=\"http:\/\/ec2-34-218-253-251.us-west-2.compute.amazonaws.com\/wp-content\/uploads\/2014\/09\/da2cd1ae610e6e4c1d898a7552b7bbf8.jpg\" alt=\"\" width=\"1600\" height=\"1000\" \/><\/p>\n<p style=\"text-align: justify\">Trastornos del estado de \u00e1nimo, cambios bruscos del humor, irritabilidad, falta de entusiasmo y una sensaci\u00f3n de congoja o angustia afectan a un importante n\u00famero de personas a lo largo del pa\u00eds. En los adolescentes existe una prevalencia del orden del 8%.<\/p>\n<hr \/>\n<p style=\"text-align: justify\"><strong><em>Por Juan Carlos Barr\u00eda Ricke<br \/>Periodista PAR EXPLORA de CONICYT Los Lagos<\/em><\/strong><\/p>\n<p style=\"text-align: justify\">Una o dos de cada diez personas en Chile -es decir, entre el 10% y 20% de la poblaci\u00f3n-, sufre alg\u00fan trastorno del \u00e1nimo durante su vida. Lo anterior, presenta como principales caracter\u00edsticas, una visi\u00f3n negativa de s\u00ed mismo, del mundo, de los dem\u00e1s y del futuro, que puede llevar incluso al deseo de morir. Con estos conceptos se define la depresi\u00f3n, seg\u00fan el Instituto Neuropsiqui\u00e1trico de Chile.<\/p>\n<p style=\"text-align: justify\">Dolores, fatiga, mala digesti\u00f3n, mareos o preocupaciones excesivas son parte de los s\u00edntomas que afectan a todo tipo de personas sin distinci\u00f3n de edad cultura o posici\u00f3n econ\u00f3mica. La depresi\u00f3n actualmente se asocia principalmente al alto nivel de estr\u00e9s al que est\u00e1 sometida la ciudadan\u00eda, adem\u00e1s de la poca preocupaci\u00f3n por llevar una vida saludable y activa.<\/p>\n<p style=\"text-align: justify\"><img decoding=\"async\" class=\" alignleft size-full wp-image-5524\" style=\"float: left;margin: 5px 10px\" src=\"http:\/\/ec2-34-218-253-251.us-west-2.compute.amazonaws.com\/wp-content\/uploads\/2014\/09\/1810563.jpg\" alt=\"\" width=\"325\" border=\"0\" \/>La depresi\u00f3n, para el Departamento de Salud Mental del Ministerio de Salud, es \u00abuna alteraci\u00f3n patol\u00f3gica del estado de \u00e1nimo, caracterizada por un descenso del humor que termina en tristeza, acompa\u00f1ado de diversos s\u00edntomas y signos que persisten por a lo menos dos semanas\u00bb.<\/p>\n<p style=\"text-align: justify\">Sus causas son m\u00faltiples. La investigaci\u00f3n cl\u00ednica ha demostrado que las personas se enferman de depresi\u00f3n, en alg\u00fan momento de sus vidas, debido a que tienen una predisposici\u00f3n biol\u00f3gica (en parte gen\u00e9tica y en parte adquirida a trav\u00e9s de la vida) a la que se suman factores ambientales que elevan sus niveles de estr\u00e9s.<\/p>\n<p style=\"text-align: justify\">En ese \u00e1mbito el N\u00facleo Milenio Intervenci\u00f3n Psicol\u00f3gica y Cambio en Depresi\u00f3n de la Pontificia Universidad Cat\u00f3lica (PUC), en conjunto con el PAR EXPLORA Los Lagos, coordinado por la ULagos, llevaron a cabo diversos talleres vinculados al manejo de la depresi\u00f3n y promoci\u00f3n de apoyo entre pares dirigido a profesores, orientadores, psic\u00f3logos, directores de establecimientos y alumnos de la regi\u00f3n de Los Lagos.<\/p>\n<p style=\"text-align: justify\">Los asistentes participaron de dos talleres, el primero de ellos fue: \u00abDepresi\u00f3n en Adolescentes, \u00bfqu\u00e9 pueden hacer los colegios?\u00bb, en el que se abordan contenidos como epidemiolog\u00eda, factores de riesgo, sospecha cl\u00ednica, diagn\u00f3stico integral y manejo cl\u00ednico.<\/p>\n<p style=\"text-align: justify\">Asimismo, se dict\u00f3 el Taller \u00abEn camino a la independencia: promoci\u00f3n de habilidades de apoyo entre pares\u00bb, orientado a alumnos entre 13 a 17 a\u00f1os de toda la regi\u00f3n con cualidades de liderazgo, para abordar la t\u00e9cnica de resoluci\u00f3n de problemas al interior de establecimientos educacionales.<\/p>\n<p style=\"text-align: justify\"><img decoding=\"async\" class=\" alignright size-full wp-image-5525\" style=\"float: right;margin: 5px 10px\" src=\"http:\/\/ec2-34-218-253-251.us-west-2.compute.amazonaws.com\/wp-content\/uploads\/2014\/09\/DSC_0026.JPG\" alt=\"\" width=\"250\" border=\"0\" \/>\u00abEn Chile existe una prevalencia de depresi\u00f3n en adolescentes que alcanza el 8%, lo que comparado con otros pa\u00edses de Latinoam\u00e9rica representa un rango bastante alto en adolescentes\u00bb, nos indica Vania Mart\u00ednez, M\u00e9dico Siquiatra Infantil y del Adolescente y miembro de N\u00facleo Milenio. Asimismo, agrega que \u00abson muy pocos los j\u00f3venes que piden ayuda, se tiende a pensar que es algo propio de la edad. Por este motivo nuestra labor es trabajar con docentes, ya que son ellos los que se vinculan d\u00eda a d\u00eda con los alumnos. Nuestro objetivo es entregarles las herramientas para que puedan detectar cualquier anomal\u00eda que presenten los j\u00f3venes y sean capaces de derivar oportunamente a un especialista\u00bb, concluye.<\/p>\n<p style=\"text-align: justify\">La depresi\u00f3n es un trastorno que afecta a gran parte de la poblaci\u00f3n. Sin embargo, se puede combatir mediante la activaci\u00f3n conductual, programando actividades agradables, hasta un completo programa de desarrollo de la autoestima. Lo recomendable es trabajar en un en el desarrollo de la Inteligencia Emocional y de la Asertividad. Las t\u00e9cnicas de cambio de pensamientos negativos son fundamentales para aprender a fomentar h\u00e1bitos de pensamiento racional y positivo. Establecer metas y afrontar temas pendientes son algunas de las t\u00e9cnicas que favorecer\u00e1n la paulatina desaparici\u00f3n de este trastorno que afecta a gran parte de nuestra sociedad.<\/p>\n","protected":false},"excerpt":{"rendered":"<p>Trastornos del estado de \u00e1nimo, cambios bruscos del humor, irritabilidad, falta de entusiasmo y una sensaci\u00f3n de congoja o angustia afectan a un importante n\u00famero de personas a lo largo del pa\u00eds. En los adolescentes existe una prevalencia del orden del 8%. Por Juan Carlos Barr\u00eda RickePeriodista PAR EXPLORA de CONICYT Los Lagos Una o [&hellip;]<\/p>\n","protected":false},"author":2,"featured_media":1068,"comment_status":"open","ping_status":"open","sticky":false,"template":"","format":"standard","meta":{"_acf_changed":false,"_exactmetrics_skip_tracking":false,"_exactmetrics_sitenote_active":false,"_exactmetrics_sitenote_note":"","_exactmetrics_sitenote_category":0,"footnotes":"","_links_to":"","_links_to_target":""},"categories":[4],"tags":[],"class_list":["post-1067","post","type-post","status-publish","format-standard","has-post-thumbnail","hentry","category-noticias"],"acf":[],"yoast_head":"<!-- This site is optimized with the Yoast SEO plugin v26.7 - https:\/\/yoast.com\/wordpress\/plugins\/seo\/ -->\n<title>Depresi\u00f3n en Chile: la enfermedad silenciosa que afecta a nuestra sociedad - Los Lagos<\/title>\n<meta name=\"robots\" content=\"index, follow, max-snippet:-1, max-image-preview:large, max-video-preview:-1\" \/>\n<link rel=\"canonical\" href=\"https:\/\/dev.explora.cl\/lagos\/depresion-en-chile-la-enfermedad-silenciosa-que-afecta-a-nuestra-sociedad\/\" class=\"yoast-seo-meta-tag\" \/>\n<meta property=\"og:locale\" content=\"es_ES\" class=\"yoast-seo-meta-tag\" \/>\n<meta property=\"og:type\" content=\"article\" class=\"yoast-seo-meta-tag\" \/>\n<meta property=\"og:title\" content=\"Depresi\u00f3n en Chile: la enfermedad silenciosa que afecta a nuestra sociedad - Los Lagos\" class=\"yoast-seo-meta-tag\" \/>\n<meta property=\"og:description\" content=\"Trastornos del estado de \u00e1nimo, cambios bruscos del humor, irritabilidad, falta de entusiasmo y una sensaci\u00f3n de congoja o angustia afectan a un importante n\u00famero de personas a lo largo del pa\u00eds. En los adolescentes existe una prevalencia del orden del 8%. Por Juan Carlos Barr\u00eda RickePeriodista PAR EXPLORA de CONICYT Los Lagos Una o [&hellip;]\" class=\"yoast-seo-meta-tag\" \/>\n<meta property=\"og:url\" content=\"https:\/\/dev.explora.cl\/lagos\/depresion-en-chile-la-enfermedad-silenciosa-que-afecta-a-nuestra-sociedad\/\" class=\"yoast-seo-meta-tag\" \/>\n<meta property=\"og:site_name\" content=\"Los Lagos\" class=\"yoast-seo-meta-tag\" \/>\n<meta property=\"article:published_time\" content=\"2014-09-22T04:00:00+00:00\" class=\"yoast-seo-meta-tag\" \/>\n<meta property=\"article:modified_time\" content=\"2019-05-20T19:49:13+00:00\" class=\"yoast-seo-meta-tag\" \/>\n<meta property=\"og:image\" content=\"https:\/\/dev.explora.cl\/lagos\/wp-content\/uploads\/sites\/17\/2018\/06\/da2cd1ae610e6e4c1d898a7552b7bbf8.jpg\" class=\"yoast-seo-meta-tag\" \/>\n\t<meta property=\"og:image:width\" content=\"1600\" class=\"yoast-seo-meta-tag\" \/>\n\t<meta property=\"og:image:height\" content=\"1000\" class=\"yoast-seo-meta-tag\" \/>\n\t<meta property=\"og:image:type\" content=\"image\/jpeg\" class=\"yoast-seo-meta-tag\" \/>\n<meta name=\"author\" content=\"webman\" class=\"yoast-seo-meta-tag\" \/>\n<meta name=\"twitter:card\" content=\"summary_large_image\" class=\"yoast-seo-meta-tag\" \/>\n<meta name=\"twitter:label1\" content=\"Escrito por\" class=\"yoast-seo-meta-tag\" \/>\n\t<meta name=\"twitter:data1\" content=\"webman\" class=\"yoast-seo-meta-tag\" \/>\n\t<meta name=\"twitter:label2\" content=\"Tiempo de lectura\" class=\"yoast-seo-meta-tag\" \/>\n\t<meta name=\"twitter:data2\" content=\"4 minutos\" class=\"yoast-seo-meta-tag\" \/>\n<script type=\"application\/ld+json\" class=\"yoast-schema-graph\">{\"@context\":\"https:\/\/schema.org\",\"@graph\":[{\"@type\":\"Article\",\"@id\":\"https:\/\/dev.explora.cl\/lagos\/depresion-en-chile-la-enfermedad-silenciosa-que-afecta-a-nuestra-sociedad\/#article\",\"isPartOf\":{\"@id\":\"https:\/\/dev.explora.cl\/lagos\/depresion-en-chile-la-enfermedad-silenciosa-que-afecta-a-nuestra-sociedad\/\"},\"author\":{\"name\":\"webman\",\"@id\":\"https:\/\/dev.explora.cl\/lagos\/#\/schema\/person\/cb8349c13ea2d324080adf8480d7ba5d\"},\"headline\":\"Depresi\u00f3n en Chile: la enfermedad silenciosa que afecta a nuestra sociedad\",\"datePublished\":\"2014-09-22T04:00:00+00:00\",\"dateModified\":\"2019-05-20T19:49:13+00:00\",\"mainEntityOfPage\":{\"@id\":\"https:\/\/dev.explora.cl\/lagos\/depresion-en-chile-la-enfermedad-silenciosa-que-afecta-a-nuestra-sociedad\/\"},\"wordCount\":714,\"commentCount\":0,\"image\":{\"@id\":\"https:\/\/dev.explora.cl\/lagos\/depresion-en-chile-la-enfermedad-silenciosa-que-afecta-a-nuestra-sociedad\/#primaryimage\"},\"thumbnailUrl\":\"https:\/\/dev.explora.cl\/lagos\/wp-content\/uploads\/sites\/17\/2018\/06\/da2cd1ae610e6e4c1d898a7552b7bbf8.jpg\",\"articleSection\":[\"Noticias\"],\"inLanguage\":\"es\",\"potentialAction\":[{\"@type\":\"CommentAction\",\"name\":\"Comment\",\"target\":[\"https:\/\/dev.explora.cl\/lagos\/depresion-en-chile-la-enfermedad-silenciosa-que-afecta-a-nuestra-sociedad\/#respond\"]}]},{\"@type\":\"WebPage\",\"@id\":\"https:\/\/dev.explora.cl\/lagos\/depresion-en-chile-la-enfermedad-silenciosa-que-afecta-a-nuestra-sociedad\/\",\"url\":\"https:\/\/dev.explora.cl\/lagos\/depresion-en-chile-la-enfermedad-silenciosa-que-afecta-a-nuestra-sociedad\/\",\"name\":\"Depresi\u00f3n en Chile: la enfermedad silenciosa que afecta a nuestra sociedad - Los Lagos\",\"isPartOf\":{\"@id\":\"https:\/\/dev.explora.cl\/lagos\/#website\"},\"primaryImageOfPage\":{\"@id\":\"https:\/\/dev.explora.cl\/lagos\/depresion-en-chile-la-enfermedad-silenciosa-que-afecta-a-nuestra-sociedad\/#primaryimage\"},\"image\":{\"@id\":\"https:\/\/dev.explora.cl\/lagos\/depresion-en-chile-la-enfermedad-silenciosa-que-afecta-a-nuestra-sociedad\/#primaryimage\"},\"thumbnailUrl\":\"https:\/\/dev.explora.cl\/lagos\/wp-content\/uploads\/sites\/17\/2018\/06\/da2cd1ae610e6e4c1d898a7552b7bbf8.jpg\",\"datePublished\":\"2014-09-22T04:00:00+00:00\",\"dateModified\":\"2019-05-20T19:49:13+00:00\",\"author\":{\"@id\":\"https:\/\/dev.explora.cl\/lagos\/#\/schema\/person\/cb8349c13ea2d324080adf8480d7ba5d\"},\"breadcrumb\":{\"@id\":\"https:\/\/dev.explora.cl\/lagos\/depresion-en-chile-la-enfermedad-silenciosa-que-afecta-a-nuestra-sociedad\/#breadcrumb\"},\"inLanguage\":\"es\",\"potentialAction\":[{\"@type\":\"ReadAction\",\"target\":[\"https:\/\/dev.explora.cl\/lagos\/depresion-en-chile-la-enfermedad-silenciosa-que-afecta-a-nuestra-sociedad\/\"]}]},{\"@type\":\"ImageObject\",\"inLanguage\":\"es\",\"@id\":\"https:\/\/dev.explora.cl\/lagos\/depresion-en-chile-la-enfermedad-silenciosa-que-afecta-a-nuestra-sociedad\/#primaryimage\",\"url\":\"https:\/\/dev.explora.cl\/lagos\/wp-content\/uploads\/sites\/17\/2018\/06\/da2cd1ae610e6e4c1d898a7552b7bbf8.jpg\",\"contentUrl\":\"https:\/\/dev.explora.cl\/lagos\/wp-content\/uploads\/sites\/17\/2018\/06\/da2cd1ae610e6e4c1d898a7552b7bbf8.jpg\",\"width\":1600,\"height\":1000},{\"@type\":\"BreadcrumbList\",\"@id\":\"https:\/\/dev.explora.cl\/lagos\/depresion-en-chile-la-enfermedad-silenciosa-que-afecta-a-nuestra-sociedad\/#breadcrumb\",\"itemListElement\":[{\"@type\":\"ListItem\",\"position\":1,\"name\":\"Portada\",\"item\":\"https:\/\/dev.explora.cl\/lagos\/\"},{\"@type\":\"ListItem\",\"position\":2,\"name\":\"Depresi\u00f3n en Chile: la enfermedad silenciosa que afecta a nuestra sociedad\"}]},{\"@type\":\"WebSite\",\"@id\":\"https:\/\/dev.explora.cl\/lagos\/#website\",\"url\":\"https:\/\/dev.explora.cl\/lagos\/\",\"name\":\"Los Lagos\",\"description\":\"Otro sitio m\u00e1s de dev.explora.cl\",\"potentialAction\":[{\"@type\":\"SearchAction\",\"target\":{\"@type\":\"EntryPoint\",\"urlTemplate\":\"https:\/\/dev.explora.cl\/lagos\/?s={search_term_string}\"},\"query-input\":{\"@type\":\"PropertyValueSpecification\",\"valueRequired\":true,\"valueName\":\"search_term_string\"}}],\"inLanguage\":\"es\"},{\"@type\":\"Person\",\"@id\":\"https:\/\/dev.explora.cl\/lagos\/#\/schema\/person\/cb8349c13ea2d324080adf8480d7ba5d\",\"name\":\"webman\",\"image\":{\"@type\":\"ImageObject\",\"inLanguage\":\"es\",\"@id\":\"https:\/\/dev.explora.cl\/lagos\/#\/schema\/person\/image\/\",\"url\":\"https:\/\/secure.gravatar.com\/avatar\/eeff3c82f2c02f7177d13663b7e6f890e9a6a0647ce9bb29cae02dcb094c7312?s=96&d=mm&r=g\",\"contentUrl\":\"https:\/\/secure.gravatar.com\/avatar\/eeff3c82f2c02f7177d13663b7e6f890e9a6a0647ce9bb29cae02dcb094c7312?s=96&d=mm&r=g\",\"caption\":\"webman\"},\"url\":\"https:\/\/dev.explora.cl\/lagos\/author\/webman\/\"}]}<\/script>\n<!-- \/ Yoast SEO plugin. -->","yoast_head_json":{"title":"Depresi\u00f3n en Chile: la enfermedad silenciosa que afecta a nuestra sociedad - Los Lagos","robots":{"index":"index","follow":"follow","max-snippet":"max-snippet:-1","max-image-preview":"max-image-preview:large","max-video-preview":"max-video-preview:-1"},"canonical":"https:\/\/dev.explora.cl\/lagos\/depresion-en-chile-la-enfermedad-silenciosa-que-afecta-a-nuestra-sociedad\/","og_locale":"es_ES","og_type":"article","og_title":"Depresi\u00f3n en Chile: la enfermedad silenciosa que afecta a nuestra sociedad - Los Lagos","og_description":"Trastornos del estado de \u00e1nimo, cambios bruscos del humor, irritabilidad, falta de entusiasmo y una sensaci\u00f3n de congoja o angustia afectan a un importante n\u00famero de personas a lo largo del pa\u00eds. En los adolescentes existe una prevalencia del orden del 8%. Por Juan Carlos Barr\u00eda RickePeriodista PAR EXPLORA de CONICYT Los Lagos Una o [&hellip;]","og_url":"https:\/\/dev.explora.cl\/lagos\/depresion-en-chile-la-enfermedad-silenciosa-que-afecta-a-nuestra-sociedad\/","og_site_name":"Los Lagos","article_published_time":"2014-09-22T04:00:00+00:00","article_modified_time":"2019-05-20T19:49:13+00:00","og_image":[{"width":1600,"height":1000,"url":"https:\/\/dev.explora.cl\/lagos\/wp-content\/uploads\/sites\/17\/2018\/06\/da2cd1ae610e6e4c1d898a7552b7bbf8.jpg","type":"image\/jpeg"}],"author":"webman","twitter_card":"summary_large_image","twitter_misc":{"Escrito por":"webman","Tiempo de lectura":"4 minutos"},"schema":{"@context":"https:\/\/schema.org","@graph":[{"@type":"Article","@id":"https:\/\/dev.explora.cl\/lagos\/depresion-en-chile-la-enfermedad-silenciosa-que-afecta-a-nuestra-sociedad\/#article","isPartOf":{"@id":"https:\/\/dev.explora.cl\/lagos\/depresion-en-chile-la-enfermedad-silenciosa-que-afecta-a-nuestra-sociedad\/"},"author":{"name":"webman","@id":"https:\/\/dev.explora.cl\/lagos\/#\/schema\/person\/cb8349c13ea2d324080adf8480d7ba5d"},"headline":"Depresi\u00f3n en Chile: la enfermedad silenciosa que afecta a nuestra sociedad","datePublished":"2014-09-22T04:00:00+00:00","dateModified":"2019-05-20T19:49:13+00:00","mainEntityOfPage":{"@id":"https:\/\/dev.explora.cl\/lagos\/depresion-en-chile-la-enfermedad-silenciosa-que-afecta-a-nuestra-sociedad\/"},"wordCount":714,"commentCount":0,"image":{"@id":"https:\/\/dev.explora.cl\/lagos\/depresion-en-chile-la-enfermedad-silenciosa-que-afecta-a-nuestra-sociedad\/#primaryimage"},"thumbnailUrl":"https:\/\/dev.explora.cl\/lagos\/wp-content\/uploads\/sites\/17\/2018\/06\/da2cd1ae610e6e4c1d898a7552b7bbf8.jpg","articleSection":["Noticias"],"inLanguage":"es","potentialAction":[{"@type":"CommentAction","name":"Comment","target":["https:\/\/dev.explora.cl\/lagos\/depresion-en-chile-la-enfermedad-silenciosa-que-afecta-a-nuestra-sociedad\/#respond"]}]},{"@type":"WebPage","@id":"https:\/\/dev.explora.cl\/lagos\/depresion-en-chile-la-enfermedad-silenciosa-que-afecta-a-nuestra-sociedad\/","url":"https:\/\/dev.explora.cl\/lagos\/depresion-en-chile-la-enfermedad-silenciosa-que-afecta-a-nuestra-sociedad\/","name":"Depresi\u00f3n en Chile: la enfermedad silenciosa que afecta a nuestra sociedad - Los Lagos","isPartOf":{"@id":"https:\/\/dev.explora.cl\/lagos\/#website"},"primaryImageOfPage":{"@id":"https:\/\/dev.explora.cl\/lagos\/depresion-en-chile-la-enfermedad-silenciosa-que-afecta-a-nuestra-sociedad\/#primaryimage"},"image":{"@id":"https:\/\/dev.explora.cl\/lagos\/depresion-en-chile-la-enfermedad-silenciosa-que-afecta-a-nuestra-sociedad\/#primaryimage"},"thumbnailUrl":"https:\/\/dev.explora.cl\/lagos\/wp-content\/uploads\/sites\/17\/2018\/06\/da2cd1ae610e6e4c1d898a7552b7bbf8.jpg","datePublished":"2014-09-22T04:00:00+00:00","dateModified":"2019-05-20T19:49:13+00:00","author":{"@id":"https:\/\/dev.explora.cl\/lagos\/#\/schema\/person\/cb8349c13ea2d324080adf8480d7ba5d"},"breadcrumb":{"@id":"https:\/\/dev.explora.cl\/lagos\/depresion-en-chile-la-enfermedad-silenciosa-que-afecta-a-nuestra-sociedad\/#breadcrumb"},"inLanguage":"es","potentialAction":[{"@type":"ReadAction","target":["https:\/\/dev.explora.cl\/lagos\/depresion-en-chile-la-enfermedad-silenciosa-que-afecta-a-nuestra-sociedad\/"]}]},{"@type":"ImageObject","inLanguage":"es","@id":"https:\/\/dev.explora.cl\/lagos\/depresion-en-chile-la-enfermedad-silenciosa-que-afecta-a-nuestra-sociedad\/#primaryimage","url":"https:\/\/dev.explora.cl\/lagos\/wp-content\/uploads\/sites\/17\/2018\/06\/da2cd1ae610e6e4c1d898a7552b7bbf8.jpg","contentUrl":"https:\/\/dev.explora.cl\/lagos\/wp-content\/uploads\/sites\/17\/2018\/06\/da2cd1ae610e6e4c1d898a7552b7bbf8.jpg","width":1600,"height":1000},{"@type":"BreadcrumbList","@id":"https:\/\/dev.explora.cl\/lagos\/depresion-en-chile-la-enfermedad-silenciosa-que-afecta-a-nuestra-sociedad\/#breadcrumb","itemListElement":[{"@type":"ListItem","position":1,"name":"Portada","item":"https:\/\/dev.explora.cl\/lagos\/"},{"@type":"ListItem","position":2,"name":"Depresi\u00f3n en Chile: la enfermedad silenciosa que afecta a nuestra sociedad"}]},{"@type":"WebSite","@id":"https:\/\/dev.explora.cl\/lagos\/#website","url":"https:\/\/dev.explora.cl\/lagos\/","name":"Los Lagos","description":"Otro sitio m\u00e1s de dev.explora.cl","potentialAction":[{"@type":"SearchAction","target":{"@type":"EntryPoint","urlTemplate":"https:\/\/dev.explora.cl\/lagos\/?s={search_term_string}"},"query-input":{"@type":"PropertyValueSpecification","valueRequired":true,"valueName":"search_term_string"}}],"inLanguage":"es"},{"@type":"Person","@id":"https:\/\/dev.explora.cl\/lagos\/#\/schema\/person\/cb8349c13ea2d324080adf8480d7ba5d","name":"webman","image":{"@type":"ImageObject","inLanguage":"es","@id":"https:\/\/dev.explora.cl\/lagos\/#\/schema\/person\/image\/","url":"https:\/\/secure.gravatar.com\/avatar\/eeff3c82f2c02f7177d13663b7e6f890e9a6a0647ce9bb29cae02dcb094c7312?s=96&d=mm&r=g","contentUrl":"https:\/\/secure.gravatar.com\/avatar\/eeff3c82f2c02f7177d13663b7e6f890e9a6a0647ce9bb29cae02dcb094c7312?s=96&d=mm&r=g","caption":"webman"},"url":"https:\/\/dev.explora.cl\/lagos\/author\/webman\/"}]}},"_links":{"self":[{"href":"https:\/\/dev.explora.cl\/lagos\/wp-json\/wp\/v2\/posts\/1067","targetHints":{"allow":["GET"]}}],"collection":[{"href":"https:\/\/dev.explora.cl\/lagos\/wp-json\/wp\/v2\/posts"}],"about":[{"href":"https:\/\/dev.explora.cl\/lagos\/wp-json\/wp\/v2\/types\/post"}],"author":[{"embeddable":true,"href":"https:\/\/dev.explora.cl\/lagos\/wp-json\/wp\/v2\/users\/2"}],"replies":[{"embeddable":true,"href":"https:\/\/dev.explora.cl\/lagos\/wp-json\/wp\/v2\/comments?post=1067"}],"version-history":[{"count":1,"href":"https:\/\/dev.explora.cl\/lagos\/wp-json\/wp\/v2\/posts\/1067\/revisions"}],"predecessor-version":[{"id":38307,"href":"https:\/\/dev.explora.cl\/lagos\/wp-json\/wp\/v2\/posts\/1067\/revisions\/38307"}],"wp:featuredmedia":[{"embeddable":true,"href":"https:\/\/dev.explora.cl\/lagos\/wp-json\/wp\/v2\/media\/1068"}],"wp:attachment":[{"href":"https:\/\/dev.explora.cl\/lagos\/wp-json\/wp\/v2\/media?parent=1067"}],"wp:term":[{"taxonomy":"category","embeddable":true,"href":"https:\/\/dev.explora.cl\/lagos\/wp-json\/wp\/v2\/categories?post=1067"},{"taxonomy":"post_tag","embeddable":true,"href":"https:\/\/dev.explora.cl\/lagos\/wp-json\/wp\/v2\/tags?post=1067"}],"curies":[{"name":"wp","href":"https:\/\/api.w.org\/{rel}","templated":true}]}}