{"id":1062,"date":"2014-09-15T00:00:00","date_gmt":"2014-09-15T04:00:00","guid":{"rendered":"http:\/\/ec2-34-219-152-79.us-west-2.compute.amazonaws.com\/lagos\/blog\/2014\/09\/15\/continua-ciclo-de-charlas-bibliociencia-en-puerto-montt\/"},"modified":"2019-05-20T19:49:15","modified_gmt":"2019-05-20T19:49:15","slug":"continua-ciclo-de-charlas-bibliociencia-en-puerto-montt","status":"publish","type":"post","link":"https:\/\/dev.explora.cl\/lagos\/continua-ciclo-de-charlas-bibliociencia-en-puerto-montt\/","title":{"rendered":"Contin\u00faa ciclo de charlas \u201cBibliociencia\u201d en Puerto Montt"},"content":{"rendered":"<p><img loading=\"lazy\" decoding=\"async\" class=\" size-full wp-image-5450\" src=\"http:\/\/ec2-34-218-253-251.us-west-2.compute.amazonaws.com\/wp-content\/uploads\/2014\/09\/f45c67357622c31d6c1b01b85dd4b5e3.jpg\" alt=\"\" width=\"3543\" height=\"2554\" \/><\/p>\n<p style=\"text-align: justify\">El PAR EXPLORA Los Lagos, coordinado por la ULagos y la Biblioteca P\u00fablica Regional Puerto Montt, invitan a la comunidad a participar del ciclo de charlas denominado \u00abBibliociencia\u00bb, que se est\u00e1 desarrollando durante este segundo semestre del a\u00f1o.<\/p>\n<p style=\"text-align: justify\">La actividad es de car\u00e1cter gratuita, y se encuentra abierta a toda la comunidad de la provincia de Llanquihue. Las charlas se desarrollan en dependencias de la Biblioteca Regional, ubicada en calle Quillota 113, y su principal objetivo es abordar tem\u00e1ticas cient\u00edficas y tecnol\u00f3gicas, dando cuenta de su importancia en nuestra vida cotidiana.<\/p>\n<p style=\"text-align: justify\">La segunda actividad correspondiente al ciclo \u00abBibliociencia\u00bb se llevar\u00e1 a cabo el 25 de septiembre con la exposici\u00f3n \u00abNarrativas de vanguardia en Latinoam\u00e9rica\u00bb, que ser\u00e1 dictada por la Doctora Andrea Leyton, acad\u00e9mica de la Universidad Austral de Chile, Sede Puerto Montt.<\/p>\n<p style=\"text-align: justify\">Posteriormente, el 16 de octubre la Doctora Carolina Le\u00f3n, perteneciente a la Universidad Bernardo O&#8217;Higgins, expondr\u00e1 respecto al tema \u00abLas turberas y el pomp\u00f3n\u00bb. El ciclo finaliza el 27 de noviembre con la charla \u00abConservaci\u00f3n y restauraci\u00f3n del patrimonio arquitect\u00f3nico\u00bb, impartida por Fernando Arenas, arquitecto de la Oficina Municipal del Patrimonio Cultural (OMPC) de Puerto Montt.<\/p>\n<p style=\"text-align: justify\">El PAR EXPLORA Los Lagos invita a toda la comunidad a inscribirse en <a href=\"mailto:valoracionexplora@ulagos.cl\">valoracionexplora@ulagos.cl<\/a><a href=\"mailto:valoracionexplora@ulagos.cl\"><br \/><\/a><\/p>\n","protected":false},"excerpt":{"rendered":"<p>El PAR EXPLORA Los Lagos, coordinado por la ULagos y la Biblioteca P\u00fablica Regional Puerto Montt, invitan a la comunidad a participar del ciclo de charlas denominado \u00abBibliociencia\u00bb, que se est\u00e1 desarrollando durante este segundo semestre del a\u00f1o. La actividad es de car\u00e1cter gratuita, y se encuentra abierta a toda la comunidad de la provincia [&hellip;]<\/p>\n","protected":false},"author":2,"featured_media":1063,"comment_status":"open","ping_status":"open","sticky":false,"template":"","format":"standard","meta":{"_acf_changed":false,"_exactmetrics_skip_tracking":false,"_exactmetrics_sitenote_active":false,"_exactmetrics_sitenote_note":"","_exactmetrics_sitenote_category":0,"footnotes":"","_links_to":"","_links_to_target":""},"categories":[4],"tags":[],"class_list":["post-1062","post","type-post","status-publish","format-standard","has-post-thumbnail","hentry","category-noticias"],"acf":[],"yoast_head":"<!-- This site is optimized with the Yoast SEO plugin v26.7 - https:\/\/yoast.com\/wordpress\/plugins\/seo\/ -->\n<title>Contin\u00faa ciclo de charlas \u201cBibliociencia\u201d en Puerto Montt - Los Lagos<\/title>\n<meta name=\"robots\" content=\"index, follow, max-snippet:-1, max-image-preview:large, max-video-preview:-1\" \/>\n<link rel=\"canonical\" href=\"https:\/\/dev.explora.cl\/lagos\/continua-ciclo-de-charlas-bibliociencia-en-puerto-montt\/\" class=\"yoast-seo-meta-tag\" \/>\n<meta property=\"og:locale\" content=\"es_ES\" class=\"yoast-seo-meta-tag\" \/>\n<meta property=\"og:type\" content=\"article\" class=\"yoast-seo-meta-tag\" \/>\n<meta property=\"og:title\" content=\"Contin\u00faa ciclo de charlas \u201cBibliociencia\u201d en Puerto Montt - Los Lagos\" class=\"yoast-seo-meta-tag\" \/>\n<meta property=\"og:description\" content=\"El PAR EXPLORA Los Lagos, coordinado por la ULagos y la Biblioteca P\u00fablica Regional Puerto Montt, invitan a la comunidad a participar del ciclo de charlas denominado \u00abBibliociencia\u00bb, que se est\u00e1 desarrollando durante este segundo semestre del a\u00f1o. La actividad es de car\u00e1cter gratuita, y se encuentra abierta a toda la comunidad de la provincia [&hellip;]\" class=\"yoast-seo-meta-tag\" \/>\n<meta property=\"og:url\" content=\"https:\/\/dev.explora.cl\/lagos\/continua-ciclo-de-charlas-bibliociencia-en-puerto-montt\/\" class=\"yoast-seo-meta-tag\" \/>\n<meta property=\"og:site_name\" content=\"Los Lagos\" class=\"yoast-seo-meta-tag\" \/>\n<meta property=\"article:published_time\" content=\"2014-09-15T04:00:00+00:00\" class=\"yoast-seo-meta-tag\" \/>\n<meta property=\"article:modified_time\" content=\"2019-05-20T19:49:15+00:00\" class=\"yoast-seo-meta-tag\" \/>\n<meta property=\"og:image\" content=\"https:\/\/dev.explora.cl\/lagos\/wp-content\/uploads\/sites\/17\/2018\/06\/f45c67357622c31d6c1b01b85dd4b5e3-1024x738.jpg\" class=\"yoast-seo-meta-tag\" \/>\n\t<meta property=\"og:image:width\" content=\"1024\" class=\"yoast-seo-meta-tag\" \/>\n\t<meta property=\"og:image:height\" content=\"738\" class=\"yoast-seo-meta-tag\" \/>\n\t<meta property=\"og:image:type\" content=\"image\/jpeg\" class=\"yoast-seo-meta-tag\" \/>\n<meta name=\"author\" content=\"webman\" class=\"yoast-seo-meta-tag\" \/>\n<meta name=\"twitter:card\" content=\"summary_large_image\" class=\"yoast-seo-meta-tag\" \/>\n<meta name=\"twitter:label1\" content=\"Escrito por\" class=\"yoast-seo-meta-tag\" \/>\n\t<meta name=\"twitter:data1\" content=\"webman\" class=\"yoast-seo-meta-tag\" \/>\n\t<meta name=\"twitter:label2\" content=\"Tiempo de lectura\" class=\"yoast-seo-meta-tag\" \/>\n\t<meta name=\"twitter:data2\" content=\"1 minuto\" class=\"yoast-seo-meta-tag\" \/>\n<script type=\"application\/ld+json\" class=\"yoast-schema-graph\">{\"@context\":\"https:\/\/schema.org\",\"@graph\":[{\"@type\":\"Article\",\"@id\":\"https:\/\/dev.explora.cl\/lagos\/continua-ciclo-de-charlas-bibliociencia-en-puerto-montt\/#article\",\"isPartOf\":{\"@id\":\"https:\/\/dev.explora.cl\/lagos\/continua-ciclo-de-charlas-bibliociencia-en-puerto-montt\/\"},\"author\":{\"name\":\"webman\",\"@id\":\"https:\/\/dev.explora.cl\/lagos\/#\/schema\/person\/cb8349c13ea2d324080adf8480d7ba5d\"},\"headline\":\"Contin\u00faa ciclo de charlas \u201cBibliociencia\u201d en Puerto Montt\",\"datePublished\":\"2014-09-15T04:00:00+00:00\",\"dateModified\":\"2019-05-20T19:49:15+00:00\",\"mainEntityOfPage\":{\"@id\":\"https:\/\/dev.explora.cl\/lagos\/continua-ciclo-de-charlas-bibliociencia-en-puerto-montt\/\"},\"wordCount\":224,\"commentCount\":0,\"image\":{\"@id\":\"https:\/\/dev.explora.cl\/lagos\/continua-ciclo-de-charlas-bibliociencia-en-puerto-montt\/#primaryimage\"},\"thumbnailUrl\":\"https:\/\/dev.explora.cl\/lagos\/wp-content\/uploads\/sites\/17\/2018\/06\/f45c67357622c31d6c1b01b85dd4b5e3.jpg\",\"articleSection\":[\"Noticias\"],\"inLanguage\":\"es\",\"potentialAction\":[{\"@type\":\"CommentAction\",\"name\":\"Comment\",\"target\":[\"https:\/\/dev.explora.cl\/lagos\/continua-ciclo-de-charlas-bibliociencia-en-puerto-montt\/#respond\"]}]},{\"@type\":\"WebPage\",\"@id\":\"https:\/\/dev.explora.cl\/lagos\/continua-ciclo-de-charlas-bibliociencia-en-puerto-montt\/\",\"url\":\"https:\/\/dev.explora.cl\/lagos\/continua-ciclo-de-charlas-bibliociencia-en-puerto-montt\/\",\"name\":\"Contin\u00faa ciclo de charlas \u201cBibliociencia\u201d en Puerto Montt - Los Lagos\",\"isPartOf\":{\"@id\":\"https:\/\/dev.explora.cl\/lagos\/#website\"},\"primaryImageOfPage\":{\"@id\":\"https:\/\/dev.explora.cl\/lagos\/continua-ciclo-de-charlas-bibliociencia-en-puerto-montt\/#primaryimage\"},\"image\":{\"@id\":\"https:\/\/dev.explora.cl\/lagos\/continua-ciclo-de-charlas-bibliociencia-en-puerto-montt\/#primaryimage\"},\"thumbnailUrl\":\"https:\/\/dev.explora.cl\/lagos\/wp-content\/uploads\/sites\/17\/2018\/06\/f45c67357622c31d6c1b01b85dd4b5e3.jpg\",\"datePublished\":\"2014-09-15T04:00:00+00:00\",\"dateModified\":\"2019-05-20T19:49:15+00:00\",\"author\":{\"@id\":\"https:\/\/dev.explora.cl\/lagos\/#\/schema\/person\/cb8349c13ea2d324080adf8480d7ba5d\"},\"breadcrumb\":{\"@id\":\"https:\/\/dev.explora.cl\/lagos\/continua-ciclo-de-charlas-bibliociencia-en-puerto-montt\/#breadcrumb\"},\"inLanguage\":\"es\",\"potentialAction\":[{\"@type\":\"ReadAction\",\"target\":[\"https:\/\/dev.explora.cl\/lagos\/continua-ciclo-de-charlas-bibliociencia-en-puerto-montt\/\"]}]},{\"@type\":\"ImageObject\",\"inLanguage\":\"es\",\"@id\":\"https:\/\/dev.explora.cl\/lagos\/continua-ciclo-de-charlas-bibliociencia-en-puerto-montt\/#primaryimage\",\"url\":\"https:\/\/dev.explora.cl\/lagos\/wp-content\/uploads\/sites\/17\/2018\/06\/f45c67357622c31d6c1b01b85dd4b5e3.jpg\",\"contentUrl\":\"https:\/\/dev.explora.cl\/lagos\/wp-content\/uploads\/sites\/17\/2018\/06\/f45c67357622c31d6c1b01b85dd4b5e3.jpg\",\"width\":3543,\"height\":2554},{\"@type\":\"BreadcrumbList\",\"@id\":\"https:\/\/dev.explora.cl\/lagos\/continua-ciclo-de-charlas-bibliociencia-en-puerto-montt\/#breadcrumb\",\"itemListElement\":[{\"@type\":\"ListItem\",\"position\":1,\"name\":\"Portada\",\"item\":\"https:\/\/dev.explora.cl\/lagos\/\"},{\"@type\":\"ListItem\",\"position\":2,\"name\":\"Contin\u00faa ciclo de charlas \u201cBibliociencia\u201d en Puerto Montt\"}]},{\"@type\":\"WebSite\",\"@id\":\"https:\/\/dev.explora.cl\/lagos\/#website\",\"url\":\"https:\/\/dev.explora.cl\/lagos\/\",\"name\":\"Los Lagos\",\"description\":\"Otro sitio m\u00e1s de dev.explora.cl\",\"potentialAction\":[{\"@type\":\"SearchAction\",\"target\":{\"@type\":\"EntryPoint\",\"urlTemplate\":\"https:\/\/dev.explora.cl\/lagos\/?s={search_term_string}\"},\"query-input\":{\"@type\":\"PropertyValueSpecification\",\"valueRequired\":true,\"valueName\":\"search_term_string\"}}],\"inLanguage\":\"es\"},{\"@type\":\"Person\",\"@id\":\"https:\/\/dev.explora.cl\/lagos\/#\/schema\/person\/cb8349c13ea2d324080adf8480d7ba5d\",\"name\":\"webman\",\"image\":{\"@type\":\"ImageObject\",\"inLanguage\":\"es\",\"@id\":\"https:\/\/dev.explora.cl\/lagos\/#\/schema\/person\/image\/\",\"url\":\"https:\/\/secure.gravatar.com\/avatar\/eeff3c82f2c02f7177d13663b7e6f890e9a6a0647ce9bb29cae02dcb094c7312?s=96&d=mm&r=g\",\"contentUrl\":\"https:\/\/secure.gravatar.com\/avatar\/eeff3c82f2c02f7177d13663b7e6f890e9a6a0647ce9bb29cae02dcb094c7312?s=96&d=mm&r=g\",\"caption\":\"webman\"},\"url\":\"https:\/\/dev.explora.cl\/lagos\/author\/webman\/\"}]}<\/script>\n<!-- \/ Yoast SEO plugin. -->","yoast_head_json":{"title":"Contin\u00faa ciclo de charlas \u201cBibliociencia\u201d en Puerto Montt - Los Lagos","robots":{"index":"index","follow":"follow","max-snippet":"max-snippet:-1","max-image-preview":"max-image-preview:large","max-video-preview":"max-video-preview:-1"},"canonical":"https:\/\/dev.explora.cl\/lagos\/continua-ciclo-de-charlas-bibliociencia-en-puerto-montt\/","og_locale":"es_ES","og_type":"article","og_title":"Contin\u00faa ciclo de charlas \u201cBibliociencia\u201d en Puerto Montt - Los Lagos","og_description":"El PAR EXPLORA Los Lagos, coordinado por la ULagos y la Biblioteca P\u00fablica Regional Puerto Montt, invitan a la comunidad a participar del ciclo de charlas denominado \u00abBibliociencia\u00bb, que se est\u00e1 desarrollando durante este segundo semestre del a\u00f1o. La actividad es de car\u00e1cter gratuita, y se encuentra abierta a toda la comunidad de la provincia [&hellip;]","og_url":"https:\/\/dev.explora.cl\/lagos\/continua-ciclo-de-charlas-bibliociencia-en-puerto-montt\/","og_site_name":"Los Lagos","article_published_time":"2014-09-15T04:00:00+00:00","article_modified_time":"2019-05-20T19:49:15+00:00","og_image":[{"width":1024,"height":738,"url":"https:\/\/dev.explora.cl\/lagos\/wp-content\/uploads\/sites\/17\/2018\/06\/f45c67357622c31d6c1b01b85dd4b5e3-1024x738.jpg","type":"image\/jpeg"}],"author":"webman","twitter_card":"summary_large_image","twitter_misc":{"Escrito por":"webman","Tiempo de lectura":"1 minuto"},"schema":{"@context":"https:\/\/schema.org","@graph":[{"@type":"Article","@id":"https:\/\/dev.explora.cl\/lagos\/continua-ciclo-de-charlas-bibliociencia-en-puerto-montt\/#article","isPartOf":{"@id":"https:\/\/dev.explora.cl\/lagos\/continua-ciclo-de-charlas-bibliociencia-en-puerto-montt\/"},"author":{"name":"webman","@id":"https:\/\/dev.explora.cl\/lagos\/#\/schema\/person\/cb8349c13ea2d324080adf8480d7ba5d"},"headline":"Contin\u00faa ciclo de charlas \u201cBibliociencia\u201d en Puerto Montt","datePublished":"2014-09-15T04:00:00+00:00","dateModified":"2019-05-20T19:49:15+00:00","mainEntityOfPage":{"@id":"https:\/\/dev.explora.cl\/lagos\/continua-ciclo-de-charlas-bibliociencia-en-puerto-montt\/"},"wordCount":224,"commentCount":0,"image":{"@id":"https:\/\/dev.explora.cl\/lagos\/continua-ciclo-de-charlas-bibliociencia-en-puerto-montt\/#primaryimage"},"thumbnailUrl":"https:\/\/dev.explora.cl\/lagos\/wp-content\/uploads\/sites\/17\/2018\/06\/f45c67357622c31d6c1b01b85dd4b5e3.jpg","articleSection":["Noticias"],"inLanguage":"es","potentialAction":[{"@type":"CommentAction","name":"Comment","target":["https:\/\/dev.explora.cl\/lagos\/continua-ciclo-de-charlas-bibliociencia-en-puerto-montt\/#respond"]}]},{"@type":"WebPage","@id":"https:\/\/dev.explora.cl\/lagos\/continua-ciclo-de-charlas-bibliociencia-en-puerto-montt\/","url":"https:\/\/dev.explora.cl\/lagos\/continua-ciclo-de-charlas-bibliociencia-en-puerto-montt\/","name":"Contin\u00faa ciclo de charlas \u201cBibliociencia\u201d en Puerto Montt - Los Lagos","isPartOf":{"@id":"https:\/\/dev.explora.cl\/lagos\/#website"},"primaryImageOfPage":{"@id":"https:\/\/dev.explora.cl\/lagos\/continua-ciclo-de-charlas-bibliociencia-en-puerto-montt\/#primaryimage"},"image":{"@id":"https:\/\/dev.explora.cl\/lagos\/continua-ciclo-de-charlas-bibliociencia-en-puerto-montt\/#primaryimage"},"thumbnailUrl":"https:\/\/dev.explora.cl\/lagos\/wp-content\/uploads\/sites\/17\/2018\/06\/f45c67357622c31d6c1b01b85dd4b5e3.jpg","datePublished":"2014-09-15T04:00:00+00:00","dateModified":"2019-05-20T19:49:15+00:00","author":{"@id":"https:\/\/dev.explora.cl\/lagos\/#\/schema\/person\/cb8349c13ea2d324080adf8480d7ba5d"},"breadcrumb":{"@id":"https:\/\/dev.explora.cl\/lagos\/continua-ciclo-de-charlas-bibliociencia-en-puerto-montt\/#breadcrumb"},"inLanguage":"es","potentialAction":[{"@type":"ReadAction","target":["https:\/\/dev.explora.cl\/lagos\/continua-ciclo-de-charlas-bibliociencia-en-puerto-montt\/"]}]},{"@type":"ImageObject","inLanguage":"es","@id":"https:\/\/dev.explora.cl\/lagos\/continua-ciclo-de-charlas-bibliociencia-en-puerto-montt\/#primaryimage","url":"https:\/\/dev.explora.cl\/lagos\/wp-content\/uploads\/sites\/17\/2018\/06\/f45c67357622c31d6c1b01b85dd4b5e3.jpg","contentUrl":"https:\/\/dev.explora.cl\/lagos\/wp-content\/uploads\/sites\/17\/2018\/06\/f45c67357622c31d6c1b01b85dd4b5e3.jpg","width":3543,"height":2554},{"@type":"BreadcrumbList","@id":"https:\/\/dev.explora.cl\/lagos\/continua-ciclo-de-charlas-bibliociencia-en-puerto-montt\/#breadcrumb","itemListElement":[{"@type":"ListItem","position":1,"name":"Portada","item":"https:\/\/dev.explora.cl\/lagos\/"},{"@type":"ListItem","position":2,"name":"Contin\u00faa ciclo de charlas \u201cBibliociencia\u201d en Puerto Montt"}]},{"@type":"WebSite","@id":"https:\/\/dev.explora.cl\/lagos\/#website","url":"https:\/\/dev.explora.cl\/lagos\/","name":"Los Lagos","description":"Otro sitio m\u00e1s de dev.explora.cl","potentialAction":[{"@type":"SearchAction","target":{"@type":"EntryPoint","urlTemplate":"https:\/\/dev.explora.cl\/lagos\/?s={search_term_string}"},"query-input":{"@type":"PropertyValueSpecification","valueRequired":true,"valueName":"search_term_string"}}],"inLanguage":"es"},{"@type":"Person","@id":"https:\/\/dev.explora.cl\/lagos\/#\/schema\/person\/cb8349c13ea2d324080adf8480d7ba5d","name":"webman","image":{"@type":"ImageObject","inLanguage":"es","@id":"https:\/\/dev.explora.cl\/lagos\/#\/schema\/person\/image\/","url":"https:\/\/secure.gravatar.com\/avatar\/eeff3c82f2c02f7177d13663b7e6f890e9a6a0647ce9bb29cae02dcb094c7312?s=96&d=mm&r=g","contentUrl":"https:\/\/secure.gravatar.com\/avatar\/eeff3c82f2c02f7177d13663b7e6f890e9a6a0647ce9bb29cae02dcb094c7312?s=96&d=mm&r=g","caption":"webman"},"url":"https:\/\/dev.explora.cl\/lagos\/author\/webman\/"}]}},"_links":{"self":[{"href":"https:\/\/dev.explora.cl\/lagos\/wp-json\/wp\/v2\/posts\/1062","targetHints":{"allow":["GET"]}}],"collection":[{"href":"https:\/\/dev.explora.cl\/lagos\/wp-json\/wp\/v2\/posts"}],"about":[{"href":"https:\/\/dev.explora.cl\/lagos\/wp-json\/wp\/v2\/types\/post"}],"author":[{"embeddable":true,"href":"https:\/\/dev.explora.cl\/lagos\/wp-json\/wp\/v2\/users\/2"}],"replies":[{"embeddable":true,"href":"https:\/\/dev.explora.cl\/lagos\/wp-json\/wp\/v2\/comments?post=1062"}],"version-history":[{"count":1,"href":"https:\/\/dev.explora.cl\/lagos\/wp-json\/wp\/v2\/posts\/1062\/revisions"}],"predecessor-version":[{"id":38309,"href":"https:\/\/dev.explora.cl\/lagos\/wp-json\/wp\/v2\/posts\/1062\/revisions\/38309"}],"wp:featuredmedia":[{"embeddable":true,"href":"https:\/\/dev.explora.cl\/lagos\/wp-json\/wp\/v2\/media\/1063"}],"wp:attachment":[{"href":"https:\/\/dev.explora.cl\/lagos\/wp-json\/wp\/v2\/media?parent=1062"}],"wp:term":[{"taxonomy":"category","embeddable":true,"href":"https:\/\/dev.explora.cl\/lagos\/wp-json\/wp\/v2\/categories?post=1062"},{"taxonomy":"post_tag","embeddable":true,"href":"https:\/\/dev.explora.cl\/lagos\/wp-json\/wp\/v2\/tags?post=1062"}],"curies":[{"name":"wp","href":"https:\/\/api.w.org\/{rel}","templated":true}]}}