{"id":1056,"date":"2014-09-10T00:00:00","date_gmt":"2014-09-10T04:00:00","guid":{"rendered":"http:\/\/ec2-34-219-152-79.us-west-2.compute.amazonaws.com\/lagos\/blog\/2014\/09\/10\/establecimientos-municipales-participaron-en-olimpiadas-de-historia-local\/"},"modified":"2019-05-20T19:49:15","modified_gmt":"2019-05-20T19:49:15","slug":"establecimientos-municipales-participaron-en-olimpiadas-de-historia-local","status":"publish","type":"post","link":"https:\/\/dev.explora.cl\/lagos\/establecimientos-municipales-participaron-en-olimpiadas-de-historia-local\/","title":{"rendered":"Establecimientos municipales participaron en Olimpiadas de Historia Local"},"content":{"rendered":"<p><img loading=\"lazy\" decoding=\"async\" class=\" size-full wp-image-5340\" src=\"http:\/\/ec2-34-218-253-251.us-west-2.compute.amazonaws.com\/wp-content\/uploads\/2014\/09\/c7a360599c89f3c74309cc542d9db722.jpg\" alt=\"\" width=\"3543\" height=\"2379\" \/><\/p>\n<p style=\"text-align: justify\">\n<p>En la Escuela Marcela Paz de Puerto Montt se desarroll\u00f3 la 4ta versi\u00f3n de las Olimpiadas de Historia Local. La iniciativa fue organizada por la Direcci\u00f3n de Educaci\u00f3n Municipal de Puerto Montt, la Oficina Municipal de Patrimonio Cultural y el PAR EXPLORA Los Lagos, coordinado por la Universidad de Los Lagos.<\/p>\n<p style=\"text-align: justify\">En esta actividad se presentaron equipos de entre dos y ocho alumnos de quinto a octavo b\u00e1sico en representaci\u00f3n de las escuelas Espa\u00f1a, Licaray\u00e9n, Libertad, Miramar, Mirasol, Melipulli y los anfitriones, Marcela Paz.<\/p>\n<p style=\"text-align: justify\">En la oportunidad, los siete centros educativos participaron en tres etapas evaluadas para determinar el nivel de sus conocimientos. En primer lugar, los alumnos realizaron una prueba escrita de Historia de Chile, posteriormente contestaron diversas preguntas en un mapa interactivo de geograf\u00eda regional, para finalmente llevar a cabo una presentaci\u00f3n oral de ocho minutos referente a historia local.<\/p>\n<p style=\"text-align: justify\"><img decoding=\"async\" class=\" alignleft size-full wp-image-5341\" src=\"http:\/\/ec2-34-218-253-251.us-west-2.compute.amazonaws.com\/wp-content\/uploads\/2014\/09\/DSC_0045.JPG\" border=\"0\" width=\"350\" style=\"float: left;margin: 5px 10px\" \/><br \/>Luego de la evaluaci\u00f3n del jurado, se entreg\u00f3 una menci\u00f3n honrosa para la escuela Melipulli, el tercer lugar recay\u00f3 en la escuela Espa\u00f1a, el segundo fue para Marcela Paz, mientras que las ganadoras de estas Olimpiadas fueron B\u00e1rbara Gallardo y Ana Villegas en representaci\u00f3n de la escuela Miramar de Puerto Montt.<\/p>\n<p style=\"text-align: justify\">Las ganadoras obtuvieron un Kit EXPLORA y galvanos, adem\u00e1s de la posibilidad de participar en la \u00abRuta al Bosque F\u00f3sil de Pelluhi\u00edn\u00bb, gentileza del PAR EXPLORA Los Lagos.<\/p>\n","protected":false},"excerpt":{"rendered":"<p>En la Escuela Marcela Paz de Puerto Montt se desarroll\u00f3 la 4ta versi\u00f3n de las Olimpiadas de Historia Local. La iniciativa fue organizada por la Direcci\u00f3n de Educaci\u00f3n Municipal de Puerto Montt, la Oficina Municipal de Patrimonio Cultural y el PAR EXPLORA Los Lagos, coordinado por la Universidad de Los Lagos. En esta actividad se [&hellip;]<\/p>\n","protected":false},"author":2,"featured_media":1057,"comment_status":"open","ping_status":"open","sticky":false,"template":"","format":"standard","meta":{"_acf_changed":false,"_exactmetrics_skip_tracking":false,"_exactmetrics_sitenote_active":false,"_exactmetrics_sitenote_note":"","_exactmetrics_sitenote_category":0,"footnotes":"","_links_to":"","_links_to_target":""},"categories":[4],"tags":[],"class_list":["post-1056","post","type-post","status-publish","format-standard","has-post-thumbnail","hentry","category-noticias"],"acf":[],"yoast_head":"<!-- This site is optimized with the Yoast SEO plugin v26.7 - https:\/\/yoast.com\/wordpress\/plugins\/seo\/ -->\n<title>Establecimientos municipales participaron en Olimpiadas de Historia Local - Los Lagos<\/title>\n<meta name=\"robots\" content=\"index, follow, max-snippet:-1, max-image-preview:large, max-video-preview:-1\" \/>\n<link rel=\"canonical\" href=\"https:\/\/dev.explora.cl\/lagos\/establecimientos-municipales-participaron-en-olimpiadas-de-historia-local\/\" class=\"yoast-seo-meta-tag\" \/>\n<meta property=\"og:locale\" content=\"es_ES\" class=\"yoast-seo-meta-tag\" \/>\n<meta property=\"og:type\" content=\"article\" class=\"yoast-seo-meta-tag\" \/>\n<meta property=\"og:title\" content=\"Establecimientos municipales participaron en Olimpiadas de Historia Local - Los Lagos\" class=\"yoast-seo-meta-tag\" \/>\n<meta property=\"og:description\" content=\"En la Escuela Marcela Paz de Puerto Montt se desarroll\u00f3 la 4ta versi\u00f3n de las Olimpiadas de Historia Local. La iniciativa fue organizada por la Direcci\u00f3n de Educaci\u00f3n Municipal de Puerto Montt, la Oficina Municipal de Patrimonio Cultural y el PAR EXPLORA Los Lagos, coordinado por la Universidad de Los Lagos. En esta actividad se [&hellip;]\" class=\"yoast-seo-meta-tag\" \/>\n<meta property=\"og:url\" content=\"https:\/\/dev.explora.cl\/lagos\/establecimientos-municipales-participaron-en-olimpiadas-de-historia-local\/\" class=\"yoast-seo-meta-tag\" \/>\n<meta property=\"og:site_name\" content=\"Los Lagos\" class=\"yoast-seo-meta-tag\" \/>\n<meta property=\"article:published_time\" content=\"2014-09-10T04:00:00+00:00\" class=\"yoast-seo-meta-tag\" \/>\n<meta property=\"article:modified_time\" content=\"2019-05-20T19:49:15+00:00\" class=\"yoast-seo-meta-tag\" \/>\n<meta property=\"og:image\" content=\"https:\/\/dev.explora.cl\/lagos\/wp-content\/uploads\/sites\/17\/2018\/06\/c7a360599c89f3c74309cc542d9db722-1024x688.jpg\" class=\"yoast-seo-meta-tag\" \/>\n\t<meta property=\"og:image:width\" content=\"1024\" class=\"yoast-seo-meta-tag\" \/>\n\t<meta property=\"og:image:height\" content=\"688\" class=\"yoast-seo-meta-tag\" \/>\n\t<meta property=\"og:image:type\" content=\"image\/jpeg\" class=\"yoast-seo-meta-tag\" \/>\n<meta name=\"author\" content=\"webman\" class=\"yoast-seo-meta-tag\" \/>\n<meta name=\"twitter:card\" content=\"summary_large_image\" class=\"yoast-seo-meta-tag\" \/>\n<meta name=\"twitter:label1\" content=\"Escrito por\" class=\"yoast-seo-meta-tag\" \/>\n\t<meta name=\"twitter:data1\" content=\"webman\" class=\"yoast-seo-meta-tag\" \/>\n\t<meta name=\"twitter:label2\" content=\"Tiempo de lectura\" class=\"yoast-seo-meta-tag\" \/>\n\t<meta name=\"twitter:data2\" content=\"1 minuto\" class=\"yoast-seo-meta-tag\" \/>\n<script type=\"application\/ld+json\" class=\"yoast-schema-graph\">{\"@context\":\"https:\/\/schema.org\",\"@graph\":[{\"@type\":\"Article\",\"@id\":\"https:\/\/dev.explora.cl\/lagos\/establecimientos-municipales-participaron-en-olimpiadas-de-historia-local\/#article\",\"isPartOf\":{\"@id\":\"https:\/\/dev.explora.cl\/lagos\/establecimientos-municipales-participaron-en-olimpiadas-de-historia-local\/\"},\"author\":{\"name\":\"webman\",\"@id\":\"https:\/\/dev.explora.cl\/lagos\/#\/schema\/person\/cb8349c13ea2d324080adf8480d7ba5d\"},\"headline\":\"Establecimientos municipales participaron en Olimpiadas de Historia Local\",\"datePublished\":\"2014-09-10T04:00:00+00:00\",\"dateModified\":\"2019-05-20T19:49:15+00:00\",\"mainEntityOfPage\":{\"@id\":\"https:\/\/dev.explora.cl\/lagos\/establecimientos-municipales-participaron-en-olimpiadas-de-historia-local\/\"},\"wordCount\":246,\"commentCount\":0,\"image\":{\"@id\":\"https:\/\/dev.explora.cl\/lagos\/establecimientos-municipales-participaron-en-olimpiadas-de-historia-local\/#primaryimage\"},\"thumbnailUrl\":\"https:\/\/dev.explora.cl\/lagos\/wp-content\/uploads\/sites\/17\/2018\/06\/c7a360599c89f3c74309cc542d9db722.jpg\",\"articleSection\":[\"Noticias\"],\"inLanguage\":\"es\",\"potentialAction\":[{\"@type\":\"CommentAction\",\"name\":\"Comment\",\"target\":[\"https:\/\/dev.explora.cl\/lagos\/establecimientos-municipales-participaron-en-olimpiadas-de-historia-local\/#respond\"]}]},{\"@type\":\"WebPage\",\"@id\":\"https:\/\/dev.explora.cl\/lagos\/establecimientos-municipales-participaron-en-olimpiadas-de-historia-local\/\",\"url\":\"https:\/\/dev.explora.cl\/lagos\/establecimientos-municipales-participaron-en-olimpiadas-de-historia-local\/\",\"name\":\"Establecimientos municipales participaron en Olimpiadas de Historia Local - Los Lagos\",\"isPartOf\":{\"@id\":\"https:\/\/dev.explora.cl\/lagos\/#website\"},\"primaryImageOfPage\":{\"@id\":\"https:\/\/dev.explora.cl\/lagos\/establecimientos-municipales-participaron-en-olimpiadas-de-historia-local\/#primaryimage\"},\"image\":{\"@id\":\"https:\/\/dev.explora.cl\/lagos\/establecimientos-municipales-participaron-en-olimpiadas-de-historia-local\/#primaryimage\"},\"thumbnailUrl\":\"https:\/\/dev.explora.cl\/lagos\/wp-content\/uploads\/sites\/17\/2018\/06\/c7a360599c89f3c74309cc542d9db722.jpg\",\"datePublished\":\"2014-09-10T04:00:00+00:00\",\"dateModified\":\"2019-05-20T19:49:15+00:00\",\"author\":{\"@id\":\"https:\/\/dev.explora.cl\/lagos\/#\/schema\/person\/cb8349c13ea2d324080adf8480d7ba5d\"},\"breadcrumb\":{\"@id\":\"https:\/\/dev.explora.cl\/lagos\/establecimientos-municipales-participaron-en-olimpiadas-de-historia-local\/#breadcrumb\"},\"inLanguage\":\"es\",\"potentialAction\":[{\"@type\":\"ReadAction\",\"target\":[\"https:\/\/dev.explora.cl\/lagos\/establecimientos-municipales-participaron-en-olimpiadas-de-historia-local\/\"]}]},{\"@type\":\"ImageObject\",\"inLanguage\":\"es\",\"@id\":\"https:\/\/dev.explora.cl\/lagos\/establecimientos-municipales-participaron-en-olimpiadas-de-historia-local\/#primaryimage\",\"url\":\"https:\/\/dev.explora.cl\/lagos\/wp-content\/uploads\/sites\/17\/2018\/06\/c7a360599c89f3c74309cc542d9db722.jpg\",\"contentUrl\":\"https:\/\/dev.explora.cl\/lagos\/wp-content\/uploads\/sites\/17\/2018\/06\/c7a360599c89f3c74309cc542d9db722.jpg\",\"width\":3543,\"height\":2379},{\"@type\":\"BreadcrumbList\",\"@id\":\"https:\/\/dev.explora.cl\/lagos\/establecimientos-municipales-participaron-en-olimpiadas-de-historia-local\/#breadcrumb\",\"itemListElement\":[{\"@type\":\"ListItem\",\"position\":1,\"name\":\"Portada\",\"item\":\"https:\/\/dev.explora.cl\/lagos\/\"},{\"@type\":\"ListItem\",\"position\":2,\"name\":\"Establecimientos municipales participaron en Olimpiadas de Historia Local\"}]},{\"@type\":\"WebSite\",\"@id\":\"https:\/\/dev.explora.cl\/lagos\/#website\",\"url\":\"https:\/\/dev.explora.cl\/lagos\/\",\"name\":\"Los Lagos\",\"description\":\"Otro sitio m\u00e1s de dev.explora.cl\",\"potentialAction\":[{\"@type\":\"SearchAction\",\"target\":{\"@type\":\"EntryPoint\",\"urlTemplate\":\"https:\/\/dev.explora.cl\/lagos\/?s={search_term_string}\"},\"query-input\":{\"@type\":\"PropertyValueSpecification\",\"valueRequired\":true,\"valueName\":\"search_term_string\"}}],\"inLanguage\":\"es\"},{\"@type\":\"Person\",\"@id\":\"https:\/\/dev.explora.cl\/lagos\/#\/schema\/person\/cb8349c13ea2d324080adf8480d7ba5d\",\"name\":\"webman\",\"image\":{\"@type\":\"ImageObject\",\"inLanguage\":\"es\",\"@id\":\"https:\/\/dev.explora.cl\/lagos\/#\/schema\/person\/image\/\",\"url\":\"https:\/\/secure.gravatar.com\/avatar\/eeff3c82f2c02f7177d13663b7e6f890e9a6a0647ce9bb29cae02dcb094c7312?s=96&d=mm&r=g\",\"contentUrl\":\"https:\/\/secure.gravatar.com\/avatar\/eeff3c82f2c02f7177d13663b7e6f890e9a6a0647ce9bb29cae02dcb094c7312?s=96&d=mm&r=g\",\"caption\":\"webman\"},\"url\":\"https:\/\/dev.explora.cl\/lagos\/author\/webman\/\"}]}<\/script>\n<!-- \/ Yoast SEO plugin. -->","yoast_head_json":{"title":"Establecimientos municipales participaron en Olimpiadas de Historia Local - Los Lagos","robots":{"index":"index","follow":"follow","max-snippet":"max-snippet:-1","max-image-preview":"max-image-preview:large","max-video-preview":"max-video-preview:-1"},"canonical":"https:\/\/dev.explora.cl\/lagos\/establecimientos-municipales-participaron-en-olimpiadas-de-historia-local\/","og_locale":"es_ES","og_type":"article","og_title":"Establecimientos municipales participaron en Olimpiadas de Historia Local - Los Lagos","og_description":"En la Escuela Marcela Paz de Puerto Montt se desarroll\u00f3 la 4ta versi\u00f3n de las Olimpiadas de Historia Local. La iniciativa fue organizada por la Direcci\u00f3n de Educaci\u00f3n Municipal de Puerto Montt, la Oficina Municipal de Patrimonio Cultural y el PAR EXPLORA Los Lagos, coordinado por la Universidad de Los Lagos. En esta actividad se [&hellip;]","og_url":"https:\/\/dev.explora.cl\/lagos\/establecimientos-municipales-participaron-en-olimpiadas-de-historia-local\/","og_site_name":"Los Lagos","article_published_time":"2014-09-10T04:00:00+00:00","article_modified_time":"2019-05-20T19:49:15+00:00","og_image":[{"width":1024,"height":688,"url":"https:\/\/dev.explora.cl\/lagos\/wp-content\/uploads\/sites\/17\/2018\/06\/c7a360599c89f3c74309cc542d9db722-1024x688.jpg","type":"image\/jpeg"}],"author":"webman","twitter_card":"summary_large_image","twitter_misc":{"Escrito por":"webman","Tiempo de lectura":"1 minuto"},"schema":{"@context":"https:\/\/schema.org","@graph":[{"@type":"Article","@id":"https:\/\/dev.explora.cl\/lagos\/establecimientos-municipales-participaron-en-olimpiadas-de-historia-local\/#article","isPartOf":{"@id":"https:\/\/dev.explora.cl\/lagos\/establecimientos-municipales-participaron-en-olimpiadas-de-historia-local\/"},"author":{"name":"webman","@id":"https:\/\/dev.explora.cl\/lagos\/#\/schema\/person\/cb8349c13ea2d324080adf8480d7ba5d"},"headline":"Establecimientos municipales participaron en Olimpiadas de Historia Local","datePublished":"2014-09-10T04:00:00+00:00","dateModified":"2019-05-20T19:49:15+00:00","mainEntityOfPage":{"@id":"https:\/\/dev.explora.cl\/lagos\/establecimientos-municipales-participaron-en-olimpiadas-de-historia-local\/"},"wordCount":246,"commentCount":0,"image":{"@id":"https:\/\/dev.explora.cl\/lagos\/establecimientos-municipales-participaron-en-olimpiadas-de-historia-local\/#primaryimage"},"thumbnailUrl":"https:\/\/dev.explora.cl\/lagos\/wp-content\/uploads\/sites\/17\/2018\/06\/c7a360599c89f3c74309cc542d9db722.jpg","articleSection":["Noticias"],"inLanguage":"es","potentialAction":[{"@type":"CommentAction","name":"Comment","target":["https:\/\/dev.explora.cl\/lagos\/establecimientos-municipales-participaron-en-olimpiadas-de-historia-local\/#respond"]}]},{"@type":"WebPage","@id":"https:\/\/dev.explora.cl\/lagos\/establecimientos-municipales-participaron-en-olimpiadas-de-historia-local\/","url":"https:\/\/dev.explora.cl\/lagos\/establecimientos-municipales-participaron-en-olimpiadas-de-historia-local\/","name":"Establecimientos municipales participaron en Olimpiadas de Historia Local - Los Lagos","isPartOf":{"@id":"https:\/\/dev.explora.cl\/lagos\/#website"},"primaryImageOfPage":{"@id":"https:\/\/dev.explora.cl\/lagos\/establecimientos-municipales-participaron-en-olimpiadas-de-historia-local\/#primaryimage"},"image":{"@id":"https:\/\/dev.explora.cl\/lagos\/establecimientos-municipales-participaron-en-olimpiadas-de-historia-local\/#primaryimage"},"thumbnailUrl":"https:\/\/dev.explora.cl\/lagos\/wp-content\/uploads\/sites\/17\/2018\/06\/c7a360599c89f3c74309cc542d9db722.jpg","datePublished":"2014-09-10T04:00:00+00:00","dateModified":"2019-05-20T19:49:15+00:00","author":{"@id":"https:\/\/dev.explora.cl\/lagos\/#\/schema\/person\/cb8349c13ea2d324080adf8480d7ba5d"},"breadcrumb":{"@id":"https:\/\/dev.explora.cl\/lagos\/establecimientos-municipales-participaron-en-olimpiadas-de-historia-local\/#breadcrumb"},"inLanguage":"es","potentialAction":[{"@type":"ReadAction","target":["https:\/\/dev.explora.cl\/lagos\/establecimientos-municipales-participaron-en-olimpiadas-de-historia-local\/"]}]},{"@type":"ImageObject","inLanguage":"es","@id":"https:\/\/dev.explora.cl\/lagos\/establecimientos-municipales-participaron-en-olimpiadas-de-historia-local\/#primaryimage","url":"https:\/\/dev.explora.cl\/lagos\/wp-content\/uploads\/sites\/17\/2018\/06\/c7a360599c89f3c74309cc542d9db722.jpg","contentUrl":"https:\/\/dev.explora.cl\/lagos\/wp-content\/uploads\/sites\/17\/2018\/06\/c7a360599c89f3c74309cc542d9db722.jpg","width":3543,"height":2379},{"@type":"BreadcrumbList","@id":"https:\/\/dev.explora.cl\/lagos\/establecimientos-municipales-participaron-en-olimpiadas-de-historia-local\/#breadcrumb","itemListElement":[{"@type":"ListItem","position":1,"name":"Portada","item":"https:\/\/dev.explora.cl\/lagos\/"},{"@type":"ListItem","position":2,"name":"Establecimientos municipales participaron en Olimpiadas de Historia Local"}]},{"@type":"WebSite","@id":"https:\/\/dev.explora.cl\/lagos\/#website","url":"https:\/\/dev.explora.cl\/lagos\/","name":"Los Lagos","description":"Otro sitio m\u00e1s de dev.explora.cl","potentialAction":[{"@type":"SearchAction","target":{"@type":"EntryPoint","urlTemplate":"https:\/\/dev.explora.cl\/lagos\/?s={search_term_string}"},"query-input":{"@type":"PropertyValueSpecification","valueRequired":true,"valueName":"search_term_string"}}],"inLanguage":"es"},{"@type":"Person","@id":"https:\/\/dev.explora.cl\/lagos\/#\/schema\/person\/cb8349c13ea2d324080adf8480d7ba5d","name":"webman","image":{"@type":"ImageObject","inLanguage":"es","@id":"https:\/\/dev.explora.cl\/lagos\/#\/schema\/person\/image\/","url":"https:\/\/secure.gravatar.com\/avatar\/eeff3c82f2c02f7177d13663b7e6f890e9a6a0647ce9bb29cae02dcb094c7312?s=96&d=mm&r=g","contentUrl":"https:\/\/secure.gravatar.com\/avatar\/eeff3c82f2c02f7177d13663b7e6f890e9a6a0647ce9bb29cae02dcb094c7312?s=96&d=mm&r=g","caption":"webman"},"url":"https:\/\/dev.explora.cl\/lagos\/author\/webman\/"}]}},"_links":{"self":[{"href":"https:\/\/dev.explora.cl\/lagos\/wp-json\/wp\/v2\/posts\/1056","targetHints":{"allow":["GET"]}}],"collection":[{"href":"https:\/\/dev.explora.cl\/lagos\/wp-json\/wp\/v2\/posts"}],"about":[{"href":"https:\/\/dev.explora.cl\/lagos\/wp-json\/wp\/v2\/types\/post"}],"author":[{"embeddable":true,"href":"https:\/\/dev.explora.cl\/lagos\/wp-json\/wp\/v2\/users\/2"}],"replies":[{"embeddable":true,"href":"https:\/\/dev.explora.cl\/lagos\/wp-json\/wp\/v2\/comments?post=1056"}],"version-history":[{"count":1,"href":"https:\/\/dev.explora.cl\/lagos\/wp-json\/wp\/v2\/posts\/1056\/revisions"}],"predecessor-version":[{"id":38311,"href":"https:\/\/dev.explora.cl\/lagos\/wp-json\/wp\/v2\/posts\/1056\/revisions\/38311"}],"wp:featuredmedia":[{"embeddable":true,"href":"https:\/\/dev.explora.cl\/lagos\/wp-json\/wp\/v2\/media\/1057"}],"wp:attachment":[{"href":"https:\/\/dev.explora.cl\/lagos\/wp-json\/wp\/v2\/media?parent=1056"}],"wp:term":[{"taxonomy":"category","embeddable":true,"href":"https:\/\/dev.explora.cl\/lagos\/wp-json\/wp\/v2\/categories?post=1056"},{"taxonomy":"post_tag","embeddable":true,"href":"https:\/\/dev.explora.cl\/lagos\/wp-json\/wp\/v2\/tags?post=1056"}],"curies":[{"name":"wp","href":"https:\/\/api.w.org\/{rel}","templated":true}]}}