{"id":1026,"date":"2014-08-29T00:00:00","date_gmt":"2014-08-29T04:00:00","guid":{"rendered":"http:\/\/ec2-34-219-152-79.us-west-2.compute.amazonaws.com\/lagos\/blog\/2014\/08\/29\/establecimientos-de-osorno-participaran-en-primera-version-de-feria-cientifica-y-tecnologica\/"},"modified":"2019-05-20T19:49:19","modified_gmt":"2019-05-20T19:49:19","slug":"establecimientos-de-osorno-participaran-en-primera-version-de-feria-cientifica-y-tecnologica","status":"publish","type":"post","link":"https:\/\/dev.explora.cl\/lagos\/establecimientos-de-osorno-participaran-en-primera-version-de-feria-cientifica-y-tecnologica\/","title":{"rendered":"Establecimientos de Osorno participar\u00e1n en primera versi\u00f3n de Feria Cient\u00edfica y Tecnol\u00f3gica"},"content":{"rendered":"<p><img loading=\"lazy\" decoding=\"async\" class=\" size-full wp-image-4990\" src=\"http:\/\/ec2-34-218-253-251.us-west-2.compute.amazonaws.com\/wp-content\/uploads\/2014\/08\/481d9194f07e3478c839bf97ae3c8357.jpg\" alt=\"\" width=\"2953\" height=\"1939\" \/><\/p>\n<p style=\"text-align: justify\">En el colegio Emprender de Osorno se desarrollar\u00e1 la Primera Feria Provincial Cient\u00edfica y Tecnol\u00f3gica Escolar apoyada por el PAR EXPLORA Los Lagos, coordinado por la ULagos.<\/p>\n<p style=\"text-align: justify\">La iniciativa tendr\u00e1 lugar el jueves 04 de septiembre a contar de las 10 horas en el establecimiento ubicado en Avenida Rep\u00fablica 1396. En la oportunidad, diversos centros educativos de la provincia de Osorno expondr\u00e1n sus proyectos de investigaci\u00f3n abordando tres diferentes ejes tem\u00e1ticos: Ciencias, Tecnolog\u00eda e Investigaci\u00f3n Bibliogr\u00e1fica.<\/p>\n<p style=\"text-align: justify\">\u00abEsta actividad nace con la idea de motivar y acercar a los j\u00f3venes de Osorno a la ciencia. El objetivo es que los alumnos, junto a sus equipos cient\u00edficos y profesores, puedan dar a conocer sus trabajos a la comunidad\u00bb, comenta Marcos Hern\u00e1ndez, Director del PAR EXPLORA Los Lagos.<\/p>\n<p style=\"text-align: justify\">En esta Primera Feria Provincial Escolar se presentar\u00e1n 22 proyectos cient\u00edficos pertenecientes a ocho establecimientos de Osorno. Los participantes ser\u00e1n alumnos que se encuentren cursando entre quinto y tercero medio. Los equipos ganadores (dos alumnos y un profesor) en B\u00e1sica y Media recibir\u00e1n como premio una Tablet cada uno.<\/p>\n<p style=\"text-align: justify\">Mayor informaci\u00f3n en el mail: <a href=\"mailto:valoracionexplora@ulagos.cl\">valoracionexplora@ulagos.cl<\/a><\/p>\n","protected":false},"excerpt":{"rendered":"<p>En el colegio Emprender de Osorno se desarrollar\u00e1 la Primera Feria Provincial Cient\u00edfica y Tecnol\u00f3gica Escolar apoyada por el PAR EXPLORA Los Lagos, coordinado por la ULagos. La iniciativa tendr\u00e1 lugar el jueves 04 de septiembre a contar de las 10 horas en el establecimiento ubicado en Avenida Rep\u00fablica 1396. En la oportunidad, diversos centros [&hellip;]<\/p>\n","protected":false},"author":2,"featured_media":1027,"comment_status":"open","ping_status":"open","sticky":false,"template":"","format":"standard","meta":{"_acf_changed":false,"_exactmetrics_skip_tracking":false,"_exactmetrics_sitenote_active":false,"_exactmetrics_sitenote_note":"","_exactmetrics_sitenote_category":0,"footnotes":"","_links_to":"","_links_to_target":""},"categories":[4],"tags":[],"class_list":["post-1026","post","type-post","status-publish","format-standard","has-post-thumbnail","hentry","category-noticias"],"acf":[],"yoast_head":"<!-- This site is optimized with the Yoast SEO plugin v26.7 - https:\/\/yoast.com\/wordpress\/plugins\/seo\/ -->\n<title>Establecimientos de Osorno participar\u00e1n en primera versi\u00f3n de Feria Cient\u00edfica y Tecnol\u00f3gica - Los Lagos<\/title>\n<meta name=\"robots\" content=\"index, follow, max-snippet:-1, max-image-preview:large, max-video-preview:-1\" \/>\n<link rel=\"canonical\" href=\"https:\/\/dev.explora.cl\/lagos\/establecimientos-de-osorno-participaran-en-primera-version-de-feria-cientifica-y-tecnologica\/\" class=\"yoast-seo-meta-tag\" \/>\n<meta property=\"og:locale\" content=\"es_ES\" class=\"yoast-seo-meta-tag\" \/>\n<meta property=\"og:type\" content=\"article\" class=\"yoast-seo-meta-tag\" \/>\n<meta property=\"og:title\" content=\"Establecimientos de Osorno participar\u00e1n en primera versi\u00f3n de Feria Cient\u00edfica y Tecnol\u00f3gica - Los Lagos\" class=\"yoast-seo-meta-tag\" \/>\n<meta property=\"og:description\" content=\"En el colegio Emprender de Osorno se desarrollar\u00e1 la Primera Feria Provincial Cient\u00edfica y Tecnol\u00f3gica Escolar apoyada por el PAR EXPLORA Los Lagos, coordinado por la ULagos. La iniciativa tendr\u00e1 lugar el jueves 04 de septiembre a contar de las 10 horas en el establecimiento ubicado en Avenida Rep\u00fablica 1396. En la oportunidad, diversos centros [&hellip;]\" class=\"yoast-seo-meta-tag\" \/>\n<meta property=\"og:url\" content=\"https:\/\/dev.explora.cl\/lagos\/establecimientos-de-osorno-participaran-en-primera-version-de-feria-cientifica-y-tecnologica\/\" class=\"yoast-seo-meta-tag\" \/>\n<meta property=\"og:site_name\" content=\"Los Lagos\" class=\"yoast-seo-meta-tag\" \/>\n<meta property=\"article:published_time\" content=\"2014-08-29T04:00:00+00:00\" class=\"yoast-seo-meta-tag\" \/>\n<meta property=\"article:modified_time\" content=\"2019-05-20T19:49:19+00:00\" class=\"yoast-seo-meta-tag\" \/>\n<meta property=\"og:image\" content=\"https:\/\/dev.explora.cl\/lagos\/wp-content\/uploads\/sites\/17\/2018\/06\/481d9194f07e3478c839bf97ae3c8357-1024x672.jpg\" class=\"yoast-seo-meta-tag\" \/>\n\t<meta property=\"og:image:width\" content=\"1024\" class=\"yoast-seo-meta-tag\" \/>\n\t<meta property=\"og:image:height\" content=\"672\" class=\"yoast-seo-meta-tag\" \/>\n\t<meta property=\"og:image:type\" content=\"image\/jpeg\" class=\"yoast-seo-meta-tag\" \/>\n<meta name=\"author\" content=\"webman\" class=\"yoast-seo-meta-tag\" \/>\n<meta name=\"twitter:card\" content=\"summary_large_image\" class=\"yoast-seo-meta-tag\" \/>\n<meta name=\"twitter:label1\" content=\"Escrito por\" class=\"yoast-seo-meta-tag\" \/>\n\t<meta name=\"twitter:data1\" content=\"webman\" class=\"yoast-seo-meta-tag\" \/>\n\t<meta name=\"twitter:label2\" content=\"Tiempo de lectura\" class=\"yoast-seo-meta-tag\" \/>\n\t<meta name=\"twitter:data2\" content=\"1 minuto\" class=\"yoast-seo-meta-tag\" \/>\n<script type=\"application\/ld+json\" class=\"yoast-schema-graph\">{\"@context\":\"https:\/\/schema.org\",\"@graph\":[{\"@type\":\"Article\",\"@id\":\"https:\/\/dev.explora.cl\/lagos\/establecimientos-de-osorno-participaran-en-primera-version-de-feria-cientifica-y-tecnologica\/#article\",\"isPartOf\":{\"@id\":\"https:\/\/dev.explora.cl\/lagos\/establecimientos-de-osorno-participaran-en-primera-version-de-feria-cientifica-y-tecnologica\/\"},\"author\":{\"name\":\"webman\",\"@id\":\"https:\/\/dev.explora.cl\/lagos\/#\/schema\/person\/cb8349c13ea2d324080adf8480d7ba5d\"},\"headline\":\"Establecimientos de Osorno participar\u00e1n en primera versi\u00f3n de Feria Cient\u00edfica y Tecnol\u00f3gica\",\"datePublished\":\"2014-08-29T04:00:00+00:00\",\"dateModified\":\"2019-05-20T19:49:19+00:00\",\"mainEntityOfPage\":{\"@id\":\"https:\/\/dev.explora.cl\/lagos\/establecimientos-de-osorno-participaran-en-primera-version-de-feria-cientifica-y-tecnologica\/\"},\"wordCount\":212,\"commentCount\":0,\"image\":{\"@id\":\"https:\/\/dev.explora.cl\/lagos\/establecimientos-de-osorno-participaran-en-primera-version-de-feria-cientifica-y-tecnologica\/#primaryimage\"},\"thumbnailUrl\":\"https:\/\/dev.explora.cl\/lagos\/wp-content\/uploads\/sites\/17\/2018\/06\/481d9194f07e3478c839bf97ae3c8357.jpg\",\"articleSection\":[\"Noticias\"],\"inLanguage\":\"es\",\"potentialAction\":[{\"@type\":\"CommentAction\",\"name\":\"Comment\",\"target\":[\"https:\/\/dev.explora.cl\/lagos\/establecimientos-de-osorno-participaran-en-primera-version-de-feria-cientifica-y-tecnologica\/#respond\"]}]},{\"@type\":\"WebPage\",\"@id\":\"https:\/\/dev.explora.cl\/lagos\/establecimientos-de-osorno-participaran-en-primera-version-de-feria-cientifica-y-tecnologica\/\",\"url\":\"https:\/\/dev.explora.cl\/lagos\/establecimientos-de-osorno-participaran-en-primera-version-de-feria-cientifica-y-tecnologica\/\",\"name\":\"Establecimientos de Osorno participar\u00e1n en primera versi\u00f3n de Feria Cient\u00edfica y Tecnol\u00f3gica - Los Lagos\",\"isPartOf\":{\"@id\":\"https:\/\/dev.explora.cl\/lagos\/#website\"},\"primaryImageOfPage\":{\"@id\":\"https:\/\/dev.explora.cl\/lagos\/establecimientos-de-osorno-participaran-en-primera-version-de-feria-cientifica-y-tecnologica\/#primaryimage\"},\"image\":{\"@id\":\"https:\/\/dev.explora.cl\/lagos\/establecimientos-de-osorno-participaran-en-primera-version-de-feria-cientifica-y-tecnologica\/#primaryimage\"},\"thumbnailUrl\":\"https:\/\/dev.explora.cl\/lagos\/wp-content\/uploads\/sites\/17\/2018\/06\/481d9194f07e3478c839bf97ae3c8357.jpg\",\"datePublished\":\"2014-08-29T04:00:00+00:00\",\"dateModified\":\"2019-05-20T19:49:19+00:00\",\"author\":{\"@id\":\"https:\/\/dev.explora.cl\/lagos\/#\/schema\/person\/cb8349c13ea2d324080adf8480d7ba5d\"},\"breadcrumb\":{\"@id\":\"https:\/\/dev.explora.cl\/lagos\/establecimientos-de-osorno-participaran-en-primera-version-de-feria-cientifica-y-tecnologica\/#breadcrumb\"},\"inLanguage\":\"es\",\"potentialAction\":[{\"@type\":\"ReadAction\",\"target\":[\"https:\/\/dev.explora.cl\/lagos\/establecimientos-de-osorno-participaran-en-primera-version-de-feria-cientifica-y-tecnologica\/\"]}]},{\"@type\":\"ImageObject\",\"inLanguage\":\"es\",\"@id\":\"https:\/\/dev.explora.cl\/lagos\/establecimientos-de-osorno-participaran-en-primera-version-de-feria-cientifica-y-tecnologica\/#primaryimage\",\"url\":\"https:\/\/dev.explora.cl\/lagos\/wp-content\/uploads\/sites\/17\/2018\/06\/481d9194f07e3478c839bf97ae3c8357.jpg\",\"contentUrl\":\"https:\/\/dev.explora.cl\/lagos\/wp-content\/uploads\/sites\/17\/2018\/06\/481d9194f07e3478c839bf97ae3c8357.jpg\",\"width\":2953,\"height\":1939},{\"@type\":\"BreadcrumbList\",\"@id\":\"https:\/\/dev.explora.cl\/lagos\/establecimientos-de-osorno-participaran-en-primera-version-de-feria-cientifica-y-tecnologica\/#breadcrumb\",\"itemListElement\":[{\"@type\":\"ListItem\",\"position\":1,\"name\":\"Portada\",\"item\":\"https:\/\/dev.explora.cl\/lagos\/\"},{\"@type\":\"ListItem\",\"position\":2,\"name\":\"Establecimientos de Osorno participar\u00e1n en primera versi\u00f3n de Feria Cient\u00edfica y Tecnol\u00f3gica\"}]},{\"@type\":\"WebSite\",\"@id\":\"https:\/\/dev.explora.cl\/lagos\/#website\",\"url\":\"https:\/\/dev.explora.cl\/lagos\/\",\"name\":\"Los Lagos\",\"description\":\"Otro sitio m\u00e1s de dev.explora.cl\",\"potentialAction\":[{\"@type\":\"SearchAction\",\"target\":{\"@type\":\"EntryPoint\",\"urlTemplate\":\"https:\/\/dev.explora.cl\/lagos\/?s={search_term_string}\"},\"query-input\":{\"@type\":\"PropertyValueSpecification\",\"valueRequired\":true,\"valueName\":\"search_term_string\"}}],\"inLanguage\":\"es\"},{\"@type\":\"Person\",\"@id\":\"https:\/\/dev.explora.cl\/lagos\/#\/schema\/person\/cb8349c13ea2d324080adf8480d7ba5d\",\"name\":\"webman\",\"image\":{\"@type\":\"ImageObject\",\"inLanguage\":\"es\",\"@id\":\"https:\/\/dev.explora.cl\/lagos\/#\/schema\/person\/image\/\",\"url\":\"https:\/\/secure.gravatar.com\/avatar\/eeff3c82f2c02f7177d13663b7e6f890e9a6a0647ce9bb29cae02dcb094c7312?s=96&d=mm&r=g\",\"contentUrl\":\"https:\/\/secure.gravatar.com\/avatar\/eeff3c82f2c02f7177d13663b7e6f890e9a6a0647ce9bb29cae02dcb094c7312?s=96&d=mm&r=g\",\"caption\":\"webman\"},\"url\":\"https:\/\/dev.explora.cl\/lagos\/author\/webman\/\"}]}<\/script>\n<!-- \/ Yoast SEO plugin. -->","yoast_head_json":{"title":"Establecimientos de Osorno participar\u00e1n en primera versi\u00f3n de Feria Cient\u00edfica y Tecnol\u00f3gica - Los Lagos","robots":{"index":"index","follow":"follow","max-snippet":"max-snippet:-1","max-image-preview":"max-image-preview:large","max-video-preview":"max-video-preview:-1"},"canonical":"https:\/\/dev.explora.cl\/lagos\/establecimientos-de-osorno-participaran-en-primera-version-de-feria-cientifica-y-tecnologica\/","og_locale":"es_ES","og_type":"article","og_title":"Establecimientos de Osorno participar\u00e1n en primera versi\u00f3n de Feria Cient\u00edfica y Tecnol\u00f3gica - Los Lagos","og_description":"En el colegio Emprender de Osorno se desarrollar\u00e1 la Primera Feria Provincial Cient\u00edfica y Tecnol\u00f3gica Escolar apoyada por el PAR EXPLORA Los Lagos, coordinado por la ULagos. La iniciativa tendr\u00e1 lugar el jueves 04 de septiembre a contar de las 10 horas en el establecimiento ubicado en Avenida Rep\u00fablica 1396. En la oportunidad, diversos centros [&hellip;]","og_url":"https:\/\/dev.explora.cl\/lagos\/establecimientos-de-osorno-participaran-en-primera-version-de-feria-cientifica-y-tecnologica\/","og_site_name":"Los Lagos","article_published_time":"2014-08-29T04:00:00+00:00","article_modified_time":"2019-05-20T19:49:19+00:00","og_image":[{"width":1024,"height":672,"url":"https:\/\/dev.explora.cl\/lagos\/wp-content\/uploads\/sites\/17\/2018\/06\/481d9194f07e3478c839bf97ae3c8357-1024x672.jpg","type":"image\/jpeg"}],"author":"webman","twitter_card":"summary_large_image","twitter_misc":{"Escrito por":"webman","Tiempo de lectura":"1 minuto"},"schema":{"@context":"https:\/\/schema.org","@graph":[{"@type":"Article","@id":"https:\/\/dev.explora.cl\/lagos\/establecimientos-de-osorno-participaran-en-primera-version-de-feria-cientifica-y-tecnologica\/#article","isPartOf":{"@id":"https:\/\/dev.explora.cl\/lagos\/establecimientos-de-osorno-participaran-en-primera-version-de-feria-cientifica-y-tecnologica\/"},"author":{"name":"webman","@id":"https:\/\/dev.explora.cl\/lagos\/#\/schema\/person\/cb8349c13ea2d324080adf8480d7ba5d"},"headline":"Establecimientos de Osorno participar\u00e1n en primera versi\u00f3n de Feria Cient\u00edfica y Tecnol\u00f3gica","datePublished":"2014-08-29T04:00:00+00:00","dateModified":"2019-05-20T19:49:19+00:00","mainEntityOfPage":{"@id":"https:\/\/dev.explora.cl\/lagos\/establecimientos-de-osorno-participaran-en-primera-version-de-feria-cientifica-y-tecnologica\/"},"wordCount":212,"commentCount":0,"image":{"@id":"https:\/\/dev.explora.cl\/lagos\/establecimientos-de-osorno-participaran-en-primera-version-de-feria-cientifica-y-tecnologica\/#primaryimage"},"thumbnailUrl":"https:\/\/dev.explora.cl\/lagos\/wp-content\/uploads\/sites\/17\/2018\/06\/481d9194f07e3478c839bf97ae3c8357.jpg","articleSection":["Noticias"],"inLanguage":"es","potentialAction":[{"@type":"CommentAction","name":"Comment","target":["https:\/\/dev.explora.cl\/lagos\/establecimientos-de-osorno-participaran-en-primera-version-de-feria-cientifica-y-tecnologica\/#respond"]}]},{"@type":"WebPage","@id":"https:\/\/dev.explora.cl\/lagos\/establecimientos-de-osorno-participaran-en-primera-version-de-feria-cientifica-y-tecnologica\/","url":"https:\/\/dev.explora.cl\/lagos\/establecimientos-de-osorno-participaran-en-primera-version-de-feria-cientifica-y-tecnologica\/","name":"Establecimientos de Osorno participar\u00e1n en primera versi\u00f3n de Feria Cient\u00edfica y Tecnol\u00f3gica - Los Lagos","isPartOf":{"@id":"https:\/\/dev.explora.cl\/lagos\/#website"},"primaryImageOfPage":{"@id":"https:\/\/dev.explora.cl\/lagos\/establecimientos-de-osorno-participaran-en-primera-version-de-feria-cientifica-y-tecnologica\/#primaryimage"},"image":{"@id":"https:\/\/dev.explora.cl\/lagos\/establecimientos-de-osorno-participaran-en-primera-version-de-feria-cientifica-y-tecnologica\/#primaryimage"},"thumbnailUrl":"https:\/\/dev.explora.cl\/lagos\/wp-content\/uploads\/sites\/17\/2018\/06\/481d9194f07e3478c839bf97ae3c8357.jpg","datePublished":"2014-08-29T04:00:00+00:00","dateModified":"2019-05-20T19:49:19+00:00","author":{"@id":"https:\/\/dev.explora.cl\/lagos\/#\/schema\/person\/cb8349c13ea2d324080adf8480d7ba5d"},"breadcrumb":{"@id":"https:\/\/dev.explora.cl\/lagos\/establecimientos-de-osorno-participaran-en-primera-version-de-feria-cientifica-y-tecnologica\/#breadcrumb"},"inLanguage":"es","potentialAction":[{"@type":"ReadAction","target":["https:\/\/dev.explora.cl\/lagos\/establecimientos-de-osorno-participaran-en-primera-version-de-feria-cientifica-y-tecnologica\/"]}]},{"@type":"ImageObject","inLanguage":"es","@id":"https:\/\/dev.explora.cl\/lagos\/establecimientos-de-osorno-participaran-en-primera-version-de-feria-cientifica-y-tecnologica\/#primaryimage","url":"https:\/\/dev.explora.cl\/lagos\/wp-content\/uploads\/sites\/17\/2018\/06\/481d9194f07e3478c839bf97ae3c8357.jpg","contentUrl":"https:\/\/dev.explora.cl\/lagos\/wp-content\/uploads\/sites\/17\/2018\/06\/481d9194f07e3478c839bf97ae3c8357.jpg","width":2953,"height":1939},{"@type":"BreadcrumbList","@id":"https:\/\/dev.explora.cl\/lagos\/establecimientos-de-osorno-participaran-en-primera-version-de-feria-cientifica-y-tecnologica\/#breadcrumb","itemListElement":[{"@type":"ListItem","position":1,"name":"Portada","item":"https:\/\/dev.explora.cl\/lagos\/"},{"@type":"ListItem","position":2,"name":"Establecimientos de Osorno participar\u00e1n en primera versi\u00f3n de Feria Cient\u00edfica y Tecnol\u00f3gica"}]},{"@type":"WebSite","@id":"https:\/\/dev.explora.cl\/lagos\/#website","url":"https:\/\/dev.explora.cl\/lagos\/","name":"Los Lagos","description":"Otro sitio m\u00e1s de dev.explora.cl","potentialAction":[{"@type":"SearchAction","target":{"@type":"EntryPoint","urlTemplate":"https:\/\/dev.explora.cl\/lagos\/?s={search_term_string}"},"query-input":{"@type":"PropertyValueSpecification","valueRequired":true,"valueName":"search_term_string"}}],"inLanguage":"es"},{"@type":"Person","@id":"https:\/\/dev.explora.cl\/lagos\/#\/schema\/person\/cb8349c13ea2d324080adf8480d7ba5d","name":"webman","image":{"@type":"ImageObject","inLanguage":"es","@id":"https:\/\/dev.explora.cl\/lagos\/#\/schema\/person\/image\/","url":"https:\/\/secure.gravatar.com\/avatar\/eeff3c82f2c02f7177d13663b7e6f890e9a6a0647ce9bb29cae02dcb094c7312?s=96&d=mm&r=g","contentUrl":"https:\/\/secure.gravatar.com\/avatar\/eeff3c82f2c02f7177d13663b7e6f890e9a6a0647ce9bb29cae02dcb094c7312?s=96&d=mm&r=g","caption":"webman"},"url":"https:\/\/dev.explora.cl\/lagos\/author\/webman\/"}]}},"_links":{"self":[{"href":"https:\/\/dev.explora.cl\/lagos\/wp-json\/wp\/v2\/posts\/1026","targetHints":{"allow":["GET"]}}],"collection":[{"href":"https:\/\/dev.explora.cl\/lagos\/wp-json\/wp\/v2\/posts"}],"about":[{"href":"https:\/\/dev.explora.cl\/lagos\/wp-json\/wp\/v2\/types\/post"}],"author":[{"embeddable":true,"href":"https:\/\/dev.explora.cl\/lagos\/wp-json\/wp\/v2\/users\/2"}],"replies":[{"embeddable":true,"href":"https:\/\/dev.explora.cl\/lagos\/wp-json\/wp\/v2\/comments?post=1026"}],"version-history":[{"count":1,"href":"https:\/\/dev.explora.cl\/lagos\/wp-json\/wp\/v2\/posts\/1026\/revisions"}],"predecessor-version":[{"id":38320,"href":"https:\/\/dev.explora.cl\/lagos\/wp-json\/wp\/v2\/posts\/1026\/revisions\/38320"}],"wp:featuredmedia":[{"embeddable":true,"href":"https:\/\/dev.explora.cl\/lagos\/wp-json\/wp\/v2\/media\/1027"}],"wp:attachment":[{"href":"https:\/\/dev.explora.cl\/lagos\/wp-json\/wp\/v2\/media?parent=1026"}],"wp:term":[{"taxonomy":"category","embeddable":true,"href":"https:\/\/dev.explora.cl\/lagos\/wp-json\/wp\/v2\/categories?post=1026"},{"taxonomy":"post_tag","embeddable":true,"href":"https:\/\/dev.explora.cl\/lagos\/wp-json\/wp\/v2\/tags?post=1026"}],"curies":[{"name":"wp","href":"https:\/\/api.w.org\/{rel}","templated":true}]}}