{"id":1021,"date":"2014-08-27T00:00:00","date_gmt":"2014-08-27T04:00:00","guid":{"rendered":"http:\/\/ec2-34-219-152-79.us-west-2.compute.amazonaws.com\/lagos\/blog\/2014\/08\/27\/con-una-publicacion-internos-de-alto-bonito-concluyeron-taller-de-microhistoria\/"},"modified":"2019-05-20T19:49:20","modified_gmt":"2019-05-20T19:49:20","slug":"con-una-publicacion-internos-de-alto-bonito-concluyeron-taller-de-microhistoria","status":"publish","type":"post","link":"https:\/\/dev.explora.cl\/lagos\/con-una-publicacion-internos-de-alto-bonito-concluyeron-taller-de-microhistoria\/","title":{"rendered":"Con una publicaci\u00f3n internos de Alto Bonito concluyeron taller de Microhistoria"},"content":{"rendered":"<p><img loading=\"lazy\" decoding=\"async\" class=\" size-full wp-image-4913\" src=\"http:\/\/ec2-34-218-253-251.us-west-2.compute.amazonaws.com\/wp-content\/uploads\/2014\/08\/fbe0cb468ebf47784fd8b26af4021e7e.jpg\" alt=\"\" width=\"3543\" height=\"2195\" \/><\/p>\n<p style=\"text-align: justify\">Ocho internos del Complejo Penitenciario Alto Bonito fueron parte del Taller de Microhistoria denominado \u00abHistorias de Vida, Historias de Sanaci\u00f3n\u00bb, desarrollado en conjunto por el PAR EXPLORA Los Lagos, coordinado por la ULagos, y la Direcci\u00f3n Regional de Gendarmer\u00eda de Chile.<\/p>\n<p style=\"text-align: justify\">La actividad, enmarcada en el \u00e1rea de las Ciencias Sociales, estuvo a cargo del historiador local Pablo F\u00e1bregas, integrante del Comit\u00e9 Cient\u00edfico Asesor del PAR EXPLORA Los Lagos y encargado de la Oficina de Patrimonio Cultural del Municipio de Puerto Montt.<\/p>\n<p style=\"text-align: justify\">La iniciativa se desarroll\u00f3 durante abril y mayo de 2014 y consisti\u00f3 en tres sesiones de trabajo en las que los internos elaboraron un \u00e1rbol geneal\u00f3gico y redactaron asistidamente sus historias de vida.<\/p>\n<p style=\"text-align: justify\"><img decoding=\"async\" class=\" alignleft size-full wp-image-2788\" src=\"http:\/\/ec2-34-218-253-251.us-west-2.compute.amazonaws.com\/wp-content\/uploads\/2014\/05\/DSC_0012.JPG\" border=\"0\" width=\"350\" style=\"float: left;margin: 5px 10px\" \/>El resultado del trabajo desarrollado durante el Taller se convirti\u00f3 en una publicaci\u00f3n que fue entregada en la ceremonia de cierre en dos copias a cada uno de los participantes, una personal y otra para sus familiares.<\/p>\n<p style=\"text-align: justify\">La Microhistoria es una corriente historiogr\u00e1fica nacida en el siglo XX que centra su objeto de estudio en poder comprender aspectos no incluidos en las grandes historias. Para desarrollar esta in\u00e9dita publicaci\u00f3n se utiliz\u00f3 como metodolog\u00eda de trabajo la historia oral.<\/p>\n","protected":false},"excerpt":{"rendered":"<p>Ocho internos del Complejo Penitenciario Alto Bonito fueron parte del Taller de Microhistoria denominado \u00abHistorias de Vida, Historias de Sanaci\u00f3n\u00bb, desarrollado en conjunto por el PAR EXPLORA Los Lagos, coordinado por la ULagos, y la Direcci\u00f3n Regional de Gendarmer\u00eda de Chile. La actividad, enmarcada en el \u00e1rea de las Ciencias Sociales, estuvo a cargo del [&hellip;]<\/p>\n","protected":false},"author":2,"featured_media":1022,"comment_status":"open","ping_status":"open","sticky":false,"template":"","format":"standard","meta":{"_acf_changed":false,"_exactmetrics_skip_tracking":false,"_exactmetrics_sitenote_active":false,"_exactmetrics_sitenote_note":"","_exactmetrics_sitenote_category":0,"footnotes":"","_links_to":"","_links_to_target":""},"categories":[4],"tags":[],"class_list":["post-1021","post","type-post","status-publish","format-standard","has-post-thumbnail","hentry","category-noticias"],"acf":[],"yoast_head":"<!-- This site is optimized with the Yoast SEO plugin v26.7 - https:\/\/yoast.com\/wordpress\/plugins\/seo\/ -->\n<title>Con una publicaci\u00f3n internos de Alto Bonito concluyeron taller de Microhistoria - Los Lagos<\/title>\n<meta name=\"robots\" content=\"index, follow, max-snippet:-1, max-image-preview:large, max-video-preview:-1\" \/>\n<link rel=\"canonical\" href=\"https:\/\/dev.explora.cl\/lagos\/con-una-publicacion-internos-de-alto-bonito-concluyeron-taller-de-microhistoria\/\" class=\"yoast-seo-meta-tag\" \/>\n<meta property=\"og:locale\" content=\"es_ES\" class=\"yoast-seo-meta-tag\" \/>\n<meta property=\"og:type\" content=\"article\" class=\"yoast-seo-meta-tag\" \/>\n<meta property=\"og:title\" content=\"Con una publicaci\u00f3n internos de Alto Bonito concluyeron taller de Microhistoria - Los Lagos\" class=\"yoast-seo-meta-tag\" \/>\n<meta property=\"og:description\" content=\"Ocho internos del Complejo Penitenciario Alto Bonito fueron parte del Taller de Microhistoria denominado \u00abHistorias de Vida, Historias de Sanaci\u00f3n\u00bb, desarrollado en conjunto por el PAR EXPLORA Los Lagos, coordinado por la ULagos, y la Direcci\u00f3n Regional de Gendarmer\u00eda de Chile. La actividad, enmarcada en el \u00e1rea de las Ciencias Sociales, estuvo a cargo del [&hellip;]\" class=\"yoast-seo-meta-tag\" \/>\n<meta property=\"og:url\" content=\"https:\/\/dev.explora.cl\/lagos\/con-una-publicacion-internos-de-alto-bonito-concluyeron-taller-de-microhistoria\/\" class=\"yoast-seo-meta-tag\" \/>\n<meta property=\"og:site_name\" content=\"Los Lagos\" class=\"yoast-seo-meta-tag\" \/>\n<meta property=\"article:published_time\" content=\"2014-08-27T04:00:00+00:00\" class=\"yoast-seo-meta-tag\" \/>\n<meta property=\"article:modified_time\" content=\"2019-05-20T19:49:20+00:00\" class=\"yoast-seo-meta-tag\" \/>\n<meta property=\"og:image\" content=\"https:\/\/dev.explora.cl\/lagos\/wp-content\/uploads\/sites\/17\/2018\/06\/fbe0cb468ebf47784fd8b26af4021e7e-1024x634.jpg\" class=\"yoast-seo-meta-tag\" \/>\n\t<meta property=\"og:image:width\" content=\"1024\" class=\"yoast-seo-meta-tag\" \/>\n\t<meta property=\"og:image:height\" content=\"634\" class=\"yoast-seo-meta-tag\" \/>\n\t<meta property=\"og:image:type\" content=\"image\/jpeg\" class=\"yoast-seo-meta-tag\" \/>\n<meta name=\"author\" content=\"webman\" class=\"yoast-seo-meta-tag\" \/>\n<meta name=\"twitter:card\" content=\"summary_large_image\" class=\"yoast-seo-meta-tag\" \/>\n<meta name=\"twitter:label1\" content=\"Escrito por\" class=\"yoast-seo-meta-tag\" \/>\n\t<meta name=\"twitter:data1\" content=\"webman\" class=\"yoast-seo-meta-tag\" \/>\n\t<meta name=\"twitter:label2\" content=\"Tiempo de lectura\" class=\"yoast-seo-meta-tag\" \/>\n\t<meta name=\"twitter:data2\" content=\"1 minuto\" class=\"yoast-seo-meta-tag\" \/>\n<script type=\"application\/ld+json\" class=\"yoast-schema-graph\">{\"@context\":\"https:\/\/schema.org\",\"@graph\":[{\"@type\":\"Article\",\"@id\":\"https:\/\/dev.explora.cl\/lagos\/con-una-publicacion-internos-de-alto-bonito-concluyeron-taller-de-microhistoria\/#article\",\"isPartOf\":{\"@id\":\"https:\/\/dev.explora.cl\/lagos\/con-una-publicacion-internos-de-alto-bonito-concluyeron-taller-de-microhistoria\/\"},\"author\":{\"name\":\"webman\",\"@id\":\"https:\/\/dev.explora.cl\/lagos\/#\/schema\/person\/cb8349c13ea2d324080adf8480d7ba5d\"},\"headline\":\"Con una publicaci\u00f3n internos de Alto Bonito concluyeron taller de Microhistoria\",\"datePublished\":\"2014-08-27T04:00:00+00:00\",\"dateModified\":\"2019-05-20T19:49:20+00:00\",\"mainEntityOfPage\":{\"@id\":\"https:\/\/dev.explora.cl\/lagos\/con-una-publicacion-internos-de-alto-bonito-concluyeron-taller-de-microhistoria\/\"},\"wordCount\":215,\"commentCount\":0,\"image\":{\"@id\":\"https:\/\/dev.explora.cl\/lagos\/con-una-publicacion-internos-de-alto-bonito-concluyeron-taller-de-microhistoria\/#primaryimage\"},\"thumbnailUrl\":\"https:\/\/dev.explora.cl\/lagos\/wp-content\/uploads\/sites\/17\/2018\/06\/fbe0cb468ebf47784fd8b26af4021e7e.jpg\",\"articleSection\":[\"Noticias\"],\"inLanguage\":\"es\",\"potentialAction\":[{\"@type\":\"CommentAction\",\"name\":\"Comment\",\"target\":[\"https:\/\/dev.explora.cl\/lagos\/con-una-publicacion-internos-de-alto-bonito-concluyeron-taller-de-microhistoria\/#respond\"]}]},{\"@type\":\"WebPage\",\"@id\":\"https:\/\/dev.explora.cl\/lagos\/con-una-publicacion-internos-de-alto-bonito-concluyeron-taller-de-microhistoria\/\",\"url\":\"https:\/\/dev.explora.cl\/lagos\/con-una-publicacion-internos-de-alto-bonito-concluyeron-taller-de-microhistoria\/\",\"name\":\"Con una publicaci\u00f3n internos de Alto Bonito concluyeron taller de Microhistoria - Los Lagos\",\"isPartOf\":{\"@id\":\"https:\/\/dev.explora.cl\/lagos\/#website\"},\"primaryImageOfPage\":{\"@id\":\"https:\/\/dev.explora.cl\/lagos\/con-una-publicacion-internos-de-alto-bonito-concluyeron-taller-de-microhistoria\/#primaryimage\"},\"image\":{\"@id\":\"https:\/\/dev.explora.cl\/lagos\/con-una-publicacion-internos-de-alto-bonito-concluyeron-taller-de-microhistoria\/#primaryimage\"},\"thumbnailUrl\":\"https:\/\/dev.explora.cl\/lagos\/wp-content\/uploads\/sites\/17\/2018\/06\/fbe0cb468ebf47784fd8b26af4021e7e.jpg\",\"datePublished\":\"2014-08-27T04:00:00+00:00\",\"dateModified\":\"2019-05-20T19:49:20+00:00\",\"author\":{\"@id\":\"https:\/\/dev.explora.cl\/lagos\/#\/schema\/person\/cb8349c13ea2d324080adf8480d7ba5d\"},\"breadcrumb\":{\"@id\":\"https:\/\/dev.explora.cl\/lagos\/con-una-publicacion-internos-de-alto-bonito-concluyeron-taller-de-microhistoria\/#breadcrumb\"},\"inLanguage\":\"es\",\"potentialAction\":[{\"@type\":\"ReadAction\",\"target\":[\"https:\/\/dev.explora.cl\/lagos\/con-una-publicacion-internos-de-alto-bonito-concluyeron-taller-de-microhistoria\/\"]}]},{\"@type\":\"ImageObject\",\"inLanguage\":\"es\",\"@id\":\"https:\/\/dev.explora.cl\/lagos\/con-una-publicacion-internos-de-alto-bonito-concluyeron-taller-de-microhistoria\/#primaryimage\",\"url\":\"https:\/\/dev.explora.cl\/lagos\/wp-content\/uploads\/sites\/17\/2018\/06\/fbe0cb468ebf47784fd8b26af4021e7e.jpg\",\"contentUrl\":\"https:\/\/dev.explora.cl\/lagos\/wp-content\/uploads\/sites\/17\/2018\/06\/fbe0cb468ebf47784fd8b26af4021e7e.jpg\",\"width\":3543,\"height\":2195},{\"@type\":\"BreadcrumbList\",\"@id\":\"https:\/\/dev.explora.cl\/lagos\/con-una-publicacion-internos-de-alto-bonito-concluyeron-taller-de-microhistoria\/#breadcrumb\",\"itemListElement\":[{\"@type\":\"ListItem\",\"position\":1,\"name\":\"Portada\",\"item\":\"https:\/\/dev.explora.cl\/lagos\/\"},{\"@type\":\"ListItem\",\"position\":2,\"name\":\"Con una publicaci\u00f3n internos de Alto Bonito concluyeron taller de Microhistoria\"}]},{\"@type\":\"WebSite\",\"@id\":\"https:\/\/dev.explora.cl\/lagos\/#website\",\"url\":\"https:\/\/dev.explora.cl\/lagos\/\",\"name\":\"Los Lagos\",\"description\":\"Otro sitio m\u00e1s de dev.explora.cl\",\"potentialAction\":[{\"@type\":\"SearchAction\",\"target\":{\"@type\":\"EntryPoint\",\"urlTemplate\":\"https:\/\/dev.explora.cl\/lagos\/?s={search_term_string}\"},\"query-input\":{\"@type\":\"PropertyValueSpecification\",\"valueRequired\":true,\"valueName\":\"search_term_string\"}}],\"inLanguage\":\"es\"},{\"@type\":\"Person\",\"@id\":\"https:\/\/dev.explora.cl\/lagos\/#\/schema\/person\/cb8349c13ea2d324080adf8480d7ba5d\",\"name\":\"webman\",\"image\":{\"@type\":\"ImageObject\",\"inLanguage\":\"es\",\"@id\":\"https:\/\/dev.explora.cl\/lagos\/#\/schema\/person\/image\/\",\"url\":\"https:\/\/secure.gravatar.com\/avatar\/eeff3c82f2c02f7177d13663b7e6f890e9a6a0647ce9bb29cae02dcb094c7312?s=96&d=mm&r=g\",\"contentUrl\":\"https:\/\/secure.gravatar.com\/avatar\/eeff3c82f2c02f7177d13663b7e6f890e9a6a0647ce9bb29cae02dcb094c7312?s=96&d=mm&r=g\",\"caption\":\"webman\"},\"url\":\"https:\/\/dev.explora.cl\/lagos\/author\/webman\/\"}]}<\/script>\n<!-- \/ Yoast SEO plugin. -->","yoast_head_json":{"title":"Con una publicaci\u00f3n internos de Alto Bonito concluyeron taller de Microhistoria - Los Lagos","robots":{"index":"index","follow":"follow","max-snippet":"max-snippet:-1","max-image-preview":"max-image-preview:large","max-video-preview":"max-video-preview:-1"},"canonical":"https:\/\/dev.explora.cl\/lagos\/con-una-publicacion-internos-de-alto-bonito-concluyeron-taller-de-microhistoria\/","og_locale":"es_ES","og_type":"article","og_title":"Con una publicaci\u00f3n internos de Alto Bonito concluyeron taller de Microhistoria - Los Lagos","og_description":"Ocho internos del Complejo Penitenciario Alto Bonito fueron parte del Taller de Microhistoria denominado \u00abHistorias de Vida, Historias de Sanaci\u00f3n\u00bb, desarrollado en conjunto por el PAR EXPLORA Los Lagos, coordinado por la ULagos, y la Direcci\u00f3n Regional de Gendarmer\u00eda de Chile. La actividad, enmarcada en el \u00e1rea de las Ciencias Sociales, estuvo a cargo del [&hellip;]","og_url":"https:\/\/dev.explora.cl\/lagos\/con-una-publicacion-internos-de-alto-bonito-concluyeron-taller-de-microhistoria\/","og_site_name":"Los Lagos","article_published_time":"2014-08-27T04:00:00+00:00","article_modified_time":"2019-05-20T19:49:20+00:00","og_image":[{"width":1024,"height":634,"url":"https:\/\/dev.explora.cl\/lagos\/wp-content\/uploads\/sites\/17\/2018\/06\/fbe0cb468ebf47784fd8b26af4021e7e-1024x634.jpg","type":"image\/jpeg"}],"author":"webman","twitter_card":"summary_large_image","twitter_misc":{"Escrito por":"webman","Tiempo de lectura":"1 minuto"},"schema":{"@context":"https:\/\/schema.org","@graph":[{"@type":"Article","@id":"https:\/\/dev.explora.cl\/lagos\/con-una-publicacion-internos-de-alto-bonito-concluyeron-taller-de-microhistoria\/#article","isPartOf":{"@id":"https:\/\/dev.explora.cl\/lagos\/con-una-publicacion-internos-de-alto-bonito-concluyeron-taller-de-microhistoria\/"},"author":{"name":"webman","@id":"https:\/\/dev.explora.cl\/lagos\/#\/schema\/person\/cb8349c13ea2d324080adf8480d7ba5d"},"headline":"Con una publicaci\u00f3n internos de Alto Bonito concluyeron taller de Microhistoria","datePublished":"2014-08-27T04:00:00+00:00","dateModified":"2019-05-20T19:49:20+00:00","mainEntityOfPage":{"@id":"https:\/\/dev.explora.cl\/lagos\/con-una-publicacion-internos-de-alto-bonito-concluyeron-taller-de-microhistoria\/"},"wordCount":215,"commentCount":0,"image":{"@id":"https:\/\/dev.explora.cl\/lagos\/con-una-publicacion-internos-de-alto-bonito-concluyeron-taller-de-microhistoria\/#primaryimage"},"thumbnailUrl":"https:\/\/dev.explora.cl\/lagos\/wp-content\/uploads\/sites\/17\/2018\/06\/fbe0cb468ebf47784fd8b26af4021e7e.jpg","articleSection":["Noticias"],"inLanguage":"es","potentialAction":[{"@type":"CommentAction","name":"Comment","target":["https:\/\/dev.explora.cl\/lagos\/con-una-publicacion-internos-de-alto-bonito-concluyeron-taller-de-microhistoria\/#respond"]}]},{"@type":"WebPage","@id":"https:\/\/dev.explora.cl\/lagos\/con-una-publicacion-internos-de-alto-bonito-concluyeron-taller-de-microhistoria\/","url":"https:\/\/dev.explora.cl\/lagos\/con-una-publicacion-internos-de-alto-bonito-concluyeron-taller-de-microhistoria\/","name":"Con una publicaci\u00f3n internos de Alto Bonito concluyeron taller de Microhistoria - Los Lagos","isPartOf":{"@id":"https:\/\/dev.explora.cl\/lagos\/#website"},"primaryImageOfPage":{"@id":"https:\/\/dev.explora.cl\/lagos\/con-una-publicacion-internos-de-alto-bonito-concluyeron-taller-de-microhistoria\/#primaryimage"},"image":{"@id":"https:\/\/dev.explora.cl\/lagos\/con-una-publicacion-internos-de-alto-bonito-concluyeron-taller-de-microhistoria\/#primaryimage"},"thumbnailUrl":"https:\/\/dev.explora.cl\/lagos\/wp-content\/uploads\/sites\/17\/2018\/06\/fbe0cb468ebf47784fd8b26af4021e7e.jpg","datePublished":"2014-08-27T04:00:00+00:00","dateModified":"2019-05-20T19:49:20+00:00","author":{"@id":"https:\/\/dev.explora.cl\/lagos\/#\/schema\/person\/cb8349c13ea2d324080adf8480d7ba5d"},"breadcrumb":{"@id":"https:\/\/dev.explora.cl\/lagos\/con-una-publicacion-internos-de-alto-bonito-concluyeron-taller-de-microhistoria\/#breadcrumb"},"inLanguage":"es","potentialAction":[{"@type":"ReadAction","target":["https:\/\/dev.explora.cl\/lagos\/con-una-publicacion-internos-de-alto-bonito-concluyeron-taller-de-microhistoria\/"]}]},{"@type":"ImageObject","inLanguage":"es","@id":"https:\/\/dev.explora.cl\/lagos\/con-una-publicacion-internos-de-alto-bonito-concluyeron-taller-de-microhistoria\/#primaryimage","url":"https:\/\/dev.explora.cl\/lagos\/wp-content\/uploads\/sites\/17\/2018\/06\/fbe0cb468ebf47784fd8b26af4021e7e.jpg","contentUrl":"https:\/\/dev.explora.cl\/lagos\/wp-content\/uploads\/sites\/17\/2018\/06\/fbe0cb468ebf47784fd8b26af4021e7e.jpg","width":3543,"height":2195},{"@type":"BreadcrumbList","@id":"https:\/\/dev.explora.cl\/lagos\/con-una-publicacion-internos-de-alto-bonito-concluyeron-taller-de-microhistoria\/#breadcrumb","itemListElement":[{"@type":"ListItem","position":1,"name":"Portada","item":"https:\/\/dev.explora.cl\/lagos\/"},{"@type":"ListItem","position":2,"name":"Con una publicaci\u00f3n internos de Alto Bonito concluyeron taller de Microhistoria"}]},{"@type":"WebSite","@id":"https:\/\/dev.explora.cl\/lagos\/#website","url":"https:\/\/dev.explora.cl\/lagos\/","name":"Los Lagos","description":"Otro sitio m\u00e1s de dev.explora.cl","potentialAction":[{"@type":"SearchAction","target":{"@type":"EntryPoint","urlTemplate":"https:\/\/dev.explora.cl\/lagos\/?s={search_term_string}"},"query-input":{"@type":"PropertyValueSpecification","valueRequired":true,"valueName":"search_term_string"}}],"inLanguage":"es"},{"@type":"Person","@id":"https:\/\/dev.explora.cl\/lagos\/#\/schema\/person\/cb8349c13ea2d324080adf8480d7ba5d","name":"webman","image":{"@type":"ImageObject","inLanguage":"es","@id":"https:\/\/dev.explora.cl\/lagos\/#\/schema\/person\/image\/","url":"https:\/\/secure.gravatar.com\/avatar\/eeff3c82f2c02f7177d13663b7e6f890e9a6a0647ce9bb29cae02dcb094c7312?s=96&d=mm&r=g","contentUrl":"https:\/\/secure.gravatar.com\/avatar\/eeff3c82f2c02f7177d13663b7e6f890e9a6a0647ce9bb29cae02dcb094c7312?s=96&d=mm&r=g","caption":"webman"},"url":"https:\/\/dev.explora.cl\/lagos\/author\/webman\/"}]}},"_links":{"self":[{"href":"https:\/\/dev.explora.cl\/lagos\/wp-json\/wp\/v2\/posts\/1021","targetHints":{"allow":["GET"]}}],"collection":[{"href":"https:\/\/dev.explora.cl\/lagos\/wp-json\/wp\/v2\/posts"}],"about":[{"href":"https:\/\/dev.explora.cl\/lagos\/wp-json\/wp\/v2\/types\/post"}],"author":[{"embeddable":true,"href":"https:\/\/dev.explora.cl\/lagos\/wp-json\/wp\/v2\/users\/2"}],"replies":[{"embeddable":true,"href":"https:\/\/dev.explora.cl\/lagos\/wp-json\/wp\/v2\/comments?post=1021"}],"version-history":[{"count":1,"href":"https:\/\/dev.explora.cl\/lagos\/wp-json\/wp\/v2\/posts\/1021\/revisions"}],"predecessor-version":[{"id":38322,"href":"https:\/\/dev.explora.cl\/lagos\/wp-json\/wp\/v2\/posts\/1021\/revisions\/38322"}],"wp:featuredmedia":[{"embeddable":true,"href":"https:\/\/dev.explora.cl\/lagos\/wp-json\/wp\/v2\/media\/1022"}],"wp:attachment":[{"href":"https:\/\/dev.explora.cl\/lagos\/wp-json\/wp\/v2\/media?parent=1021"}],"wp:term":[{"taxonomy":"category","embeddable":true,"href":"https:\/\/dev.explora.cl\/lagos\/wp-json\/wp\/v2\/categories?post=1021"},{"taxonomy":"post_tag","embeddable":true,"href":"https:\/\/dev.explora.cl\/lagos\/wp-json\/wp\/v2\/tags?post=1021"}],"curies":[{"name":"wp","href":"https:\/\/api.w.org\/{rel}","templated":true}]}}