{"id":42982,"date":"2023-01-31T13:34:00","date_gmt":"2023-01-31T16:34:00","guid":{"rendered":"https:\/\/dev.explora.cl\/coquimbo\/?p=42982"},"modified":"2023-03-23T12:18:11","modified_gmt":"2023-03-23T15:18:11","slug":"ya-comenzaron-tours-cientifico-turisticos-de-doble-narrativa-entre-pescadores-de-punta-de-choros-y-biologas-marinas","status":"publish","type":"post","link":"https:\/\/dev.explora.cl\/coquimbo\/ya-comenzaron-tours-cientifico-turisticos-de-doble-narrativa-entre-pescadores-de-punta-de-choros-y-biologas-marinas\/","title":{"rendered":"Ya comenzaron tours cient\u00edfico-tur\u00edsticos de doble narrativa entre Pescadores de Punta de Choros y Bi\u00f3logas Marinas"},"content":{"rendered":"<p>Por: Nicol\u00e1s Monardes Flores.<\/p>\n<p><em>A trav\u00e9s de un relato de doble narrativa se combin\u00f3 la experiencia e investigaci\u00f3n con la experiencia de pescadores y la comunidad de Punta de Choros. <\/em><\/p>\n<p>Durante la ma\u00f1ana de este domingo 29 de enero, en el marco de la iniciativa de <a href=\"https:\/\/cienciatrips.cl\/\">CienciaTripS<\/a>, actividad regional del <a href=\"https:\/\/dev.explora.cl\/coquimbo\">Proyecto Explora Coquimbo del Ministerio de Ciencia, <\/a>\u00a0ejecutado por la <a href=\"http:\/\/www.ucn.cl\/\">Universidad Cat\u00f3lica del Norte (UCN)<\/a>, se llev\u00f3 a cabo la primera excursi\u00f3n de doble narrativa a cargo de estudiantes de quinto a\u00f1o de la carrera de Biolog\u00eda Marina de la UCN, y pescadores de la localidad de Punta de Choros, en la Regi\u00f3n de Coquimbo.<\/p>\n<p>Esta actividad brind\u00f3 a turistas y habitantes de la zona, informaci\u00f3n basada en la experiencia de quienes habitan y conocen esos territorios, y tambi\u00e9n, informaci\u00f3n cient\u00edfica de las especiales, condiciones y caracter\u00edsticas de las costas de la regi\u00f3n. Patricio Vega, encargado de la Actividad Regional CienciaTripS del Proyecto Explora Coquimbo, se\u00f1al\u00f3 que \u201cLa primera jornada super\u00f3 las expectativas. Los pescadores con las estudiantes se complementaron super bien arriba del bote. Los turistas salieron fascinados de lo que vivieron\u201d.<\/p>\n<p>La doble narrativa es un m\u00e9todo que utiliza diferentes narradores para contar una misma historia. Esta metodolog\u00eda se ha utilizado en el turismo de distintas partes del mundo para mostrar los diversos puntos de vistas y perspectivas de los territorios a trav\u00e9s de la historia, cultura, conflictos, etc., y que tambi\u00e9n se quiso replicar esta experiencia en la localidad de Punta de Choros.<\/p>\n<p>Al respecto, Vega menciona que \u201ccuando hablamos de tours cient\u00edficos, estamos hablando de un especialista que transmite la ciencia a las personas, como sucede en la Reserva Nacional Ping\u00fcino de Humboldt. Sin embargo, el factor cultural y local de los pescadores y de las comunidades, se deja de lado. Es por esto que el objetivo de las dobles narrativas es poner en valor ambas perspectivas, para poder dise\u00f1ar relatos en conjunto, para contar la misma historia de un mismo territorio, pero con diferentes miradas\u201d.<\/p>\n<p>Este tipo de acciones no solamente generan un impacto en las comunidades y turistas, sino que tambi\u00e9n en sus actores. Como indica Vega, por una parte, se est\u00e1 colaborando para que los pescadores tengan el acceso a la informaci\u00f3n cient\u00edfica de forma simple y entretenida, mientras que, de igual manera, las estudiantes de Biolog\u00eda Marina se nutren con la informaci\u00f3n emanada de los pescadores, a trav\u00e9s de la experiencia en la captura de especies, caracter\u00edsticas del mar, entre otros.<\/p>\n<p>Se espera que a trav\u00e9s de las excursiones de doble narrativa se fortalezca el servicio tur\u00edstico de la localidad de Punta de Choros, entregando una experiencia \u00fanica en la zona.<\/p>\n","protected":false},"excerpt":{"rendered":"<p>Ya comenzaron tours cient\u00edfico-tur\u00edsticos de doble narrativa entre Pescadores de Punta de Choros y Bi\u00f3logas Marinas<\/p>\n","protected":false},"author":21,"featured_media":42983,"comment_status":"open","ping_status":"open","sticky":false,"template":"","format":"standard","meta":{"_acf_changed":false,"_exactmetrics_skip_tracking":false,"_exactmetrics_sitenote_active":false,"_exactmetrics_sitenote_note":"","_exactmetrics_sitenote_category":0,"footnotes":"","_links_to":"","_links_to_target":""},"categories":[4],"tags":[],"class_list":["post-42982","post","type-post","status-publish","format-standard","has-post-thumbnail","hentry","category-noticias"],"acf":[],"yoast_head":"<!-- This site is optimized with the Yoast SEO plugin v26.7 - https:\/\/yoast.com\/wordpress\/plugins\/seo\/ -->\n<title>Ya comenzaron tours cient\u00edfico-tur\u00edsticos de doble narrativa entre Pescadores de Punta de Choros y Bi\u00f3logas Marinas - Coquimbo<\/title>\n<meta name=\"robots\" content=\"index, follow, max-snippet:-1, max-image-preview:large, max-video-preview:-1\" \/>\n<link rel=\"canonical\" href=\"https:\/\/dev.explora.cl\/coquimbo\/ya-comenzaron-tours-cientifico-turisticos-de-doble-narrativa-entre-pescadores-de-punta-de-choros-y-biologas-marinas\/\" class=\"yoast-seo-meta-tag\" \/>\n<meta property=\"og:locale\" content=\"es_ES\" class=\"yoast-seo-meta-tag\" \/>\n<meta property=\"og:type\" content=\"article\" class=\"yoast-seo-meta-tag\" \/>\n<meta property=\"og:title\" content=\"Ya comenzaron tours cient\u00edfico-tur\u00edsticos de doble narrativa entre Pescadores de Punta de Choros y Bi\u00f3logas Marinas - Coquimbo\" class=\"yoast-seo-meta-tag\" \/>\n<meta property=\"og:description\" content=\"Ya comenzaron tours cient\u00edfico-tur\u00edsticos de doble narrativa entre Pescadores de Punta de Choros y Bi\u00f3logas Marinas\" class=\"yoast-seo-meta-tag\" \/>\n<meta property=\"og:url\" content=\"https:\/\/dev.explora.cl\/coquimbo\/ya-comenzaron-tours-cientifico-turisticos-de-doble-narrativa-entre-pescadores-de-punta-de-choros-y-biologas-marinas\/\" class=\"yoast-seo-meta-tag\" \/>\n<meta property=\"og:site_name\" content=\"Coquimbo\" class=\"yoast-seo-meta-tag\" \/>\n<meta property=\"article:published_time\" content=\"2023-01-31T16:34:00+00:00\" class=\"yoast-seo-meta-tag\" \/>\n<meta property=\"article:modified_time\" content=\"2023-03-23T15:18:11+00:00\" class=\"yoast-seo-meta-tag\" \/>\n<meta property=\"og:image\" content=\"https:\/\/dev.explora.cl\/coquimbo\/wp-content\/uploads\/sites\/6\/2023\/02\/WhatsApp-Image-2023-01-31-at-15.43.37.jpeg\" class=\"yoast-seo-meta-tag\" \/>\n\t<meta property=\"og:image:width\" content=\"1600\" class=\"yoast-seo-meta-tag\" \/>\n\t<meta property=\"og:image:height\" content=\"1200\" class=\"yoast-seo-meta-tag\" \/>\n\t<meta property=\"og:image:type\" content=\"image\/jpeg\" class=\"yoast-seo-meta-tag\" \/>\n<meta name=\"author\" content=\"jimartin\" class=\"yoast-seo-meta-tag\" \/>\n<meta name=\"twitter:card\" content=\"summary_large_image\" class=\"yoast-seo-meta-tag\" \/>\n<meta name=\"twitter:label1\" content=\"Escrito por\" class=\"yoast-seo-meta-tag\" \/>\n\t<meta name=\"twitter:data1\" content=\"jimartin\" class=\"yoast-seo-meta-tag\" \/>\n\t<meta name=\"twitter:label2\" content=\"Tiempo estimado de lectura\" class=\"yoast-seo-meta-tag\" \/>\n\t<meta name=\"twitter:data2\" content=\"2 minutos\" class=\"yoast-seo-meta-tag\" \/>\n<script type=\"application\/ld+json\" class=\"yoast-schema-graph\">{\"@context\":\"https:\/\/schema.org\",\"@graph\":[{\"@type\":\"Article\",\"@id\":\"https:\/\/dev.explora.cl\/coquimbo\/ya-comenzaron-tours-cientifico-turisticos-de-doble-narrativa-entre-pescadores-de-punta-de-choros-y-biologas-marinas\/#article\",\"isPartOf\":{\"@id\":\"https:\/\/dev.explora.cl\/coquimbo\/ya-comenzaron-tours-cientifico-turisticos-de-doble-narrativa-entre-pescadores-de-punta-de-choros-y-biologas-marinas\/\"},\"author\":{\"name\":\"jimartin\",\"@id\":\"https:\/\/dev.explora.cl\/coquimbo\/#\/schema\/person\/c171f405669e4e4f7e56a099200d2fe6\"},\"headline\":\"Ya comenzaron tours cient\u00edfico-tur\u00edsticos de doble narrativa entre Pescadores de Punta de Choros y Bi\u00f3logas Marinas\",\"datePublished\":\"2023-01-31T16:34:00+00:00\",\"dateModified\":\"2023-03-23T15:18:11+00:00\",\"mainEntityOfPage\":{\"@id\":\"https:\/\/dev.explora.cl\/coquimbo\/ya-comenzaron-tours-cientifico-turisticos-de-doble-narrativa-entre-pescadores-de-punta-de-choros-y-biologas-marinas\/\"},\"wordCount\":489,\"commentCount\":0,\"publisher\":{\"@id\":\"https:\/\/dev.explora.cl\/coquimbo\/#organization\"},\"image\":{\"@id\":\"https:\/\/dev.explora.cl\/coquimbo\/ya-comenzaron-tours-cientifico-turisticos-de-doble-narrativa-entre-pescadores-de-punta-de-choros-y-biologas-marinas\/#primaryimage\"},\"thumbnailUrl\":\"https:\/\/dev.explora.cl\/coquimbo\/wp-content\/uploads\/sites\/6\/2023\/02\/WhatsApp-Image-2023-01-31-at-15.43.37.jpeg\",\"articleSection\":[\"Noticias\"],\"inLanguage\":\"es-CL\",\"potentialAction\":[{\"@type\":\"CommentAction\",\"name\":\"Comment\",\"target\":[\"https:\/\/dev.explora.cl\/coquimbo\/ya-comenzaron-tours-cientifico-turisticos-de-doble-narrativa-entre-pescadores-de-punta-de-choros-y-biologas-marinas\/#respond\"]}]},{\"@type\":\"WebPage\",\"@id\":\"https:\/\/dev.explora.cl\/coquimbo\/ya-comenzaron-tours-cientifico-turisticos-de-doble-narrativa-entre-pescadores-de-punta-de-choros-y-biologas-marinas\/\",\"url\":\"https:\/\/dev.explora.cl\/coquimbo\/ya-comenzaron-tours-cientifico-turisticos-de-doble-narrativa-entre-pescadores-de-punta-de-choros-y-biologas-marinas\/\",\"name\":\"Ya comenzaron tours cient\u00edfico-tur\u00edsticos de doble narrativa entre Pescadores de Punta de Choros y Bi\u00f3logas Marinas - Coquimbo\",\"isPartOf\":{\"@id\":\"https:\/\/dev.explora.cl\/coquimbo\/#website\"},\"primaryImageOfPage\":{\"@id\":\"https:\/\/dev.explora.cl\/coquimbo\/ya-comenzaron-tours-cientifico-turisticos-de-doble-narrativa-entre-pescadores-de-punta-de-choros-y-biologas-marinas\/#primaryimage\"},\"image\":{\"@id\":\"https:\/\/dev.explora.cl\/coquimbo\/ya-comenzaron-tours-cientifico-turisticos-de-doble-narrativa-entre-pescadores-de-punta-de-choros-y-biologas-marinas\/#primaryimage\"},\"thumbnailUrl\":\"https:\/\/dev.explora.cl\/coquimbo\/wp-content\/uploads\/sites\/6\/2023\/02\/WhatsApp-Image-2023-01-31-at-15.43.37.jpeg\",\"datePublished\":\"2023-01-31T16:34:00+00:00\",\"dateModified\":\"2023-03-23T15:18:11+00:00\",\"breadcrumb\":{\"@id\":\"https:\/\/dev.explora.cl\/coquimbo\/ya-comenzaron-tours-cientifico-turisticos-de-doble-narrativa-entre-pescadores-de-punta-de-choros-y-biologas-marinas\/#breadcrumb\"},\"inLanguage\":\"es-CL\",\"potentialAction\":[{\"@type\":\"ReadAction\",\"target\":[\"https:\/\/dev.explora.cl\/coquimbo\/ya-comenzaron-tours-cientifico-turisticos-de-doble-narrativa-entre-pescadores-de-punta-de-choros-y-biologas-marinas\/\"]}]},{\"@type\":\"ImageObject\",\"inLanguage\":\"es-CL\",\"@id\":\"https:\/\/dev.explora.cl\/coquimbo\/ya-comenzaron-tours-cientifico-turisticos-de-doble-narrativa-entre-pescadores-de-punta-de-choros-y-biologas-marinas\/#primaryimage\",\"url\":\"https:\/\/dev.explora.cl\/coquimbo\/wp-content\/uploads\/sites\/6\/2023\/02\/WhatsApp-Image-2023-01-31-at-15.43.37.jpeg\",\"contentUrl\":\"https:\/\/dev.explora.cl\/coquimbo\/wp-content\/uploads\/sites\/6\/2023\/02\/WhatsApp-Image-2023-01-31-at-15.43.37.jpeg\",\"width\":1600,\"height\":1200},{\"@type\":\"BreadcrumbList\",\"@id\":\"https:\/\/dev.explora.cl\/coquimbo\/ya-comenzaron-tours-cientifico-turisticos-de-doble-narrativa-entre-pescadores-de-punta-de-choros-y-biologas-marinas\/#breadcrumb\",\"itemListElement\":[{\"@type\":\"ListItem\",\"position\":1,\"name\":\"Portada\",\"item\":\"https:\/\/dev.explora.cl\/coquimbo\/\"},{\"@type\":\"ListItem\",\"position\":2,\"name\":\"Ya comenzaron tours cient\u00edfico-tur\u00edsticos de doble narrativa entre Pescadores de Punta de Choros y Bi\u00f3logas Marinas\"}]},{\"@type\":\"WebSite\",\"@id\":\"https:\/\/dev.explora.cl\/coquimbo\/#website\",\"url\":\"https:\/\/dev.explora.cl\/coquimbo\/\",\"name\":\"Coquimbo\",\"description\":\"Otro sitio m\u00e1s de dev.explora.cl\",\"publisher\":{\"@id\":\"https:\/\/dev.explora.cl\/coquimbo\/#organization\"},\"potentialAction\":[{\"@type\":\"SearchAction\",\"target\":{\"@type\":\"EntryPoint\",\"urlTemplate\":\"https:\/\/dev.explora.cl\/coquimbo\/?s={search_term_string}\"},\"query-input\":{\"@type\":\"PropertyValueSpecification\",\"valueRequired\":true,\"valueName\":\"search_term_string\"}}],\"inLanguage\":\"es-CL\"},{\"@type\":\"Organization\",\"@id\":\"https:\/\/dev.explora.cl\/coquimbo\/#organization\",\"name\":\"Coquimbo\",\"url\":\"https:\/\/dev.explora.cl\/coquimbo\/\",\"logo\":{\"@type\":\"ImageObject\",\"inLanguage\":\"es-CL\",\"@id\":\"https:\/\/dev.explora.cl\/coquimbo\/#\/schema\/logo\/image\/\",\"url\":\"https:\/\/dev.explora.cl\/coquimbo\/wp-content\/uploads\/sites\/6\/2020\/08\/cropped-Mesa-de-trabajo-1-100.jpg\",\"contentUrl\":\"https:\/\/dev.explora.cl\/coquimbo\/wp-content\/uploads\/sites\/6\/2020\/08\/cropped-Mesa-de-trabajo-1-100.jpg\",\"width\":615,\"height\":576,\"caption\":\"Coquimbo\"},\"image\":{\"@id\":\"https:\/\/dev.explora.cl\/coquimbo\/#\/schema\/logo\/image\/\"}},{\"@type\":\"Person\",\"@id\":\"https:\/\/dev.explora.cl\/coquimbo\/#\/schema\/person\/c171f405669e4e4f7e56a099200d2fe6\",\"name\":\"jimartin\",\"image\":{\"@type\":\"ImageObject\",\"inLanguage\":\"es-CL\",\"@id\":\"https:\/\/dev.explora.cl\/coquimbo\/#\/schema\/person\/image\/\",\"url\":\"https:\/\/secure.gravatar.com\/avatar\/8dfd7d14443934731a5aea629f40c1aceb42cc8b566a9926567e833c9d22b643?s=96&d=mm&r=g\",\"contentUrl\":\"https:\/\/secure.gravatar.com\/avatar\/8dfd7d14443934731a5aea629f40c1aceb42cc8b566a9926567e833c9d22b643?s=96&d=mm&r=g\",\"caption\":\"jimartin\"},\"url\":\"https:\/\/dev.explora.cl\/coquimbo\/author\/jimartin\/\"}]}<\/script>\n<!-- \/ Yoast SEO plugin. -->","yoast_head_json":{"title":"Ya comenzaron tours cient\u00edfico-tur\u00edsticos de doble narrativa entre Pescadores de Punta de Choros y Bi\u00f3logas Marinas - Coquimbo","robots":{"index":"index","follow":"follow","max-snippet":"max-snippet:-1","max-image-preview":"max-image-preview:large","max-video-preview":"max-video-preview:-1"},"canonical":"https:\/\/dev.explora.cl\/coquimbo\/ya-comenzaron-tours-cientifico-turisticos-de-doble-narrativa-entre-pescadores-de-punta-de-choros-y-biologas-marinas\/","og_locale":"es_ES","og_type":"article","og_title":"Ya comenzaron tours cient\u00edfico-tur\u00edsticos de doble narrativa entre Pescadores de Punta de Choros y Bi\u00f3logas Marinas - Coquimbo","og_description":"Ya comenzaron tours cient\u00edfico-tur\u00edsticos de doble narrativa entre Pescadores de Punta de Choros y Bi\u00f3logas Marinas","og_url":"https:\/\/dev.explora.cl\/coquimbo\/ya-comenzaron-tours-cientifico-turisticos-de-doble-narrativa-entre-pescadores-de-punta-de-choros-y-biologas-marinas\/","og_site_name":"Coquimbo","article_published_time":"2023-01-31T16:34:00+00:00","article_modified_time":"2023-03-23T15:18:11+00:00","og_image":[{"width":1600,"height":1200,"url":"https:\/\/dev.explora.cl\/coquimbo\/wp-content\/uploads\/sites\/6\/2023\/02\/WhatsApp-Image-2023-01-31-at-15.43.37.jpeg","type":"image\/jpeg"}],"author":"jimartin","twitter_card":"summary_large_image","twitter_misc":{"Escrito por":"jimartin","Tiempo estimado de lectura":"2 minutos"},"schema":{"@context":"https:\/\/schema.org","@graph":[{"@type":"Article","@id":"https:\/\/dev.explora.cl\/coquimbo\/ya-comenzaron-tours-cientifico-turisticos-de-doble-narrativa-entre-pescadores-de-punta-de-choros-y-biologas-marinas\/#article","isPartOf":{"@id":"https:\/\/dev.explora.cl\/coquimbo\/ya-comenzaron-tours-cientifico-turisticos-de-doble-narrativa-entre-pescadores-de-punta-de-choros-y-biologas-marinas\/"},"author":{"name":"jimartin","@id":"https:\/\/dev.explora.cl\/coquimbo\/#\/schema\/person\/c171f405669e4e4f7e56a099200d2fe6"},"headline":"Ya comenzaron tours cient\u00edfico-tur\u00edsticos de doble narrativa entre Pescadores de Punta de Choros y Bi\u00f3logas Marinas","datePublished":"2023-01-31T16:34:00+00:00","dateModified":"2023-03-23T15:18:11+00:00","mainEntityOfPage":{"@id":"https:\/\/dev.explora.cl\/coquimbo\/ya-comenzaron-tours-cientifico-turisticos-de-doble-narrativa-entre-pescadores-de-punta-de-choros-y-biologas-marinas\/"},"wordCount":489,"commentCount":0,"publisher":{"@id":"https:\/\/dev.explora.cl\/coquimbo\/#organization"},"image":{"@id":"https:\/\/dev.explora.cl\/coquimbo\/ya-comenzaron-tours-cientifico-turisticos-de-doble-narrativa-entre-pescadores-de-punta-de-choros-y-biologas-marinas\/#primaryimage"},"thumbnailUrl":"https:\/\/dev.explora.cl\/coquimbo\/wp-content\/uploads\/sites\/6\/2023\/02\/WhatsApp-Image-2023-01-31-at-15.43.37.jpeg","articleSection":["Noticias"],"inLanguage":"es-CL","potentialAction":[{"@type":"CommentAction","name":"Comment","target":["https:\/\/dev.explora.cl\/coquimbo\/ya-comenzaron-tours-cientifico-turisticos-de-doble-narrativa-entre-pescadores-de-punta-de-choros-y-biologas-marinas\/#respond"]}]},{"@type":"WebPage","@id":"https:\/\/dev.explora.cl\/coquimbo\/ya-comenzaron-tours-cientifico-turisticos-de-doble-narrativa-entre-pescadores-de-punta-de-choros-y-biologas-marinas\/","url":"https:\/\/dev.explora.cl\/coquimbo\/ya-comenzaron-tours-cientifico-turisticos-de-doble-narrativa-entre-pescadores-de-punta-de-choros-y-biologas-marinas\/","name":"Ya comenzaron tours cient\u00edfico-tur\u00edsticos de doble narrativa entre Pescadores de Punta de Choros y Bi\u00f3logas Marinas - Coquimbo","isPartOf":{"@id":"https:\/\/dev.explora.cl\/coquimbo\/#website"},"primaryImageOfPage":{"@id":"https:\/\/dev.explora.cl\/coquimbo\/ya-comenzaron-tours-cientifico-turisticos-de-doble-narrativa-entre-pescadores-de-punta-de-choros-y-biologas-marinas\/#primaryimage"},"image":{"@id":"https:\/\/dev.explora.cl\/coquimbo\/ya-comenzaron-tours-cientifico-turisticos-de-doble-narrativa-entre-pescadores-de-punta-de-choros-y-biologas-marinas\/#primaryimage"},"thumbnailUrl":"https:\/\/dev.explora.cl\/coquimbo\/wp-content\/uploads\/sites\/6\/2023\/02\/WhatsApp-Image-2023-01-31-at-15.43.37.jpeg","datePublished":"2023-01-31T16:34:00+00:00","dateModified":"2023-03-23T15:18:11+00:00","breadcrumb":{"@id":"https:\/\/dev.explora.cl\/coquimbo\/ya-comenzaron-tours-cientifico-turisticos-de-doble-narrativa-entre-pescadores-de-punta-de-choros-y-biologas-marinas\/#breadcrumb"},"inLanguage":"es-CL","potentialAction":[{"@type":"ReadAction","target":["https:\/\/dev.explora.cl\/coquimbo\/ya-comenzaron-tours-cientifico-turisticos-de-doble-narrativa-entre-pescadores-de-punta-de-choros-y-biologas-marinas\/"]}]},{"@type":"ImageObject","inLanguage":"es-CL","@id":"https:\/\/dev.explora.cl\/coquimbo\/ya-comenzaron-tours-cientifico-turisticos-de-doble-narrativa-entre-pescadores-de-punta-de-choros-y-biologas-marinas\/#primaryimage","url":"https:\/\/dev.explora.cl\/coquimbo\/wp-content\/uploads\/sites\/6\/2023\/02\/WhatsApp-Image-2023-01-31-at-15.43.37.jpeg","contentUrl":"https:\/\/dev.explora.cl\/coquimbo\/wp-content\/uploads\/sites\/6\/2023\/02\/WhatsApp-Image-2023-01-31-at-15.43.37.jpeg","width":1600,"height":1200},{"@type":"BreadcrumbList","@id":"https:\/\/dev.explora.cl\/coquimbo\/ya-comenzaron-tours-cientifico-turisticos-de-doble-narrativa-entre-pescadores-de-punta-de-choros-y-biologas-marinas\/#breadcrumb","itemListElement":[{"@type":"ListItem","position":1,"name":"Portada","item":"https:\/\/dev.explora.cl\/coquimbo\/"},{"@type":"ListItem","position":2,"name":"Ya comenzaron tours cient\u00edfico-tur\u00edsticos de doble narrativa entre Pescadores de Punta de Choros y Bi\u00f3logas Marinas"}]},{"@type":"WebSite","@id":"https:\/\/dev.explora.cl\/coquimbo\/#website","url":"https:\/\/dev.explora.cl\/coquimbo\/","name":"Coquimbo","description":"Otro sitio m\u00e1s de dev.explora.cl","publisher":{"@id":"https:\/\/dev.explora.cl\/coquimbo\/#organization"},"potentialAction":[{"@type":"SearchAction","target":{"@type":"EntryPoint","urlTemplate":"https:\/\/dev.explora.cl\/coquimbo\/?s={search_term_string}"},"query-input":{"@type":"PropertyValueSpecification","valueRequired":true,"valueName":"search_term_string"}}],"inLanguage":"es-CL"},{"@type":"Organization","@id":"https:\/\/dev.explora.cl\/coquimbo\/#organization","name":"Coquimbo","url":"https:\/\/dev.explora.cl\/coquimbo\/","logo":{"@type":"ImageObject","inLanguage":"es-CL","@id":"https:\/\/dev.explora.cl\/coquimbo\/#\/schema\/logo\/image\/","url":"https:\/\/dev.explora.cl\/coquimbo\/wp-content\/uploads\/sites\/6\/2020\/08\/cropped-Mesa-de-trabajo-1-100.jpg","contentUrl":"https:\/\/dev.explora.cl\/coquimbo\/wp-content\/uploads\/sites\/6\/2020\/08\/cropped-Mesa-de-trabajo-1-100.jpg","width":615,"height":576,"caption":"Coquimbo"},"image":{"@id":"https:\/\/dev.explora.cl\/coquimbo\/#\/schema\/logo\/image\/"}},{"@type":"Person","@id":"https:\/\/dev.explora.cl\/coquimbo\/#\/schema\/person\/c171f405669e4e4f7e56a099200d2fe6","name":"jimartin","image":{"@type":"ImageObject","inLanguage":"es-CL","@id":"https:\/\/dev.explora.cl\/coquimbo\/#\/schema\/person\/image\/","url":"https:\/\/secure.gravatar.com\/avatar\/8dfd7d14443934731a5aea629f40c1aceb42cc8b566a9926567e833c9d22b643?s=96&d=mm&r=g","contentUrl":"https:\/\/secure.gravatar.com\/avatar\/8dfd7d14443934731a5aea629f40c1aceb42cc8b566a9926567e833c9d22b643?s=96&d=mm&r=g","caption":"jimartin"},"url":"https:\/\/dev.explora.cl\/coquimbo\/author\/jimartin\/"}]}},"_links":{"self":[{"href":"https:\/\/dev.explora.cl\/coquimbo\/wp-json\/wp\/v2\/posts\/42982","targetHints":{"allow":["GET"]}}],"collection":[{"href":"https:\/\/dev.explora.cl\/coquimbo\/wp-json\/wp\/v2\/posts"}],"about":[{"href":"https:\/\/dev.explora.cl\/coquimbo\/wp-json\/wp\/v2\/types\/post"}],"author":[{"embeddable":true,"href":"https:\/\/dev.explora.cl\/coquimbo\/wp-json\/wp\/v2\/users\/21"}],"replies":[{"embeddable":true,"href":"https:\/\/dev.explora.cl\/coquimbo\/wp-json\/wp\/v2\/comments?post=42982"}],"version-history":[{"count":1,"href":"https:\/\/dev.explora.cl\/coquimbo\/wp-json\/wp\/v2\/posts\/42982\/revisions"}],"predecessor-version":[{"id":42984,"href":"https:\/\/dev.explora.cl\/coquimbo\/wp-json\/wp\/v2\/posts\/42982\/revisions\/42984"}],"wp:featuredmedia":[{"embeddable":true,"href":"https:\/\/dev.explora.cl\/coquimbo\/wp-json\/wp\/v2\/media\/42983"}],"wp:attachment":[{"href":"https:\/\/dev.explora.cl\/coquimbo\/wp-json\/wp\/v2\/media?parent=42982"}],"wp:term":[{"taxonomy":"category","embeddable":true,"href":"https:\/\/dev.explora.cl\/coquimbo\/wp-json\/wp\/v2\/categories?post=42982"},{"taxonomy":"post_tag","embeddable":true,"href":"https:\/\/dev.explora.cl\/coquimbo\/wp-json\/wp\/v2\/tags?post=42982"}],"curies":[{"name":"wp","href":"https:\/\/api.w.org\/{rel}","templated":true}]}}