{"id":42929,"date":"2022-12-26T16:17:27","date_gmt":"2022-12-26T19:17:27","guid":{"rendered":"https:\/\/dev.explora.cl\/coquimbo\/?p=42929"},"modified":"2023-02-02T13:33:12","modified_gmt":"2023-02-02T16:33:12","slug":"es-hora-de-conocer-a-la-comunidad-docente-seleccionada-para-el-campamento-explora-va-2023","status":"publish","type":"post","link":"https:\/\/dev.explora.cl\/coquimbo\/es-hora-de-conocer-a-la-comunidad-docente-seleccionada-para-el-campamento-explora-va-2023\/","title":{"rendered":"Es hora de conocer a la comunidad docente seleccionada para el Campamento Explora VA! 2023"},"content":{"rendered":"<p style=\"text-align: justify\"><em>Entre el 9 y el 13 de enero se realizar\u00e1 esta iniciativa dirigida a docentes de P\u00e1rvulos, Educaci\u00f3n B\u00e1sica y Educaci\u00f3n Media. <\/em><\/p>\n<p style=\"text-align: justify\">El <strong>Campamento ExploraVA!<\/strong> del <a href=\"https:\/\/dev.explora.cl\/coquimbo\">Proyecto Explora Coquimbo del Ministerio de Ciencia<\/a> y ejecutado por la <a href=\"http:\/\/www.ucn.cl\/\">Universidad Cat\u00f3lica del Norte<\/a>, busca transformar a la comunidad docente en agentes de cambio al interior de sus instituciones escolares, a trav\u00e9s de la entrega y desarrollo de herramientas que permitan agregar valor a la comunidad educativa a partir de las diversas dimensiones que tienen las ciencias y la tecnolog\u00eda.<\/p>\n<p style=\"text-align: justify\">Son 45\u00a0 profesionales de la educaci\u00f3n que son parte de esta selecci\u00f3n, representantes de las diversas comunas de la Regi\u00f3n de Coquimbo, quienes durante 5 d\u00edas, se capacitar\u00e1n en ciencias mediante talleres, charlas y actividades pr\u00e1cticas presenciales a desarrollarse en la <a href=\"http:\/\/www.ucn.cl\/\">Universidad Cat\u00f3lica del Norte<\/a>.<\/p>\n<p style=\"text-align: justify\">A continuaci\u00f3n, el listado oficial de participantes del Campamento ExploraVA! 2023:<\/p>\n<ol>\n<li style=\"text-align: justify\"><strong>Sandra Andrades Tabilo.<\/strong><\/li>\n<li style=\"text-align: justify\"><strong>Alejandra Chac\u00edn Henr\u00edquez.<\/strong><\/li>\n<li style=\"text-align: justify\"><strong>Graciela Aguiar Navas.<\/strong><\/li>\n<li style=\"text-align: justify\"><strong>Scarlett Miranda Pereira.<\/strong><\/li>\n<li style=\"text-align: justify\"><strong>Marcela Castillo Ram\u00edrez.<\/strong><\/li>\n<li style=\"text-align: justify\"><strong>Sandra Castro Pinto.<\/strong><\/li>\n<li style=\"text-align: justify\"><strong>Daniela Lobos Barraza.<\/strong><\/li>\n<li style=\"text-align: justify\"><strong>Marina Brice\u00f1o Rivera.<\/strong><\/li>\n<li style=\"text-align: justify\"><strong>Cecilia Pizarro D\u00edaz.<\/strong><\/li>\n<li style=\"text-align: justify\"><strong>Dana Donoso Osorio.<\/strong><\/li>\n<li style=\"text-align: justify\"><strong>Nicol Flores Carvajal,<\/strong><\/li>\n<li style=\"text-align: justify\"><strong>Cintya Carvajal Gonz\u00e1lez.<\/strong><\/li>\n<li style=\"text-align: justify\"><strong>Pablo Tabilo Gonz\u00e1lez.<\/strong><\/li>\n<li style=\"text-align: justify\"><strong>Hela Mena Cort\u00e9s.<\/strong><\/li>\n<li style=\"text-align: justify\"><strong>Gabriel Ceballos Gonz\u00e1lez. <\/strong><\/li>\n<li style=\"text-align: justify\"><strong>Alejandra Guti\u00e9rrez Araya.<\/strong><\/li>\n<li style=\"text-align: justify\"><strong>Sandra Michea Caimanque.<\/strong><\/li>\n<li style=\"text-align: justify\"><strong>Eveling Rojas Mart\u00ednez.<\/strong><\/li>\n<li style=\"text-align: justify\"><strong>Mar\u00eda Plandiura Viera.<\/strong><\/li>\n<li style=\"text-align: justify\"><strong>Beatriz Araya Monardez.<\/strong><\/li>\n<li style=\"text-align: justify\"><strong>Nicole Sierra \u00c1ngel. <\/strong><\/li>\n<li style=\"text-align: justify\"><strong>Francisca Riveros Grunert. <\/strong><\/li>\n<li style=\"text-align: justify\"><strong>Yulinka Alcayaga Olivares.<\/strong><\/li>\n<li style=\"text-align: justify\"><strong>Teresa Alfaro Alfaro.<\/strong><\/li>\n<li style=\"text-align: justify\"><strong>Mar\u00eda Alejandra Pi\u00f1ones Carvajal.<\/strong><\/li>\n<li style=\"text-align: justify\"><strong>Fabiola Quiroga Portilla.<\/strong><\/li>\n<li style=\"text-align: justify\"><strong>B\u00e1rbara Marambio Alvarado.<\/strong><\/li>\n<li style=\"text-align: justify\"><strong>Carolina Herrera Lagos.<\/strong><\/li>\n<li style=\"text-align: justify\"><strong>Ingrid Sep\u00falveda Henot.<\/strong><\/li>\n<li style=\"text-align: justify\"><strong>Clara Miranda Canihuante.<\/strong><\/li>\n<li style=\"text-align: justify\"><strong>Sandra Contreras Portilla.<\/strong><\/li>\n<li style=\"text-align: justify\"><strong>Lissett Fuentes Garc\u00eda.<\/strong><\/li>\n<li style=\"text-align: justify\"><strong>Cristian Mar\u00edn Olivares.<\/strong><\/li>\n<li style=\"text-align: justify\"><strong>Yesmina Mar\u00edn Past\u00e9n.<\/strong><\/li>\n<li style=\"text-align: justify\"><strong>Melissa Berm\u00fadez L\u00f3pez.<\/strong><\/li>\n<li style=\"text-align: justify\"><strong>Claudia Flores Cangana.<\/strong><\/li>\n<li style=\"text-align: justify\"><strong>Marianela Morgado Galleguillos.<\/strong><\/li>\n<li style=\"text-align: justify\"><strong>Gisela Jaime Morgado.<\/strong><\/li>\n<li style=\"text-align: justify\"><strong>Keila Rojas Tapia.<\/strong><\/li>\n<li style=\"text-align: justify\"><strong>Cristian Verdugo Marambio.<\/strong><\/li>\n<li style=\"text-align: justify\"><strong>Felipe Mu\u00f1oz Albornoz.<\/strong><\/li>\n<li style=\"text-align: justify\"><strong>Roc\u00edo Contreras Z\u00e1rate. <\/strong><\/li>\n<li style=\"text-align: justify\"><strong>Carolina Mu\u00f1oz Balbont\u00edn.<\/strong><\/li>\n<li style=\"text-align: justify\"><strong>Marisol Wilson Vega.<\/strong><\/li>\n<li style=\"text-align: justify\"><strong>Camila Iribarren Araya.<\/strong><\/li>\n<\/ol>\n","protected":false},"excerpt":{"rendered":"<p>Es hora de conocer a la comunidad docente seleccionada para el Campamento Explora VA! 2023<\/p>\n","protected":false},"author":21,"featured_media":42931,"comment_status":"open","ping_status":"open","sticky":false,"template":"","format":"standard","meta":{"_acf_changed":false,"_exactmetrics_skip_tracking":false,"_exactmetrics_sitenote_active":false,"_exactmetrics_sitenote_note":"","_exactmetrics_sitenote_category":0,"footnotes":"","_links_to":"","_links_to_target":""},"categories":[4],"tags":[],"class_list":["post-42929","post","type-post","status-publish","format-standard","has-post-thumbnail","hentry","category-noticias"],"acf":[],"yoast_head":"<!-- This site is optimized with the Yoast SEO plugin v26.7 - https:\/\/yoast.com\/wordpress\/plugins\/seo\/ -->\n<title>Es hora de conocer a la comunidad docente seleccionada para el Campamento Explora VA! 2023 - Coquimbo<\/title>\n<meta name=\"robots\" content=\"index, follow, max-snippet:-1, max-image-preview:large, max-video-preview:-1\" \/>\n<link rel=\"canonical\" href=\"https:\/\/dev.explora.cl\/coquimbo\/es-hora-de-conocer-a-la-comunidad-docente-seleccionada-para-el-campamento-explora-va-2023\/\" class=\"yoast-seo-meta-tag\" \/>\n<meta property=\"og:locale\" content=\"es_ES\" class=\"yoast-seo-meta-tag\" \/>\n<meta property=\"og:type\" content=\"article\" class=\"yoast-seo-meta-tag\" \/>\n<meta property=\"og:title\" content=\"Es hora de conocer a la comunidad docente seleccionada para el Campamento Explora VA! 2023 - Coquimbo\" class=\"yoast-seo-meta-tag\" \/>\n<meta property=\"og:description\" content=\"Es hora de conocer a la comunidad docente seleccionada para el Campamento Explora VA! 2023\" class=\"yoast-seo-meta-tag\" \/>\n<meta property=\"og:url\" content=\"https:\/\/dev.explora.cl\/coquimbo\/es-hora-de-conocer-a-la-comunidad-docente-seleccionada-para-el-campamento-explora-va-2023\/\" class=\"yoast-seo-meta-tag\" \/>\n<meta property=\"og:site_name\" content=\"Coquimbo\" class=\"yoast-seo-meta-tag\" \/>\n<meta property=\"article:published_time\" content=\"2022-12-26T19:17:27+00:00\" class=\"yoast-seo-meta-tag\" \/>\n<meta property=\"article:modified_time\" content=\"2023-02-02T16:33:12+00:00\" class=\"yoast-seo-meta-tag\" \/>\n<meta property=\"og:image\" content=\"https:\/\/dev.explora.cl\/coquimbo\/wp-content\/uploads\/sites\/6\/2022\/12\/Seleccionados_Campamento-Explora-VA_Banner_Web.jpg\" class=\"yoast-seo-meta-tag\" \/>\n\t<meta property=\"og:image:width\" content=\"1521\" class=\"yoast-seo-meta-tag\" \/>\n\t<meta property=\"og:image:height\" content=\"969\" class=\"yoast-seo-meta-tag\" \/>\n\t<meta property=\"og:image:type\" content=\"image\/jpeg\" class=\"yoast-seo-meta-tag\" \/>\n<meta name=\"author\" content=\"jimartin\" class=\"yoast-seo-meta-tag\" \/>\n<meta name=\"twitter:card\" content=\"summary_large_image\" class=\"yoast-seo-meta-tag\" \/>\n<meta name=\"twitter:label1\" content=\"Escrito por\" class=\"yoast-seo-meta-tag\" \/>\n\t<meta name=\"twitter:data1\" content=\"jimartin\" class=\"yoast-seo-meta-tag\" \/>\n\t<meta name=\"twitter:label2\" content=\"Tiempo estimado de lectura\" class=\"yoast-seo-meta-tag\" \/>\n\t<meta name=\"twitter:data2\" content=\"2 minutos\" class=\"yoast-seo-meta-tag\" \/>\n<script type=\"application\/ld+json\" class=\"yoast-schema-graph\">{\"@context\":\"https:\/\/schema.org\",\"@graph\":[{\"@type\":\"Article\",\"@id\":\"https:\/\/dev.explora.cl\/coquimbo\/es-hora-de-conocer-a-la-comunidad-docente-seleccionada-para-el-campamento-explora-va-2023\/#article\",\"isPartOf\":{\"@id\":\"https:\/\/dev.explora.cl\/coquimbo\/es-hora-de-conocer-a-la-comunidad-docente-seleccionada-para-el-campamento-explora-va-2023\/\"},\"author\":{\"name\":\"jimartin\",\"@id\":\"https:\/\/dev.explora.cl\/coquimbo\/#\/schema\/person\/c171f405669e4e4f7e56a099200d2fe6\"},\"headline\":\"Es hora de conocer a la comunidad docente seleccionada para el Campamento Explora VA! 2023\",\"datePublished\":\"2022-12-26T19:17:27+00:00\",\"dateModified\":\"2023-02-02T16:33:12+00:00\",\"mainEntityOfPage\":{\"@id\":\"https:\/\/dev.explora.cl\/coquimbo\/es-hora-de-conocer-a-la-comunidad-docente-seleccionada-para-el-campamento-explora-va-2023\/\"},\"wordCount\":330,\"commentCount\":0,\"publisher\":{\"@id\":\"https:\/\/dev.explora.cl\/coquimbo\/#organization\"},\"image\":{\"@id\":\"https:\/\/dev.explora.cl\/coquimbo\/es-hora-de-conocer-a-la-comunidad-docente-seleccionada-para-el-campamento-explora-va-2023\/#primaryimage\"},\"thumbnailUrl\":\"https:\/\/dev.explora.cl\/coquimbo\/wp-content\/uploads\/sites\/6\/2022\/12\/Seleccionados_Campamento-Explora-VA_Banner_Web.jpg\",\"articleSection\":[\"Noticias\"],\"inLanguage\":\"es-CL\",\"potentialAction\":[{\"@type\":\"CommentAction\",\"name\":\"Comment\",\"target\":[\"https:\/\/dev.explora.cl\/coquimbo\/es-hora-de-conocer-a-la-comunidad-docente-seleccionada-para-el-campamento-explora-va-2023\/#respond\"]}]},{\"@type\":\"WebPage\",\"@id\":\"https:\/\/dev.explora.cl\/coquimbo\/es-hora-de-conocer-a-la-comunidad-docente-seleccionada-para-el-campamento-explora-va-2023\/\",\"url\":\"https:\/\/dev.explora.cl\/coquimbo\/es-hora-de-conocer-a-la-comunidad-docente-seleccionada-para-el-campamento-explora-va-2023\/\",\"name\":\"Es hora de conocer a la comunidad docente seleccionada para el Campamento Explora VA! 2023 - Coquimbo\",\"isPartOf\":{\"@id\":\"https:\/\/dev.explora.cl\/coquimbo\/#website\"},\"primaryImageOfPage\":{\"@id\":\"https:\/\/dev.explora.cl\/coquimbo\/es-hora-de-conocer-a-la-comunidad-docente-seleccionada-para-el-campamento-explora-va-2023\/#primaryimage\"},\"image\":{\"@id\":\"https:\/\/dev.explora.cl\/coquimbo\/es-hora-de-conocer-a-la-comunidad-docente-seleccionada-para-el-campamento-explora-va-2023\/#primaryimage\"},\"thumbnailUrl\":\"https:\/\/dev.explora.cl\/coquimbo\/wp-content\/uploads\/sites\/6\/2022\/12\/Seleccionados_Campamento-Explora-VA_Banner_Web.jpg\",\"datePublished\":\"2022-12-26T19:17:27+00:00\",\"dateModified\":\"2023-02-02T16:33:12+00:00\",\"breadcrumb\":{\"@id\":\"https:\/\/dev.explora.cl\/coquimbo\/es-hora-de-conocer-a-la-comunidad-docente-seleccionada-para-el-campamento-explora-va-2023\/#breadcrumb\"},\"inLanguage\":\"es-CL\",\"potentialAction\":[{\"@type\":\"ReadAction\",\"target\":[\"https:\/\/dev.explora.cl\/coquimbo\/es-hora-de-conocer-a-la-comunidad-docente-seleccionada-para-el-campamento-explora-va-2023\/\"]}]},{\"@type\":\"ImageObject\",\"inLanguage\":\"es-CL\",\"@id\":\"https:\/\/dev.explora.cl\/coquimbo\/es-hora-de-conocer-a-la-comunidad-docente-seleccionada-para-el-campamento-explora-va-2023\/#primaryimage\",\"url\":\"https:\/\/dev.explora.cl\/coquimbo\/wp-content\/uploads\/sites\/6\/2022\/12\/Seleccionados_Campamento-Explora-VA_Banner_Web.jpg\",\"contentUrl\":\"https:\/\/dev.explora.cl\/coquimbo\/wp-content\/uploads\/sites\/6\/2022\/12\/Seleccionados_Campamento-Explora-VA_Banner_Web.jpg\",\"width\":1521,\"height\":969},{\"@type\":\"BreadcrumbList\",\"@id\":\"https:\/\/dev.explora.cl\/coquimbo\/es-hora-de-conocer-a-la-comunidad-docente-seleccionada-para-el-campamento-explora-va-2023\/#breadcrumb\",\"itemListElement\":[{\"@type\":\"ListItem\",\"position\":1,\"name\":\"Portada\",\"item\":\"https:\/\/dev.explora.cl\/coquimbo\/\"},{\"@type\":\"ListItem\",\"position\":2,\"name\":\"Es hora de conocer a la comunidad docente seleccionada para el Campamento Explora VA! 2023\"}]},{\"@type\":\"WebSite\",\"@id\":\"https:\/\/dev.explora.cl\/coquimbo\/#website\",\"url\":\"https:\/\/dev.explora.cl\/coquimbo\/\",\"name\":\"Coquimbo\",\"description\":\"Otro sitio m\u00e1s de dev.explora.cl\",\"publisher\":{\"@id\":\"https:\/\/dev.explora.cl\/coquimbo\/#organization\"},\"potentialAction\":[{\"@type\":\"SearchAction\",\"target\":{\"@type\":\"EntryPoint\",\"urlTemplate\":\"https:\/\/dev.explora.cl\/coquimbo\/?s={search_term_string}\"},\"query-input\":{\"@type\":\"PropertyValueSpecification\",\"valueRequired\":true,\"valueName\":\"search_term_string\"}}],\"inLanguage\":\"es-CL\"},{\"@type\":\"Organization\",\"@id\":\"https:\/\/dev.explora.cl\/coquimbo\/#organization\",\"name\":\"Coquimbo\",\"url\":\"https:\/\/dev.explora.cl\/coquimbo\/\",\"logo\":{\"@type\":\"ImageObject\",\"inLanguage\":\"es-CL\",\"@id\":\"https:\/\/dev.explora.cl\/coquimbo\/#\/schema\/logo\/image\/\",\"url\":\"https:\/\/dev.explora.cl\/coquimbo\/wp-content\/uploads\/sites\/6\/2020\/08\/cropped-Mesa-de-trabajo-1-100.jpg\",\"contentUrl\":\"https:\/\/dev.explora.cl\/coquimbo\/wp-content\/uploads\/sites\/6\/2020\/08\/cropped-Mesa-de-trabajo-1-100.jpg\",\"width\":615,\"height\":576,\"caption\":\"Coquimbo\"},\"image\":{\"@id\":\"https:\/\/dev.explora.cl\/coquimbo\/#\/schema\/logo\/image\/\"}},{\"@type\":\"Person\",\"@id\":\"https:\/\/dev.explora.cl\/coquimbo\/#\/schema\/person\/c171f405669e4e4f7e56a099200d2fe6\",\"name\":\"jimartin\",\"image\":{\"@type\":\"ImageObject\",\"inLanguage\":\"es-CL\",\"@id\":\"https:\/\/dev.explora.cl\/coquimbo\/#\/schema\/person\/image\/\",\"url\":\"https:\/\/secure.gravatar.com\/avatar\/8dfd7d14443934731a5aea629f40c1aceb42cc8b566a9926567e833c9d22b643?s=96&d=mm&r=g\",\"contentUrl\":\"https:\/\/secure.gravatar.com\/avatar\/8dfd7d14443934731a5aea629f40c1aceb42cc8b566a9926567e833c9d22b643?s=96&d=mm&r=g\",\"caption\":\"jimartin\"},\"url\":\"https:\/\/dev.explora.cl\/coquimbo\/author\/jimartin\/\"}]}<\/script>\n<!-- \/ Yoast SEO plugin. -->","yoast_head_json":{"title":"Es hora de conocer a la comunidad docente seleccionada para el Campamento Explora VA! 2023 - Coquimbo","robots":{"index":"index","follow":"follow","max-snippet":"max-snippet:-1","max-image-preview":"max-image-preview:large","max-video-preview":"max-video-preview:-1"},"canonical":"https:\/\/dev.explora.cl\/coquimbo\/es-hora-de-conocer-a-la-comunidad-docente-seleccionada-para-el-campamento-explora-va-2023\/","og_locale":"es_ES","og_type":"article","og_title":"Es hora de conocer a la comunidad docente seleccionada para el Campamento Explora VA! 2023 - Coquimbo","og_description":"Es hora de conocer a la comunidad docente seleccionada para el Campamento Explora VA! 2023","og_url":"https:\/\/dev.explora.cl\/coquimbo\/es-hora-de-conocer-a-la-comunidad-docente-seleccionada-para-el-campamento-explora-va-2023\/","og_site_name":"Coquimbo","article_published_time":"2022-12-26T19:17:27+00:00","article_modified_time":"2023-02-02T16:33:12+00:00","og_image":[{"width":1521,"height":969,"url":"https:\/\/dev.explora.cl\/coquimbo\/wp-content\/uploads\/sites\/6\/2022\/12\/Seleccionados_Campamento-Explora-VA_Banner_Web.jpg","type":"image\/jpeg"}],"author":"jimartin","twitter_card":"summary_large_image","twitter_misc":{"Escrito por":"jimartin","Tiempo estimado de lectura":"2 minutos"},"schema":{"@context":"https:\/\/schema.org","@graph":[{"@type":"Article","@id":"https:\/\/dev.explora.cl\/coquimbo\/es-hora-de-conocer-a-la-comunidad-docente-seleccionada-para-el-campamento-explora-va-2023\/#article","isPartOf":{"@id":"https:\/\/dev.explora.cl\/coquimbo\/es-hora-de-conocer-a-la-comunidad-docente-seleccionada-para-el-campamento-explora-va-2023\/"},"author":{"name":"jimartin","@id":"https:\/\/dev.explora.cl\/coquimbo\/#\/schema\/person\/c171f405669e4e4f7e56a099200d2fe6"},"headline":"Es hora de conocer a la comunidad docente seleccionada para el Campamento Explora VA! 2023","datePublished":"2022-12-26T19:17:27+00:00","dateModified":"2023-02-02T16:33:12+00:00","mainEntityOfPage":{"@id":"https:\/\/dev.explora.cl\/coquimbo\/es-hora-de-conocer-a-la-comunidad-docente-seleccionada-para-el-campamento-explora-va-2023\/"},"wordCount":330,"commentCount":0,"publisher":{"@id":"https:\/\/dev.explora.cl\/coquimbo\/#organization"},"image":{"@id":"https:\/\/dev.explora.cl\/coquimbo\/es-hora-de-conocer-a-la-comunidad-docente-seleccionada-para-el-campamento-explora-va-2023\/#primaryimage"},"thumbnailUrl":"https:\/\/dev.explora.cl\/coquimbo\/wp-content\/uploads\/sites\/6\/2022\/12\/Seleccionados_Campamento-Explora-VA_Banner_Web.jpg","articleSection":["Noticias"],"inLanguage":"es-CL","potentialAction":[{"@type":"CommentAction","name":"Comment","target":["https:\/\/dev.explora.cl\/coquimbo\/es-hora-de-conocer-a-la-comunidad-docente-seleccionada-para-el-campamento-explora-va-2023\/#respond"]}]},{"@type":"WebPage","@id":"https:\/\/dev.explora.cl\/coquimbo\/es-hora-de-conocer-a-la-comunidad-docente-seleccionada-para-el-campamento-explora-va-2023\/","url":"https:\/\/dev.explora.cl\/coquimbo\/es-hora-de-conocer-a-la-comunidad-docente-seleccionada-para-el-campamento-explora-va-2023\/","name":"Es hora de conocer a la comunidad docente seleccionada para el Campamento Explora VA! 2023 - Coquimbo","isPartOf":{"@id":"https:\/\/dev.explora.cl\/coquimbo\/#website"},"primaryImageOfPage":{"@id":"https:\/\/dev.explora.cl\/coquimbo\/es-hora-de-conocer-a-la-comunidad-docente-seleccionada-para-el-campamento-explora-va-2023\/#primaryimage"},"image":{"@id":"https:\/\/dev.explora.cl\/coquimbo\/es-hora-de-conocer-a-la-comunidad-docente-seleccionada-para-el-campamento-explora-va-2023\/#primaryimage"},"thumbnailUrl":"https:\/\/dev.explora.cl\/coquimbo\/wp-content\/uploads\/sites\/6\/2022\/12\/Seleccionados_Campamento-Explora-VA_Banner_Web.jpg","datePublished":"2022-12-26T19:17:27+00:00","dateModified":"2023-02-02T16:33:12+00:00","breadcrumb":{"@id":"https:\/\/dev.explora.cl\/coquimbo\/es-hora-de-conocer-a-la-comunidad-docente-seleccionada-para-el-campamento-explora-va-2023\/#breadcrumb"},"inLanguage":"es-CL","potentialAction":[{"@type":"ReadAction","target":["https:\/\/dev.explora.cl\/coquimbo\/es-hora-de-conocer-a-la-comunidad-docente-seleccionada-para-el-campamento-explora-va-2023\/"]}]},{"@type":"ImageObject","inLanguage":"es-CL","@id":"https:\/\/dev.explora.cl\/coquimbo\/es-hora-de-conocer-a-la-comunidad-docente-seleccionada-para-el-campamento-explora-va-2023\/#primaryimage","url":"https:\/\/dev.explora.cl\/coquimbo\/wp-content\/uploads\/sites\/6\/2022\/12\/Seleccionados_Campamento-Explora-VA_Banner_Web.jpg","contentUrl":"https:\/\/dev.explora.cl\/coquimbo\/wp-content\/uploads\/sites\/6\/2022\/12\/Seleccionados_Campamento-Explora-VA_Banner_Web.jpg","width":1521,"height":969},{"@type":"BreadcrumbList","@id":"https:\/\/dev.explora.cl\/coquimbo\/es-hora-de-conocer-a-la-comunidad-docente-seleccionada-para-el-campamento-explora-va-2023\/#breadcrumb","itemListElement":[{"@type":"ListItem","position":1,"name":"Portada","item":"https:\/\/dev.explora.cl\/coquimbo\/"},{"@type":"ListItem","position":2,"name":"Es hora de conocer a la comunidad docente seleccionada para el Campamento Explora VA! 2023"}]},{"@type":"WebSite","@id":"https:\/\/dev.explora.cl\/coquimbo\/#website","url":"https:\/\/dev.explora.cl\/coquimbo\/","name":"Coquimbo","description":"Otro sitio m\u00e1s de dev.explora.cl","publisher":{"@id":"https:\/\/dev.explora.cl\/coquimbo\/#organization"},"potentialAction":[{"@type":"SearchAction","target":{"@type":"EntryPoint","urlTemplate":"https:\/\/dev.explora.cl\/coquimbo\/?s={search_term_string}"},"query-input":{"@type":"PropertyValueSpecification","valueRequired":true,"valueName":"search_term_string"}}],"inLanguage":"es-CL"},{"@type":"Organization","@id":"https:\/\/dev.explora.cl\/coquimbo\/#organization","name":"Coquimbo","url":"https:\/\/dev.explora.cl\/coquimbo\/","logo":{"@type":"ImageObject","inLanguage":"es-CL","@id":"https:\/\/dev.explora.cl\/coquimbo\/#\/schema\/logo\/image\/","url":"https:\/\/dev.explora.cl\/coquimbo\/wp-content\/uploads\/sites\/6\/2020\/08\/cropped-Mesa-de-trabajo-1-100.jpg","contentUrl":"https:\/\/dev.explora.cl\/coquimbo\/wp-content\/uploads\/sites\/6\/2020\/08\/cropped-Mesa-de-trabajo-1-100.jpg","width":615,"height":576,"caption":"Coquimbo"},"image":{"@id":"https:\/\/dev.explora.cl\/coquimbo\/#\/schema\/logo\/image\/"}},{"@type":"Person","@id":"https:\/\/dev.explora.cl\/coquimbo\/#\/schema\/person\/c171f405669e4e4f7e56a099200d2fe6","name":"jimartin","image":{"@type":"ImageObject","inLanguage":"es-CL","@id":"https:\/\/dev.explora.cl\/coquimbo\/#\/schema\/person\/image\/","url":"https:\/\/secure.gravatar.com\/avatar\/8dfd7d14443934731a5aea629f40c1aceb42cc8b566a9926567e833c9d22b643?s=96&d=mm&r=g","contentUrl":"https:\/\/secure.gravatar.com\/avatar\/8dfd7d14443934731a5aea629f40c1aceb42cc8b566a9926567e833c9d22b643?s=96&d=mm&r=g","caption":"jimartin"},"url":"https:\/\/dev.explora.cl\/coquimbo\/author\/jimartin\/"}]}},"_links":{"self":[{"href":"https:\/\/dev.explora.cl\/coquimbo\/wp-json\/wp\/v2\/posts\/42929","targetHints":{"allow":["GET"]}}],"collection":[{"href":"https:\/\/dev.explora.cl\/coquimbo\/wp-json\/wp\/v2\/posts"}],"about":[{"href":"https:\/\/dev.explora.cl\/coquimbo\/wp-json\/wp\/v2\/types\/post"}],"author":[{"embeddable":true,"href":"https:\/\/dev.explora.cl\/coquimbo\/wp-json\/wp\/v2\/users\/21"}],"replies":[{"embeddable":true,"href":"https:\/\/dev.explora.cl\/coquimbo\/wp-json\/wp\/v2\/comments?post=42929"}],"version-history":[{"count":4,"href":"https:\/\/dev.explora.cl\/coquimbo\/wp-json\/wp\/v2\/posts\/42929\/revisions"}],"predecessor-version":[{"id":42963,"href":"https:\/\/dev.explora.cl\/coquimbo\/wp-json\/wp\/v2\/posts\/42929\/revisions\/42963"}],"wp:featuredmedia":[{"embeddable":true,"href":"https:\/\/dev.explora.cl\/coquimbo\/wp-json\/wp\/v2\/media\/42931"}],"wp:attachment":[{"href":"https:\/\/dev.explora.cl\/coquimbo\/wp-json\/wp\/v2\/media?parent=42929"}],"wp:term":[{"taxonomy":"category","embeddable":true,"href":"https:\/\/dev.explora.cl\/coquimbo\/wp-json\/wp\/v2\/categories?post=42929"},{"taxonomy":"post_tag","embeddable":true,"href":"https:\/\/dev.explora.cl\/coquimbo\/wp-json\/wp\/v2\/tags?post=42929"}],"curies":[{"name":"wp","href":"https:\/\/api.w.org\/{rel}","templated":true}]}}